{"id":99,"date":"2016-07-22T17:07:28","date_gmt":"2016-07-22T15:07:28","guid":{"rendered":"http:\/\/www.sebastien-majerowicz.fr\/?p=99"},"modified":"2018-01-12T10:45:50","modified_gmt":"2018-01-12T09:45:50","slug":"la-ou-ils-se-posent-les-insectes-trepassent","status":"publish","type":"post","link":"https:\/\/www.sebastien-majerowicz.fr\/index.php\/2016\/07\/22\/la-ou-ils-se-posent-les-insectes-trepassent\/","title":{"rendered":"L\u00e0 o\u00f9 ils se posent, les insectes tr\u00e9passent !"},"content":{"rendered":"<p>Il y a quelques jours, je vous avais pr\u00e9sent\u00e9 une photo montrant des Choucas des tours (Coloeus monedula) en plein vol et n\u00e9gociant un virage en formation. Voici le rassemblement complet de ces oiseaux et pour bien b\u00e9n\u00e9ficier de la r\u00e9solution, cliquer sur l&rsquo;image et aller sur mon espace Flickr.<\/p>\n<p>Si quelqu&rsquo;un se sent de compter les oiseaux, je le parraine \u00e0 la <a href=\"https:\/\/www.lpo.fr\/\" target=\"_blank\" rel=\"noopener\">LPO <\/a>\ud83d\ude42<\/p>\n","protected":false},"excerpt":{"rendered":"<p>Il y a quelques jours, je vous avais pr\u00e9sent\u00e9 une photo montrant des Choucas des tours (Coloeus monedula) en plein vol et n\u00e9gociant un virage en formation. Voici le rassemblement complet de ces oiseaux et pour bien b\u00e9n\u00e9ficier de la r\u00e9solution, cliquer sur l&rsquo;image et aller sur mon espace Flickr. Si quelqu&rsquo;un se sent de [&hellip;]<\/p>\n","protected":false},"author":1,"featured_media":98,"comment_status":"open","ping_status":"open","sticky":false,"template":"","format":"standard","meta":{"footnotes":""},"categories":[14],"tags":[77,76,25,55,26],"class_list":{"0":"post-99","1":"post","2":"type-post","3":"status-publish","4":"format-standard","5":"has-post-thumbnail","7":"category-oiseau","8":"tag-choucas-des-tours","9":"tag-coloeus-monedula","10":"tag-nikon-d5300","11":"tag-oiseau","12":"tag-sigma-150-600-contemporary","13":"czr-hentry"},"yoast_head":"<!-- This site is optimized with the Yoast SEO plugin v27.5 - https:\/\/yoast.com\/product\/yoast-seo-wordpress\/ -->\n<title>L\u00e0 o\u00f9 ils se posent, les insectes tr\u00e9passent ! - S\u00e9bastien Majerowicz<\/title>\n<meta name=\"robots\" content=\"index, follow, max-snippet:-1, max-image-preview:large, max-video-preview:-1\" \/>\n<link rel=\"canonical\" href=\"https:\/\/www.sebastien-majerowicz.fr\/index.php\/2016\/07\/22\/la-ou-ils-se-posent-les-insectes-trepassent\/\" \/>\n<meta property=\"og:locale\" content=\"fr_FR\" \/>\n<meta property=\"og:type\" content=\"article\" \/>\n<meta property=\"og:title\" content=\"L\u00e0 o\u00f9 ils se posent, les insectes tr\u00e9passent ! - S\u00e9bastien Majerowicz\" \/>\n<meta property=\"og:description\" content=\"Il y a quelques jours, je vous avais pr\u00e9sent\u00e9 une photo montrant des Choucas des tours (Coloeus monedula) en plein vol et n\u00e9gociant un virage en formation. Voici le rassemblement complet de ces oiseaux et pour bien b\u00e9n\u00e9ficier de la r\u00e9solution, cliquer sur l&rsquo;image et aller sur mon espace Flickr. Si quelqu&rsquo;un se sent de [&hellip;]\" \/>\n<meta property=\"og:url\" content=\"https:\/\/www.sebastien-majerowicz.fr\/index.php\/2016\/07\/22\/la-ou-ils-se-posent-les-insectes-trepassent\/\" \/>\n<meta property=\"og:site_name\" content=\"S\u00e9bastien Majerowicz\" \/>\n<meta property=\"article:published_time\" content=\"2016-07-22T15:07:28+00:00\" \/>\n<meta property=\"article:modified_time\" content=\"2018-01-12T09:45:50+00:00\" \/>\n<meta property=\"og:image\" content=\"https:\/\/www.sebastien-majerowicz.fr\/wp-content\/uploads\/2017\/02\/28324188092_6a0a05a0f3_b.jpg\" \/>\n\t<meta property=\"og:image:width\" content=\"1024\" \/>\n\t<meta property=\"og:image:height\" content=\"149\" \/>\n\t<meta property=\"og:image:type\" content=\"image\/jpeg\" \/>\n<meta name=\"author\" content=\"S\u00e9bastien Majerowicz\" \/>\n<meta name=\"twitter:card\" content=\"summary_large_image\" \/>\n<meta name=\"twitter:label1\" content=\"\u00c9crit par\" \/>\n\t<meta name=\"twitter:data1\" content=\"S\u00e9bastien Majerowicz\" \/>\n<script type=\"application\/ld+json\" class=\"yoast-schema-graph\">{\"@context\":\"https:\\\/\\\/schema.org\",\"@graph\":[{\"@type\":\"Article\",\"@id\":\"https:\\\/\\\/www.sebastien-majerowicz.fr\\\/index.php\\\/2016\\\/07\\\/22\\\/la-ou-ils-se-posent-les-insectes-trepassent\\\/#article\",\"isPartOf\":{\"@id\":\"https:\\\/\\\/www.sebastien-majerowicz.fr\\\/index.php\\\/2016\\\/07\\\/22\\\/la-ou-ils-se-posent-les-insectes-trepassent\\\/\"},\"author\":{\"name\":\"S\u00e9bastien Majerowicz\",\"@id\":\"https:\\\/\\\/www.sebastien-majerowicz.fr\\\/#\\\/schema\\\/person\\\/a64c1066d12b40958b45bf7ab508f6a3\"},\"headline\":\"L\u00e0 o\u00f9 ils se posent, les insectes tr\u00e9passent !\",\"datePublished\":\"2016-07-22T15:07:28+00:00\",\"dateModified\":\"2018-01-12T09:45:50+00:00\",\"mainEntityOfPage\":{\"@id\":\"https:\\\/\\\/www.sebastien-majerowicz.fr\\\/index.php\\\/2016\\\/07\\\/22\\\/la-ou-ils-se-posent-les-insectes-trepassent\\\/\"},\"wordCount\":80,\"commentCount\":0,\"publisher\":{\"@id\":\"https:\\\/\\\/www.sebastien-majerowicz.fr\\\/#\\\/schema\\\/person\\\/a64c1066d12b40958b45bf7ab508f6a3\"},\"image\":{\"@id\":\"https:\\\/\\\/www.sebastien-majerowicz.fr\\\/index.php\\\/2016\\\/07\\\/22\\\/la-ou-ils-se-posent-les-insectes-trepassent\\\/#primaryimage\"},\"thumbnailUrl\":\"https:\\\/\\\/www.sebastien-majerowicz.fr\\\/wp-content\\\/uploads\\\/2017\\\/02\\\/28324188092_6a0a05a0f3_b.jpg\",\"keywords\":[\"Choucas des tours\",\"Coloeus monedula\",\"Nikon D5300\",\"Oiseau\",\"Sigma 150-600 Contemporary\"],\"articleSection\":[\"Oiseau\"],\"inLanguage\":\"fr-FR\",\"potentialAction\":[{\"@type\":\"CommentAction\",\"name\":\"Comment\",\"target\":[\"https:\\\/\\\/www.sebastien-majerowicz.fr\\\/index.php\\\/2016\\\/07\\\/22\\\/la-ou-ils-se-posent-les-insectes-trepassent\\\/#respond\"]}]},{\"@type\":\"WebPage\",\"@id\":\"https:\\\/\\\/www.sebastien-majerowicz.fr\\\/index.php\\\/2016\\\/07\\\/22\\\/la-ou-ils-se-posent-les-insectes-trepassent\\\/\",\"url\":\"https:\\\/\\\/www.sebastien-majerowicz.fr\\\/index.php\\\/2016\\\/07\\\/22\\\/la-ou-ils-se-posent-les-insectes-trepassent\\\/\",\"name\":\"L\u00e0 o\u00f9 ils se posent, les insectes tr\u00e9passent ! - S\u00e9bastien Majerowicz\",\"isPartOf\":{\"@id\":\"https:\\\/\\\/www.sebastien-majerowicz.fr\\\/#website\"},\"primaryImageOfPage\":{\"@id\":\"https:\\\/\\\/www.sebastien-majerowicz.fr\\\/index.php\\\/2016\\\/07\\\/22\\\/la-ou-ils-se-posent-les-insectes-trepassent\\\/#primaryimage\"},\"image\":{\"@id\":\"https:\\\/\\\/www.sebastien-majerowicz.fr\\\/index.php\\\/2016\\\/07\\\/22\\\/la-ou-ils-se-posent-les-insectes-trepassent\\\/#primaryimage\"},\"thumbnailUrl\":\"https:\\\/\\\/www.sebastien-majerowicz.fr\\\/wp-content\\\/uploads\\\/2017\\\/02\\\/28324188092_6a0a05a0f3_b.jpg\",\"datePublished\":\"2016-07-22T15:07:28+00:00\",\"dateModified\":\"2018-01-12T09:45:50+00:00\",\"breadcrumb\":{\"@id\":\"https:\\\/\\\/www.sebastien-majerowicz.fr\\\/index.php\\\/2016\\\/07\\\/22\\\/la-ou-ils-se-posent-les-insectes-trepassent\\\/#breadcrumb\"},\"inLanguage\":\"fr-FR\",\"potentialAction\":[{\"@type\":\"ReadAction\",\"target\":[\"https:\\\/\\\/www.sebastien-majerowicz.fr\\\/index.php\\\/2016\\\/07\\\/22\\\/la-ou-ils-se-posent-les-insectes-trepassent\\\/\"]}]},{\"@type\":\"ImageObject\",\"inLanguage\":\"fr-FR\",\"@id\":\"https:\\\/\\\/www.sebastien-majerowicz.fr\\\/index.php\\\/2016\\\/07\\\/22\\\/la-ou-ils-se-posent-les-insectes-trepassent\\\/#primaryimage\",\"url\":\"https:\\\/\\\/www.sebastien-majerowicz.fr\\\/wp-content\\\/uploads\\\/2017\\\/02\\\/28324188092_6a0a05a0f3_b.jpg\",\"contentUrl\":\"https:\\\/\\\/www.sebastien-majerowicz.fr\\\/wp-content\\\/uploads\\\/2017\\\/02\\\/28324188092_6a0a05a0f3_b.jpg\",\"width\":1024,\"height\":149,\"caption\":\"Choucas des tours \\\/ Coloeus monedula\"},{\"@type\":\"BreadcrumbList\",\"@id\":\"https:\\\/\\\/www.sebastien-majerowicz.fr\\\/index.php\\\/2016\\\/07\\\/22\\\/la-ou-ils-se-posent-les-insectes-trepassent\\\/#breadcrumb\",\"itemListElement\":[{\"@type\":\"ListItem\",\"position\":1,\"name\":\"Accueil\",\"item\":\"https:\\\/\\\/www.sebastien-majerowicz.fr\\\/\"},{\"@type\":\"ListItem\",\"position\":2,\"name\":\"L\u00e0 o\u00f9 ils se posent, les insectes tr\u00e9passent !\"}]},{\"@type\":\"WebSite\",\"@id\":\"https:\\\/\\\/www.sebastien-majerowicz.fr\\\/#website\",\"url\":\"https:\\\/\\\/www.sebastien-majerowicz.fr\\\/\",\"name\":\"S\u00e9bastien Majerowicz\",\"description\":\"Photographe animalier par Nature\",\"publisher\":{\"@id\":\"https:\\\/\\\/www.sebastien-majerowicz.fr\\\/#\\\/schema\\\/person\\\/a64c1066d12b40958b45bf7ab508f6a3\"},\"potentialAction\":[{\"@type\":\"SearchAction\",\"target\":{\"@type\":\"EntryPoint\",\"urlTemplate\":\"https:\\\/\\\/www.sebastien-majerowicz.fr\\\/?s={search_term_string}\"},\"query-input\":{\"@type\":\"PropertyValueSpecification\",\"valueRequired\":true,\"valueName\":\"search_term_string\"}}],\"inLanguage\":\"fr-FR\"},{\"@type\":[\"Person\",\"Organization\"],\"@id\":\"https:\\\/\\\/www.sebastien-majerowicz.fr\\\/#\\\/schema\\\/person\\\/a64c1066d12b40958b45bf7ab508f6a3\",\"name\":\"S\u00e9bastien Majerowicz\",\"logo\":{\"@id\":\"https:\\\/\\\/www.sebastien-majerowicz.fr\\\/#\\\/schema\\\/person\\\/image\\\/\"},\"sameAs\":[\"https:\\\/\\\/www.sebastien-majerowicz.fr\"]}]}<\/script>\n<!-- \/ Yoast SEO plugin. -->","yoast_head_json":{"title":"L\u00e0 o\u00f9 ils se posent, les insectes tr\u00e9passent ! - S\u00e9bastien Majerowicz","robots":{"index":"index","follow":"follow","max-snippet":"max-snippet:-1","max-image-preview":"max-image-preview:large","max-video-preview":"max-video-preview:-1"},"canonical":"https:\/\/www.sebastien-majerowicz.fr\/index.php\/2016\/07\/22\/la-ou-ils-se-posent-les-insectes-trepassent\/","og_locale":"fr_FR","og_type":"article","og_title":"L\u00e0 o\u00f9 ils se posent, les insectes tr\u00e9passent ! - S\u00e9bastien Majerowicz","og_description":"Il y a quelques jours, je vous avais pr\u00e9sent\u00e9 une photo montrant des Choucas des tours (Coloeus monedula) en plein vol et n\u00e9gociant un virage en formation. Voici le rassemblement complet de ces oiseaux et pour bien b\u00e9n\u00e9ficier de la r\u00e9solution, cliquer sur l&rsquo;image et aller sur mon espace Flickr. Si quelqu&rsquo;un se sent de [&hellip;]","og_url":"https:\/\/www.sebastien-majerowicz.fr\/index.php\/2016\/07\/22\/la-ou-ils-se-posent-les-insectes-trepassent\/","og_site_name":"S\u00e9bastien Majerowicz","article_published_time":"2016-07-22T15:07:28+00:00","article_modified_time":"2018-01-12T09:45:50+00:00","og_image":[{"width":1024,"height":149,"url":"https:\/\/www.sebastien-majerowicz.fr\/wp-content\/uploads\/2017\/02\/28324188092_6a0a05a0f3_b.jpg","type":"image\/jpeg"}],"author":"S\u00e9bastien Majerowicz","twitter_card":"summary_large_image","twitter_misc":{"\u00c9crit par":"S\u00e9bastien Majerowicz"},"schema":{"@context":"https:\/\/schema.org","@graph":[{"@type":"Article","@id":"https:\/\/www.sebastien-majerowicz.fr\/index.php\/2016\/07\/22\/la-ou-ils-se-posent-les-insectes-trepassent\/#article","isPartOf":{"@id":"https:\/\/www.sebastien-majerowicz.fr\/index.php\/2016\/07\/22\/la-ou-ils-se-posent-les-insectes-trepassent\/"},"author":{"name":"S\u00e9bastien Majerowicz","@id":"https:\/\/www.sebastien-majerowicz.fr\/#\/schema\/person\/a64c1066d12b40958b45bf7ab508f6a3"},"headline":"L\u00e0 o\u00f9 ils se posent, les insectes tr\u00e9passent !","datePublished":"2016-07-22T15:07:28+00:00","dateModified":"2018-01-12T09:45:50+00:00","mainEntityOfPage":{"@id":"https:\/\/www.sebastien-majerowicz.fr\/index.php\/2016\/07\/22\/la-ou-ils-se-posent-les-insectes-trepassent\/"},"wordCount":80,"commentCount":0,"publisher":{"@id":"https:\/\/www.sebastien-majerowicz.fr\/#\/schema\/person\/a64c1066d12b40958b45bf7ab508f6a3"},"image":{"@id":"https:\/\/www.sebastien-majerowicz.fr\/index.php\/2016\/07\/22\/la-ou-ils-se-posent-les-insectes-trepassent\/#primaryimage"},"thumbnailUrl":"https:\/\/www.sebastien-majerowicz.fr\/wp-content\/uploads\/2017\/02\/28324188092_6a0a05a0f3_b.jpg","keywords":["Choucas des tours","Coloeus monedula","Nikon D5300","Oiseau","Sigma 150-600 Contemporary"],"articleSection":["Oiseau"],"inLanguage":"fr-FR","potentialAction":[{"@type":"CommentAction","name":"Comment","target":["https:\/\/www.sebastien-majerowicz.fr\/index.php\/2016\/07\/22\/la-ou-ils-se-posent-les-insectes-trepassent\/#respond"]}]},{"@type":"WebPage","@id":"https:\/\/www.sebastien-majerowicz.fr\/index.php\/2016\/07\/22\/la-ou-ils-se-posent-les-insectes-trepassent\/","url":"https:\/\/www.sebastien-majerowicz.fr\/index.php\/2016\/07\/22\/la-ou-ils-se-posent-les-insectes-trepassent\/","name":"L\u00e0 o\u00f9 ils se posent, les insectes tr\u00e9passent ! - S\u00e9bastien Majerowicz","isPartOf":{"@id":"https:\/\/www.sebastien-majerowicz.fr\/#website"},"primaryImageOfPage":{"@id":"https:\/\/www.sebastien-majerowicz.fr\/index.php\/2016\/07\/22\/la-ou-ils-se-posent-les-insectes-trepassent\/#primaryimage"},"image":{"@id":"https:\/\/www.sebastien-majerowicz.fr\/index.php\/2016\/07\/22\/la-ou-ils-se-posent-les-insectes-trepassent\/#primaryimage"},"thumbnailUrl":"https:\/\/www.sebastien-majerowicz.fr\/wp-content\/uploads\/2017\/02\/28324188092_6a0a05a0f3_b.jpg","datePublished":"2016-07-22T15:07:28+00:00","dateModified":"2018-01-12T09:45:50+00:00","breadcrumb":{"@id":"https:\/\/www.sebastien-majerowicz.fr\/index.php\/2016\/07\/22\/la-ou-ils-se-posent-les-insectes-trepassent\/#breadcrumb"},"inLanguage":"fr-FR","potentialAction":[{"@type":"ReadAction","target":["https:\/\/www.sebastien-majerowicz.fr\/index.php\/2016\/07\/22\/la-ou-ils-se-posent-les-insectes-trepassent\/"]}]},{"@type":"ImageObject","inLanguage":"fr-FR","@id":"https:\/\/www.sebastien-majerowicz.fr\/index.php\/2016\/07\/22\/la-ou-ils-se-posent-les-insectes-trepassent\/#primaryimage","url":"https:\/\/www.sebastien-majerowicz.fr\/wp-content\/uploads\/2017\/02\/28324188092_6a0a05a0f3_b.jpg","contentUrl":"https:\/\/www.sebastien-majerowicz.fr\/wp-content\/uploads\/2017\/02\/28324188092_6a0a05a0f3_b.jpg","width":1024,"height":149,"caption":"Choucas des tours \/ Coloeus monedula"},{"@type":"BreadcrumbList","@id":"https:\/\/www.sebastien-majerowicz.fr\/index.php\/2016\/07\/22\/la-ou-ils-se-posent-les-insectes-trepassent\/#breadcrumb","itemListElement":[{"@type":"ListItem","position":1,"name":"Accueil","item":"https:\/\/www.sebastien-majerowicz.fr\/"},{"@type":"ListItem","position":2,"name":"L\u00e0 o\u00f9 ils se posent, les insectes tr\u00e9passent !"}]},{"@type":"WebSite","@id":"https:\/\/www.sebastien-majerowicz.fr\/#website","url":"https:\/\/www.sebastien-majerowicz.fr\/","name":"S\u00e9bastien Majerowicz","description":"Photographe animalier par Nature","publisher":{"@id":"https:\/\/www.sebastien-majerowicz.fr\/#\/schema\/person\/a64c1066d12b40958b45bf7ab508f6a3"},"potentialAction":[{"@type":"SearchAction","target":{"@type":"EntryPoint","urlTemplate":"https:\/\/www.sebastien-majerowicz.fr\/?s={search_term_string}"},"query-input":{"@type":"PropertyValueSpecification","valueRequired":true,"valueName":"search_term_string"}}],"inLanguage":"fr-FR"},{"@type":["Person","Organization"],"@id":"https:\/\/www.sebastien-majerowicz.fr\/#\/schema\/person\/a64c1066d12b40958b45bf7ab508f6a3","name":"S\u00e9bastien Majerowicz","logo":{"@id":"https:\/\/www.sebastien-majerowicz.fr\/#\/schema\/person\/image\/"},"sameAs":["https:\/\/www.sebastien-majerowicz.fr"]}]}},"_links":{"self":[{"href":"https:\/\/www.sebastien-majerowicz.fr\/index.php\/wp-json\/wp\/v2\/posts\/99","targetHints":{"allow":["GET"]}}],"collection":[{"href":"https:\/\/www.sebastien-majerowicz.fr\/index.php\/wp-json\/wp\/v2\/posts"}],"about":[{"href":"https:\/\/www.sebastien-majerowicz.fr\/index.php\/wp-json\/wp\/v2\/types\/post"}],"author":[{"embeddable":true,"href":"https:\/\/www.sebastien-majerowicz.fr\/index.php\/wp-json\/wp\/v2\/users\/1"}],"replies":[{"embeddable":true,"href":"https:\/\/www.sebastien-majerowicz.fr\/index.php\/wp-json\/wp\/v2\/comments?post=99"}],"version-history":[{"count":3,"href":"https:\/\/www.sebastien-majerowicz.fr\/index.php\/wp-json\/wp\/v2\/posts\/99\/revisions"}],"predecessor-version":[{"id":1905,"href":"https:\/\/www.sebastien-majerowicz.fr\/index.php\/wp-json\/wp\/v2\/posts\/99\/revisions\/1905"}],"wp:featuredmedia":[{"embeddable":true,"href":"https:\/\/www.sebastien-majerowicz.fr\/index.php\/wp-json\/wp\/v2\/media\/98"}],"wp:attachment":[{"href":"https:\/\/www.sebastien-majerowicz.fr\/index.php\/wp-json\/wp\/v2\/media?parent=99"}],"wp:term":[{"taxonomy":"category","embeddable":true,"href":"https:\/\/www.sebastien-majerowicz.fr\/index.php\/wp-json\/wp\/v2\/categories?post=99"},{"taxonomy":"post_tag","embeddable":true,"href":"https:\/\/www.sebastien-majerowicz.fr\/index.php\/wp-json\/wp\/v2\/tags?post=99"}],"curies":[{"name":"wp","href":"https:\/\/api.w.org\/{rel}","templated":true}]}}