{"id":968,"date":"2016-09-02T23:03:10","date_gmt":"2016-09-02T21:03:10","guid":{"rendered":"http:\/\/www.sebastien-majerowicz.fr\/?p=968"},"modified":"2017-10-11T09:20:23","modified_gmt":"2017-10-11T07:20:23","slug":"pied-oeil-2016","status":"publish","type":"post","link":"https:\/\/www.sebastien-majerowicz.fr\/index.php\/2016\/09\/02\/pied-oeil-2016\/","title":{"rendered":"Bon pied bon \u0153il 2016"},"content":{"rendered":"<p>\u00c9tant adh\u00e9rent \u00e0 la LPO, c&rsquo;est avec beaucoup d&rsquo;\u00e9motion que j&rsquo;ai re\u00e7u le deuxi\u00e8me prix dans la cat\u00e9gorie \u00ab\u00a0Paysage\u00a0\u00bb du concours \u00ab\u00a0Bon pied, bon \u0153il\u00a0\u00bb organis\u00e9 conjointement par la LPO et la F\u00e9d\u00e9ration Fran\u00e7aise de Randonn\u00e9e. Vous pouvez retrouver toutes les informations ici :<\/p>\n<p><a href=\"https:\/\/auvergne-rhone-alpes.lpo.fr\/concours\/concours-photo\/edition-2016\/article\/concours-photo-bon-pied-bon-oeil-soiree-de-vernissage-et-de-remise-des-prix\">https:\/\/auvergne-rhone-alpes.lpo.fr\/concours\/concours-photo\/edition-2016\/article\/concours-photo-bon-pied-bon-oeil-soiree-de-vernissage-et-de-remise-des-prix<\/a><\/p>\n<p>Quel moment bien agr\u00e9able de voir sa photo ainsi affich\u00e9e au mur dans une exposition ! En plus pour un th\u00e8me qui m&rsquo;est cher : la relation entre la Nature et l&rsquo;\u00eatre humain \ud83d\ude09<\/p>\n","protected":false},"excerpt":{"rendered":"<p>\u00c9tant adh\u00e9rent \u00e0 la LPO, c&rsquo;est avec beaucoup d&rsquo;\u00e9motion que j&rsquo;ai re\u00e7u le deuxi\u00e8me prix dans la cat\u00e9gorie \u00ab\u00a0Paysage\u00a0\u00bb du concours \u00ab\u00a0Bon pied, bon \u0153il\u00a0\u00bb organis\u00e9 conjointement par la LPO et la F\u00e9d\u00e9ration Fran\u00e7aise de Randonn\u00e9e. Vous pouvez retrouver toutes les informations ici : https:\/\/auvergne-rhone-alpes.lpo.fr\/concours\/concours-photo\/edition-2016\/article\/concours-photo-bon-pied-bon-oeil-soiree-de-vernissage-et-de-remise-des-prix Quel moment bien agr\u00e9able de voir sa photo ainsi affich\u00e9e [&hellip;]<\/p>\n","protected":false},"author":1,"featured_media":710,"comment_status":"open","ping_status":"open","sticky":false,"template":"","format":"standard","meta":{"footnotes":""},"categories":[424],"tags":[426,706,141],"class_list":{"0":"post-968","1":"post","2":"type-post","3":"status-publish","4":"format-standard","5":"has-post-thumbnail","7":"category-concours","8":"tag-concours","9":"tag-lpo","10":"tag-paysage","11":"czr-hentry"},"yoast_head":"<!-- This site is optimized with the Yoast SEO plugin v27.5 - https:\/\/yoast.com\/product\/yoast-seo-wordpress\/ -->\n<title>Bon pied bon \u0153il 2016 - S\u00e9bastien Majerowicz<\/title>\n<meta name=\"robots\" content=\"index, follow, max-snippet:-1, max-image-preview:large, max-video-preview:-1\" \/>\n<link rel=\"canonical\" href=\"https:\/\/www.sebastien-majerowicz.fr\/index.php\/2016\/09\/02\/pied-oeil-2016\/\" \/>\n<meta property=\"og:locale\" content=\"fr_FR\" \/>\n<meta property=\"og:type\" content=\"article\" \/>\n<meta property=\"og:title\" content=\"Bon pied bon \u0153il 2016 - S\u00e9bastien Majerowicz\" \/>\n<meta property=\"og:description\" content=\"\u00c9tant adh\u00e9rent \u00e0 la LPO, c&rsquo;est avec beaucoup d&rsquo;\u00e9motion que j&rsquo;ai re\u00e7u le deuxi\u00e8me prix dans la cat\u00e9gorie \u00ab\u00a0Paysage\u00a0\u00bb du concours \u00ab\u00a0Bon pied, bon \u0153il\u00a0\u00bb organis\u00e9 conjointement par la LPO et la F\u00e9d\u00e9ration Fran\u00e7aise de Randonn\u00e9e. Vous pouvez retrouver toutes les informations ici : https:\/\/auvergne-rhone-alpes.lpo.fr\/concours\/concours-photo\/edition-2016\/article\/concours-photo-bon-pied-bon-oeil-soiree-de-vernissage-et-de-remise-des-prix Quel moment bien agr\u00e9able de voir sa photo ainsi affich\u00e9e [&hellip;]\" \/>\n<meta property=\"og:url\" content=\"https:\/\/www.sebastien-majerowicz.fr\/index.php\/2016\/09\/02\/pied-oeil-2016\/\" \/>\n<meta property=\"og:site_name\" content=\"S\u00e9bastien Majerowicz\" \/>\n<meta property=\"article:published_time\" content=\"2016-09-02T21:03:10+00:00\" \/>\n<meta property=\"article:modified_time\" content=\"2017-10-11T07:20:23+00:00\" \/>\n<meta property=\"og:image\" content=\"https:\/\/www.sebastien-majerowicz.fr\/wp-content\/uploads\/2017\/05\/22413099920_04865907f2_b.jpg\" \/>\n\t<meta property=\"og:image:width\" content=\"1024\" \/>\n\t<meta property=\"og:image:height\" content=\"683\" \/>\n\t<meta property=\"og:image:type\" content=\"image\/jpeg\" \/>\n<meta name=\"author\" content=\"S\u00e9bastien Majerowicz\" \/>\n<meta name=\"twitter:card\" content=\"summary_large_image\" \/>\n<meta name=\"twitter:label1\" content=\"\u00c9crit par\" \/>\n\t<meta name=\"twitter:data1\" content=\"S\u00e9bastien Majerowicz\" \/>\n<script type=\"application\/ld+json\" class=\"yoast-schema-graph\">{\"@context\":\"https:\\\/\\\/schema.org\",\"@graph\":[{\"@type\":\"Article\",\"@id\":\"https:\\\/\\\/www.sebastien-majerowicz.fr\\\/index.php\\\/2016\\\/09\\\/02\\\/pied-oeil-2016\\\/#article\",\"isPartOf\":{\"@id\":\"https:\\\/\\\/www.sebastien-majerowicz.fr\\\/index.php\\\/2016\\\/09\\\/02\\\/pied-oeil-2016\\\/\"},\"author\":{\"name\":\"S\u00e9bastien Majerowicz\",\"@id\":\"https:\\\/\\\/www.sebastien-majerowicz.fr\\\/#\\\/schema\\\/person\\\/a64c1066d12b40958b45bf7ab508f6a3\"},\"headline\":\"Bon pied bon \u0153il 2016\",\"datePublished\":\"2016-09-02T21:03:10+00:00\",\"dateModified\":\"2017-10-11T07:20:23+00:00\",\"mainEntityOfPage\":{\"@id\":\"https:\\\/\\\/www.sebastien-majerowicz.fr\\\/index.php\\\/2016\\\/09\\\/02\\\/pied-oeil-2016\\\/\"},\"wordCount\":103,\"commentCount\":1,\"publisher\":{\"@id\":\"https:\\\/\\\/www.sebastien-majerowicz.fr\\\/#\\\/schema\\\/person\\\/a64c1066d12b40958b45bf7ab508f6a3\"},\"image\":{\"@id\":\"https:\\\/\\\/www.sebastien-majerowicz.fr\\\/index.php\\\/2016\\\/09\\\/02\\\/pied-oeil-2016\\\/#primaryimage\"},\"thumbnailUrl\":\"https:\\\/\\\/www.sebastien-majerowicz.fr\\\/wp-content\\\/uploads\\\/2017\\\/05\\\/22413099920_04865907f2_b.jpg\",\"keywords\":[\"Concours\",\"LPO\",\"Paysage\"],\"articleSection\":[\"Concours\"],\"inLanguage\":\"fr-FR\",\"potentialAction\":[{\"@type\":\"CommentAction\",\"name\":\"Comment\",\"target\":[\"https:\\\/\\\/www.sebastien-majerowicz.fr\\\/index.php\\\/2016\\\/09\\\/02\\\/pied-oeil-2016\\\/#respond\"]}]},{\"@type\":\"WebPage\",\"@id\":\"https:\\\/\\\/www.sebastien-majerowicz.fr\\\/index.php\\\/2016\\\/09\\\/02\\\/pied-oeil-2016\\\/\",\"url\":\"https:\\\/\\\/www.sebastien-majerowicz.fr\\\/index.php\\\/2016\\\/09\\\/02\\\/pied-oeil-2016\\\/\",\"name\":\"Bon pied bon \u0153il 2016 - S\u00e9bastien Majerowicz\",\"isPartOf\":{\"@id\":\"https:\\\/\\\/www.sebastien-majerowicz.fr\\\/#website\"},\"primaryImageOfPage\":{\"@id\":\"https:\\\/\\\/www.sebastien-majerowicz.fr\\\/index.php\\\/2016\\\/09\\\/02\\\/pied-oeil-2016\\\/#primaryimage\"},\"image\":{\"@id\":\"https:\\\/\\\/www.sebastien-majerowicz.fr\\\/index.php\\\/2016\\\/09\\\/02\\\/pied-oeil-2016\\\/#primaryimage\"},\"thumbnailUrl\":\"https:\\\/\\\/www.sebastien-majerowicz.fr\\\/wp-content\\\/uploads\\\/2017\\\/05\\\/22413099920_04865907f2_b.jpg\",\"datePublished\":\"2016-09-02T21:03:10+00:00\",\"dateModified\":\"2017-10-11T07:20:23+00:00\",\"breadcrumb\":{\"@id\":\"https:\\\/\\\/www.sebastien-majerowicz.fr\\\/index.php\\\/2016\\\/09\\\/02\\\/pied-oeil-2016\\\/#breadcrumb\"},\"inLanguage\":\"fr-FR\",\"potentialAction\":[{\"@type\":\"ReadAction\",\"target\":[\"https:\\\/\\\/www.sebastien-majerowicz.fr\\\/index.php\\\/2016\\\/09\\\/02\\\/pied-oeil-2016\\\/\"]}]},{\"@type\":\"ImageObject\",\"inLanguage\":\"fr-FR\",\"@id\":\"https:\\\/\\\/www.sebastien-majerowicz.fr\\\/index.php\\\/2016\\\/09\\\/02\\\/pied-oeil-2016\\\/#primaryimage\",\"url\":\"https:\\\/\\\/www.sebastien-majerowicz.fr\\\/wp-content\\\/uploads\\\/2017\\\/05\\\/22413099920_04865907f2_b.jpg\",\"contentUrl\":\"https:\\\/\\\/www.sebastien-majerowicz.fr\\\/wp-content\\\/uploads\\\/2017\\\/05\\\/22413099920_04865907f2_b.jpg\",\"width\":1024,\"height\":683,\"caption\":\"Paysage\"},{\"@type\":\"BreadcrumbList\",\"@id\":\"https:\\\/\\\/www.sebastien-majerowicz.fr\\\/index.php\\\/2016\\\/09\\\/02\\\/pied-oeil-2016\\\/#breadcrumb\",\"itemListElement\":[{\"@type\":\"ListItem\",\"position\":1,\"name\":\"Accueil\",\"item\":\"https:\\\/\\\/www.sebastien-majerowicz.fr\\\/\"},{\"@type\":\"ListItem\",\"position\":2,\"name\":\"Bon pied bon \u0153il 2016\"}]},{\"@type\":\"WebSite\",\"@id\":\"https:\\\/\\\/www.sebastien-majerowicz.fr\\\/#website\",\"url\":\"https:\\\/\\\/www.sebastien-majerowicz.fr\\\/\",\"name\":\"S\u00e9bastien Majerowicz\",\"description\":\"Photographe animalier par Nature\",\"publisher\":{\"@id\":\"https:\\\/\\\/www.sebastien-majerowicz.fr\\\/#\\\/schema\\\/person\\\/a64c1066d12b40958b45bf7ab508f6a3\"},\"potentialAction\":[{\"@type\":\"SearchAction\",\"target\":{\"@type\":\"EntryPoint\",\"urlTemplate\":\"https:\\\/\\\/www.sebastien-majerowicz.fr\\\/?s={search_term_string}\"},\"query-input\":{\"@type\":\"PropertyValueSpecification\",\"valueRequired\":true,\"valueName\":\"search_term_string\"}}],\"inLanguage\":\"fr-FR\"},{\"@type\":[\"Person\",\"Organization\"],\"@id\":\"https:\\\/\\\/www.sebastien-majerowicz.fr\\\/#\\\/schema\\\/person\\\/a64c1066d12b40958b45bf7ab508f6a3\",\"name\":\"S\u00e9bastien Majerowicz\",\"logo\":{\"@id\":\"https:\\\/\\\/www.sebastien-majerowicz.fr\\\/#\\\/schema\\\/person\\\/image\\\/\"},\"sameAs\":[\"https:\\\/\\\/www.sebastien-majerowicz.fr\"]}]}<\/script>\n<!-- \/ Yoast SEO plugin. -->","yoast_head_json":{"title":"Bon pied bon \u0153il 2016 - S\u00e9bastien Majerowicz","robots":{"index":"index","follow":"follow","max-snippet":"max-snippet:-1","max-image-preview":"max-image-preview:large","max-video-preview":"max-video-preview:-1"},"canonical":"https:\/\/www.sebastien-majerowicz.fr\/index.php\/2016\/09\/02\/pied-oeil-2016\/","og_locale":"fr_FR","og_type":"article","og_title":"Bon pied bon \u0153il 2016 - S\u00e9bastien Majerowicz","og_description":"\u00c9tant adh\u00e9rent \u00e0 la LPO, c&rsquo;est avec beaucoup d&rsquo;\u00e9motion que j&rsquo;ai re\u00e7u le deuxi\u00e8me prix dans la cat\u00e9gorie \u00ab\u00a0Paysage\u00a0\u00bb du concours \u00ab\u00a0Bon pied, bon \u0153il\u00a0\u00bb organis\u00e9 conjointement par la LPO et la F\u00e9d\u00e9ration Fran\u00e7aise de Randonn\u00e9e. Vous pouvez retrouver toutes les informations ici : https:\/\/auvergne-rhone-alpes.lpo.fr\/concours\/concours-photo\/edition-2016\/article\/concours-photo-bon-pied-bon-oeil-soiree-de-vernissage-et-de-remise-des-prix Quel moment bien agr\u00e9able de voir sa photo ainsi affich\u00e9e [&hellip;]","og_url":"https:\/\/www.sebastien-majerowicz.fr\/index.php\/2016\/09\/02\/pied-oeil-2016\/","og_site_name":"S\u00e9bastien Majerowicz","article_published_time":"2016-09-02T21:03:10+00:00","article_modified_time":"2017-10-11T07:20:23+00:00","og_image":[{"width":1024,"height":683,"url":"https:\/\/www.sebastien-majerowicz.fr\/wp-content\/uploads\/2017\/05\/22413099920_04865907f2_b.jpg","type":"image\/jpeg"}],"author":"S\u00e9bastien Majerowicz","twitter_card":"summary_large_image","twitter_misc":{"\u00c9crit par":"S\u00e9bastien Majerowicz"},"schema":{"@context":"https:\/\/schema.org","@graph":[{"@type":"Article","@id":"https:\/\/www.sebastien-majerowicz.fr\/index.php\/2016\/09\/02\/pied-oeil-2016\/#article","isPartOf":{"@id":"https:\/\/www.sebastien-majerowicz.fr\/index.php\/2016\/09\/02\/pied-oeil-2016\/"},"author":{"name":"S\u00e9bastien Majerowicz","@id":"https:\/\/www.sebastien-majerowicz.fr\/#\/schema\/person\/a64c1066d12b40958b45bf7ab508f6a3"},"headline":"Bon pied bon \u0153il 2016","datePublished":"2016-09-02T21:03:10+00:00","dateModified":"2017-10-11T07:20:23+00:00","mainEntityOfPage":{"@id":"https:\/\/www.sebastien-majerowicz.fr\/index.php\/2016\/09\/02\/pied-oeil-2016\/"},"wordCount":103,"commentCount":1,"publisher":{"@id":"https:\/\/www.sebastien-majerowicz.fr\/#\/schema\/person\/a64c1066d12b40958b45bf7ab508f6a3"},"image":{"@id":"https:\/\/www.sebastien-majerowicz.fr\/index.php\/2016\/09\/02\/pied-oeil-2016\/#primaryimage"},"thumbnailUrl":"https:\/\/www.sebastien-majerowicz.fr\/wp-content\/uploads\/2017\/05\/22413099920_04865907f2_b.jpg","keywords":["Concours","LPO","Paysage"],"articleSection":["Concours"],"inLanguage":"fr-FR","potentialAction":[{"@type":"CommentAction","name":"Comment","target":["https:\/\/www.sebastien-majerowicz.fr\/index.php\/2016\/09\/02\/pied-oeil-2016\/#respond"]}]},{"@type":"WebPage","@id":"https:\/\/www.sebastien-majerowicz.fr\/index.php\/2016\/09\/02\/pied-oeil-2016\/","url":"https:\/\/www.sebastien-majerowicz.fr\/index.php\/2016\/09\/02\/pied-oeil-2016\/","name":"Bon pied bon \u0153il 2016 - S\u00e9bastien Majerowicz","isPartOf":{"@id":"https:\/\/www.sebastien-majerowicz.fr\/#website"},"primaryImageOfPage":{"@id":"https:\/\/www.sebastien-majerowicz.fr\/index.php\/2016\/09\/02\/pied-oeil-2016\/#primaryimage"},"image":{"@id":"https:\/\/www.sebastien-majerowicz.fr\/index.php\/2016\/09\/02\/pied-oeil-2016\/#primaryimage"},"thumbnailUrl":"https:\/\/www.sebastien-majerowicz.fr\/wp-content\/uploads\/2017\/05\/22413099920_04865907f2_b.jpg","datePublished":"2016-09-02T21:03:10+00:00","dateModified":"2017-10-11T07:20:23+00:00","breadcrumb":{"@id":"https:\/\/www.sebastien-majerowicz.fr\/index.php\/2016\/09\/02\/pied-oeil-2016\/#breadcrumb"},"inLanguage":"fr-FR","potentialAction":[{"@type":"ReadAction","target":["https:\/\/www.sebastien-majerowicz.fr\/index.php\/2016\/09\/02\/pied-oeil-2016\/"]}]},{"@type":"ImageObject","inLanguage":"fr-FR","@id":"https:\/\/www.sebastien-majerowicz.fr\/index.php\/2016\/09\/02\/pied-oeil-2016\/#primaryimage","url":"https:\/\/www.sebastien-majerowicz.fr\/wp-content\/uploads\/2017\/05\/22413099920_04865907f2_b.jpg","contentUrl":"https:\/\/www.sebastien-majerowicz.fr\/wp-content\/uploads\/2017\/05\/22413099920_04865907f2_b.jpg","width":1024,"height":683,"caption":"Paysage"},{"@type":"BreadcrumbList","@id":"https:\/\/www.sebastien-majerowicz.fr\/index.php\/2016\/09\/02\/pied-oeil-2016\/#breadcrumb","itemListElement":[{"@type":"ListItem","position":1,"name":"Accueil","item":"https:\/\/www.sebastien-majerowicz.fr\/"},{"@type":"ListItem","position":2,"name":"Bon pied bon \u0153il 2016"}]},{"@type":"WebSite","@id":"https:\/\/www.sebastien-majerowicz.fr\/#website","url":"https:\/\/www.sebastien-majerowicz.fr\/","name":"S\u00e9bastien Majerowicz","description":"Photographe animalier par Nature","publisher":{"@id":"https:\/\/www.sebastien-majerowicz.fr\/#\/schema\/person\/a64c1066d12b40958b45bf7ab508f6a3"},"potentialAction":[{"@type":"SearchAction","target":{"@type":"EntryPoint","urlTemplate":"https:\/\/www.sebastien-majerowicz.fr\/?s={search_term_string}"},"query-input":{"@type":"PropertyValueSpecification","valueRequired":true,"valueName":"search_term_string"}}],"inLanguage":"fr-FR"},{"@type":["Person","Organization"],"@id":"https:\/\/www.sebastien-majerowicz.fr\/#\/schema\/person\/a64c1066d12b40958b45bf7ab508f6a3","name":"S\u00e9bastien Majerowicz","logo":{"@id":"https:\/\/www.sebastien-majerowicz.fr\/#\/schema\/person\/image\/"},"sameAs":["https:\/\/www.sebastien-majerowicz.fr"]}]}},"_links":{"self":[{"href":"https:\/\/www.sebastien-majerowicz.fr\/index.php\/wp-json\/wp\/v2\/posts\/968","targetHints":{"allow":["GET"]}}],"collection":[{"href":"https:\/\/www.sebastien-majerowicz.fr\/index.php\/wp-json\/wp\/v2\/posts"}],"about":[{"href":"https:\/\/www.sebastien-majerowicz.fr\/index.php\/wp-json\/wp\/v2\/types\/post"}],"author":[{"embeddable":true,"href":"https:\/\/www.sebastien-majerowicz.fr\/index.php\/wp-json\/wp\/v2\/users\/1"}],"replies":[{"embeddable":true,"href":"https:\/\/www.sebastien-majerowicz.fr\/index.php\/wp-json\/wp\/v2\/comments?post=968"}],"version-history":[{"count":4,"href":"https:\/\/www.sebastien-majerowicz.fr\/index.php\/wp-json\/wp\/v2\/posts\/968\/revisions"}],"predecessor-version":[{"id":978,"href":"https:\/\/www.sebastien-majerowicz.fr\/index.php\/wp-json\/wp\/v2\/posts\/968\/revisions\/978"}],"wp:featuredmedia":[{"embeddable":true,"href":"https:\/\/www.sebastien-majerowicz.fr\/index.php\/wp-json\/wp\/v2\/media\/710"}],"wp:attachment":[{"href":"https:\/\/www.sebastien-majerowicz.fr\/index.php\/wp-json\/wp\/v2\/media?parent=968"}],"wp:term":[{"taxonomy":"category","embeddable":true,"href":"https:\/\/www.sebastien-majerowicz.fr\/index.php\/wp-json\/wp\/v2\/categories?post=968"},{"taxonomy":"post_tag","embeddable":true,"href":"https:\/\/www.sebastien-majerowicz.fr\/index.php\/wp-json\/wp\/v2\/tags?post=968"}],"curies":[{"name":"wp","href":"https:\/\/api.w.org\/{rel}","templated":true}]}}