{"id":907,"date":"2016-11-10T22:20:52","date_gmt":"2016-11-10T21:20:52","guid":{"rendered":"http:\/\/www.sebastien-majerowicz.fr\/?p=907"},"modified":"2017-10-10T13:22:21","modified_gmt":"2017-10-10T11:22:21","slug":"feerie","status":"publish","type":"post","link":"https:\/\/www.sebastien-majerowicz.fr\/index.php\/2016\/11\/10\/feerie\/","title":{"rendered":"F\u00e9\u00e9rie"},"content":{"rendered":"<p>La macrophotographie est une ouverture vers un univers incroyable et insoup\u00e7onn\u00e9. Elle permet de r\u00e9v\u00e9ler, voire de sublimer le monde \u00e0 nos pieds.<br \/>\nCette photo a \u00e9t\u00e9 prise dans un bois sombre et humide. Et pourtant, le choix de la composition et des r\u00e9glages a permis de mettre en avant une ambiance tout autre \ud83d\ude42<!--more--><\/p>\n<p>N&rsquo;h\u00e9sitez pas \u00e0 me demander si vous souhaitez avoir plus de d\u00e9tails sur le \u00ab\u00a0comment\u00a0\u00bb de cette photo !<\/p>\n","protected":false},"excerpt":{"rendered":"<p>La macrophotographie est une ouverture vers un univers incroyable et insoup\u00e7onn\u00e9. Elle permet de r\u00e9v\u00e9ler, voire de sublimer le monde \u00e0 nos pieds. Cette photo a \u00e9t\u00e9 prise dans un bois sombre et humide. Et pourtant, le choix de la composition et des r\u00e9glages a permis de mettre en avant une ambiance tout autre \ud83d\ude42<\/p>\n","protected":false},"author":1,"featured_media":908,"comment_status":"open","ping_status":"open","sticky":false,"template":"","format":"standard","meta":{"footnotes":""},"categories":[16],"tags":[313,25,56],"class_list":{"0":"post-907","1":"post","2":"type-post","3":"status-publish","4":"format-standard","5":"has-post-thumbnail","7":"category-champignon","8":"tag-champignon","9":"tag-nikon-d5300","10":"tag-sigma-105-macro","11":"czr-hentry"},"yoast_head":"<!-- This site is optimized with the Yoast SEO plugin v27.5 - https:\/\/yoast.com\/product\/yoast-seo-wordpress\/ -->\n<title>F\u00e9\u00e9rie - S\u00e9bastien Majerowicz<\/title>\n<meta name=\"robots\" content=\"index, follow, max-snippet:-1, max-image-preview:large, max-video-preview:-1\" \/>\n<link rel=\"canonical\" href=\"https:\/\/www.sebastien-majerowicz.fr\/index.php\/2016\/11\/10\/feerie\/\" \/>\n<meta property=\"og:locale\" content=\"fr_FR\" \/>\n<meta property=\"og:type\" content=\"article\" \/>\n<meta property=\"og:title\" content=\"F\u00e9\u00e9rie - S\u00e9bastien Majerowicz\" \/>\n<meta property=\"og:description\" content=\"La macrophotographie est une ouverture vers un univers incroyable et insoup\u00e7onn\u00e9. Elle permet de r\u00e9v\u00e9ler, voire de sublimer le monde \u00e0 nos pieds. Cette photo a \u00e9t\u00e9 prise dans un bois sombre et humide. Et pourtant, le choix de la composition et des r\u00e9glages a permis de mettre en avant une ambiance tout autre \ud83d\ude42\" \/>\n<meta property=\"og:url\" content=\"https:\/\/www.sebastien-majerowicz.fr\/index.php\/2016\/11\/10\/feerie\/\" \/>\n<meta property=\"og:site_name\" content=\"S\u00e9bastien Majerowicz\" \/>\n<meta property=\"article:published_time\" content=\"2016-11-10T21:20:52+00:00\" \/>\n<meta property=\"article:modified_time\" content=\"2017-10-10T11:22:21+00:00\" \/>\n<meta property=\"og:image\" content=\"https:\/\/www.sebastien-majerowicz.fr\/wp-content\/uploads\/2017\/08\/30884491355_d303716139_b.jpg\" \/>\n\t<meta property=\"og:image:width\" content=\"1024\" \/>\n\t<meta property=\"og:image:height\" content=\"683\" \/>\n\t<meta property=\"og:image:type\" content=\"image\/jpeg\" \/>\n<meta name=\"author\" content=\"S\u00e9bastien Majerowicz\" \/>\n<meta name=\"twitter:card\" content=\"summary_large_image\" \/>\n<meta name=\"twitter:label1\" content=\"\u00c9crit par\" \/>\n\t<meta name=\"twitter:data1\" content=\"S\u00e9bastien Majerowicz\" \/>\n<script type=\"application\/ld+json\" class=\"yoast-schema-graph\">{\"@context\":\"https:\\\/\\\/schema.org\",\"@graph\":[{\"@type\":\"Article\",\"@id\":\"https:\\\/\\\/www.sebastien-majerowicz.fr\\\/index.php\\\/2016\\\/11\\\/10\\\/feerie\\\/#article\",\"isPartOf\":{\"@id\":\"https:\\\/\\\/www.sebastien-majerowicz.fr\\\/index.php\\\/2016\\\/11\\\/10\\\/feerie\\\/\"},\"author\":{\"name\":\"S\u00e9bastien Majerowicz\",\"@id\":\"https:\\\/\\\/www.sebastien-majerowicz.fr\\\/#\\\/schema\\\/person\\\/a64c1066d12b40958b45bf7ab508f6a3\"},\"headline\":\"F\u00e9\u00e9rie\",\"datePublished\":\"2016-11-10T21:20:52+00:00\",\"dateModified\":\"2017-10-10T11:22:21+00:00\",\"mainEntityOfPage\":{\"@id\":\"https:\\\/\\\/www.sebastien-majerowicz.fr\\\/index.php\\\/2016\\\/11\\\/10\\\/feerie\\\/\"},\"wordCount\":80,\"commentCount\":0,\"publisher\":{\"@id\":\"https:\\\/\\\/www.sebastien-majerowicz.fr\\\/#\\\/schema\\\/person\\\/a64c1066d12b40958b45bf7ab508f6a3\"},\"image\":{\"@id\":\"https:\\\/\\\/www.sebastien-majerowicz.fr\\\/index.php\\\/2016\\\/11\\\/10\\\/feerie\\\/#primaryimage\"},\"thumbnailUrl\":\"https:\\\/\\\/www.sebastien-majerowicz.fr\\\/wp-content\\\/uploads\\\/2017\\\/08\\\/30884491355_d303716139_b.jpg\",\"keywords\":[\"Champignon\",\"Nikon D5300\",\"Sigma 105 macro\"],\"articleSection\":[\"Champignon\"],\"inLanguage\":\"fr-FR\",\"potentialAction\":[{\"@type\":\"CommentAction\",\"name\":\"Comment\",\"target\":[\"https:\\\/\\\/www.sebastien-majerowicz.fr\\\/index.php\\\/2016\\\/11\\\/10\\\/feerie\\\/#respond\"]}]},{\"@type\":\"WebPage\",\"@id\":\"https:\\\/\\\/www.sebastien-majerowicz.fr\\\/index.php\\\/2016\\\/11\\\/10\\\/feerie\\\/\",\"url\":\"https:\\\/\\\/www.sebastien-majerowicz.fr\\\/index.php\\\/2016\\\/11\\\/10\\\/feerie\\\/\",\"name\":\"F\u00e9\u00e9rie - S\u00e9bastien Majerowicz\",\"isPartOf\":{\"@id\":\"https:\\\/\\\/www.sebastien-majerowicz.fr\\\/#website\"},\"primaryImageOfPage\":{\"@id\":\"https:\\\/\\\/www.sebastien-majerowicz.fr\\\/index.php\\\/2016\\\/11\\\/10\\\/feerie\\\/#primaryimage\"},\"image\":{\"@id\":\"https:\\\/\\\/www.sebastien-majerowicz.fr\\\/index.php\\\/2016\\\/11\\\/10\\\/feerie\\\/#primaryimage\"},\"thumbnailUrl\":\"https:\\\/\\\/www.sebastien-majerowicz.fr\\\/wp-content\\\/uploads\\\/2017\\\/08\\\/30884491355_d303716139_b.jpg\",\"datePublished\":\"2016-11-10T21:20:52+00:00\",\"dateModified\":\"2017-10-10T11:22:21+00:00\",\"breadcrumb\":{\"@id\":\"https:\\\/\\\/www.sebastien-majerowicz.fr\\\/index.php\\\/2016\\\/11\\\/10\\\/feerie\\\/#breadcrumb\"},\"inLanguage\":\"fr-FR\",\"potentialAction\":[{\"@type\":\"ReadAction\",\"target\":[\"https:\\\/\\\/www.sebastien-majerowicz.fr\\\/index.php\\\/2016\\\/11\\\/10\\\/feerie\\\/\"]}]},{\"@type\":\"ImageObject\",\"inLanguage\":\"fr-FR\",\"@id\":\"https:\\\/\\\/www.sebastien-majerowicz.fr\\\/index.php\\\/2016\\\/11\\\/10\\\/feerie\\\/#primaryimage\",\"url\":\"https:\\\/\\\/www.sebastien-majerowicz.fr\\\/wp-content\\\/uploads\\\/2017\\\/08\\\/30884491355_d303716139_b.jpg\",\"contentUrl\":\"https:\\\/\\\/www.sebastien-majerowicz.fr\\\/wp-content\\\/uploads\\\/2017\\\/08\\\/30884491355_d303716139_b.jpg\",\"width\":1024,\"height\":683,\"caption\":\"Champignon\"},{\"@type\":\"BreadcrumbList\",\"@id\":\"https:\\\/\\\/www.sebastien-majerowicz.fr\\\/index.php\\\/2016\\\/11\\\/10\\\/feerie\\\/#breadcrumb\",\"itemListElement\":[{\"@type\":\"ListItem\",\"position\":1,\"name\":\"Accueil\",\"item\":\"https:\\\/\\\/www.sebastien-majerowicz.fr\\\/\"},{\"@type\":\"ListItem\",\"position\":2,\"name\":\"F\u00e9\u00e9rie\"}]},{\"@type\":\"WebSite\",\"@id\":\"https:\\\/\\\/www.sebastien-majerowicz.fr\\\/#website\",\"url\":\"https:\\\/\\\/www.sebastien-majerowicz.fr\\\/\",\"name\":\"S\u00e9bastien Majerowicz\",\"description\":\"Photographe animalier par Nature\",\"publisher\":{\"@id\":\"https:\\\/\\\/www.sebastien-majerowicz.fr\\\/#\\\/schema\\\/person\\\/a64c1066d12b40958b45bf7ab508f6a3\"},\"potentialAction\":[{\"@type\":\"SearchAction\",\"target\":{\"@type\":\"EntryPoint\",\"urlTemplate\":\"https:\\\/\\\/www.sebastien-majerowicz.fr\\\/?s={search_term_string}\"},\"query-input\":{\"@type\":\"PropertyValueSpecification\",\"valueRequired\":true,\"valueName\":\"search_term_string\"}}],\"inLanguage\":\"fr-FR\"},{\"@type\":[\"Person\",\"Organization\"],\"@id\":\"https:\\\/\\\/www.sebastien-majerowicz.fr\\\/#\\\/schema\\\/person\\\/a64c1066d12b40958b45bf7ab508f6a3\",\"name\":\"S\u00e9bastien Majerowicz\",\"logo\":{\"@id\":\"https:\\\/\\\/www.sebastien-majerowicz.fr\\\/#\\\/schema\\\/person\\\/image\\\/\"},\"sameAs\":[\"https:\\\/\\\/www.sebastien-majerowicz.fr\"]}]}<\/script>\n<!-- \/ Yoast SEO plugin. -->","yoast_head_json":{"title":"F\u00e9\u00e9rie - S\u00e9bastien Majerowicz","robots":{"index":"index","follow":"follow","max-snippet":"max-snippet:-1","max-image-preview":"max-image-preview:large","max-video-preview":"max-video-preview:-1"},"canonical":"https:\/\/www.sebastien-majerowicz.fr\/index.php\/2016\/11\/10\/feerie\/","og_locale":"fr_FR","og_type":"article","og_title":"F\u00e9\u00e9rie - S\u00e9bastien Majerowicz","og_description":"La macrophotographie est une ouverture vers un univers incroyable et insoup\u00e7onn\u00e9. Elle permet de r\u00e9v\u00e9ler, voire de sublimer le monde \u00e0 nos pieds. Cette photo a \u00e9t\u00e9 prise dans un bois sombre et humide. Et pourtant, le choix de la composition et des r\u00e9glages a permis de mettre en avant une ambiance tout autre \ud83d\ude42","og_url":"https:\/\/www.sebastien-majerowicz.fr\/index.php\/2016\/11\/10\/feerie\/","og_site_name":"S\u00e9bastien Majerowicz","article_published_time":"2016-11-10T21:20:52+00:00","article_modified_time":"2017-10-10T11:22:21+00:00","og_image":[{"width":1024,"height":683,"url":"https:\/\/www.sebastien-majerowicz.fr\/wp-content\/uploads\/2017\/08\/30884491355_d303716139_b.jpg","type":"image\/jpeg"}],"author":"S\u00e9bastien Majerowicz","twitter_card":"summary_large_image","twitter_misc":{"\u00c9crit par":"S\u00e9bastien Majerowicz"},"schema":{"@context":"https:\/\/schema.org","@graph":[{"@type":"Article","@id":"https:\/\/www.sebastien-majerowicz.fr\/index.php\/2016\/11\/10\/feerie\/#article","isPartOf":{"@id":"https:\/\/www.sebastien-majerowicz.fr\/index.php\/2016\/11\/10\/feerie\/"},"author":{"name":"S\u00e9bastien Majerowicz","@id":"https:\/\/www.sebastien-majerowicz.fr\/#\/schema\/person\/a64c1066d12b40958b45bf7ab508f6a3"},"headline":"F\u00e9\u00e9rie","datePublished":"2016-11-10T21:20:52+00:00","dateModified":"2017-10-10T11:22:21+00:00","mainEntityOfPage":{"@id":"https:\/\/www.sebastien-majerowicz.fr\/index.php\/2016\/11\/10\/feerie\/"},"wordCount":80,"commentCount":0,"publisher":{"@id":"https:\/\/www.sebastien-majerowicz.fr\/#\/schema\/person\/a64c1066d12b40958b45bf7ab508f6a3"},"image":{"@id":"https:\/\/www.sebastien-majerowicz.fr\/index.php\/2016\/11\/10\/feerie\/#primaryimage"},"thumbnailUrl":"https:\/\/www.sebastien-majerowicz.fr\/wp-content\/uploads\/2017\/08\/30884491355_d303716139_b.jpg","keywords":["Champignon","Nikon D5300","Sigma 105 macro"],"articleSection":["Champignon"],"inLanguage":"fr-FR","potentialAction":[{"@type":"CommentAction","name":"Comment","target":["https:\/\/www.sebastien-majerowicz.fr\/index.php\/2016\/11\/10\/feerie\/#respond"]}]},{"@type":"WebPage","@id":"https:\/\/www.sebastien-majerowicz.fr\/index.php\/2016\/11\/10\/feerie\/","url":"https:\/\/www.sebastien-majerowicz.fr\/index.php\/2016\/11\/10\/feerie\/","name":"F\u00e9\u00e9rie - S\u00e9bastien Majerowicz","isPartOf":{"@id":"https:\/\/www.sebastien-majerowicz.fr\/#website"},"primaryImageOfPage":{"@id":"https:\/\/www.sebastien-majerowicz.fr\/index.php\/2016\/11\/10\/feerie\/#primaryimage"},"image":{"@id":"https:\/\/www.sebastien-majerowicz.fr\/index.php\/2016\/11\/10\/feerie\/#primaryimage"},"thumbnailUrl":"https:\/\/www.sebastien-majerowicz.fr\/wp-content\/uploads\/2017\/08\/30884491355_d303716139_b.jpg","datePublished":"2016-11-10T21:20:52+00:00","dateModified":"2017-10-10T11:22:21+00:00","breadcrumb":{"@id":"https:\/\/www.sebastien-majerowicz.fr\/index.php\/2016\/11\/10\/feerie\/#breadcrumb"},"inLanguage":"fr-FR","potentialAction":[{"@type":"ReadAction","target":["https:\/\/www.sebastien-majerowicz.fr\/index.php\/2016\/11\/10\/feerie\/"]}]},{"@type":"ImageObject","inLanguage":"fr-FR","@id":"https:\/\/www.sebastien-majerowicz.fr\/index.php\/2016\/11\/10\/feerie\/#primaryimage","url":"https:\/\/www.sebastien-majerowicz.fr\/wp-content\/uploads\/2017\/08\/30884491355_d303716139_b.jpg","contentUrl":"https:\/\/www.sebastien-majerowicz.fr\/wp-content\/uploads\/2017\/08\/30884491355_d303716139_b.jpg","width":1024,"height":683,"caption":"Champignon"},{"@type":"BreadcrumbList","@id":"https:\/\/www.sebastien-majerowicz.fr\/index.php\/2016\/11\/10\/feerie\/#breadcrumb","itemListElement":[{"@type":"ListItem","position":1,"name":"Accueil","item":"https:\/\/www.sebastien-majerowicz.fr\/"},{"@type":"ListItem","position":2,"name":"F\u00e9\u00e9rie"}]},{"@type":"WebSite","@id":"https:\/\/www.sebastien-majerowicz.fr\/#website","url":"https:\/\/www.sebastien-majerowicz.fr\/","name":"S\u00e9bastien Majerowicz","description":"Photographe animalier par Nature","publisher":{"@id":"https:\/\/www.sebastien-majerowicz.fr\/#\/schema\/person\/a64c1066d12b40958b45bf7ab508f6a3"},"potentialAction":[{"@type":"SearchAction","target":{"@type":"EntryPoint","urlTemplate":"https:\/\/www.sebastien-majerowicz.fr\/?s={search_term_string}"},"query-input":{"@type":"PropertyValueSpecification","valueRequired":true,"valueName":"search_term_string"}}],"inLanguage":"fr-FR"},{"@type":["Person","Organization"],"@id":"https:\/\/www.sebastien-majerowicz.fr\/#\/schema\/person\/a64c1066d12b40958b45bf7ab508f6a3","name":"S\u00e9bastien Majerowicz","logo":{"@id":"https:\/\/www.sebastien-majerowicz.fr\/#\/schema\/person\/image\/"},"sameAs":["https:\/\/www.sebastien-majerowicz.fr"]}]}},"_links":{"self":[{"href":"https:\/\/www.sebastien-majerowicz.fr\/index.php\/wp-json\/wp\/v2\/posts\/907","targetHints":{"allow":["GET"]}}],"collection":[{"href":"https:\/\/www.sebastien-majerowicz.fr\/index.php\/wp-json\/wp\/v2\/posts"}],"about":[{"href":"https:\/\/www.sebastien-majerowicz.fr\/index.php\/wp-json\/wp\/v2\/types\/post"}],"author":[{"embeddable":true,"href":"https:\/\/www.sebastien-majerowicz.fr\/index.php\/wp-json\/wp\/v2\/users\/1"}],"replies":[{"embeddable":true,"href":"https:\/\/www.sebastien-majerowicz.fr\/index.php\/wp-json\/wp\/v2\/comments?post=907"}],"version-history":[{"count":1,"href":"https:\/\/www.sebastien-majerowicz.fr\/index.php\/wp-json\/wp\/v2\/posts\/907\/revisions"}],"predecessor-version":[{"id":909,"href":"https:\/\/www.sebastien-majerowicz.fr\/index.php\/wp-json\/wp\/v2\/posts\/907\/revisions\/909"}],"wp:featuredmedia":[{"embeddable":true,"href":"https:\/\/www.sebastien-majerowicz.fr\/index.php\/wp-json\/wp\/v2\/media\/908"}],"wp:attachment":[{"href":"https:\/\/www.sebastien-majerowicz.fr\/index.php\/wp-json\/wp\/v2\/media?parent=907"}],"wp:term":[{"taxonomy":"category","embeddable":true,"href":"https:\/\/www.sebastien-majerowicz.fr\/index.php\/wp-json\/wp\/v2\/categories?post=907"},{"taxonomy":"post_tag","embeddable":true,"href":"https:\/\/www.sebastien-majerowicz.fr\/index.php\/wp-json\/wp\/v2\/tags?post=907"}],"curies":[{"name":"wp","href":"https:\/\/api.w.org\/{rel}","templated":true}]}}