{"id":669,"date":"2016-09-13T22:54:31","date_gmt":"2016-09-13T20:54:31","guid":{"rendered":"http:\/\/www.sebastien-majerowicz.fr\/?p=669"},"modified":"2026-02-20T22:36:40","modified_gmt":"2026-02-20T21:36:40","slug":"aerofreinage","status":"publish","type":"post","link":"https:\/\/www.sebastien-majerowicz.fr\/index.php\/2016\/09\/13\/aerofreinage\/","title":{"rendered":"A\u00e9rofreinage"},"content":{"rendered":"<p>Bonjour, voici une photo prise lors de mes vacances. J&rsquo;avais rep\u00e9r\u00e9 pr\u00e8s de notre maison, une zone prot\u00e9g\u00e9e : le parc des Dosses. J&rsquo;ai pu y aller juste avant le lever du Soleil.<\/p>\n<p>Apr\u00e8s quelques minutes de balade, je vois au loin un <a href=\"https:\/\/www.sebastien-majerowicz.fr\/index.php\/tag\/ardea-cinerea\/\" target=\"_blank\" rel=\"noopener\">H\u00e9ron cendr\u00e9 (Ardea cinerea)<\/a> en approche finale ! Je m&rsquo;arr\u00eate et le prends en photo. La lumi\u00e8re est fantastique, chaude \u00e0 souhait \ud83d\ude42 La rafale me permet de d\u00e9composer l&rsquo;atterrissage (que je vous proposerai plus tard). Ici, c&rsquo;est le coup de frein final avant la pose.<!--more--><\/p>\n<p><img loading=\"lazy\" decoding=\"async\" class=\" wp-image-1652 alignleft\" src=\"http:\/\/www.sebastien-majerowicz.fr\/wp-content\/uploads\/2017\/09\/logo_reflex_technique-300x300.png\" alt=\"Technique\" width=\"100\" height=\"100\" srcset=\"https:\/\/www.sebastien-majerowicz.fr\/wp-content\/uploads\/2017\/09\/logo_reflex_technique-300x300.png 300w, https:\/\/www.sebastien-majerowicz.fr\/wp-content\/uploads\/2017\/09\/logo_reflex_technique-150x150.png 150w, https:\/\/www.sebastien-majerowicz.fr\/wp-content\/uploads\/2017\/09\/logo_reflex_technique-510x510.png 510w, https:\/\/www.sebastien-majerowicz.fr\/wp-content\/uploads\/2017\/09\/logo_reflex_technique.png 512w\" sizes=\"auto, (max-width: 100px) 100vw, 100px\" \/>Maintenant, quelques mots sur la technique &#8230; La photo a \u00e9t\u00e9 prise au lever du Soleil, la lumi\u00e8re \u00e9tait loin d&rsquo;\u00eatre abondante, il a donc fallu monter dans les ISO, ouvrir au maximum le diaphragme et appliquer une sous-exposition de la sc\u00e8ne pour avoir une vitesse d&rsquo;exposition suffisamment rapide pour (\u00e0 peu pr\u00e8s) figer le mouvement. Pas simple du tout car l\u00e0, cela va tr\u00e8s vite !<\/p>\n<p>Bonne journ\u00e9e en esp\u00e9rant que la photo vous plaise !<\/p>\n","protected":false},"excerpt":{"rendered":"<p>Bonjour, voici une photo prise lors de mes vacances. J&rsquo;avais rep\u00e9r\u00e9 pr\u00e8s de notre maison, une zone prot\u00e9g\u00e9e : le parc des Dosses. J&rsquo;ai pu y aller juste avant le lever du Soleil. Apr\u00e8s quelques minutes de balade, je vois au loin un H\u00e9ron cendr\u00e9 (Ardea cinerea) en approche finale ! Je m&rsquo;arr\u00eate et le [&hellip;]<\/p>\n","protected":false},"author":1,"featured_media":670,"comment_status":"open","ping_status":"open","sticky":false,"template":"","format":"standard","meta":{"footnotes":""},"categories":[14],"tags":[350,349,25,55,26,728],"class_list":{"0":"post-669","1":"post","2":"type-post","3":"status-publish","4":"format-standard","5":"has-post-thumbnail","7":"category-oiseau","8":"tag-ardea-cinerea","9":"tag-heron-cendre","10":"tag-nikon-d5300","11":"tag-oiseau","12":"tag-sigma-150-600-contemporary","13":"tag-technique-photographique","14":"czr-hentry"},"yoast_head":"<!-- This site is optimized with the Yoast SEO plugin v27.4 - https:\/\/yoast.com\/product\/yoast-seo-wordpress\/ -->\n<title>A\u00e9rofreinage - S\u00e9bastien Majerowicz<\/title>\n<meta name=\"robots\" content=\"index, follow, max-snippet:-1, max-image-preview:large, max-video-preview:-1\" \/>\n<link rel=\"canonical\" href=\"https:\/\/www.sebastien-majerowicz.fr\/index.php\/2016\/09\/13\/aerofreinage\/\" \/>\n<meta property=\"og:locale\" content=\"fr_FR\" \/>\n<meta property=\"og:type\" content=\"article\" \/>\n<meta property=\"og:title\" content=\"A\u00e9rofreinage - S\u00e9bastien Majerowicz\" \/>\n<meta property=\"og:description\" content=\"Bonjour, voici une photo prise lors de mes vacances. J&rsquo;avais rep\u00e9r\u00e9 pr\u00e8s de notre maison, une zone prot\u00e9g\u00e9e : le parc des Dosses. J&rsquo;ai pu y aller juste avant le lever du Soleil. Apr\u00e8s quelques minutes de balade, je vois au loin un H\u00e9ron cendr\u00e9 (Ardea cinerea) en approche finale ! Je m&rsquo;arr\u00eate et le [&hellip;]\" \/>\n<meta property=\"og:url\" content=\"https:\/\/www.sebastien-majerowicz.fr\/index.php\/2016\/09\/13\/aerofreinage\/\" \/>\n<meta property=\"og:site_name\" content=\"S\u00e9bastien Majerowicz\" \/>\n<meta property=\"article:published_time\" content=\"2016-09-13T20:54:31+00:00\" \/>\n<meta property=\"article:modified_time\" content=\"2026-02-20T21:36:40+00:00\" \/>\n<meta property=\"og:image\" content=\"https:\/\/www.sebastien-majerowicz.fr\/wp-content\/uploads\/2017\/04\/29648883895_3c3c9e6cec_b.jpg\" \/>\n\t<meta property=\"og:image:width\" content=\"1024\" \/>\n\t<meta property=\"og:image:height\" content=\"683\" \/>\n\t<meta property=\"og:image:type\" content=\"image\/jpeg\" \/>\n<meta name=\"author\" content=\"S\u00e9bastien Majerowicz\" \/>\n<meta name=\"twitter:card\" content=\"summary_large_image\" \/>\n<meta name=\"twitter:label1\" content=\"\u00c9crit par\" \/>\n\t<meta name=\"twitter:data1\" content=\"S\u00e9bastien Majerowicz\" \/>\n\t<meta name=\"twitter:label2\" content=\"Dur\u00e9e de lecture estim\u00e9e\" \/>\n\t<meta name=\"twitter:data2\" content=\"2 minutes\" \/>\n<script type=\"application\/ld+json\" class=\"yoast-schema-graph\">{\"@context\":\"https:\\\/\\\/schema.org\",\"@graph\":[{\"@type\":\"Article\",\"@id\":\"https:\\\/\\\/www.sebastien-majerowicz.fr\\\/index.php\\\/2016\\\/09\\\/13\\\/aerofreinage\\\/#article\",\"isPartOf\":{\"@id\":\"https:\\\/\\\/www.sebastien-majerowicz.fr\\\/index.php\\\/2016\\\/09\\\/13\\\/aerofreinage\\\/\"},\"author\":{\"name\":\"S\u00e9bastien Majerowicz\",\"@id\":\"https:\\\/\\\/www.sebastien-majerowicz.fr\\\/#\\\/schema\\\/person\\\/a64c1066d12b40958b45bf7ab508f6a3\"},\"headline\":\"A\u00e9rofreinage\",\"datePublished\":\"2016-09-13T20:54:31+00:00\",\"dateModified\":\"2026-02-20T21:36:40+00:00\",\"mainEntityOfPage\":{\"@id\":\"https:\\\/\\\/www.sebastien-majerowicz.fr\\\/index.php\\\/2016\\\/09\\\/13\\\/aerofreinage\\\/\"},\"wordCount\":183,\"commentCount\":0,\"publisher\":{\"@id\":\"https:\\\/\\\/www.sebastien-majerowicz.fr\\\/#\\\/schema\\\/person\\\/a64c1066d12b40958b45bf7ab508f6a3\"},\"image\":{\"@id\":\"https:\\\/\\\/www.sebastien-majerowicz.fr\\\/index.php\\\/2016\\\/09\\\/13\\\/aerofreinage\\\/#primaryimage\"},\"thumbnailUrl\":\"https:\\\/\\\/www.sebastien-majerowicz.fr\\\/wp-content\\\/uploads\\\/2017\\\/04\\\/29648883895_3c3c9e6cec_b.jpg\",\"keywords\":[\"Ardea cinerea\",\"H\u00e9ron cendr\u00e9\",\"Nikon D5300\",\"Oiseau\",\"Sigma 150-600 Contemporary\",\"Technique photographique\"],\"articleSection\":[\"Oiseau\"],\"inLanguage\":\"fr-FR\",\"potentialAction\":[{\"@type\":\"CommentAction\",\"name\":\"Comment\",\"target\":[\"https:\\\/\\\/www.sebastien-majerowicz.fr\\\/index.php\\\/2016\\\/09\\\/13\\\/aerofreinage\\\/#respond\"]}]},{\"@type\":\"WebPage\",\"@id\":\"https:\\\/\\\/www.sebastien-majerowicz.fr\\\/index.php\\\/2016\\\/09\\\/13\\\/aerofreinage\\\/\",\"url\":\"https:\\\/\\\/www.sebastien-majerowicz.fr\\\/index.php\\\/2016\\\/09\\\/13\\\/aerofreinage\\\/\",\"name\":\"A\u00e9rofreinage - S\u00e9bastien Majerowicz\",\"isPartOf\":{\"@id\":\"https:\\\/\\\/www.sebastien-majerowicz.fr\\\/#website\"},\"primaryImageOfPage\":{\"@id\":\"https:\\\/\\\/www.sebastien-majerowicz.fr\\\/index.php\\\/2016\\\/09\\\/13\\\/aerofreinage\\\/#primaryimage\"},\"image\":{\"@id\":\"https:\\\/\\\/www.sebastien-majerowicz.fr\\\/index.php\\\/2016\\\/09\\\/13\\\/aerofreinage\\\/#primaryimage\"},\"thumbnailUrl\":\"https:\\\/\\\/www.sebastien-majerowicz.fr\\\/wp-content\\\/uploads\\\/2017\\\/04\\\/29648883895_3c3c9e6cec_b.jpg\",\"datePublished\":\"2016-09-13T20:54:31+00:00\",\"dateModified\":\"2026-02-20T21:36:40+00:00\",\"breadcrumb\":{\"@id\":\"https:\\\/\\\/www.sebastien-majerowicz.fr\\\/index.php\\\/2016\\\/09\\\/13\\\/aerofreinage\\\/#breadcrumb\"},\"inLanguage\":\"fr-FR\",\"potentialAction\":[{\"@type\":\"ReadAction\",\"target\":[\"https:\\\/\\\/www.sebastien-majerowicz.fr\\\/index.php\\\/2016\\\/09\\\/13\\\/aerofreinage\\\/\"]}]},{\"@type\":\"ImageObject\",\"inLanguage\":\"fr-FR\",\"@id\":\"https:\\\/\\\/www.sebastien-majerowicz.fr\\\/index.php\\\/2016\\\/09\\\/13\\\/aerofreinage\\\/#primaryimage\",\"url\":\"https:\\\/\\\/www.sebastien-majerowicz.fr\\\/wp-content\\\/uploads\\\/2017\\\/04\\\/29648883895_3c3c9e6cec_b.jpg\",\"contentUrl\":\"https:\\\/\\\/www.sebastien-majerowicz.fr\\\/wp-content\\\/uploads\\\/2017\\\/04\\\/29648883895_3c3c9e6cec_b.jpg\",\"width\":1024,\"height\":683,\"caption\":\"H\u00e9ron cendr\u00e9 \\\/ Ardea cinerea\"},{\"@type\":\"BreadcrumbList\",\"@id\":\"https:\\\/\\\/www.sebastien-majerowicz.fr\\\/index.php\\\/2016\\\/09\\\/13\\\/aerofreinage\\\/#breadcrumb\",\"itemListElement\":[{\"@type\":\"ListItem\",\"position\":1,\"name\":\"Accueil\",\"item\":\"https:\\\/\\\/www.sebastien-majerowicz.fr\\\/\"},{\"@type\":\"ListItem\",\"position\":2,\"name\":\"A\u00e9rofreinage\"}]},{\"@type\":\"WebSite\",\"@id\":\"https:\\\/\\\/www.sebastien-majerowicz.fr\\\/#website\",\"url\":\"https:\\\/\\\/www.sebastien-majerowicz.fr\\\/\",\"name\":\"S\u00e9bastien Majerowicz\",\"description\":\"Photographe animalier par Nature\",\"publisher\":{\"@id\":\"https:\\\/\\\/www.sebastien-majerowicz.fr\\\/#\\\/schema\\\/person\\\/a64c1066d12b40958b45bf7ab508f6a3\"},\"potentialAction\":[{\"@type\":\"SearchAction\",\"target\":{\"@type\":\"EntryPoint\",\"urlTemplate\":\"https:\\\/\\\/www.sebastien-majerowicz.fr\\\/?s={search_term_string}\"},\"query-input\":{\"@type\":\"PropertyValueSpecification\",\"valueRequired\":true,\"valueName\":\"search_term_string\"}}],\"inLanguage\":\"fr-FR\"},{\"@type\":[\"Person\",\"Organization\"],\"@id\":\"https:\\\/\\\/www.sebastien-majerowicz.fr\\\/#\\\/schema\\\/person\\\/a64c1066d12b40958b45bf7ab508f6a3\",\"name\":\"S\u00e9bastien Majerowicz\",\"logo\":{\"@id\":\"https:\\\/\\\/www.sebastien-majerowicz.fr\\\/#\\\/schema\\\/person\\\/image\\\/\"},\"sameAs\":[\"https:\\\/\\\/www.sebastien-majerowicz.fr\"]}]}<\/script>\n<!-- \/ Yoast SEO plugin. -->","yoast_head_json":{"title":"A\u00e9rofreinage - S\u00e9bastien Majerowicz","robots":{"index":"index","follow":"follow","max-snippet":"max-snippet:-1","max-image-preview":"max-image-preview:large","max-video-preview":"max-video-preview:-1"},"canonical":"https:\/\/www.sebastien-majerowicz.fr\/index.php\/2016\/09\/13\/aerofreinage\/","og_locale":"fr_FR","og_type":"article","og_title":"A\u00e9rofreinage - S\u00e9bastien Majerowicz","og_description":"Bonjour, voici une photo prise lors de mes vacances. J&rsquo;avais rep\u00e9r\u00e9 pr\u00e8s de notre maison, une zone prot\u00e9g\u00e9e : le parc des Dosses. J&rsquo;ai pu y aller juste avant le lever du Soleil. Apr\u00e8s quelques minutes de balade, je vois au loin un H\u00e9ron cendr\u00e9 (Ardea cinerea) en approche finale ! Je m&rsquo;arr\u00eate et le [&hellip;]","og_url":"https:\/\/www.sebastien-majerowicz.fr\/index.php\/2016\/09\/13\/aerofreinage\/","og_site_name":"S\u00e9bastien Majerowicz","article_published_time":"2016-09-13T20:54:31+00:00","article_modified_time":"2026-02-20T21:36:40+00:00","og_image":[{"width":1024,"height":683,"url":"https:\/\/www.sebastien-majerowicz.fr\/wp-content\/uploads\/2017\/04\/29648883895_3c3c9e6cec_b.jpg","type":"image\/jpeg"}],"author":"S\u00e9bastien Majerowicz","twitter_card":"summary_large_image","twitter_misc":{"\u00c9crit par":"S\u00e9bastien Majerowicz","Dur\u00e9e de lecture estim\u00e9e":"2 minutes"},"schema":{"@context":"https:\/\/schema.org","@graph":[{"@type":"Article","@id":"https:\/\/www.sebastien-majerowicz.fr\/index.php\/2016\/09\/13\/aerofreinage\/#article","isPartOf":{"@id":"https:\/\/www.sebastien-majerowicz.fr\/index.php\/2016\/09\/13\/aerofreinage\/"},"author":{"name":"S\u00e9bastien Majerowicz","@id":"https:\/\/www.sebastien-majerowicz.fr\/#\/schema\/person\/a64c1066d12b40958b45bf7ab508f6a3"},"headline":"A\u00e9rofreinage","datePublished":"2016-09-13T20:54:31+00:00","dateModified":"2026-02-20T21:36:40+00:00","mainEntityOfPage":{"@id":"https:\/\/www.sebastien-majerowicz.fr\/index.php\/2016\/09\/13\/aerofreinage\/"},"wordCount":183,"commentCount":0,"publisher":{"@id":"https:\/\/www.sebastien-majerowicz.fr\/#\/schema\/person\/a64c1066d12b40958b45bf7ab508f6a3"},"image":{"@id":"https:\/\/www.sebastien-majerowicz.fr\/index.php\/2016\/09\/13\/aerofreinage\/#primaryimage"},"thumbnailUrl":"https:\/\/www.sebastien-majerowicz.fr\/wp-content\/uploads\/2017\/04\/29648883895_3c3c9e6cec_b.jpg","keywords":["Ardea cinerea","H\u00e9ron cendr\u00e9","Nikon D5300","Oiseau","Sigma 150-600 Contemporary","Technique photographique"],"articleSection":["Oiseau"],"inLanguage":"fr-FR","potentialAction":[{"@type":"CommentAction","name":"Comment","target":["https:\/\/www.sebastien-majerowicz.fr\/index.php\/2016\/09\/13\/aerofreinage\/#respond"]}]},{"@type":"WebPage","@id":"https:\/\/www.sebastien-majerowicz.fr\/index.php\/2016\/09\/13\/aerofreinage\/","url":"https:\/\/www.sebastien-majerowicz.fr\/index.php\/2016\/09\/13\/aerofreinage\/","name":"A\u00e9rofreinage - S\u00e9bastien Majerowicz","isPartOf":{"@id":"https:\/\/www.sebastien-majerowicz.fr\/#website"},"primaryImageOfPage":{"@id":"https:\/\/www.sebastien-majerowicz.fr\/index.php\/2016\/09\/13\/aerofreinage\/#primaryimage"},"image":{"@id":"https:\/\/www.sebastien-majerowicz.fr\/index.php\/2016\/09\/13\/aerofreinage\/#primaryimage"},"thumbnailUrl":"https:\/\/www.sebastien-majerowicz.fr\/wp-content\/uploads\/2017\/04\/29648883895_3c3c9e6cec_b.jpg","datePublished":"2016-09-13T20:54:31+00:00","dateModified":"2026-02-20T21:36:40+00:00","breadcrumb":{"@id":"https:\/\/www.sebastien-majerowicz.fr\/index.php\/2016\/09\/13\/aerofreinage\/#breadcrumb"},"inLanguage":"fr-FR","potentialAction":[{"@type":"ReadAction","target":["https:\/\/www.sebastien-majerowicz.fr\/index.php\/2016\/09\/13\/aerofreinage\/"]}]},{"@type":"ImageObject","inLanguage":"fr-FR","@id":"https:\/\/www.sebastien-majerowicz.fr\/index.php\/2016\/09\/13\/aerofreinage\/#primaryimage","url":"https:\/\/www.sebastien-majerowicz.fr\/wp-content\/uploads\/2017\/04\/29648883895_3c3c9e6cec_b.jpg","contentUrl":"https:\/\/www.sebastien-majerowicz.fr\/wp-content\/uploads\/2017\/04\/29648883895_3c3c9e6cec_b.jpg","width":1024,"height":683,"caption":"H\u00e9ron cendr\u00e9 \/ Ardea cinerea"},{"@type":"BreadcrumbList","@id":"https:\/\/www.sebastien-majerowicz.fr\/index.php\/2016\/09\/13\/aerofreinage\/#breadcrumb","itemListElement":[{"@type":"ListItem","position":1,"name":"Accueil","item":"https:\/\/www.sebastien-majerowicz.fr\/"},{"@type":"ListItem","position":2,"name":"A\u00e9rofreinage"}]},{"@type":"WebSite","@id":"https:\/\/www.sebastien-majerowicz.fr\/#website","url":"https:\/\/www.sebastien-majerowicz.fr\/","name":"S\u00e9bastien Majerowicz","description":"Photographe animalier par Nature","publisher":{"@id":"https:\/\/www.sebastien-majerowicz.fr\/#\/schema\/person\/a64c1066d12b40958b45bf7ab508f6a3"},"potentialAction":[{"@type":"SearchAction","target":{"@type":"EntryPoint","urlTemplate":"https:\/\/www.sebastien-majerowicz.fr\/?s={search_term_string}"},"query-input":{"@type":"PropertyValueSpecification","valueRequired":true,"valueName":"search_term_string"}}],"inLanguage":"fr-FR"},{"@type":["Person","Organization"],"@id":"https:\/\/www.sebastien-majerowicz.fr\/#\/schema\/person\/a64c1066d12b40958b45bf7ab508f6a3","name":"S\u00e9bastien Majerowicz","logo":{"@id":"https:\/\/www.sebastien-majerowicz.fr\/#\/schema\/person\/image\/"},"sameAs":["https:\/\/www.sebastien-majerowicz.fr"]}]}},"_links":{"self":[{"href":"https:\/\/www.sebastien-majerowicz.fr\/index.php\/wp-json\/wp\/v2\/posts\/669","targetHints":{"allow":["GET"]}}],"collection":[{"href":"https:\/\/www.sebastien-majerowicz.fr\/index.php\/wp-json\/wp\/v2\/posts"}],"about":[{"href":"https:\/\/www.sebastien-majerowicz.fr\/index.php\/wp-json\/wp\/v2\/types\/post"}],"author":[{"embeddable":true,"href":"https:\/\/www.sebastien-majerowicz.fr\/index.php\/wp-json\/wp\/v2\/users\/1"}],"replies":[{"embeddable":true,"href":"https:\/\/www.sebastien-majerowicz.fr\/index.php\/wp-json\/wp\/v2\/comments?post=669"}],"version-history":[{"count":3,"href":"https:\/\/www.sebastien-majerowicz.fr\/index.php\/wp-json\/wp\/v2\/posts\/669\/revisions"}],"predecessor-version":[{"id":4837,"href":"https:\/\/www.sebastien-majerowicz.fr\/index.php\/wp-json\/wp\/v2\/posts\/669\/revisions\/4837"}],"wp:featuredmedia":[{"embeddable":true,"href":"https:\/\/www.sebastien-majerowicz.fr\/index.php\/wp-json\/wp\/v2\/media\/670"}],"wp:attachment":[{"href":"https:\/\/www.sebastien-majerowicz.fr\/index.php\/wp-json\/wp\/v2\/media?parent=669"}],"wp:term":[{"taxonomy":"category","embeddable":true,"href":"https:\/\/www.sebastien-majerowicz.fr\/index.php\/wp-json\/wp\/v2\/categories?post=669"},{"taxonomy":"post_tag","embeddable":true,"href":"https:\/\/www.sebastien-majerowicz.fr\/index.php\/wp-json\/wp\/v2\/tags?post=669"}],"curies":[{"name":"wp","href":"https:\/\/api.w.org\/{rel}","templated":true}]}}