{"id":655,"date":"2016-08-31T22:15:01","date_gmt":"2016-08-31T20:15:01","guid":{"rendered":"http:\/\/www.sebastien-majerowicz.fr\/?p=655"},"modified":"2017-10-11T09:27:39","modified_gmt":"2017-10-11T07:27:39","slug":"une-lueur-dans-la-nuit","status":"publish","type":"post","link":"https:\/\/www.sebastien-majerowicz.fr\/index.php\/2016\/08\/31\/une-lueur-dans-la-nuit\/","title":{"rendered":"Une lueur dans la nuit"},"content":{"rendered":"<p>Bonsoir, voici une petite merveille de mon jardin, une lueur verte dans la nuit. Il s&rsquo;agit \u00e9videmment d&rsquo;un ver luisant (<span class=\"st\">Lampyris noctiluca<\/span>). Mais saviez-vous que seule la femelle \u00e9met cet lumi\u00e8re verte ? En effet, seul le m\u00e2le est capable de voler et la femelle a donc trouver ce moyen pour l&rsquo;attirer : incroyable, n&rsquo;est-ce pas ?<\/p>\n","protected":false},"excerpt":{"rendered":"<p>Bonsoir, voici une petite merveille de mon jardin, une lueur verte dans la nuit. Il s&rsquo;agit \u00e9videmment d&rsquo;un ver luisant (Lampyris noctiluca). Mais saviez-vous que seule la femelle \u00e9met cet lumi\u00e8re verte ? En effet, seul le m\u00e2le est capable de voler et la femelle a donc trouver ce moyen pour l&rsquo;attirer : incroyable, n&rsquo;est-ce [&hellip;]<\/p>\n","protected":false},"author":1,"featured_media":656,"comment_status":"open","ping_status":"open","sticky":false,"template":"","format":"standard","meta":{"footnotes":""},"categories":[12],"tags":[53,388,387,25,56,386],"class_list":{"0":"post-655","1":"post","2":"type-post","3":"status-publish","4":"format-standard","5":"has-post-thumbnail","7":"category-macrophotographie-animale","8":"tag-coleoptere","9":"tag-lampyre","10":"tag-lampyris-noctiluca","11":"tag-nikon-d5300","12":"tag-sigma-105-macro","13":"tag-ver-luisant","14":"czr-hentry"},"yoast_head":"<!-- This site is optimized with the Yoast SEO plugin v27.5 - https:\/\/yoast.com\/product\/yoast-seo-wordpress\/ -->\n<title>Une lueur dans la nuit - S\u00e9bastien Majerowicz<\/title>\n<meta name=\"robots\" content=\"index, follow, max-snippet:-1, max-image-preview:large, max-video-preview:-1\" \/>\n<link rel=\"canonical\" href=\"https:\/\/www.sebastien-majerowicz.fr\/index.php\/2016\/08\/31\/une-lueur-dans-la-nuit\/\" \/>\n<meta property=\"og:locale\" content=\"fr_FR\" \/>\n<meta property=\"og:type\" content=\"article\" \/>\n<meta property=\"og:title\" content=\"Une lueur dans la nuit - S\u00e9bastien Majerowicz\" \/>\n<meta property=\"og:description\" content=\"Bonsoir, voici une petite merveille de mon jardin, une lueur verte dans la nuit. Il s&rsquo;agit \u00e9videmment d&rsquo;un ver luisant (Lampyris noctiluca). Mais saviez-vous que seule la femelle \u00e9met cet lumi\u00e8re verte ? En effet, seul le m\u00e2le est capable de voler et la femelle a donc trouver ce moyen pour l&rsquo;attirer : incroyable, n&rsquo;est-ce [&hellip;]\" \/>\n<meta property=\"og:url\" content=\"https:\/\/www.sebastien-majerowicz.fr\/index.php\/2016\/08\/31\/une-lueur-dans-la-nuit\/\" \/>\n<meta property=\"og:site_name\" content=\"S\u00e9bastien Majerowicz\" \/>\n<meta property=\"article:published_time\" content=\"2016-08-31T20:15:01+00:00\" \/>\n<meta property=\"article:modified_time\" content=\"2017-10-11T07:27:39+00:00\" \/>\n<meta property=\"og:image\" content=\"https:\/\/www.sebastien-majerowicz.fr\/wp-content\/uploads\/2017\/04\/29296677925_b258f1b8a1_b.jpg\" \/>\n\t<meta property=\"og:image:width\" content=\"1024\" \/>\n\t<meta property=\"og:image:height\" content=\"683\" \/>\n\t<meta property=\"og:image:type\" content=\"image\/jpeg\" \/>\n<meta name=\"author\" content=\"S\u00e9bastien Majerowicz\" \/>\n<meta name=\"twitter:card\" content=\"summary_large_image\" \/>\n<meta name=\"twitter:label1\" content=\"\u00c9crit par\" \/>\n\t<meta name=\"twitter:data1\" content=\"S\u00e9bastien Majerowicz\" \/>\n<script type=\"application\/ld+json\" class=\"yoast-schema-graph\">{\"@context\":\"https:\\\/\\\/schema.org\",\"@graph\":[{\"@type\":\"Article\",\"@id\":\"https:\\\/\\\/www.sebastien-majerowicz.fr\\\/index.php\\\/2016\\\/08\\\/31\\\/une-lueur-dans-la-nuit\\\/#article\",\"isPartOf\":{\"@id\":\"https:\\\/\\\/www.sebastien-majerowicz.fr\\\/index.php\\\/2016\\\/08\\\/31\\\/une-lueur-dans-la-nuit\\\/\"},\"author\":{\"name\":\"S\u00e9bastien Majerowicz\",\"@id\":\"https:\\\/\\\/www.sebastien-majerowicz.fr\\\/#\\\/schema\\\/person\\\/a64c1066d12b40958b45bf7ab508f6a3\"},\"headline\":\"Une lueur dans la nuit\",\"datePublished\":\"2016-08-31T20:15:01+00:00\",\"dateModified\":\"2017-10-11T07:27:39+00:00\",\"mainEntityOfPage\":{\"@id\":\"https:\\\/\\\/www.sebastien-majerowicz.fr\\\/index.php\\\/2016\\\/08\\\/31\\\/une-lueur-dans-la-nuit\\\/\"},\"wordCount\":65,\"commentCount\":0,\"publisher\":{\"@id\":\"https:\\\/\\\/www.sebastien-majerowicz.fr\\\/#\\\/schema\\\/person\\\/a64c1066d12b40958b45bf7ab508f6a3\"},\"image\":{\"@id\":\"https:\\\/\\\/www.sebastien-majerowicz.fr\\\/index.php\\\/2016\\\/08\\\/31\\\/une-lueur-dans-la-nuit\\\/#primaryimage\"},\"thumbnailUrl\":\"https:\\\/\\\/www.sebastien-majerowicz.fr\\\/wp-content\\\/uploads\\\/2017\\\/04\\\/29296677925_b258f1b8a1_b.jpg\",\"keywords\":[\"Col\u00e9opt\u00e8re\",\"Lampyre\",\"Lampyris noctiluca\",\"Nikon D5300\",\"Sigma 105 macro\",\"Ver luisant\"],\"articleSection\":[\"Macrophotographie animale\"],\"inLanguage\":\"fr-FR\",\"potentialAction\":[{\"@type\":\"CommentAction\",\"name\":\"Comment\",\"target\":[\"https:\\\/\\\/www.sebastien-majerowicz.fr\\\/index.php\\\/2016\\\/08\\\/31\\\/une-lueur-dans-la-nuit\\\/#respond\"]}]},{\"@type\":\"WebPage\",\"@id\":\"https:\\\/\\\/www.sebastien-majerowicz.fr\\\/index.php\\\/2016\\\/08\\\/31\\\/une-lueur-dans-la-nuit\\\/\",\"url\":\"https:\\\/\\\/www.sebastien-majerowicz.fr\\\/index.php\\\/2016\\\/08\\\/31\\\/une-lueur-dans-la-nuit\\\/\",\"name\":\"Une lueur dans la nuit - S\u00e9bastien Majerowicz\",\"isPartOf\":{\"@id\":\"https:\\\/\\\/www.sebastien-majerowicz.fr\\\/#website\"},\"primaryImageOfPage\":{\"@id\":\"https:\\\/\\\/www.sebastien-majerowicz.fr\\\/index.php\\\/2016\\\/08\\\/31\\\/une-lueur-dans-la-nuit\\\/#primaryimage\"},\"image\":{\"@id\":\"https:\\\/\\\/www.sebastien-majerowicz.fr\\\/index.php\\\/2016\\\/08\\\/31\\\/une-lueur-dans-la-nuit\\\/#primaryimage\"},\"thumbnailUrl\":\"https:\\\/\\\/www.sebastien-majerowicz.fr\\\/wp-content\\\/uploads\\\/2017\\\/04\\\/29296677925_b258f1b8a1_b.jpg\",\"datePublished\":\"2016-08-31T20:15:01+00:00\",\"dateModified\":\"2017-10-11T07:27:39+00:00\",\"breadcrumb\":{\"@id\":\"https:\\\/\\\/www.sebastien-majerowicz.fr\\\/index.php\\\/2016\\\/08\\\/31\\\/une-lueur-dans-la-nuit\\\/#breadcrumb\"},\"inLanguage\":\"fr-FR\",\"potentialAction\":[{\"@type\":\"ReadAction\",\"target\":[\"https:\\\/\\\/www.sebastien-majerowicz.fr\\\/index.php\\\/2016\\\/08\\\/31\\\/une-lueur-dans-la-nuit\\\/\"]}]},{\"@type\":\"ImageObject\",\"inLanguage\":\"fr-FR\",\"@id\":\"https:\\\/\\\/www.sebastien-majerowicz.fr\\\/index.php\\\/2016\\\/08\\\/31\\\/une-lueur-dans-la-nuit\\\/#primaryimage\",\"url\":\"https:\\\/\\\/www.sebastien-majerowicz.fr\\\/wp-content\\\/uploads\\\/2017\\\/04\\\/29296677925_b258f1b8a1_b.jpg\",\"contentUrl\":\"https:\\\/\\\/www.sebastien-majerowicz.fr\\\/wp-content\\\/uploads\\\/2017\\\/04\\\/29296677925_b258f1b8a1_b.jpg\",\"width\":1024,\"height\":683,\"caption\":\"Lampyre \\\/ Lampyris noctiluca\"},{\"@type\":\"BreadcrumbList\",\"@id\":\"https:\\\/\\\/www.sebastien-majerowicz.fr\\\/index.php\\\/2016\\\/08\\\/31\\\/une-lueur-dans-la-nuit\\\/#breadcrumb\",\"itemListElement\":[{\"@type\":\"ListItem\",\"position\":1,\"name\":\"Accueil\",\"item\":\"https:\\\/\\\/www.sebastien-majerowicz.fr\\\/\"},{\"@type\":\"ListItem\",\"position\":2,\"name\":\"Une lueur dans la nuit\"}]},{\"@type\":\"WebSite\",\"@id\":\"https:\\\/\\\/www.sebastien-majerowicz.fr\\\/#website\",\"url\":\"https:\\\/\\\/www.sebastien-majerowicz.fr\\\/\",\"name\":\"S\u00e9bastien Majerowicz\",\"description\":\"Photographe animalier par Nature\",\"publisher\":{\"@id\":\"https:\\\/\\\/www.sebastien-majerowicz.fr\\\/#\\\/schema\\\/person\\\/a64c1066d12b40958b45bf7ab508f6a3\"},\"potentialAction\":[{\"@type\":\"SearchAction\",\"target\":{\"@type\":\"EntryPoint\",\"urlTemplate\":\"https:\\\/\\\/www.sebastien-majerowicz.fr\\\/?s={search_term_string}\"},\"query-input\":{\"@type\":\"PropertyValueSpecification\",\"valueRequired\":true,\"valueName\":\"search_term_string\"}}],\"inLanguage\":\"fr-FR\"},{\"@type\":[\"Person\",\"Organization\"],\"@id\":\"https:\\\/\\\/www.sebastien-majerowicz.fr\\\/#\\\/schema\\\/person\\\/a64c1066d12b40958b45bf7ab508f6a3\",\"name\":\"S\u00e9bastien Majerowicz\",\"logo\":{\"@id\":\"https:\\\/\\\/www.sebastien-majerowicz.fr\\\/#\\\/schema\\\/person\\\/image\\\/\"},\"sameAs\":[\"https:\\\/\\\/www.sebastien-majerowicz.fr\"]}]}<\/script>\n<!-- \/ Yoast SEO plugin. -->","yoast_head_json":{"title":"Une lueur dans la nuit - S\u00e9bastien Majerowicz","robots":{"index":"index","follow":"follow","max-snippet":"max-snippet:-1","max-image-preview":"max-image-preview:large","max-video-preview":"max-video-preview:-1"},"canonical":"https:\/\/www.sebastien-majerowicz.fr\/index.php\/2016\/08\/31\/une-lueur-dans-la-nuit\/","og_locale":"fr_FR","og_type":"article","og_title":"Une lueur dans la nuit - S\u00e9bastien Majerowicz","og_description":"Bonsoir, voici une petite merveille de mon jardin, une lueur verte dans la nuit. Il s&rsquo;agit \u00e9videmment d&rsquo;un ver luisant (Lampyris noctiluca). Mais saviez-vous que seule la femelle \u00e9met cet lumi\u00e8re verte ? En effet, seul le m\u00e2le est capable de voler et la femelle a donc trouver ce moyen pour l&rsquo;attirer : incroyable, n&rsquo;est-ce [&hellip;]","og_url":"https:\/\/www.sebastien-majerowicz.fr\/index.php\/2016\/08\/31\/une-lueur-dans-la-nuit\/","og_site_name":"S\u00e9bastien Majerowicz","article_published_time":"2016-08-31T20:15:01+00:00","article_modified_time":"2017-10-11T07:27:39+00:00","og_image":[{"width":1024,"height":683,"url":"https:\/\/www.sebastien-majerowicz.fr\/wp-content\/uploads\/2017\/04\/29296677925_b258f1b8a1_b.jpg","type":"image\/jpeg"}],"author":"S\u00e9bastien Majerowicz","twitter_card":"summary_large_image","twitter_misc":{"\u00c9crit par":"S\u00e9bastien Majerowicz"},"schema":{"@context":"https:\/\/schema.org","@graph":[{"@type":"Article","@id":"https:\/\/www.sebastien-majerowicz.fr\/index.php\/2016\/08\/31\/une-lueur-dans-la-nuit\/#article","isPartOf":{"@id":"https:\/\/www.sebastien-majerowicz.fr\/index.php\/2016\/08\/31\/une-lueur-dans-la-nuit\/"},"author":{"name":"S\u00e9bastien Majerowicz","@id":"https:\/\/www.sebastien-majerowicz.fr\/#\/schema\/person\/a64c1066d12b40958b45bf7ab508f6a3"},"headline":"Une lueur dans la nuit","datePublished":"2016-08-31T20:15:01+00:00","dateModified":"2017-10-11T07:27:39+00:00","mainEntityOfPage":{"@id":"https:\/\/www.sebastien-majerowicz.fr\/index.php\/2016\/08\/31\/une-lueur-dans-la-nuit\/"},"wordCount":65,"commentCount":0,"publisher":{"@id":"https:\/\/www.sebastien-majerowicz.fr\/#\/schema\/person\/a64c1066d12b40958b45bf7ab508f6a3"},"image":{"@id":"https:\/\/www.sebastien-majerowicz.fr\/index.php\/2016\/08\/31\/une-lueur-dans-la-nuit\/#primaryimage"},"thumbnailUrl":"https:\/\/www.sebastien-majerowicz.fr\/wp-content\/uploads\/2017\/04\/29296677925_b258f1b8a1_b.jpg","keywords":["Col\u00e9opt\u00e8re","Lampyre","Lampyris noctiluca","Nikon D5300","Sigma 105 macro","Ver luisant"],"articleSection":["Macrophotographie animale"],"inLanguage":"fr-FR","potentialAction":[{"@type":"CommentAction","name":"Comment","target":["https:\/\/www.sebastien-majerowicz.fr\/index.php\/2016\/08\/31\/une-lueur-dans-la-nuit\/#respond"]}]},{"@type":"WebPage","@id":"https:\/\/www.sebastien-majerowicz.fr\/index.php\/2016\/08\/31\/une-lueur-dans-la-nuit\/","url":"https:\/\/www.sebastien-majerowicz.fr\/index.php\/2016\/08\/31\/une-lueur-dans-la-nuit\/","name":"Une lueur dans la nuit - S\u00e9bastien Majerowicz","isPartOf":{"@id":"https:\/\/www.sebastien-majerowicz.fr\/#website"},"primaryImageOfPage":{"@id":"https:\/\/www.sebastien-majerowicz.fr\/index.php\/2016\/08\/31\/une-lueur-dans-la-nuit\/#primaryimage"},"image":{"@id":"https:\/\/www.sebastien-majerowicz.fr\/index.php\/2016\/08\/31\/une-lueur-dans-la-nuit\/#primaryimage"},"thumbnailUrl":"https:\/\/www.sebastien-majerowicz.fr\/wp-content\/uploads\/2017\/04\/29296677925_b258f1b8a1_b.jpg","datePublished":"2016-08-31T20:15:01+00:00","dateModified":"2017-10-11T07:27:39+00:00","breadcrumb":{"@id":"https:\/\/www.sebastien-majerowicz.fr\/index.php\/2016\/08\/31\/une-lueur-dans-la-nuit\/#breadcrumb"},"inLanguage":"fr-FR","potentialAction":[{"@type":"ReadAction","target":["https:\/\/www.sebastien-majerowicz.fr\/index.php\/2016\/08\/31\/une-lueur-dans-la-nuit\/"]}]},{"@type":"ImageObject","inLanguage":"fr-FR","@id":"https:\/\/www.sebastien-majerowicz.fr\/index.php\/2016\/08\/31\/une-lueur-dans-la-nuit\/#primaryimage","url":"https:\/\/www.sebastien-majerowicz.fr\/wp-content\/uploads\/2017\/04\/29296677925_b258f1b8a1_b.jpg","contentUrl":"https:\/\/www.sebastien-majerowicz.fr\/wp-content\/uploads\/2017\/04\/29296677925_b258f1b8a1_b.jpg","width":1024,"height":683,"caption":"Lampyre \/ Lampyris noctiluca"},{"@type":"BreadcrumbList","@id":"https:\/\/www.sebastien-majerowicz.fr\/index.php\/2016\/08\/31\/une-lueur-dans-la-nuit\/#breadcrumb","itemListElement":[{"@type":"ListItem","position":1,"name":"Accueil","item":"https:\/\/www.sebastien-majerowicz.fr\/"},{"@type":"ListItem","position":2,"name":"Une lueur dans la nuit"}]},{"@type":"WebSite","@id":"https:\/\/www.sebastien-majerowicz.fr\/#website","url":"https:\/\/www.sebastien-majerowicz.fr\/","name":"S\u00e9bastien Majerowicz","description":"Photographe animalier par Nature","publisher":{"@id":"https:\/\/www.sebastien-majerowicz.fr\/#\/schema\/person\/a64c1066d12b40958b45bf7ab508f6a3"},"potentialAction":[{"@type":"SearchAction","target":{"@type":"EntryPoint","urlTemplate":"https:\/\/www.sebastien-majerowicz.fr\/?s={search_term_string}"},"query-input":{"@type":"PropertyValueSpecification","valueRequired":true,"valueName":"search_term_string"}}],"inLanguage":"fr-FR"},{"@type":["Person","Organization"],"@id":"https:\/\/www.sebastien-majerowicz.fr\/#\/schema\/person\/a64c1066d12b40958b45bf7ab508f6a3","name":"S\u00e9bastien Majerowicz","logo":{"@id":"https:\/\/www.sebastien-majerowicz.fr\/#\/schema\/person\/image\/"},"sameAs":["https:\/\/www.sebastien-majerowicz.fr"]}]}},"_links":{"self":[{"href":"https:\/\/www.sebastien-majerowicz.fr\/index.php\/wp-json\/wp\/v2\/posts\/655","targetHints":{"allow":["GET"]}}],"collection":[{"href":"https:\/\/www.sebastien-majerowicz.fr\/index.php\/wp-json\/wp\/v2\/posts"}],"about":[{"href":"https:\/\/www.sebastien-majerowicz.fr\/index.php\/wp-json\/wp\/v2\/types\/post"}],"author":[{"embeddable":true,"href":"https:\/\/www.sebastien-majerowicz.fr\/index.php\/wp-json\/wp\/v2\/users\/1"}],"replies":[{"embeddable":true,"href":"https:\/\/www.sebastien-majerowicz.fr\/index.php\/wp-json\/wp\/v2\/comments?post=655"}],"version-history":[{"count":1,"href":"https:\/\/www.sebastien-majerowicz.fr\/index.php\/wp-json\/wp\/v2\/posts\/655\/revisions"}],"predecessor-version":[{"id":657,"href":"https:\/\/www.sebastien-majerowicz.fr\/index.php\/wp-json\/wp\/v2\/posts\/655\/revisions\/657"}],"wp:featuredmedia":[{"embeddable":true,"href":"https:\/\/www.sebastien-majerowicz.fr\/index.php\/wp-json\/wp\/v2\/media\/656"}],"wp:attachment":[{"href":"https:\/\/www.sebastien-majerowicz.fr\/index.php\/wp-json\/wp\/v2\/media?parent=655"}],"wp:term":[{"taxonomy":"category","embeddable":true,"href":"https:\/\/www.sebastien-majerowicz.fr\/index.php\/wp-json\/wp\/v2\/categories?post=655"},{"taxonomy":"post_tag","embeddable":true,"href":"https:\/\/www.sebastien-majerowicz.fr\/index.php\/wp-json\/wp\/v2\/tags?post=655"}],"curies":[{"name":"wp","href":"https:\/\/api.w.org\/{rel}","templated":true}]}}