{"id":502,"date":"2016-12-15T21:05:27","date_gmt":"2016-12-15T20:05:27","guid":{"rendered":"http:\/\/www.sebastien-majerowicz.fr\/?p=502"},"modified":"2017-10-10T12:57:11","modified_gmt":"2017-10-10T10:57:11","slug":"bien-tenir-la-barre-dans-la-tempete","status":"publish","type":"post","link":"https:\/\/www.sebastien-majerowicz.fr\/index.php\/2016\/12\/15\/bien-tenir-la-barre-dans-la-tempete\/","title":{"rendered":"Bien tenir la barre dans la temp\u00eate"},"content":{"rendered":"<p>Les herbes hautes et s\u00e8ches de l&rsquo;\u00e9t\u00e9, balanc\u00e9es par le vent sont de v\u00e9ritables lames de fond pour les papillons. Une fois pos\u00e9 pour la nuit, ils se tiennent fortement mais sans effort \u00e0 leur brin d&rsquo;herbe. Le vent agit alors comme une berceuse et les transporte pour la nuit.<\/p>\n","protected":false},"excerpt":{"rendered":"<p>Les herbes hautes et s\u00e8ches de l&rsquo;\u00e9t\u00e9, balanc\u00e9es par le vent sont de v\u00e9ritables lames de fond pour les papillons. Une fois pos\u00e9 pour la nuit, ils se tiennent fortement mais sans effort \u00e0 leur brin d&rsquo;herbe. Le vent agit alors comme une berceuse et les transporte pour la nuit.<\/p>\n","protected":false},"author":1,"featured_media":503,"comment_status":"open","ping_status":"open","sticky":false,"template":"","format":"standard","meta":{"footnotes":""},"categories":[12],"tags":[289,59,25,56],"class_list":{"0":"post-502","1":"post","2":"type-post","3":"status-publish","4":"format-standard","5":"has-post-thumbnail","7":"category-macrophotographie-animale","8":"tag-argus","9":"tag-lepidoptere","10":"tag-nikon-d5300","11":"tag-sigma-105-macro","12":"czr-hentry"},"yoast_head":"<!-- This site is optimized with the Yoast SEO plugin v27.5 - https:\/\/yoast.com\/product\/yoast-seo-wordpress\/ -->\n<title>Bien tenir la barre dans la temp\u00eate - S\u00e9bastien Majerowicz<\/title>\n<meta name=\"robots\" content=\"index, follow, max-snippet:-1, max-image-preview:large, max-video-preview:-1\" \/>\n<link rel=\"canonical\" href=\"https:\/\/www.sebastien-majerowicz.fr\/index.php\/2016\/12\/15\/bien-tenir-la-barre-dans-la-tempete\/\" \/>\n<meta property=\"og:locale\" content=\"fr_FR\" \/>\n<meta property=\"og:type\" content=\"article\" \/>\n<meta property=\"og:title\" content=\"Bien tenir la barre dans la temp\u00eate - S\u00e9bastien Majerowicz\" \/>\n<meta property=\"og:description\" content=\"Les herbes hautes et s\u00e8ches de l&rsquo;\u00e9t\u00e9, balanc\u00e9es par le vent sont de v\u00e9ritables lames de fond pour les papillons. Une fois pos\u00e9 pour la nuit, ils se tiennent fortement mais sans effort \u00e0 leur brin d&rsquo;herbe. Le vent agit alors comme une berceuse et les transporte pour la nuit.\" \/>\n<meta property=\"og:url\" content=\"https:\/\/www.sebastien-majerowicz.fr\/index.php\/2016\/12\/15\/bien-tenir-la-barre-dans-la-tempete\/\" \/>\n<meta property=\"og:site_name\" content=\"S\u00e9bastien Majerowicz\" \/>\n<meta property=\"article:published_time\" content=\"2016-12-15T20:05:27+00:00\" \/>\n<meta property=\"article:modified_time\" content=\"2017-10-10T10:57:11+00:00\" \/>\n<meta property=\"og:image\" content=\"https:\/\/www.sebastien-majerowicz.fr\/wp-content\/uploads\/2017\/03\/29352171964_c8f73816c8_b.jpg\" \/>\n\t<meta property=\"og:image:width\" content=\"683\" \/>\n\t<meta property=\"og:image:height\" content=\"1024\" \/>\n\t<meta property=\"og:image:type\" content=\"image\/jpeg\" \/>\n<meta name=\"author\" content=\"S\u00e9bastien Majerowicz\" \/>\n<meta name=\"twitter:card\" content=\"summary_large_image\" \/>\n<meta name=\"twitter:label1\" content=\"\u00c9crit par\" \/>\n\t<meta name=\"twitter:data1\" content=\"S\u00e9bastien Majerowicz\" \/>\n<script type=\"application\/ld+json\" class=\"yoast-schema-graph\">{\"@context\":\"https:\\\/\\\/schema.org\",\"@graph\":[{\"@type\":\"Article\",\"@id\":\"https:\\\/\\\/www.sebastien-majerowicz.fr\\\/index.php\\\/2016\\\/12\\\/15\\\/bien-tenir-la-barre-dans-la-tempete\\\/#article\",\"isPartOf\":{\"@id\":\"https:\\\/\\\/www.sebastien-majerowicz.fr\\\/index.php\\\/2016\\\/12\\\/15\\\/bien-tenir-la-barre-dans-la-tempete\\\/\"},\"author\":{\"name\":\"S\u00e9bastien Majerowicz\",\"@id\":\"https:\\\/\\\/www.sebastien-majerowicz.fr\\\/#\\\/schema\\\/person\\\/a64c1066d12b40958b45bf7ab508f6a3\"},\"headline\":\"Bien tenir la barre dans la temp\u00eate\",\"datePublished\":\"2016-12-15T20:05:27+00:00\",\"dateModified\":\"2017-10-10T10:57:11+00:00\",\"mainEntityOfPage\":{\"@id\":\"https:\\\/\\\/www.sebastien-majerowicz.fr\\\/index.php\\\/2016\\\/12\\\/15\\\/bien-tenir-la-barre-dans-la-tempete\\\/\"},\"wordCount\":62,\"commentCount\":0,\"publisher\":{\"@id\":\"https:\\\/\\\/www.sebastien-majerowicz.fr\\\/#\\\/schema\\\/person\\\/a64c1066d12b40958b45bf7ab508f6a3\"},\"image\":{\"@id\":\"https:\\\/\\\/www.sebastien-majerowicz.fr\\\/index.php\\\/2016\\\/12\\\/15\\\/bien-tenir-la-barre-dans-la-tempete\\\/#primaryimage\"},\"thumbnailUrl\":\"https:\\\/\\\/www.sebastien-majerowicz.fr\\\/wp-content\\\/uploads\\\/2017\\\/03\\\/29352171964_c8f73816c8_b.jpg\",\"keywords\":[\"Argus\",\"L\u00e9pidopt\u00e8re\",\"Nikon D5300\",\"Sigma 105 macro\"],\"articleSection\":[\"Macrophotographie animale\"],\"inLanguage\":\"fr-FR\",\"potentialAction\":[{\"@type\":\"CommentAction\",\"name\":\"Comment\",\"target\":[\"https:\\\/\\\/www.sebastien-majerowicz.fr\\\/index.php\\\/2016\\\/12\\\/15\\\/bien-tenir-la-barre-dans-la-tempete\\\/#respond\"]}]},{\"@type\":\"WebPage\",\"@id\":\"https:\\\/\\\/www.sebastien-majerowicz.fr\\\/index.php\\\/2016\\\/12\\\/15\\\/bien-tenir-la-barre-dans-la-tempete\\\/\",\"url\":\"https:\\\/\\\/www.sebastien-majerowicz.fr\\\/index.php\\\/2016\\\/12\\\/15\\\/bien-tenir-la-barre-dans-la-tempete\\\/\",\"name\":\"Bien tenir la barre dans la temp\u00eate - S\u00e9bastien Majerowicz\",\"isPartOf\":{\"@id\":\"https:\\\/\\\/www.sebastien-majerowicz.fr\\\/#website\"},\"primaryImageOfPage\":{\"@id\":\"https:\\\/\\\/www.sebastien-majerowicz.fr\\\/index.php\\\/2016\\\/12\\\/15\\\/bien-tenir-la-barre-dans-la-tempete\\\/#primaryimage\"},\"image\":{\"@id\":\"https:\\\/\\\/www.sebastien-majerowicz.fr\\\/index.php\\\/2016\\\/12\\\/15\\\/bien-tenir-la-barre-dans-la-tempete\\\/#primaryimage\"},\"thumbnailUrl\":\"https:\\\/\\\/www.sebastien-majerowicz.fr\\\/wp-content\\\/uploads\\\/2017\\\/03\\\/29352171964_c8f73816c8_b.jpg\",\"datePublished\":\"2016-12-15T20:05:27+00:00\",\"dateModified\":\"2017-10-10T10:57:11+00:00\",\"breadcrumb\":{\"@id\":\"https:\\\/\\\/www.sebastien-majerowicz.fr\\\/index.php\\\/2016\\\/12\\\/15\\\/bien-tenir-la-barre-dans-la-tempete\\\/#breadcrumb\"},\"inLanguage\":\"fr-FR\",\"potentialAction\":[{\"@type\":\"ReadAction\",\"target\":[\"https:\\\/\\\/www.sebastien-majerowicz.fr\\\/index.php\\\/2016\\\/12\\\/15\\\/bien-tenir-la-barre-dans-la-tempete\\\/\"]}]},{\"@type\":\"ImageObject\",\"inLanguage\":\"fr-FR\",\"@id\":\"https:\\\/\\\/www.sebastien-majerowicz.fr\\\/index.php\\\/2016\\\/12\\\/15\\\/bien-tenir-la-barre-dans-la-tempete\\\/#primaryimage\",\"url\":\"https:\\\/\\\/www.sebastien-majerowicz.fr\\\/wp-content\\\/uploads\\\/2017\\\/03\\\/29352171964_c8f73816c8_b.jpg\",\"contentUrl\":\"https:\\\/\\\/www.sebastien-majerowicz.fr\\\/wp-content\\\/uploads\\\/2017\\\/03\\\/29352171964_c8f73816c8_b.jpg\",\"width\":683,\"height\":1024,\"caption\":\"Collier de corail \\\/ Aricia agestis\"},{\"@type\":\"BreadcrumbList\",\"@id\":\"https:\\\/\\\/www.sebastien-majerowicz.fr\\\/index.php\\\/2016\\\/12\\\/15\\\/bien-tenir-la-barre-dans-la-tempete\\\/#breadcrumb\",\"itemListElement\":[{\"@type\":\"ListItem\",\"position\":1,\"name\":\"Accueil\",\"item\":\"https:\\\/\\\/www.sebastien-majerowicz.fr\\\/\"},{\"@type\":\"ListItem\",\"position\":2,\"name\":\"Bien tenir la barre dans la temp\u00eate\"}]},{\"@type\":\"WebSite\",\"@id\":\"https:\\\/\\\/www.sebastien-majerowicz.fr\\\/#website\",\"url\":\"https:\\\/\\\/www.sebastien-majerowicz.fr\\\/\",\"name\":\"S\u00e9bastien Majerowicz\",\"description\":\"Photographe animalier par Nature\",\"publisher\":{\"@id\":\"https:\\\/\\\/www.sebastien-majerowicz.fr\\\/#\\\/schema\\\/person\\\/a64c1066d12b40958b45bf7ab508f6a3\"},\"potentialAction\":[{\"@type\":\"SearchAction\",\"target\":{\"@type\":\"EntryPoint\",\"urlTemplate\":\"https:\\\/\\\/www.sebastien-majerowicz.fr\\\/?s={search_term_string}\"},\"query-input\":{\"@type\":\"PropertyValueSpecification\",\"valueRequired\":true,\"valueName\":\"search_term_string\"}}],\"inLanguage\":\"fr-FR\"},{\"@type\":[\"Person\",\"Organization\"],\"@id\":\"https:\\\/\\\/www.sebastien-majerowicz.fr\\\/#\\\/schema\\\/person\\\/a64c1066d12b40958b45bf7ab508f6a3\",\"name\":\"S\u00e9bastien Majerowicz\",\"logo\":{\"@id\":\"https:\\\/\\\/www.sebastien-majerowicz.fr\\\/#\\\/schema\\\/person\\\/image\\\/\"},\"sameAs\":[\"https:\\\/\\\/www.sebastien-majerowicz.fr\"]}]}<\/script>\n<!-- \/ Yoast SEO plugin. -->","yoast_head_json":{"title":"Bien tenir la barre dans la temp\u00eate - S\u00e9bastien Majerowicz","robots":{"index":"index","follow":"follow","max-snippet":"max-snippet:-1","max-image-preview":"max-image-preview:large","max-video-preview":"max-video-preview:-1"},"canonical":"https:\/\/www.sebastien-majerowicz.fr\/index.php\/2016\/12\/15\/bien-tenir-la-barre-dans-la-tempete\/","og_locale":"fr_FR","og_type":"article","og_title":"Bien tenir la barre dans la temp\u00eate - S\u00e9bastien Majerowicz","og_description":"Les herbes hautes et s\u00e8ches de l&rsquo;\u00e9t\u00e9, balanc\u00e9es par le vent sont de v\u00e9ritables lames de fond pour les papillons. Une fois pos\u00e9 pour la nuit, ils se tiennent fortement mais sans effort \u00e0 leur brin d&rsquo;herbe. Le vent agit alors comme une berceuse et les transporte pour la nuit.","og_url":"https:\/\/www.sebastien-majerowicz.fr\/index.php\/2016\/12\/15\/bien-tenir-la-barre-dans-la-tempete\/","og_site_name":"S\u00e9bastien Majerowicz","article_published_time":"2016-12-15T20:05:27+00:00","article_modified_time":"2017-10-10T10:57:11+00:00","og_image":[{"width":683,"height":1024,"url":"https:\/\/www.sebastien-majerowicz.fr\/wp-content\/uploads\/2017\/03\/29352171964_c8f73816c8_b.jpg","type":"image\/jpeg"}],"author":"S\u00e9bastien Majerowicz","twitter_card":"summary_large_image","twitter_misc":{"\u00c9crit par":"S\u00e9bastien Majerowicz"},"schema":{"@context":"https:\/\/schema.org","@graph":[{"@type":"Article","@id":"https:\/\/www.sebastien-majerowicz.fr\/index.php\/2016\/12\/15\/bien-tenir-la-barre-dans-la-tempete\/#article","isPartOf":{"@id":"https:\/\/www.sebastien-majerowicz.fr\/index.php\/2016\/12\/15\/bien-tenir-la-barre-dans-la-tempete\/"},"author":{"name":"S\u00e9bastien Majerowicz","@id":"https:\/\/www.sebastien-majerowicz.fr\/#\/schema\/person\/a64c1066d12b40958b45bf7ab508f6a3"},"headline":"Bien tenir la barre dans la temp\u00eate","datePublished":"2016-12-15T20:05:27+00:00","dateModified":"2017-10-10T10:57:11+00:00","mainEntityOfPage":{"@id":"https:\/\/www.sebastien-majerowicz.fr\/index.php\/2016\/12\/15\/bien-tenir-la-barre-dans-la-tempete\/"},"wordCount":62,"commentCount":0,"publisher":{"@id":"https:\/\/www.sebastien-majerowicz.fr\/#\/schema\/person\/a64c1066d12b40958b45bf7ab508f6a3"},"image":{"@id":"https:\/\/www.sebastien-majerowicz.fr\/index.php\/2016\/12\/15\/bien-tenir-la-barre-dans-la-tempete\/#primaryimage"},"thumbnailUrl":"https:\/\/www.sebastien-majerowicz.fr\/wp-content\/uploads\/2017\/03\/29352171964_c8f73816c8_b.jpg","keywords":["Argus","L\u00e9pidopt\u00e8re","Nikon D5300","Sigma 105 macro"],"articleSection":["Macrophotographie animale"],"inLanguage":"fr-FR","potentialAction":[{"@type":"CommentAction","name":"Comment","target":["https:\/\/www.sebastien-majerowicz.fr\/index.php\/2016\/12\/15\/bien-tenir-la-barre-dans-la-tempete\/#respond"]}]},{"@type":"WebPage","@id":"https:\/\/www.sebastien-majerowicz.fr\/index.php\/2016\/12\/15\/bien-tenir-la-barre-dans-la-tempete\/","url":"https:\/\/www.sebastien-majerowicz.fr\/index.php\/2016\/12\/15\/bien-tenir-la-barre-dans-la-tempete\/","name":"Bien tenir la barre dans la temp\u00eate - S\u00e9bastien Majerowicz","isPartOf":{"@id":"https:\/\/www.sebastien-majerowicz.fr\/#website"},"primaryImageOfPage":{"@id":"https:\/\/www.sebastien-majerowicz.fr\/index.php\/2016\/12\/15\/bien-tenir-la-barre-dans-la-tempete\/#primaryimage"},"image":{"@id":"https:\/\/www.sebastien-majerowicz.fr\/index.php\/2016\/12\/15\/bien-tenir-la-barre-dans-la-tempete\/#primaryimage"},"thumbnailUrl":"https:\/\/www.sebastien-majerowicz.fr\/wp-content\/uploads\/2017\/03\/29352171964_c8f73816c8_b.jpg","datePublished":"2016-12-15T20:05:27+00:00","dateModified":"2017-10-10T10:57:11+00:00","breadcrumb":{"@id":"https:\/\/www.sebastien-majerowicz.fr\/index.php\/2016\/12\/15\/bien-tenir-la-barre-dans-la-tempete\/#breadcrumb"},"inLanguage":"fr-FR","potentialAction":[{"@type":"ReadAction","target":["https:\/\/www.sebastien-majerowicz.fr\/index.php\/2016\/12\/15\/bien-tenir-la-barre-dans-la-tempete\/"]}]},{"@type":"ImageObject","inLanguage":"fr-FR","@id":"https:\/\/www.sebastien-majerowicz.fr\/index.php\/2016\/12\/15\/bien-tenir-la-barre-dans-la-tempete\/#primaryimage","url":"https:\/\/www.sebastien-majerowicz.fr\/wp-content\/uploads\/2017\/03\/29352171964_c8f73816c8_b.jpg","contentUrl":"https:\/\/www.sebastien-majerowicz.fr\/wp-content\/uploads\/2017\/03\/29352171964_c8f73816c8_b.jpg","width":683,"height":1024,"caption":"Collier de corail \/ Aricia agestis"},{"@type":"BreadcrumbList","@id":"https:\/\/www.sebastien-majerowicz.fr\/index.php\/2016\/12\/15\/bien-tenir-la-barre-dans-la-tempete\/#breadcrumb","itemListElement":[{"@type":"ListItem","position":1,"name":"Accueil","item":"https:\/\/www.sebastien-majerowicz.fr\/"},{"@type":"ListItem","position":2,"name":"Bien tenir la barre dans la temp\u00eate"}]},{"@type":"WebSite","@id":"https:\/\/www.sebastien-majerowicz.fr\/#website","url":"https:\/\/www.sebastien-majerowicz.fr\/","name":"S\u00e9bastien Majerowicz","description":"Photographe animalier par Nature","publisher":{"@id":"https:\/\/www.sebastien-majerowicz.fr\/#\/schema\/person\/a64c1066d12b40958b45bf7ab508f6a3"},"potentialAction":[{"@type":"SearchAction","target":{"@type":"EntryPoint","urlTemplate":"https:\/\/www.sebastien-majerowicz.fr\/?s={search_term_string}"},"query-input":{"@type":"PropertyValueSpecification","valueRequired":true,"valueName":"search_term_string"}}],"inLanguage":"fr-FR"},{"@type":["Person","Organization"],"@id":"https:\/\/www.sebastien-majerowicz.fr\/#\/schema\/person\/a64c1066d12b40958b45bf7ab508f6a3","name":"S\u00e9bastien Majerowicz","logo":{"@id":"https:\/\/www.sebastien-majerowicz.fr\/#\/schema\/person\/image\/"},"sameAs":["https:\/\/www.sebastien-majerowicz.fr"]}]}},"_links":{"self":[{"href":"https:\/\/www.sebastien-majerowicz.fr\/index.php\/wp-json\/wp\/v2\/posts\/502","targetHints":{"allow":["GET"]}}],"collection":[{"href":"https:\/\/www.sebastien-majerowicz.fr\/index.php\/wp-json\/wp\/v2\/posts"}],"about":[{"href":"https:\/\/www.sebastien-majerowicz.fr\/index.php\/wp-json\/wp\/v2\/types\/post"}],"author":[{"embeddable":true,"href":"https:\/\/www.sebastien-majerowicz.fr\/index.php\/wp-json\/wp\/v2\/users\/1"}],"replies":[{"embeddable":true,"href":"https:\/\/www.sebastien-majerowicz.fr\/index.php\/wp-json\/wp\/v2\/comments?post=502"}],"version-history":[{"count":1,"href":"https:\/\/www.sebastien-majerowicz.fr\/index.php\/wp-json\/wp\/v2\/posts\/502\/revisions"}],"predecessor-version":[{"id":504,"href":"https:\/\/www.sebastien-majerowicz.fr\/index.php\/wp-json\/wp\/v2\/posts\/502\/revisions\/504"}],"wp:featuredmedia":[{"embeddable":true,"href":"https:\/\/www.sebastien-majerowicz.fr\/index.php\/wp-json\/wp\/v2\/media\/503"}],"wp:attachment":[{"href":"https:\/\/www.sebastien-majerowicz.fr\/index.php\/wp-json\/wp\/v2\/media?parent=502"}],"wp:term":[{"taxonomy":"category","embeddable":true,"href":"https:\/\/www.sebastien-majerowicz.fr\/index.php\/wp-json\/wp\/v2\/categories?post=502"},{"taxonomy":"post_tag","embeddable":true,"href":"https:\/\/www.sebastien-majerowicz.fr\/index.php\/wp-json\/wp\/v2\/tags?post=502"}],"curies":[{"name":"wp","href":"https:\/\/api.w.org\/{rel}","templated":true}]}}