{"id":4791,"date":"2026-01-23T22:41:22","date_gmt":"2026-01-23T21:41:22","guid":{"rendered":"https:\/\/www.sebastien-majerowicz.fr\/?p=4791"},"modified":"2026-01-23T22:46:42","modified_gmt":"2026-01-23T21:46:42","slug":"essentiels","status":"publish","type":"post","link":"https:\/\/www.sebastien-majerowicz.fr\/index.php\/2026\/01\/23\/essentiels\/","title":{"rendered":"Essentiels"},"content":{"rendered":"\n<div class=\"wp-block-group is-nowrap is-layout-flex wp-container-core-group-is-layout-ad2f72ca wp-block-group-is-layout-flex\">\n<p>Une plan\u00e8te unique, des lois identiques et pourtant qu&rsquo;observons-nous ? Deux mondes qui devraient n&rsquo;en faire qu&rsquo;un mais dont l&rsquo;un phagocyte l&rsquo;autre, le r\u00e9duit \u00e0 n\u00e9ant dans une folie destructrice pour les deux. Dans le premier, \u00e9videmment celui des humains, toutes et tous ne sont pas responsables ni m\u00eame complices, certain\u00b7es r\u00e9sistent ou m\u00eame, et c&rsquo;est d\u00e9j\u00e0 beaucoup tant il est difficile de s&rsquo;extirper des conditionnements, aimeraient r\u00e9sister !<br><br>Quelle m\u00e9thode pour faire le pas de c\u00f4t\u00e9, pour changer le point de vue et ainsi prendre la mesure ?<br><br>Chacun\u00b7e emprunte sa propre voie pour trouver ce qui r\u00e9unit, ce qui lie et unit. Toutefois, tout est l\u00e0, devant nous ! \u00c9carquillons nos yeux, la Nature est belle, lumineuse, rayonnante, c&rsquo;est elle qui nous r\u00e9unit, nous lie et nous unit, dans cette \u0153uvre commune, trouvons la beaut\u00e9, r\u00e9sistons !<\/p>\n<\/div>\n\n\n\n<div class=\"wp-block-columns is-layout-flex wp-container-core-columns-is-layout-9d6595d7 wp-block-columns-is-layout-flex\">\n<div class=\"wp-block-column is-layout-flow wp-block-column-is-layout-flow\">\n<blockquote class=\"wp-block-quote alignfull is-layout-flow wp-block-quote-is-layout-flow\">\n<p>Fr\u00e9n\u00e9sie, tumulte, tension pour finir o\u00f9 et comment ?<br>Calme, paix, contemplation, pour finir o\u00f9 et comment ?<\/p>\n<\/blockquote>\n<\/div>\n<\/div>\n\n\n\n<div class=\"wp-block-group is-vertical is-layout-flex wp-container-core-group-is-layout-8cf370e7 wp-block-group-is-layout-flex\">\n<figure class=\"wp-block-image size-full\"><img loading=\"lazy\" decoding=\"async\" width=\"1024\" height=\"683\" src=\"https:\/\/www.sebastien-majerowicz.fr\/wp-content\/uploads\/2026\/01\/DSC_2264-np.jpg\" alt=\"Chardonneret \u00e9l\u00e9gant \/ Carduelis carduelis\" class=\"wp-image-4792\" srcset=\"https:\/\/www.sebastien-majerowicz.fr\/wp-content\/uploads\/2026\/01\/DSC_2264-np.jpg 1024w, https:\/\/www.sebastien-majerowicz.fr\/wp-content\/uploads\/2026\/01\/DSC_2264-np-300x200.jpg 300w, https:\/\/www.sebastien-majerowicz.fr\/wp-content\/uploads\/2026\/01\/DSC_2264-np-768x512.jpg 768w\" sizes=\"auto, (max-width: 1024px) 100vw, 1024px\" \/><\/figure>\n<\/div>\n","protected":false},"excerpt":{"rendered":"<p>Une plan\u00e8te unique, des lois identiques et pourtant qu&rsquo;observons-nous ? Deux mondes qui devraient n&rsquo;en faire qu&rsquo;un mais dont l&rsquo;un phagocyte l&rsquo;autre, le r\u00e9duit \u00e0 n\u00e9ant dans une folie destructrice pour les deux. Dans le premier, \u00e9videmment celui des humains, toutes et tous ne sont pas responsables ni m\u00eame complices, certain\u00b7es r\u00e9sistent ou m\u00eame, et [&hellip;]<\/p>\n","protected":false},"author":1,"featured_media":4790,"comment_status":"open","ping_status":"open","sticky":false,"template":"","format":"standard","meta":{"footnotes":""},"categories":[14],"tags":[136,137,25,55,26],"class_list":{"0":"post-4791","1":"post","2":"type-post","3":"status-publish","4":"format-standard","5":"has-post-thumbnail","7":"category-oiseau","8":"tag-cyanistes-caeruleus","9":"tag-mesange-bleue","10":"tag-nikon-d5300","11":"tag-oiseau","12":"tag-sigma-150-600-contemporary","13":"czr-hentry"},"yoast_head":"<!-- This site is optimized with the Yoast SEO plugin v27.4 - https:\/\/yoast.com\/product\/yoast-seo-wordpress\/ -->\n<title>Essentiels - S\u00e9bastien Majerowicz<\/title>\n<meta name=\"robots\" content=\"index, follow, max-snippet:-1, max-image-preview:large, max-video-preview:-1\" \/>\n<link rel=\"canonical\" href=\"https:\/\/www.sebastien-majerowicz.fr\/index.php\/2026\/01\/23\/essentiels\/\" \/>\n<meta property=\"og:locale\" content=\"fr_FR\" \/>\n<meta property=\"og:type\" content=\"article\" \/>\n<meta property=\"og:title\" content=\"Essentiels - S\u00e9bastien Majerowicz\" \/>\n<meta property=\"og:description\" content=\"Une plan\u00e8te unique, des lois identiques et pourtant qu&rsquo;observons-nous ? Deux mondes qui devraient n&rsquo;en faire qu&rsquo;un mais dont l&rsquo;un phagocyte l&rsquo;autre, le r\u00e9duit \u00e0 n\u00e9ant dans une folie destructrice pour les deux. Dans le premier, \u00e9videmment celui des humains, toutes et tous ne sont pas responsables ni m\u00eame complices, certain\u00b7es r\u00e9sistent ou m\u00eame, et [&hellip;]\" \/>\n<meta property=\"og:url\" content=\"https:\/\/www.sebastien-majerowicz.fr\/index.php\/2026\/01\/23\/essentiels\/\" \/>\n<meta property=\"og:site_name\" content=\"S\u00e9bastien Majerowicz\" \/>\n<meta property=\"article:published_time\" content=\"2026-01-23T21:41:22+00:00\" \/>\n<meta property=\"article:modified_time\" content=\"2026-01-23T21:46:42+00:00\" \/>\n<meta property=\"og:image\" content=\"https:\/\/www.sebastien-majerowicz.fr\/wp-content\/uploads\/2026\/01\/DSC_2317-np.jpg\" \/>\n\t<meta property=\"og:image:width\" content=\"1024\" \/>\n\t<meta property=\"og:image:height\" content=\"683\" \/>\n\t<meta property=\"og:image:type\" content=\"image\/jpeg\" \/>\n<meta name=\"author\" content=\"S\u00e9bastien Majerowicz\" \/>\n<meta name=\"twitter:card\" content=\"summary_large_image\" \/>\n<meta name=\"twitter:label1\" content=\"\u00c9crit par\" \/>\n\t<meta name=\"twitter:data1\" content=\"S\u00e9bastien Majerowicz\" \/>\n\t<meta name=\"twitter:label2\" content=\"Dur\u00e9e de lecture estim\u00e9e\" \/>\n\t<meta name=\"twitter:data2\" content=\"2 minutes\" \/>\n<script type=\"application\/ld+json\" class=\"yoast-schema-graph\">{\"@context\":\"https:\\\/\\\/schema.org\",\"@graph\":[{\"@type\":\"Article\",\"@id\":\"https:\\\/\\\/www.sebastien-majerowicz.fr\\\/index.php\\\/2026\\\/01\\\/23\\\/essentiels\\\/#article\",\"isPartOf\":{\"@id\":\"https:\\\/\\\/www.sebastien-majerowicz.fr\\\/index.php\\\/2026\\\/01\\\/23\\\/essentiels\\\/\"},\"author\":{\"name\":\"S\u00e9bastien Majerowicz\",\"@id\":\"https:\\\/\\\/www.sebastien-majerowicz.fr\\\/#\\\/schema\\\/person\\\/a64c1066d12b40958b45bf7ab508f6a3\"},\"headline\":\"Essentiels\",\"datePublished\":\"2026-01-23T21:41:22+00:00\",\"dateModified\":\"2026-01-23T21:46:42+00:00\",\"mainEntityOfPage\":{\"@id\":\"https:\\\/\\\/www.sebastien-majerowicz.fr\\\/index.php\\\/2026\\\/01\\\/23\\\/essentiels\\\/\"},\"wordCount\":175,\"commentCount\":4,\"publisher\":{\"@id\":\"https:\\\/\\\/www.sebastien-majerowicz.fr\\\/#\\\/schema\\\/person\\\/a64c1066d12b40958b45bf7ab508f6a3\"},\"image\":{\"@id\":\"https:\\\/\\\/www.sebastien-majerowicz.fr\\\/index.php\\\/2026\\\/01\\\/23\\\/essentiels\\\/#primaryimage\"},\"thumbnailUrl\":\"https:\\\/\\\/www.sebastien-majerowicz.fr\\\/wp-content\\\/uploads\\\/2026\\\/01\\\/DSC_2317-np.jpg\",\"keywords\":[\"Cyanistes caeruleus\",\"M\u00e9sange bleue\",\"Nikon D5300\",\"Oiseau\",\"Sigma 150-600 Contemporary\"],\"articleSection\":[\"Oiseau\"],\"inLanguage\":\"fr-FR\",\"potentialAction\":[{\"@type\":\"CommentAction\",\"name\":\"Comment\",\"target\":[\"https:\\\/\\\/www.sebastien-majerowicz.fr\\\/index.php\\\/2026\\\/01\\\/23\\\/essentiels\\\/#respond\"]}]},{\"@type\":\"WebPage\",\"@id\":\"https:\\\/\\\/www.sebastien-majerowicz.fr\\\/index.php\\\/2026\\\/01\\\/23\\\/essentiels\\\/\",\"url\":\"https:\\\/\\\/www.sebastien-majerowicz.fr\\\/index.php\\\/2026\\\/01\\\/23\\\/essentiels\\\/\",\"name\":\"Essentiels - S\u00e9bastien Majerowicz\",\"isPartOf\":{\"@id\":\"https:\\\/\\\/www.sebastien-majerowicz.fr\\\/#website\"},\"primaryImageOfPage\":{\"@id\":\"https:\\\/\\\/www.sebastien-majerowicz.fr\\\/index.php\\\/2026\\\/01\\\/23\\\/essentiels\\\/#primaryimage\"},\"image\":{\"@id\":\"https:\\\/\\\/www.sebastien-majerowicz.fr\\\/index.php\\\/2026\\\/01\\\/23\\\/essentiels\\\/#primaryimage\"},\"thumbnailUrl\":\"https:\\\/\\\/www.sebastien-majerowicz.fr\\\/wp-content\\\/uploads\\\/2026\\\/01\\\/DSC_2317-np.jpg\",\"datePublished\":\"2026-01-23T21:41:22+00:00\",\"dateModified\":\"2026-01-23T21:46:42+00:00\",\"breadcrumb\":{\"@id\":\"https:\\\/\\\/www.sebastien-majerowicz.fr\\\/index.php\\\/2026\\\/01\\\/23\\\/essentiels\\\/#breadcrumb\"},\"inLanguage\":\"fr-FR\",\"potentialAction\":[{\"@type\":\"ReadAction\",\"target\":[\"https:\\\/\\\/www.sebastien-majerowicz.fr\\\/index.php\\\/2026\\\/01\\\/23\\\/essentiels\\\/\"]}]},{\"@type\":\"ImageObject\",\"inLanguage\":\"fr-FR\",\"@id\":\"https:\\\/\\\/www.sebastien-majerowicz.fr\\\/index.php\\\/2026\\\/01\\\/23\\\/essentiels\\\/#primaryimage\",\"url\":\"https:\\\/\\\/www.sebastien-majerowicz.fr\\\/wp-content\\\/uploads\\\/2026\\\/01\\\/DSC_2317-np.jpg\",\"contentUrl\":\"https:\\\/\\\/www.sebastien-majerowicz.fr\\\/wp-content\\\/uploads\\\/2026\\\/01\\\/DSC_2317-np.jpg\",\"width\":1024,\"height\":683,\"caption\":\"M\u00e9sange bleue \\\/ Cyanistes caeruleus\"},{\"@type\":\"BreadcrumbList\",\"@id\":\"https:\\\/\\\/www.sebastien-majerowicz.fr\\\/index.php\\\/2026\\\/01\\\/23\\\/essentiels\\\/#breadcrumb\",\"itemListElement\":[{\"@type\":\"ListItem\",\"position\":1,\"name\":\"Accueil\",\"item\":\"https:\\\/\\\/www.sebastien-majerowicz.fr\\\/\"},{\"@type\":\"ListItem\",\"position\":2,\"name\":\"Essentiels\"}]},{\"@type\":\"WebSite\",\"@id\":\"https:\\\/\\\/www.sebastien-majerowicz.fr\\\/#website\",\"url\":\"https:\\\/\\\/www.sebastien-majerowicz.fr\\\/\",\"name\":\"S\u00e9bastien Majerowicz\",\"description\":\"Photographe animalier par Nature\",\"publisher\":{\"@id\":\"https:\\\/\\\/www.sebastien-majerowicz.fr\\\/#\\\/schema\\\/person\\\/a64c1066d12b40958b45bf7ab508f6a3\"},\"potentialAction\":[{\"@type\":\"SearchAction\",\"target\":{\"@type\":\"EntryPoint\",\"urlTemplate\":\"https:\\\/\\\/www.sebastien-majerowicz.fr\\\/?s={search_term_string}\"},\"query-input\":{\"@type\":\"PropertyValueSpecification\",\"valueRequired\":true,\"valueName\":\"search_term_string\"}}],\"inLanguage\":\"fr-FR\"},{\"@type\":[\"Person\",\"Organization\"],\"@id\":\"https:\\\/\\\/www.sebastien-majerowicz.fr\\\/#\\\/schema\\\/person\\\/a64c1066d12b40958b45bf7ab508f6a3\",\"name\":\"S\u00e9bastien Majerowicz\",\"logo\":{\"@id\":\"https:\\\/\\\/www.sebastien-majerowicz.fr\\\/#\\\/schema\\\/person\\\/image\\\/\"},\"sameAs\":[\"https:\\\/\\\/www.sebastien-majerowicz.fr\"]}]}<\/script>\n<!-- \/ Yoast SEO plugin. -->","yoast_head_json":{"title":"Essentiels - S\u00e9bastien Majerowicz","robots":{"index":"index","follow":"follow","max-snippet":"max-snippet:-1","max-image-preview":"max-image-preview:large","max-video-preview":"max-video-preview:-1"},"canonical":"https:\/\/www.sebastien-majerowicz.fr\/index.php\/2026\/01\/23\/essentiels\/","og_locale":"fr_FR","og_type":"article","og_title":"Essentiels - S\u00e9bastien Majerowicz","og_description":"Une plan\u00e8te unique, des lois identiques et pourtant qu&rsquo;observons-nous ? Deux mondes qui devraient n&rsquo;en faire qu&rsquo;un mais dont l&rsquo;un phagocyte l&rsquo;autre, le r\u00e9duit \u00e0 n\u00e9ant dans une folie destructrice pour les deux. Dans le premier, \u00e9videmment celui des humains, toutes et tous ne sont pas responsables ni m\u00eame complices, certain\u00b7es r\u00e9sistent ou m\u00eame, et [&hellip;]","og_url":"https:\/\/www.sebastien-majerowicz.fr\/index.php\/2026\/01\/23\/essentiels\/","og_site_name":"S\u00e9bastien Majerowicz","article_published_time":"2026-01-23T21:41:22+00:00","article_modified_time":"2026-01-23T21:46:42+00:00","og_image":[{"width":1024,"height":683,"url":"https:\/\/www.sebastien-majerowicz.fr\/wp-content\/uploads\/2026\/01\/DSC_2317-np.jpg","type":"image\/jpeg"}],"author":"S\u00e9bastien Majerowicz","twitter_card":"summary_large_image","twitter_misc":{"\u00c9crit par":"S\u00e9bastien Majerowicz","Dur\u00e9e de lecture estim\u00e9e":"2 minutes"},"schema":{"@context":"https:\/\/schema.org","@graph":[{"@type":"Article","@id":"https:\/\/www.sebastien-majerowicz.fr\/index.php\/2026\/01\/23\/essentiels\/#article","isPartOf":{"@id":"https:\/\/www.sebastien-majerowicz.fr\/index.php\/2026\/01\/23\/essentiels\/"},"author":{"name":"S\u00e9bastien Majerowicz","@id":"https:\/\/www.sebastien-majerowicz.fr\/#\/schema\/person\/a64c1066d12b40958b45bf7ab508f6a3"},"headline":"Essentiels","datePublished":"2026-01-23T21:41:22+00:00","dateModified":"2026-01-23T21:46:42+00:00","mainEntityOfPage":{"@id":"https:\/\/www.sebastien-majerowicz.fr\/index.php\/2026\/01\/23\/essentiels\/"},"wordCount":175,"commentCount":4,"publisher":{"@id":"https:\/\/www.sebastien-majerowicz.fr\/#\/schema\/person\/a64c1066d12b40958b45bf7ab508f6a3"},"image":{"@id":"https:\/\/www.sebastien-majerowicz.fr\/index.php\/2026\/01\/23\/essentiels\/#primaryimage"},"thumbnailUrl":"https:\/\/www.sebastien-majerowicz.fr\/wp-content\/uploads\/2026\/01\/DSC_2317-np.jpg","keywords":["Cyanistes caeruleus","M\u00e9sange bleue","Nikon D5300","Oiseau","Sigma 150-600 Contemporary"],"articleSection":["Oiseau"],"inLanguage":"fr-FR","potentialAction":[{"@type":"CommentAction","name":"Comment","target":["https:\/\/www.sebastien-majerowicz.fr\/index.php\/2026\/01\/23\/essentiels\/#respond"]}]},{"@type":"WebPage","@id":"https:\/\/www.sebastien-majerowicz.fr\/index.php\/2026\/01\/23\/essentiels\/","url":"https:\/\/www.sebastien-majerowicz.fr\/index.php\/2026\/01\/23\/essentiels\/","name":"Essentiels - S\u00e9bastien Majerowicz","isPartOf":{"@id":"https:\/\/www.sebastien-majerowicz.fr\/#website"},"primaryImageOfPage":{"@id":"https:\/\/www.sebastien-majerowicz.fr\/index.php\/2026\/01\/23\/essentiels\/#primaryimage"},"image":{"@id":"https:\/\/www.sebastien-majerowicz.fr\/index.php\/2026\/01\/23\/essentiels\/#primaryimage"},"thumbnailUrl":"https:\/\/www.sebastien-majerowicz.fr\/wp-content\/uploads\/2026\/01\/DSC_2317-np.jpg","datePublished":"2026-01-23T21:41:22+00:00","dateModified":"2026-01-23T21:46:42+00:00","breadcrumb":{"@id":"https:\/\/www.sebastien-majerowicz.fr\/index.php\/2026\/01\/23\/essentiels\/#breadcrumb"},"inLanguage":"fr-FR","potentialAction":[{"@type":"ReadAction","target":["https:\/\/www.sebastien-majerowicz.fr\/index.php\/2026\/01\/23\/essentiels\/"]}]},{"@type":"ImageObject","inLanguage":"fr-FR","@id":"https:\/\/www.sebastien-majerowicz.fr\/index.php\/2026\/01\/23\/essentiels\/#primaryimage","url":"https:\/\/www.sebastien-majerowicz.fr\/wp-content\/uploads\/2026\/01\/DSC_2317-np.jpg","contentUrl":"https:\/\/www.sebastien-majerowicz.fr\/wp-content\/uploads\/2026\/01\/DSC_2317-np.jpg","width":1024,"height":683,"caption":"M\u00e9sange bleue \/ Cyanistes caeruleus"},{"@type":"BreadcrumbList","@id":"https:\/\/www.sebastien-majerowicz.fr\/index.php\/2026\/01\/23\/essentiels\/#breadcrumb","itemListElement":[{"@type":"ListItem","position":1,"name":"Accueil","item":"https:\/\/www.sebastien-majerowicz.fr\/"},{"@type":"ListItem","position":2,"name":"Essentiels"}]},{"@type":"WebSite","@id":"https:\/\/www.sebastien-majerowicz.fr\/#website","url":"https:\/\/www.sebastien-majerowicz.fr\/","name":"S\u00e9bastien Majerowicz","description":"Photographe animalier par Nature","publisher":{"@id":"https:\/\/www.sebastien-majerowicz.fr\/#\/schema\/person\/a64c1066d12b40958b45bf7ab508f6a3"},"potentialAction":[{"@type":"SearchAction","target":{"@type":"EntryPoint","urlTemplate":"https:\/\/www.sebastien-majerowicz.fr\/?s={search_term_string}"},"query-input":{"@type":"PropertyValueSpecification","valueRequired":true,"valueName":"search_term_string"}}],"inLanguage":"fr-FR"},{"@type":["Person","Organization"],"@id":"https:\/\/www.sebastien-majerowicz.fr\/#\/schema\/person\/a64c1066d12b40958b45bf7ab508f6a3","name":"S\u00e9bastien Majerowicz","logo":{"@id":"https:\/\/www.sebastien-majerowicz.fr\/#\/schema\/person\/image\/"},"sameAs":["https:\/\/www.sebastien-majerowicz.fr"]}]}},"_links":{"self":[{"href":"https:\/\/www.sebastien-majerowicz.fr\/index.php\/wp-json\/wp\/v2\/posts\/4791","targetHints":{"allow":["GET"]}}],"collection":[{"href":"https:\/\/www.sebastien-majerowicz.fr\/index.php\/wp-json\/wp\/v2\/posts"}],"about":[{"href":"https:\/\/www.sebastien-majerowicz.fr\/index.php\/wp-json\/wp\/v2\/types\/post"}],"author":[{"embeddable":true,"href":"https:\/\/www.sebastien-majerowicz.fr\/index.php\/wp-json\/wp\/v2\/users\/1"}],"replies":[{"embeddable":true,"href":"https:\/\/www.sebastien-majerowicz.fr\/index.php\/wp-json\/wp\/v2\/comments?post=4791"}],"version-history":[{"count":17,"href":"https:\/\/www.sebastien-majerowicz.fr\/index.php\/wp-json\/wp\/v2\/posts\/4791\/revisions"}],"predecessor-version":[{"id":4810,"href":"https:\/\/www.sebastien-majerowicz.fr\/index.php\/wp-json\/wp\/v2\/posts\/4791\/revisions\/4810"}],"wp:featuredmedia":[{"embeddable":true,"href":"https:\/\/www.sebastien-majerowicz.fr\/index.php\/wp-json\/wp\/v2\/media\/4790"}],"wp:attachment":[{"href":"https:\/\/www.sebastien-majerowicz.fr\/index.php\/wp-json\/wp\/v2\/media?parent=4791"}],"wp:term":[{"taxonomy":"category","embeddable":true,"href":"https:\/\/www.sebastien-majerowicz.fr\/index.php\/wp-json\/wp\/v2\/categories?post=4791"},{"taxonomy":"post_tag","embeddable":true,"href":"https:\/\/www.sebastien-majerowicz.fr\/index.php\/wp-json\/wp\/v2\/tags?post=4791"}],"curies":[{"name":"wp","href":"https:\/\/api.w.org\/{rel}","templated":true}]}}