{"id":4371,"date":"2020-02-28T01:31:06","date_gmt":"2020-02-28T00:31:06","guid":{"rendered":"http:\/\/www.sebastien-majerowicz.fr\/?p=4371"},"modified":"2020-02-28T01:31:07","modified_gmt":"2020-02-28T00:31:07","slug":"le-masque-de-fer","status":"publish","type":"post","link":"https:\/\/www.sebastien-majerowicz.fr\/index.php\/2020\/02\/28\/le-masque-de-fer\/","title":{"rendered":"Le masque de fer"},"content":{"rendered":"\n<p>Une journ\u00e9e ne dure malheureusement que vingt-quatre heures &#8230; alors je profite d&rsquo;une insomnie pour pouvoir partager avec vous une photographie. La relation avec la Nature me manque, elle est tellement source de petits bonheurs mas suffisants pour nourrir son homme comme on dit. Nous allons dire que je travaille \u00e0 ce que la plupart d&rsquo;entre nous puisse retrouver ce lien originel et primordial.<\/p>\n\n\n\n<p>Je reviens donc avec ce toujours splendide <a rel=\"noreferrer noopener\" aria-label=\"Chardonneret \u00e9l\u00e9gant (Carduelis carduelis) (s\u2019ouvre dans un nouvel onglet)\" href=\"https:\/\/www.sebastien-majerowicz.fr\/index.php\/tag\/chardonneret-elegant\/\" target=\"_blank\">Chardonneret \u00e9l\u00e9gant (Carduelis carduelis)<\/a> qui a eu ici la gentillesse de se poster l\u00e0 o\u00f9 il pouvait \u00eatre mis en valeur.<\/p>\n","protected":false},"excerpt":{"rendered":"<p>Une journ\u00e9e ne dure malheureusement que vingt-quatre heures &#8230; alors je profite d&rsquo;une insomnie pour pouvoir partager avec vous une photographie. La relation avec la Nature me manque, elle est tellement source de petits bonheurs mas suffisants pour nourrir son homme comme on dit. Nous allons dire que je travaille \u00e0 ce que la plupart [&hellip;]<\/p>\n","protected":false},"author":1,"featured_media":4370,"comment_status":"open","ping_status":"open","sticky":false,"template":"","format":"standard","meta":{"footnotes":""},"categories":[14],"tags":[214,215,25,55,26],"class_list":{"0":"post-4371","1":"post","2":"type-post","3":"status-publish","4":"format-standard","5":"has-post-thumbnail","7":"category-oiseau","8":"tag-carduelis-carduelis","9":"tag-chardonneret-elegant","10":"tag-nikon-d5300","11":"tag-oiseau","12":"tag-sigma-150-600-contemporary","13":"czr-hentry"},"yoast_head":"<!-- This site is optimized with the Yoast SEO plugin v27.5 - https:\/\/yoast.com\/product\/yoast-seo-wordpress\/ -->\n<title>Le masque de fer - S\u00e9bastien Majerowicz<\/title>\n<meta name=\"robots\" content=\"index, follow, max-snippet:-1, max-image-preview:large, max-video-preview:-1\" \/>\n<link rel=\"canonical\" href=\"https:\/\/www.sebastien-majerowicz.fr\/index.php\/2020\/02\/28\/le-masque-de-fer\/\" \/>\n<meta property=\"og:locale\" content=\"fr_FR\" \/>\n<meta property=\"og:type\" content=\"article\" \/>\n<meta property=\"og:title\" content=\"Le masque de fer - S\u00e9bastien Majerowicz\" \/>\n<meta property=\"og:description\" content=\"Une journ\u00e9e ne dure malheureusement que vingt-quatre heures &#8230; alors je profite d&rsquo;une insomnie pour pouvoir partager avec vous une photographie. La relation avec la Nature me manque, elle est tellement source de petits bonheurs mas suffisants pour nourrir son homme comme on dit. Nous allons dire que je travaille \u00e0 ce que la plupart [&hellip;]\" \/>\n<meta property=\"og:url\" content=\"https:\/\/www.sebastien-majerowicz.fr\/index.php\/2020\/02\/28\/le-masque-de-fer\/\" \/>\n<meta property=\"og:site_name\" content=\"S\u00e9bastien Majerowicz\" \/>\n<meta property=\"article:published_time\" content=\"2020-02-28T00:31:06+00:00\" \/>\n<meta property=\"article:modified_time\" content=\"2020-02-28T00:31:07+00:00\" \/>\n<meta property=\"og:image\" content=\"https:\/\/www.sebastien-majerowicz.fr\/wp-content\/uploads\/2020\/02\/DSC_7837-np.jpg\" \/>\n\t<meta property=\"og:image:width\" content=\"1024\" \/>\n\t<meta property=\"og:image:height\" content=\"683\" \/>\n\t<meta property=\"og:image:type\" content=\"image\/jpeg\" \/>\n<meta name=\"author\" content=\"S\u00e9bastien Majerowicz\" \/>\n<meta name=\"twitter:card\" content=\"summary_large_image\" \/>\n<meta name=\"twitter:label1\" content=\"\u00c9crit par\" \/>\n\t<meta name=\"twitter:data1\" content=\"S\u00e9bastien Majerowicz\" \/>\n<script type=\"application\/ld+json\" class=\"yoast-schema-graph\">{\"@context\":\"https:\\\/\\\/schema.org\",\"@graph\":[{\"@type\":\"Article\",\"@id\":\"https:\\\/\\\/www.sebastien-majerowicz.fr\\\/index.php\\\/2020\\\/02\\\/28\\\/le-masque-de-fer\\\/#article\",\"isPartOf\":{\"@id\":\"https:\\\/\\\/www.sebastien-majerowicz.fr\\\/index.php\\\/2020\\\/02\\\/28\\\/le-masque-de-fer\\\/\"},\"author\":{\"name\":\"S\u00e9bastien Majerowicz\",\"@id\":\"https:\\\/\\\/www.sebastien-majerowicz.fr\\\/#\\\/schema\\\/person\\\/a64c1066d12b40958b45bf7ab508f6a3\"},\"headline\":\"Le masque de fer\",\"datePublished\":\"2020-02-28T00:31:06+00:00\",\"dateModified\":\"2020-02-28T00:31:07+00:00\",\"mainEntityOfPage\":{\"@id\":\"https:\\\/\\\/www.sebastien-majerowicz.fr\\\/index.php\\\/2020\\\/02\\\/28\\\/le-masque-de-fer\\\/\"},\"wordCount\":98,\"commentCount\":0,\"publisher\":{\"@id\":\"https:\\\/\\\/www.sebastien-majerowicz.fr\\\/#\\\/schema\\\/person\\\/a64c1066d12b40958b45bf7ab508f6a3\"},\"image\":{\"@id\":\"https:\\\/\\\/www.sebastien-majerowicz.fr\\\/index.php\\\/2020\\\/02\\\/28\\\/le-masque-de-fer\\\/#primaryimage\"},\"thumbnailUrl\":\"https:\\\/\\\/www.sebastien-majerowicz.fr\\\/wp-content\\\/uploads\\\/2020\\\/02\\\/DSC_7837-np.jpg\",\"keywords\":[\"Carduelis carduelis\",\"Chardonneret \u00e9l\u00e9gant\",\"Nikon D5300\",\"Oiseau\",\"Sigma 150-600 Contemporary\"],\"articleSection\":[\"Oiseau\"],\"inLanguage\":\"fr-FR\",\"potentialAction\":[{\"@type\":\"CommentAction\",\"name\":\"Comment\",\"target\":[\"https:\\\/\\\/www.sebastien-majerowicz.fr\\\/index.php\\\/2020\\\/02\\\/28\\\/le-masque-de-fer\\\/#respond\"]}]},{\"@type\":\"WebPage\",\"@id\":\"https:\\\/\\\/www.sebastien-majerowicz.fr\\\/index.php\\\/2020\\\/02\\\/28\\\/le-masque-de-fer\\\/\",\"url\":\"https:\\\/\\\/www.sebastien-majerowicz.fr\\\/index.php\\\/2020\\\/02\\\/28\\\/le-masque-de-fer\\\/\",\"name\":\"Le masque de fer - S\u00e9bastien Majerowicz\",\"isPartOf\":{\"@id\":\"https:\\\/\\\/www.sebastien-majerowicz.fr\\\/#website\"},\"primaryImageOfPage\":{\"@id\":\"https:\\\/\\\/www.sebastien-majerowicz.fr\\\/index.php\\\/2020\\\/02\\\/28\\\/le-masque-de-fer\\\/#primaryimage\"},\"image\":{\"@id\":\"https:\\\/\\\/www.sebastien-majerowicz.fr\\\/index.php\\\/2020\\\/02\\\/28\\\/le-masque-de-fer\\\/#primaryimage\"},\"thumbnailUrl\":\"https:\\\/\\\/www.sebastien-majerowicz.fr\\\/wp-content\\\/uploads\\\/2020\\\/02\\\/DSC_7837-np.jpg\",\"datePublished\":\"2020-02-28T00:31:06+00:00\",\"dateModified\":\"2020-02-28T00:31:07+00:00\",\"breadcrumb\":{\"@id\":\"https:\\\/\\\/www.sebastien-majerowicz.fr\\\/index.php\\\/2020\\\/02\\\/28\\\/le-masque-de-fer\\\/#breadcrumb\"},\"inLanguage\":\"fr-FR\",\"potentialAction\":[{\"@type\":\"ReadAction\",\"target\":[\"https:\\\/\\\/www.sebastien-majerowicz.fr\\\/index.php\\\/2020\\\/02\\\/28\\\/le-masque-de-fer\\\/\"]}]},{\"@type\":\"ImageObject\",\"inLanguage\":\"fr-FR\",\"@id\":\"https:\\\/\\\/www.sebastien-majerowicz.fr\\\/index.php\\\/2020\\\/02\\\/28\\\/le-masque-de-fer\\\/#primaryimage\",\"url\":\"https:\\\/\\\/www.sebastien-majerowicz.fr\\\/wp-content\\\/uploads\\\/2020\\\/02\\\/DSC_7837-np.jpg\",\"contentUrl\":\"https:\\\/\\\/www.sebastien-majerowicz.fr\\\/wp-content\\\/uploads\\\/2020\\\/02\\\/DSC_7837-np.jpg\",\"width\":1024,\"height\":683,\"caption\":\"Chardonneret \u00e9l\u00e9gant \\\/ Carduelis carduelis\"},{\"@type\":\"BreadcrumbList\",\"@id\":\"https:\\\/\\\/www.sebastien-majerowicz.fr\\\/index.php\\\/2020\\\/02\\\/28\\\/le-masque-de-fer\\\/#breadcrumb\",\"itemListElement\":[{\"@type\":\"ListItem\",\"position\":1,\"name\":\"Accueil\",\"item\":\"https:\\\/\\\/www.sebastien-majerowicz.fr\\\/\"},{\"@type\":\"ListItem\",\"position\":2,\"name\":\"Le masque de fer\"}]},{\"@type\":\"WebSite\",\"@id\":\"https:\\\/\\\/www.sebastien-majerowicz.fr\\\/#website\",\"url\":\"https:\\\/\\\/www.sebastien-majerowicz.fr\\\/\",\"name\":\"S\u00e9bastien Majerowicz\",\"description\":\"Photographe animalier par Nature\",\"publisher\":{\"@id\":\"https:\\\/\\\/www.sebastien-majerowicz.fr\\\/#\\\/schema\\\/person\\\/a64c1066d12b40958b45bf7ab508f6a3\"},\"potentialAction\":[{\"@type\":\"SearchAction\",\"target\":{\"@type\":\"EntryPoint\",\"urlTemplate\":\"https:\\\/\\\/www.sebastien-majerowicz.fr\\\/?s={search_term_string}\"},\"query-input\":{\"@type\":\"PropertyValueSpecification\",\"valueRequired\":true,\"valueName\":\"search_term_string\"}}],\"inLanguage\":\"fr-FR\"},{\"@type\":[\"Person\",\"Organization\"],\"@id\":\"https:\\\/\\\/www.sebastien-majerowicz.fr\\\/#\\\/schema\\\/person\\\/a64c1066d12b40958b45bf7ab508f6a3\",\"name\":\"S\u00e9bastien Majerowicz\",\"logo\":{\"@id\":\"https:\\\/\\\/www.sebastien-majerowicz.fr\\\/#\\\/schema\\\/person\\\/image\\\/\"},\"sameAs\":[\"https:\\\/\\\/www.sebastien-majerowicz.fr\"]}]}<\/script>\n<!-- \/ Yoast SEO plugin. -->","yoast_head_json":{"title":"Le masque de fer - S\u00e9bastien Majerowicz","robots":{"index":"index","follow":"follow","max-snippet":"max-snippet:-1","max-image-preview":"max-image-preview:large","max-video-preview":"max-video-preview:-1"},"canonical":"https:\/\/www.sebastien-majerowicz.fr\/index.php\/2020\/02\/28\/le-masque-de-fer\/","og_locale":"fr_FR","og_type":"article","og_title":"Le masque de fer - S\u00e9bastien Majerowicz","og_description":"Une journ\u00e9e ne dure malheureusement que vingt-quatre heures &#8230; alors je profite d&rsquo;une insomnie pour pouvoir partager avec vous une photographie. La relation avec la Nature me manque, elle est tellement source de petits bonheurs mas suffisants pour nourrir son homme comme on dit. Nous allons dire que je travaille \u00e0 ce que la plupart [&hellip;]","og_url":"https:\/\/www.sebastien-majerowicz.fr\/index.php\/2020\/02\/28\/le-masque-de-fer\/","og_site_name":"S\u00e9bastien Majerowicz","article_published_time":"2020-02-28T00:31:06+00:00","article_modified_time":"2020-02-28T00:31:07+00:00","og_image":[{"width":1024,"height":683,"url":"https:\/\/www.sebastien-majerowicz.fr\/wp-content\/uploads\/2020\/02\/DSC_7837-np.jpg","type":"image\/jpeg"}],"author":"S\u00e9bastien Majerowicz","twitter_card":"summary_large_image","twitter_misc":{"\u00c9crit par":"S\u00e9bastien Majerowicz"},"schema":{"@context":"https:\/\/schema.org","@graph":[{"@type":"Article","@id":"https:\/\/www.sebastien-majerowicz.fr\/index.php\/2020\/02\/28\/le-masque-de-fer\/#article","isPartOf":{"@id":"https:\/\/www.sebastien-majerowicz.fr\/index.php\/2020\/02\/28\/le-masque-de-fer\/"},"author":{"name":"S\u00e9bastien Majerowicz","@id":"https:\/\/www.sebastien-majerowicz.fr\/#\/schema\/person\/a64c1066d12b40958b45bf7ab508f6a3"},"headline":"Le masque de fer","datePublished":"2020-02-28T00:31:06+00:00","dateModified":"2020-02-28T00:31:07+00:00","mainEntityOfPage":{"@id":"https:\/\/www.sebastien-majerowicz.fr\/index.php\/2020\/02\/28\/le-masque-de-fer\/"},"wordCount":98,"commentCount":0,"publisher":{"@id":"https:\/\/www.sebastien-majerowicz.fr\/#\/schema\/person\/a64c1066d12b40958b45bf7ab508f6a3"},"image":{"@id":"https:\/\/www.sebastien-majerowicz.fr\/index.php\/2020\/02\/28\/le-masque-de-fer\/#primaryimage"},"thumbnailUrl":"https:\/\/www.sebastien-majerowicz.fr\/wp-content\/uploads\/2020\/02\/DSC_7837-np.jpg","keywords":["Carduelis carduelis","Chardonneret \u00e9l\u00e9gant","Nikon D5300","Oiseau","Sigma 150-600 Contemporary"],"articleSection":["Oiseau"],"inLanguage":"fr-FR","potentialAction":[{"@type":"CommentAction","name":"Comment","target":["https:\/\/www.sebastien-majerowicz.fr\/index.php\/2020\/02\/28\/le-masque-de-fer\/#respond"]}]},{"@type":"WebPage","@id":"https:\/\/www.sebastien-majerowicz.fr\/index.php\/2020\/02\/28\/le-masque-de-fer\/","url":"https:\/\/www.sebastien-majerowicz.fr\/index.php\/2020\/02\/28\/le-masque-de-fer\/","name":"Le masque de fer - S\u00e9bastien Majerowicz","isPartOf":{"@id":"https:\/\/www.sebastien-majerowicz.fr\/#website"},"primaryImageOfPage":{"@id":"https:\/\/www.sebastien-majerowicz.fr\/index.php\/2020\/02\/28\/le-masque-de-fer\/#primaryimage"},"image":{"@id":"https:\/\/www.sebastien-majerowicz.fr\/index.php\/2020\/02\/28\/le-masque-de-fer\/#primaryimage"},"thumbnailUrl":"https:\/\/www.sebastien-majerowicz.fr\/wp-content\/uploads\/2020\/02\/DSC_7837-np.jpg","datePublished":"2020-02-28T00:31:06+00:00","dateModified":"2020-02-28T00:31:07+00:00","breadcrumb":{"@id":"https:\/\/www.sebastien-majerowicz.fr\/index.php\/2020\/02\/28\/le-masque-de-fer\/#breadcrumb"},"inLanguage":"fr-FR","potentialAction":[{"@type":"ReadAction","target":["https:\/\/www.sebastien-majerowicz.fr\/index.php\/2020\/02\/28\/le-masque-de-fer\/"]}]},{"@type":"ImageObject","inLanguage":"fr-FR","@id":"https:\/\/www.sebastien-majerowicz.fr\/index.php\/2020\/02\/28\/le-masque-de-fer\/#primaryimage","url":"https:\/\/www.sebastien-majerowicz.fr\/wp-content\/uploads\/2020\/02\/DSC_7837-np.jpg","contentUrl":"https:\/\/www.sebastien-majerowicz.fr\/wp-content\/uploads\/2020\/02\/DSC_7837-np.jpg","width":1024,"height":683,"caption":"Chardonneret \u00e9l\u00e9gant \/ Carduelis carduelis"},{"@type":"BreadcrumbList","@id":"https:\/\/www.sebastien-majerowicz.fr\/index.php\/2020\/02\/28\/le-masque-de-fer\/#breadcrumb","itemListElement":[{"@type":"ListItem","position":1,"name":"Accueil","item":"https:\/\/www.sebastien-majerowicz.fr\/"},{"@type":"ListItem","position":2,"name":"Le masque de fer"}]},{"@type":"WebSite","@id":"https:\/\/www.sebastien-majerowicz.fr\/#website","url":"https:\/\/www.sebastien-majerowicz.fr\/","name":"S\u00e9bastien Majerowicz","description":"Photographe animalier par Nature","publisher":{"@id":"https:\/\/www.sebastien-majerowicz.fr\/#\/schema\/person\/a64c1066d12b40958b45bf7ab508f6a3"},"potentialAction":[{"@type":"SearchAction","target":{"@type":"EntryPoint","urlTemplate":"https:\/\/www.sebastien-majerowicz.fr\/?s={search_term_string}"},"query-input":{"@type":"PropertyValueSpecification","valueRequired":true,"valueName":"search_term_string"}}],"inLanguage":"fr-FR"},{"@type":["Person","Organization"],"@id":"https:\/\/www.sebastien-majerowicz.fr\/#\/schema\/person\/a64c1066d12b40958b45bf7ab508f6a3","name":"S\u00e9bastien Majerowicz","logo":{"@id":"https:\/\/www.sebastien-majerowicz.fr\/#\/schema\/person\/image\/"},"sameAs":["https:\/\/www.sebastien-majerowicz.fr"]}]}},"_links":{"self":[{"href":"https:\/\/www.sebastien-majerowicz.fr\/index.php\/wp-json\/wp\/v2\/posts\/4371","targetHints":{"allow":["GET"]}}],"collection":[{"href":"https:\/\/www.sebastien-majerowicz.fr\/index.php\/wp-json\/wp\/v2\/posts"}],"about":[{"href":"https:\/\/www.sebastien-majerowicz.fr\/index.php\/wp-json\/wp\/v2\/types\/post"}],"author":[{"embeddable":true,"href":"https:\/\/www.sebastien-majerowicz.fr\/index.php\/wp-json\/wp\/v2\/users\/1"}],"replies":[{"embeddable":true,"href":"https:\/\/www.sebastien-majerowicz.fr\/index.php\/wp-json\/wp\/v2\/comments?post=4371"}],"version-history":[{"count":1,"href":"https:\/\/www.sebastien-majerowicz.fr\/index.php\/wp-json\/wp\/v2\/posts\/4371\/revisions"}],"predecessor-version":[{"id":4372,"href":"https:\/\/www.sebastien-majerowicz.fr\/index.php\/wp-json\/wp\/v2\/posts\/4371\/revisions\/4372"}],"wp:featuredmedia":[{"embeddable":true,"href":"https:\/\/www.sebastien-majerowicz.fr\/index.php\/wp-json\/wp\/v2\/media\/4370"}],"wp:attachment":[{"href":"https:\/\/www.sebastien-majerowicz.fr\/index.php\/wp-json\/wp\/v2\/media?parent=4371"}],"wp:term":[{"taxonomy":"category","embeddable":true,"href":"https:\/\/www.sebastien-majerowicz.fr\/index.php\/wp-json\/wp\/v2\/categories?post=4371"},{"taxonomy":"post_tag","embeddable":true,"href":"https:\/\/www.sebastien-majerowicz.fr\/index.php\/wp-json\/wp\/v2\/tags?post=4371"}],"curies":[{"name":"wp","href":"https:\/\/api.w.org\/{rel}","templated":true}]}}