{"id":4284,"date":"2019-09-06T16:23:48","date_gmt":"2019-09-06T14:23:48","guid":{"rendered":"http:\/\/www.sebastien-majerowicz.fr\/?p=4284"},"modified":"2019-09-06T16:23:51","modified_gmt":"2019-09-06T14:23:51","slug":"esperance-de-jardinier","status":"publish","type":"post","link":"https:\/\/www.sebastien-majerowicz.fr\/index.php\/2019\/09\/06\/esperance-de-jardinier\/","title":{"rendered":"Esp\u00e9rance de jardinier"},"content":{"rendered":"\n<p>Voici la photographie qui m&rsquo;a demand\u00e9 le plus d&rsquo;effort et de sueur !<\/p>\n\n\n\n<p>Vous avez s\u00fbrement reconnu la fleur de courgette. Elle est issue de mon potager et j&rsquo;en suis tellement content. Pr\u00e9parer la terre, semer, arroser, entretenir, voil\u00e0 des activit\u00e9s qui sont pleinement dans mon credo, vous savez, le retour \u00e0 la Nature. Toucher la terre, la sentir, la modeler puis voir pousser les plants, observer les abeilles qui butinent et pollinisent. Et ensuite, voir cro\u00eetre le fruit pour finalement pouvoir le manger. Un bonheur simple.<\/p>\n","protected":false},"excerpt":{"rendered":"<p>Voici la photographie qui m&rsquo;a demand\u00e9 le plus d&rsquo;effort et de sueur ! Vous avez s\u00fbrement reconnu la fleur de courgette. Elle est issue de mon potager et j&rsquo;en suis tellement content. Pr\u00e9parer la terre, semer, arroser, entretenir, voil\u00e0 des activit\u00e9s qui sont pleinement dans mon credo, vous savez, le retour \u00e0 la Nature. Toucher [&hellip;]<\/p>\n","protected":false},"author":1,"featured_media":4283,"comment_status":"open","ping_status":"open","sticky":false,"template":"","format":"standard","meta":{"footnotes":""},"categories":[784],"tags":[1123,218,25,56],"class_list":{"0":"post-4284","1":"post","2":"type-post","3":"status-publish","4":"format-standard","5":"has-post-thumbnail","7":"category-fleur","8":"tag-courgette","9":"tag-fleur","10":"tag-nikon-d5300","11":"tag-sigma-105-macro","12":"czr-hentry"},"yoast_head":"<!-- This site is optimized with the Yoast SEO plugin v27.5 - https:\/\/yoast.com\/product\/yoast-seo-wordpress\/ -->\n<title>Esp\u00e9rance de jardinier - S\u00e9bastien Majerowicz<\/title>\n<meta name=\"robots\" content=\"index, follow, max-snippet:-1, max-image-preview:large, max-video-preview:-1\" \/>\n<link rel=\"canonical\" href=\"https:\/\/www.sebastien-majerowicz.fr\/index.php\/2019\/09\/06\/esperance-de-jardinier\/\" \/>\n<meta property=\"og:locale\" content=\"fr_FR\" \/>\n<meta property=\"og:type\" content=\"article\" \/>\n<meta property=\"og:title\" content=\"Esp\u00e9rance de jardinier - S\u00e9bastien Majerowicz\" \/>\n<meta property=\"og:description\" content=\"Voici la photographie qui m&rsquo;a demand\u00e9 le plus d&rsquo;effort et de sueur ! Vous avez s\u00fbrement reconnu la fleur de courgette. Elle est issue de mon potager et j&rsquo;en suis tellement content. Pr\u00e9parer la terre, semer, arroser, entretenir, voil\u00e0 des activit\u00e9s qui sont pleinement dans mon credo, vous savez, le retour \u00e0 la Nature. Toucher [&hellip;]\" \/>\n<meta property=\"og:url\" content=\"https:\/\/www.sebastien-majerowicz.fr\/index.php\/2019\/09\/06\/esperance-de-jardinier\/\" \/>\n<meta property=\"og:site_name\" content=\"S\u00e9bastien Majerowicz\" \/>\n<meta property=\"article:published_time\" content=\"2019-09-06T14:23:48+00:00\" \/>\n<meta property=\"article:modified_time\" content=\"2019-09-06T14:23:51+00:00\" \/>\n<meta property=\"og:image\" content=\"https:\/\/www.sebastien-majerowicz.fr\/wp-content\/uploads\/2019\/09\/DSC_7200-np.jpg\" \/>\n\t<meta property=\"og:image:width\" content=\"683\" \/>\n\t<meta property=\"og:image:height\" content=\"1024\" \/>\n\t<meta property=\"og:image:type\" content=\"image\/jpeg\" \/>\n<meta name=\"author\" content=\"S\u00e9bastien Majerowicz\" \/>\n<meta name=\"twitter:card\" content=\"summary_large_image\" \/>\n<meta name=\"twitter:label1\" content=\"\u00c9crit par\" \/>\n\t<meta name=\"twitter:data1\" content=\"S\u00e9bastien Majerowicz\" \/>\n<script type=\"application\/ld+json\" class=\"yoast-schema-graph\">{\"@context\":\"https:\\\/\\\/schema.org\",\"@graph\":[{\"@type\":\"Article\",\"@id\":\"https:\\\/\\\/www.sebastien-majerowicz.fr\\\/index.php\\\/2019\\\/09\\\/06\\\/esperance-de-jardinier\\\/#article\",\"isPartOf\":{\"@id\":\"https:\\\/\\\/www.sebastien-majerowicz.fr\\\/index.php\\\/2019\\\/09\\\/06\\\/esperance-de-jardinier\\\/\"},\"author\":{\"name\":\"S\u00e9bastien Majerowicz\",\"@id\":\"https:\\\/\\\/www.sebastien-majerowicz.fr\\\/#\\\/schema\\\/person\\\/a64c1066d12b40958b45bf7ab508f6a3\"},\"headline\":\"Esp\u00e9rance de jardinier\",\"datePublished\":\"2019-09-06T14:23:48+00:00\",\"dateModified\":\"2019-09-06T14:23:51+00:00\",\"mainEntityOfPage\":{\"@id\":\"https:\\\/\\\/www.sebastien-majerowicz.fr\\\/index.php\\\/2019\\\/09\\\/06\\\/esperance-de-jardinier\\\/\"},\"wordCount\":96,\"commentCount\":0,\"publisher\":{\"@id\":\"https:\\\/\\\/www.sebastien-majerowicz.fr\\\/#\\\/schema\\\/person\\\/a64c1066d12b40958b45bf7ab508f6a3\"},\"image\":{\"@id\":\"https:\\\/\\\/www.sebastien-majerowicz.fr\\\/index.php\\\/2019\\\/09\\\/06\\\/esperance-de-jardinier\\\/#primaryimage\"},\"thumbnailUrl\":\"https:\\\/\\\/www.sebastien-majerowicz.fr\\\/wp-content\\\/uploads\\\/2019\\\/09\\\/DSC_7200-np.jpg\",\"keywords\":[\"Courgette\",\"Fleur\",\"Nikon D5300\",\"Sigma 105 macro\"],\"articleSection\":[\"Fleur\"],\"inLanguage\":\"fr-FR\",\"potentialAction\":[{\"@type\":\"CommentAction\",\"name\":\"Comment\",\"target\":[\"https:\\\/\\\/www.sebastien-majerowicz.fr\\\/index.php\\\/2019\\\/09\\\/06\\\/esperance-de-jardinier\\\/#respond\"]}]},{\"@type\":\"WebPage\",\"@id\":\"https:\\\/\\\/www.sebastien-majerowicz.fr\\\/index.php\\\/2019\\\/09\\\/06\\\/esperance-de-jardinier\\\/\",\"url\":\"https:\\\/\\\/www.sebastien-majerowicz.fr\\\/index.php\\\/2019\\\/09\\\/06\\\/esperance-de-jardinier\\\/\",\"name\":\"Esp\u00e9rance de jardinier - S\u00e9bastien Majerowicz\",\"isPartOf\":{\"@id\":\"https:\\\/\\\/www.sebastien-majerowicz.fr\\\/#website\"},\"primaryImageOfPage\":{\"@id\":\"https:\\\/\\\/www.sebastien-majerowicz.fr\\\/index.php\\\/2019\\\/09\\\/06\\\/esperance-de-jardinier\\\/#primaryimage\"},\"image\":{\"@id\":\"https:\\\/\\\/www.sebastien-majerowicz.fr\\\/index.php\\\/2019\\\/09\\\/06\\\/esperance-de-jardinier\\\/#primaryimage\"},\"thumbnailUrl\":\"https:\\\/\\\/www.sebastien-majerowicz.fr\\\/wp-content\\\/uploads\\\/2019\\\/09\\\/DSC_7200-np.jpg\",\"datePublished\":\"2019-09-06T14:23:48+00:00\",\"dateModified\":\"2019-09-06T14:23:51+00:00\",\"breadcrumb\":{\"@id\":\"https:\\\/\\\/www.sebastien-majerowicz.fr\\\/index.php\\\/2019\\\/09\\\/06\\\/esperance-de-jardinier\\\/#breadcrumb\"},\"inLanguage\":\"fr-FR\",\"potentialAction\":[{\"@type\":\"ReadAction\",\"target\":[\"https:\\\/\\\/www.sebastien-majerowicz.fr\\\/index.php\\\/2019\\\/09\\\/06\\\/esperance-de-jardinier\\\/\"]}]},{\"@type\":\"ImageObject\",\"inLanguage\":\"fr-FR\",\"@id\":\"https:\\\/\\\/www.sebastien-majerowicz.fr\\\/index.php\\\/2019\\\/09\\\/06\\\/esperance-de-jardinier\\\/#primaryimage\",\"url\":\"https:\\\/\\\/www.sebastien-majerowicz.fr\\\/wp-content\\\/uploads\\\/2019\\\/09\\\/DSC_7200-np.jpg\",\"contentUrl\":\"https:\\\/\\\/www.sebastien-majerowicz.fr\\\/wp-content\\\/uploads\\\/2019\\\/09\\\/DSC_7200-np.jpg\",\"width\":683,\"height\":1024,\"caption\":\"Courgette\"},{\"@type\":\"BreadcrumbList\",\"@id\":\"https:\\\/\\\/www.sebastien-majerowicz.fr\\\/index.php\\\/2019\\\/09\\\/06\\\/esperance-de-jardinier\\\/#breadcrumb\",\"itemListElement\":[{\"@type\":\"ListItem\",\"position\":1,\"name\":\"Accueil\",\"item\":\"https:\\\/\\\/www.sebastien-majerowicz.fr\\\/\"},{\"@type\":\"ListItem\",\"position\":2,\"name\":\"Esp\u00e9rance de jardinier\"}]},{\"@type\":\"WebSite\",\"@id\":\"https:\\\/\\\/www.sebastien-majerowicz.fr\\\/#website\",\"url\":\"https:\\\/\\\/www.sebastien-majerowicz.fr\\\/\",\"name\":\"S\u00e9bastien Majerowicz\",\"description\":\"Photographe animalier par Nature\",\"publisher\":{\"@id\":\"https:\\\/\\\/www.sebastien-majerowicz.fr\\\/#\\\/schema\\\/person\\\/a64c1066d12b40958b45bf7ab508f6a3\"},\"potentialAction\":[{\"@type\":\"SearchAction\",\"target\":{\"@type\":\"EntryPoint\",\"urlTemplate\":\"https:\\\/\\\/www.sebastien-majerowicz.fr\\\/?s={search_term_string}\"},\"query-input\":{\"@type\":\"PropertyValueSpecification\",\"valueRequired\":true,\"valueName\":\"search_term_string\"}}],\"inLanguage\":\"fr-FR\"},{\"@type\":[\"Person\",\"Organization\"],\"@id\":\"https:\\\/\\\/www.sebastien-majerowicz.fr\\\/#\\\/schema\\\/person\\\/a64c1066d12b40958b45bf7ab508f6a3\",\"name\":\"S\u00e9bastien Majerowicz\",\"logo\":{\"@id\":\"https:\\\/\\\/www.sebastien-majerowicz.fr\\\/#\\\/schema\\\/person\\\/image\\\/\"},\"sameAs\":[\"https:\\\/\\\/www.sebastien-majerowicz.fr\"]}]}<\/script>\n<!-- \/ Yoast SEO plugin. -->","yoast_head_json":{"title":"Esp\u00e9rance de jardinier - S\u00e9bastien Majerowicz","robots":{"index":"index","follow":"follow","max-snippet":"max-snippet:-1","max-image-preview":"max-image-preview:large","max-video-preview":"max-video-preview:-1"},"canonical":"https:\/\/www.sebastien-majerowicz.fr\/index.php\/2019\/09\/06\/esperance-de-jardinier\/","og_locale":"fr_FR","og_type":"article","og_title":"Esp\u00e9rance de jardinier - S\u00e9bastien Majerowicz","og_description":"Voici la photographie qui m&rsquo;a demand\u00e9 le plus d&rsquo;effort et de sueur ! Vous avez s\u00fbrement reconnu la fleur de courgette. Elle est issue de mon potager et j&rsquo;en suis tellement content. Pr\u00e9parer la terre, semer, arroser, entretenir, voil\u00e0 des activit\u00e9s qui sont pleinement dans mon credo, vous savez, le retour \u00e0 la Nature. Toucher [&hellip;]","og_url":"https:\/\/www.sebastien-majerowicz.fr\/index.php\/2019\/09\/06\/esperance-de-jardinier\/","og_site_name":"S\u00e9bastien Majerowicz","article_published_time":"2019-09-06T14:23:48+00:00","article_modified_time":"2019-09-06T14:23:51+00:00","og_image":[{"width":683,"height":1024,"url":"https:\/\/www.sebastien-majerowicz.fr\/wp-content\/uploads\/2019\/09\/DSC_7200-np.jpg","type":"image\/jpeg"}],"author":"S\u00e9bastien Majerowicz","twitter_card":"summary_large_image","twitter_misc":{"\u00c9crit par":"S\u00e9bastien Majerowicz"},"schema":{"@context":"https:\/\/schema.org","@graph":[{"@type":"Article","@id":"https:\/\/www.sebastien-majerowicz.fr\/index.php\/2019\/09\/06\/esperance-de-jardinier\/#article","isPartOf":{"@id":"https:\/\/www.sebastien-majerowicz.fr\/index.php\/2019\/09\/06\/esperance-de-jardinier\/"},"author":{"name":"S\u00e9bastien Majerowicz","@id":"https:\/\/www.sebastien-majerowicz.fr\/#\/schema\/person\/a64c1066d12b40958b45bf7ab508f6a3"},"headline":"Esp\u00e9rance de jardinier","datePublished":"2019-09-06T14:23:48+00:00","dateModified":"2019-09-06T14:23:51+00:00","mainEntityOfPage":{"@id":"https:\/\/www.sebastien-majerowicz.fr\/index.php\/2019\/09\/06\/esperance-de-jardinier\/"},"wordCount":96,"commentCount":0,"publisher":{"@id":"https:\/\/www.sebastien-majerowicz.fr\/#\/schema\/person\/a64c1066d12b40958b45bf7ab508f6a3"},"image":{"@id":"https:\/\/www.sebastien-majerowicz.fr\/index.php\/2019\/09\/06\/esperance-de-jardinier\/#primaryimage"},"thumbnailUrl":"https:\/\/www.sebastien-majerowicz.fr\/wp-content\/uploads\/2019\/09\/DSC_7200-np.jpg","keywords":["Courgette","Fleur","Nikon D5300","Sigma 105 macro"],"articleSection":["Fleur"],"inLanguage":"fr-FR","potentialAction":[{"@type":"CommentAction","name":"Comment","target":["https:\/\/www.sebastien-majerowicz.fr\/index.php\/2019\/09\/06\/esperance-de-jardinier\/#respond"]}]},{"@type":"WebPage","@id":"https:\/\/www.sebastien-majerowicz.fr\/index.php\/2019\/09\/06\/esperance-de-jardinier\/","url":"https:\/\/www.sebastien-majerowicz.fr\/index.php\/2019\/09\/06\/esperance-de-jardinier\/","name":"Esp\u00e9rance de jardinier - S\u00e9bastien Majerowicz","isPartOf":{"@id":"https:\/\/www.sebastien-majerowicz.fr\/#website"},"primaryImageOfPage":{"@id":"https:\/\/www.sebastien-majerowicz.fr\/index.php\/2019\/09\/06\/esperance-de-jardinier\/#primaryimage"},"image":{"@id":"https:\/\/www.sebastien-majerowicz.fr\/index.php\/2019\/09\/06\/esperance-de-jardinier\/#primaryimage"},"thumbnailUrl":"https:\/\/www.sebastien-majerowicz.fr\/wp-content\/uploads\/2019\/09\/DSC_7200-np.jpg","datePublished":"2019-09-06T14:23:48+00:00","dateModified":"2019-09-06T14:23:51+00:00","breadcrumb":{"@id":"https:\/\/www.sebastien-majerowicz.fr\/index.php\/2019\/09\/06\/esperance-de-jardinier\/#breadcrumb"},"inLanguage":"fr-FR","potentialAction":[{"@type":"ReadAction","target":["https:\/\/www.sebastien-majerowicz.fr\/index.php\/2019\/09\/06\/esperance-de-jardinier\/"]}]},{"@type":"ImageObject","inLanguage":"fr-FR","@id":"https:\/\/www.sebastien-majerowicz.fr\/index.php\/2019\/09\/06\/esperance-de-jardinier\/#primaryimage","url":"https:\/\/www.sebastien-majerowicz.fr\/wp-content\/uploads\/2019\/09\/DSC_7200-np.jpg","contentUrl":"https:\/\/www.sebastien-majerowicz.fr\/wp-content\/uploads\/2019\/09\/DSC_7200-np.jpg","width":683,"height":1024,"caption":"Courgette"},{"@type":"BreadcrumbList","@id":"https:\/\/www.sebastien-majerowicz.fr\/index.php\/2019\/09\/06\/esperance-de-jardinier\/#breadcrumb","itemListElement":[{"@type":"ListItem","position":1,"name":"Accueil","item":"https:\/\/www.sebastien-majerowicz.fr\/"},{"@type":"ListItem","position":2,"name":"Esp\u00e9rance de jardinier"}]},{"@type":"WebSite","@id":"https:\/\/www.sebastien-majerowicz.fr\/#website","url":"https:\/\/www.sebastien-majerowicz.fr\/","name":"S\u00e9bastien Majerowicz","description":"Photographe animalier par Nature","publisher":{"@id":"https:\/\/www.sebastien-majerowicz.fr\/#\/schema\/person\/a64c1066d12b40958b45bf7ab508f6a3"},"potentialAction":[{"@type":"SearchAction","target":{"@type":"EntryPoint","urlTemplate":"https:\/\/www.sebastien-majerowicz.fr\/?s={search_term_string}"},"query-input":{"@type":"PropertyValueSpecification","valueRequired":true,"valueName":"search_term_string"}}],"inLanguage":"fr-FR"},{"@type":["Person","Organization"],"@id":"https:\/\/www.sebastien-majerowicz.fr\/#\/schema\/person\/a64c1066d12b40958b45bf7ab508f6a3","name":"S\u00e9bastien Majerowicz","logo":{"@id":"https:\/\/www.sebastien-majerowicz.fr\/#\/schema\/person\/image\/"},"sameAs":["https:\/\/www.sebastien-majerowicz.fr"]}]}},"_links":{"self":[{"href":"https:\/\/www.sebastien-majerowicz.fr\/index.php\/wp-json\/wp\/v2\/posts\/4284","targetHints":{"allow":["GET"]}}],"collection":[{"href":"https:\/\/www.sebastien-majerowicz.fr\/index.php\/wp-json\/wp\/v2\/posts"}],"about":[{"href":"https:\/\/www.sebastien-majerowicz.fr\/index.php\/wp-json\/wp\/v2\/types\/post"}],"author":[{"embeddable":true,"href":"https:\/\/www.sebastien-majerowicz.fr\/index.php\/wp-json\/wp\/v2\/users\/1"}],"replies":[{"embeddable":true,"href":"https:\/\/www.sebastien-majerowicz.fr\/index.php\/wp-json\/wp\/v2\/comments?post=4284"}],"version-history":[{"count":1,"href":"https:\/\/www.sebastien-majerowicz.fr\/index.php\/wp-json\/wp\/v2\/posts\/4284\/revisions"}],"predecessor-version":[{"id":4285,"href":"https:\/\/www.sebastien-majerowicz.fr\/index.php\/wp-json\/wp\/v2\/posts\/4284\/revisions\/4285"}],"wp:featuredmedia":[{"embeddable":true,"href":"https:\/\/www.sebastien-majerowicz.fr\/index.php\/wp-json\/wp\/v2\/media\/4283"}],"wp:attachment":[{"href":"https:\/\/www.sebastien-majerowicz.fr\/index.php\/wp-json\/wp\/v2\/media?parent=4284"}],"wp:term":[{"taxonomy":"category","embeddable":true,"href":"https:\/\/www.sebastien-majerowicz.fr\/index.php\/wp-json\/wp\/v2\/categories?post=4284"},{"taxonomy":"post_tag","embeddable":true,"href":"https:\/\/www.sebastien-majerowicz.fr\/index.php\/wp-json\/wp\/v2\/tags?post=4284"}],"curies":[{"name":"wp","href":"https:\/\/api.w.org\/{rel}","templated":true}]}}