{"id":4238,"date":"2019-07-06T14:30:43","date_gmt":"2019-07-06T12:30:43","guid":{"rendered":"http:\/\/www.sebastien-majerowicz.fr\/?p=4238"},"modified":"2019-07-06T14:30:44","modified_gmt":"2019-07-06T12:30:44","slug":"chacun-son-assiette","status":"publish","type":"post","link":"https:\/\/www.sebastien-majerowicz.fr\/index.php\/2019\/07\/06\/chacun-son-assiette\/","title":{"rendered":"Chacun son assiette"},"content":{"rendered":"\n<p>S\u00fbrement pas ma photographie la plus esth\u00e9tique ou artistique, mais peu importe. Je suis tr\u00e8s heureux de vous pr\u00e9senter un instantan\u00e9 de la vie dans un pr\u00e9 fleuri. Ainsi, une \u00e9peire n&rsquo;a d&rsquo;yeux (8 exactement \ud83d\ude09 ) que pour l&rsquo;abeille d\u00e9j\u00e0 pr\u00e9par\u00e9e pour un futur festin. Et pos\u00e9 sur une scabieuse, un bourdon butine goul\u00fbment sans se pr\u00e9occuper de la menace que pourrait repr\u00e9senter sa voisine \u00e0 huit pattes et surtout sa toile tiss\u00e9e et qui lui est invisible !<\/p>\n\n\n\n<p>Je suis ainsi rest\u00e9 quelques instants \u00e0 observer. L&rsquo;araign\u00e9e ne bougeait pas, attentive aux vibrations de sa toile. Le bourdon s&rsquo;est repu et est parti, alourdi de pollens mais inconscient d&rsquo;avoir fr\u00f4l\u00e9 le pire &#8230;<\/p>\n","protected":false},"excerpt":{"rendered":"<p>S\u00fbrement pas ma photographie la plus esth\u00e9tique ou artistique, mais peu importe. Je suis tr\u00e8s heureux de vous pr\u00e9senter un instantan\u00e9 de la vie dans un pr\u00e9 fleuri. Ainsi, une \u00e9peire n&rsquo;a d&rsquo;yeux (8 exactement \ud83d\ude09 ) que pour l&rsquo;abeille d\u00e9j\u00e0 pr\u00e9par\u00e9e pour un futur festin. Et pos\u00e9 sur une scabieuse, un bourdon butine goul\u00fbment [&hellip;]<\/p>\n","protected":false},"author":1,"featured_media":4237,"comment_status":"open","ping_status":"open","sticky":false,"template":"","format":"standard","meta":{"footnotes":""},"categories":[784,12],"tags":[307,742,1026,1025,741,218,25,1105,56],"class_list":{"0":"post-4238","1":"post","2":"type-post","3":"status-publish","4":"format-standard","5":"has-post-thumbnail","7":"category-fleur","8":"category-macrophotographie-animale","9":"tag-araignee","10":"tag-araneus-diadematus","11":"tag-bombus-terrestris","12":"tag-bourdon-terrestre","13":"tag-epeire-diademe","14":"tag-fleur","15":"tag-nikon-d5300","16":"tag-scabieuse","17":"tag-sigma-105-macro","18":"czr-hentry"},"yoast_head":"<!-- This site is optimized with the Yoast SEO plugin v27.4 - https:\/\/yoast.com\/product\/yoast-seo-wordpress\/ -->\n<title>Chacun son assiette - S\u00e9bastien Majerowicz<\/title>\n<meta name=\"robots\" content=\"index, follow, max-snippet:-1, max-image-preview:large, max-video-preview:-1\" \/>\n<link rel=\"canonical\" href=\"https:\/\/www.sebastien-majerowicz.fr\/index.php\/2019\/07\/06\/chacun-son-assiette\/\" \/>\n<meta property=\"og:locale\" content=\"fr_FR\" \/>\n<meta property=\"og:type\" content=\"article\" \/>\n<meta property=\"og:title\" content=\"Chacun son assiette - S\u00e9bastien Majerowicz\" \/>\n<meta property=\"og:description\" content=\"S\u00fbrement pas ma photographie la plus esth\u00e9tique ou artistique, mais peu importe. Je suis tr\u00e8s heureux de vous pr\u00e9senter un instantan\u00e9 de la vie dans un pr\u00e9 fleuri. Ainsi, une \u00e9peire n&rsquo;a d&rsquo;yeux (8 exactement \ud83d\ude09 ) que pour l&rsquo;abeille d\u00e9j\u00e0 pr\u00e9par\u00e9e pour un futur festin. Et pos\u00e9 sur une scabieuse, un bourdon butine goul\u00fbment [&hellip;]\" \/>\n<meta property=\"og:url\" content=\"https:\/\/www.sebastien-majerowicz.fr\/index.php\/2019\/07\/06\/chacun-son-assiette\/\" \/>\n<meta property=\"og:site_name\" content=\"S\u00e9bastien Majerowicz\" \/>\n<meta property=\"article:published_time\" content=\"2019-07-06T12:30:43+00:00\" \/>\n<meta property=\"article:modified_time\" content=\"2019-07-06T12:30:44+00:00\" \/>\n<meta property=\"og:image\" content=\"https:\/\/www.sebastien-majerowicz.fr\/wp-content\/uploads\/2019\/07\/DSC_6716-np.jpg\" \/>\n\t<meta property=\"og:image:width\" content=\"1024\" \/>\n\t<meta property=\"og:image:height\" content=\"683\" \/>\n\t<meta property=\"og:image:type\" content=\"image\/jpeg\" \/>\n<meta name=\"author\" content=\"S\u00e9bastien Majerowicz\" \/>\n<meta name=\"twitter:card\" content=\"summary_large_image\" \/>\n<meta name=\"twitter:label1\" content=\"\u00c9crit par\" \/>\n\t<meta name=\"twitter:data1\" content=\"S\u00e9bastien Majerowicz\" \/>\n\t<meta name=\"twitter:label2\" content=\"Dur\u00e9e de lecture estim\u00e9e\" \/>\n\t<meta name=\"twitter:data2\" content=\"1 minute\" \/>\n<script type=\"application\/ld+json\" class=\"yoast-schema-graph\">{\"@context\":\"https:\\\/\\\/schema.org\",\"@graph\":[{\"@type\":\"Article\",\"@id\":\"https:\\\/\\\/www.sebastien-majerowicz.fr\\\/index.php\\\/2019\\\/07\\\/06\\\/chacun-son-assiette\\\/#article\",\"isPartOf\":{\"@id\":\"https:\\\/\\\/www.sebastien-majerowicz.fr\\\/index.php\\\/2019\\\/07\\\/06\\\/chacun-son-assiette\\\/\"},\"author\":{\"name\":\"S\u00e9bastien Majerowicz\",\"@id\":\"https:\\\/\\\/www.sebastien-majerowicz.fr\\\/#\\\/schema\\\/person\\\/a64c1066d12b40958b45bf7ab508f6a3\"},\"headline\":\"Chacun son assiette\",\"datePublished\":\"2019-07-06T12:30:43+00:00\",\"dateModified\":\"2019-07-06T12:30:44+00:00\",\"mainEntityOfPage\":{\"@id\":\"https:\\\/\\\/www.sebastien-majerowicz.fr\\\/index.php\\\/2019\\\/07\\\/06\\\/chacun-son-assiette\\\/\"},\"wordCount\":130,\"commentCount\":0,\"publisher\":{\"@id\":\"https:\\\/\\\/www.sebastien-majerowicz.fr\\\/#\\\/schema\\\/person\\\/a64c1066d12b40958b45bf7ab508f6a3\"},\"image\":{\"@id\":\"https:\\\/\\\/www.sebastien-majerowicz.fr\\\/index.php\\\/2019\\\/07\\\/06\\\/chacun-son-assiette\\\/#primaryimage\"},\"thumbnailUrl\":\"https:\\\/\\\/www.sebastien-majerowicz.fr\\\/wp-content\\\/uploads\\\/2019\\\/07\\\/DSC_6716-np.jpg\",\"keywords\":[\"Araign\u00e9e\",\"Araneus diadematus\",\"Bombus terrestris\",\"Bourdon terrestre\",\"Epeire diad\u00e8me\",\"Fleur\",\"Nikon D5300\",\"Scabieuse\",\"Sigma 105 macro\"],\"articleSection\":[\"Fleur\",\"Macrophotographie animale\"],\"inLanguage\":\"fr-FR\",\"potentialAction\":[{\"@type\":\"CommentAction\",\"name\":\"Comment\",\"target\":[\"https:\\\/\\\/www.sebastien-majerowicz.fr\\\/index.php\\\/2019\\\/07\\\/06\\\/chacun-son-assiette\\\/#respond\"]}]},{\"@type\":\"WebPage\",\"@id\":\"https:\\\/\\\/www.sebastien-majerowicz.fr\\\/index.php\\\/2019\\\/07\\\/06\\\/chacun-son-assiette\\\/\",\"url\":\"https:\\\/\\\/www.sebastien-majerowicz.fr\\\/index.php\\\/2019\\\/07\\\/06\\\/chacun-son-assiette\\\/\",\"name\":\"Chacun son assiette - S\u00e9bastien Majerowicz\",\"isPartOf\":{\"@id\":\"https:\\\/\\\/www.sebastien-majerowicz.fr\\\/#website\"},\"primaryImageOfPage\":{\"@id\":\"https:\\\/\\\/www.sebastien-majerowicz.fr\\\/index.php\\\/2019\\\/07\\\/06\\\/chacun-son-assiette\\\/#primaryimage\"},\"image\":{\"@id\":\"https:\\\/\\\/www.sebastien-majerowicz.fr\\\/index.php\\\/2019\\\/07\\\/06\\\/chacun-son-assiette\\\/#primaryimage\"},\"thumbnailUrl\":\"https:\\\/\\\/www.sebastien-majerowicz.fr\\\/wp-content\\\/uploads\\\/2019\\\/07\\\/DSC_6716-np.jpg\",\"datePublished\":\"2019-07-06T12:30:43+00:00\",\"dateModified\":\"2019-07-06T12:30:44+00:00\",\"breadcrumb\":{\"@id\":\"https:\\\/\\\/www.sebastien-majerowicz.fr\\\/index.php\\\/2019\\\/07\\\/06\\\/chacun-son-assiette\\\/#breadcrumb\"},\"inLanguage\":\"fr-FR\",\"potentialAction\":[{\"@type\":\"ReadAction\",\"target\":[\"https:\\\/\\\/www.sebastien-majerowicz.fr\\\/index.php\\\/2019\\\/07\\\/06\\\/chacun-son-assiette\\\/\"]}]},{\"@type\":\"ImageObject\",\"inLanguage\":\"fr-FR\",\"@id\":\"https:\\\/\\\/www.sebastien-majerowicz.fr\\\/index.php\\\/2019\\\/07\\\/06\\\/chacun-son-assiette\\\/#primaryimage\",\"url\":\"https:\\\/\\\/www.sebastien-majerowicz.fr\\\/wp-content\\\/uploads\\\/2019\\\/07\\\/DSC_6716-np.jpg\",\"contentUrl\":\"https:\\\/\\\/www.sebastien-majerowicz.fr\\\/wp-content\\\/uploads\\\/2019\\\/07\\\/DSC_6716-np.jpg\",\"width\":1024,\"height\":683,\"caption\":\"Chacun son assiette\"},{\"@type\":\"BreadcrumbList\",\"@id\":\"https:\\\/\\\/www.sebastien-majerowicz.fr\\\/index.php\\\/2019\\\/07\\\/06\\\/chacun-son-assiette\\\/#breadcrumb\",\"itemListElement\":[{\"@type\":\"ListItem\",\"position\":1,\"name\":\"Accueil\",\"item\":\"https:\\\/\\\/www.sebastien-majerowicz.fr\\\/\"},{\"@type\":\"ListItem\",\"position\":2,\"name\":\"Chacun son assiette\"}]},{\"@type\":\"WebSite\",\"@id\":\"https:\\\/\\\/www.sebastien-majerowicz.fr\\\/#website\",\"url\":\"https:\\\/\\\/www.sebastien-majerowicz.fr\\\/\",\"name\":\"S\u00e9bastien Majerowicz\",\"description\":\"Photographe animalier par Nature\",\"publisher\":{\"@id\":\"https:\\\/\\\/www.sebastien-majerowicz.fr\\\/#\\\/schema\\\/person\\\/a64c1066d12b40958b45bf7ab508f6a3\"},\"potentialAction\":[{\"@type\":\"SearchAction\",\"target\":{\"@type\":\"EntryPoint\",\"urlTemplate\":\"https:\\\/\\\/www.sebastien-majerowicz.fr\\\/?s={search_term_string}\"},\"query-input\":{\"@type\":\"PropertyValueSpecification\",\"valueRequired\":true,\"valueName\":\"search_term_string\"}}],\"inLanguage\":\"fr-FR\"},{\"@type\":[\"Person\",\"Organization\"],\"@id\":\"https:\\\/\\\/www.sebastien-majerowicz.fr\\\/#\\\/schema\\\/person\\\/a64c1066d12b40958b45bf7ab508f6a3\",\"name\":\"S\u00e9bastien Majerowicz\",\"logo\":{\"@id\":\"https:\\\/\\\/www.sebastien-majerowicz.fr\\\/#\\\/schema\\\/person\\\/image\\\/\"},\"sameAs\":[\"https:\\\/\\\/www.sebastien-majerowicz.fr\"]}]}<\/script>\n<!-- \/ Yoast SEO plugin. -->","yoast_head_json":{"title":"Chacun son assiette - S\u00e9bastien Majerowicz","robots":{"index":"index","follow":"follow","max-snippet":"max-snippet:-1","max-image-preview":"max-image-preview:large","max-video-preview":"max-video-preview:-1"},"canonical":"https:\/\/www.sebastien-majerowicz.fr\/index.php\/2019\/07\/06\/chacun-son-assiette\/","og_locale":"fr_FR","og_type":"article","og_title":"Chacun son assiette - S\u00e9bastien Majerowicz","og_description":"S\u00fbrement pas ma photographie la plus esth\u00e9tique ou artistique, mais peu importe. Je suis tr\u00e8s heureux de vous pr\u00e9senter un instantan\u00e9 de la vie dans un pr\u00e9 fleuri. Ainsi, une \u00e9peire n&rsquo;a d&rsquo;yeux (8 exactement \ud83d\ude09 ) que pour l&rsquo;abeille d\u00e9j\u00e0 pr\u00e9par\u00e9e pour un futur festin. Et pos\u00e9 sur une scabieuse, un bourdon butine goul\u00fbment [&hellip;]","og_url":"https:\/\/www.sebastien-majerowicz.fr\/index.php\/2019\/07\/06\/chacun-son-assiette\/","og_site_name":"S\u00e9bastien Majerowicz","article_published_time":"2019-07-06T12:30:43+00:00","article_modified_time":"2019-07-06T12:30:44+00:00","og_image":[{"width":1024,"height":683,"url":"https:\/\/www.sebastien-majerowicz.fr\/wp-content\/uploads\/2019\/07\/DSC_6716-np.jpg","type":"image\/jpeg"}],"author":"S\u00e9bastien Majerowicz","twitter_card":"summary_large_image","twitter_misc":{"\u00c9crit par":"S\u00e9bastien Majerowicz","Dur\u00e9e de lecture estim\u00e9e":"1 minute"},"schema":{"@context":"https:\/\/schema.org","@graph":[{"@type":"Article","@id":"https:\/\/www.sebastien-majerowicz.fr\/index.php\/2019\/07\/06\/chacun-son-assiette\/#article","isPartOf":{"@id":"https:\/\/www.sebastien-majerowicz.fr\/index.php\/2019\/07\/06\/chacun-son-assiette\/"},"author":{"name":"S\u00e9bastien Majerowicz","@id":"https:\/\/www.sebastien-majerowicz.fr\/#\/schema\/person\/a64c1066d12b40958b45bf7ab508f6a3"},"headline":"Chacun son assiette","datePublished":"2019-07-06T12:30:43+00:00","dateModified":"2019-07-06T12:30:44+00:00","mainEntityOfPage":{"@id":"https:\/\/www.sebastien-majerowicz.fr\/index.php\/2019\/07\/06\/chacun-son-assiette\/"},"wordCount":130,"commentCount":0,"publisher":{"@id":"https:\/\/www.sebastien-majerowicz.fr\/#\/schema\/person\/a64c1066d12b40958b45bf7ab508f6a3"},"image":{"@id":"https:\/\/www.sebastien-majerowicz.fr\/index.php\/2019\/07\/06\/chacun-son-assiette\/#primaryimage"},"thumbnailUrl":"https:\/\/www.sebastien-majerowicz.fr\/wp-content\/uploads\/2019\/07\/DSC_6716-np.jpg","keywords":["Araign\u00e9e","Araneus diadematus","Bombus terrestris","Bourdon terrestre","Epeire diad\u00e8me","Fleur","Nikon D5300","Scabieuse","Sigma 105 macro"],"articleSection":["Fleur","Macrophotographie animale"],"inLanguage":"fr-FR","potentialAction":[{"@type":"CommentAction","name":"Comment","target":["https:\/\/www.sebastien-majerowicz.fr\/index.php\/2019\/07\/06\/chacun-son-assiette\/#respond"]}]},{"@type":"WebPage","@id":"https:\/\/www.sebastien-majerowicz.fr\/index.php\/2019\/07\/06\/chacun-son-assiette\/","url":"https:\/\/www.sebastien-majerowicz.fr\/index.php\/2019\/07\/06\/chacun-son-assiette\/","name":"Chacun son assiette - S\u00e9bastien Majerowicz","isPartOf":{"@id":"https:\/\/www.sebastien-majerowicz.fr\/#website"},"primaryImageOfPage":{"@id":"https:\/\/www.sebastien-majerowicz.fr\/index.php\/2019\/07\/06\/chacun-son-assiette\/#primaryimage"},"image":{"@id":"https:\/\/www.sebastien-majerowicz.fr\/index.php\/2019\/07\/06\/chacun-son-assiette\/#primaryimage"},"thumbnailUrl":"https:\/\/www.sebastien-majerowicz.fr\/wp-content\/uploads\/2019\/07\/DSC_6716-np.jpg","datePublished":"2019-07-06T12:30:43+00:00","dateModified":"2019-07-06T12:30:44+00:00","breadcrumb":{"@id":"https:\/\/www.sebastien-majerowicz.fr\/index.php\/2019\/07\/06\/chacun-son-assiette\/#breadcrumb"},"inLanguage":"fr-FR","potentialAction":[{"@type":"ReadAction","target":["https:\/\/www.sebastien-majerowicz.fr\/index.php\/2019\/07\/06\/chacun-son-assiette\/"]}]},{"@type":"ImageObject","inLanguage":"fr-FR","@id":"https:\/\/www.sebastien-majerowicz.fr\/index.php\/2019\/07\/06\/chacun-son-assiette\/#primaryimage","url":"https:\/\/www.sebastien-majerowicz.fr\/wp-content\/uploads\/2019\/07\/DSC_6716-np.jpg","contentUrl":"https:\/\/www.sebastien-majerowicz.fr\/wp-content\/uploads\/2019\/07\/DSC_6716-np.jpg","width":1024,"height":683,"caption":"Chacun son assiette"},{"@type":"BreadcrumbList","@id":"https:\/\/www.sebastien-majerowicz.fr\/index.php\/2019\/07\/06\/chacun-son-assiette\/#breadcrumb","itemListElement":[{"@type":"ListItem","position":1,"name":"Accueil","item":"https:\/\/www.sebastien-majerowicz.fr\/"},{"@type":"ListItem","position":2,"name":"Chacun son assiette"}]},{"@type":"WebSite","@id":"https:\/\/www.sebastien-majerowicz.fr\/#website","url":"https:\/\/www.sebastien-majerowicz.fr\/","name":"S\u00e9bastien Majerowicz","description":"Photographe animalier par Nature","publisher":{"@id":"https:\/\/www.sebastien-majerowicz.fr\/#\/schema\/person\/a64c1066d12b40958b45bf7ab508f6a3"},"potentialAction":[{"@type":"SearchAction","target":{"@type":"EntryPoint","urlTemplate":"https:\/\/www.sebastien-majerowicz.fr\/?s={search_term_string}"},"query-input":{"@type":"PropertyValueSpecification","valueRequired":true,"valueName":"search_term_string"}}],"inLanguage":"fr-FR"},{"@type":["Person","Organization"],"@id":"https:\/\/www.sebastien-majerowicz.fr\/#\/schema\/person\/a64c1066d12b40958b45bf7ab508f6a3","name":"S\u00e9bastien Majerowicz","logo":{"@id":"https:\/\/www.sebastien-majerowicz.fr\/#\/schema\/person\/image\/"},"sameAs":["https:\/\/www.sebastien-majerowicz.fr"]}]}},"_links":{"self":[{"href":"https:\/\/www.sebastien-majerowicz.fr\/index.php\/wp-json\/wp\/v2\/posts\/4238","targetHints":{"allow":["GET"]}}],"collection":[{"href":"https:\/\/www.sebastien-majerowicz.fr\/index.php\/wp-json\/wp\/v2\/posts"}],"about":[{"href":"https:\/\/www.sebastien-majerowicz.fr\/index.php\/wp-json\/wp\/v2\/types\/post"}],"author":[{"embeddable":true,"href":"https:\/\/www.sebastien-majerowicz.fr\/index.php\/wp-json\/wp\/v2\/users\/1"}],"replies":[{"embeddable":true,"href":"https:\/\/www.sebastien-majerowicz.fr\/index.php\/wp-json\/wp\/v2\/comments?post=4238"}],"version-history":[{"count":1,"href":"https:\/\/www.sebastien-majerowicz.fr\/index.php\/wp-json\/wp\/v2\/posts\/4238\/revisions"}],"predecessor-version":[{"id":4239,"href":"https:\/\/www.sebastien-majerowicz.fr\/index.php\/wp-json\/wp\/v2\/posts\/4238\/revisions\/4239"}],"wp:featuredmedia":[{"embeddable":true,"href":"https:\/\/www.sebastien-majerowicz.fr\/index.php\/wp-json\/wp\/v2\/media\/4237"}],"wp:attachment":[{"href":"https:\/\/www.sebastien-majerowicz.fr\/index.php\/wp-json\/wp\/v2\/media?parent=4238"}],"wp:term":[{"taxonomy":"category","embeddable":true,"href":"https:\/\/www.sebastien-majerowicz.fr\/index.php\/wp-json\/wp\/v2\/categories?post=4238"},{"taxonomy":"post_tag","embeddable":true,"href":"https:\/\/www.sebastien-majerowicz.fr\/index.php\/wp-json\/wp\/v2\/tags?post=4238"}],"curies":[{"name":"wp","href":"https:\/\/api.w.org\/{rel}","templated":true}]}}