{"id":4214,"date":"2019-06-13T06:40:52","date_gmt":"2019-06-13T04:40:52","guid":{"rendered":"http:\/\/www.sebastien-majerowicz.fr\/?p=4214"},"modified":"2019-06-13T06:40:54","modified_gmt":"2019-06-13T04:40:54","slug":"le-conquerant","status":"publish","type":"post","link":"https:\/\/www.sebastien-majerowicz.fr\/index.php\/2019\/06\/13\/le-conquerant\/","title":{"rendered":"Le conqu\u00e9rant"},"content":{"rendered":"\n<p>Ou quand la grandeur n&rsquo;est pas une question de taille \ud83d\ude09 Pour le puceron, le bord de son monde peut nous para\u00eetre tr\u00e8s proche mais quel horizon cela doit \u00eatre quand, comme lui, nous sommes perch\u00e9s sur un p\u00e9tale d&rsquo;Iris violac\u00e9. Quelle sensation incroyable d&rsquo;\u00eatre \u00e0 une hauteur des milliers de fois plus grande que sa propre taille !<\/p>\n\n\n\n<p>Mais devons-nous parler de courage quand on poss\u00e8de des ailes ?<\/p>\n\n\n\n<p>PS : Vous pouvez retrouvez cette photographie dans la galerie \u00ab\u00a0<a href=\"https:\/\/www.sebastien-majerowicz.fr\/index.php\/six-ou-huit\/\" target=\"_blank\" rel=\"noreferrer noopener\" aria-label=\"Six ou huit (s\u2019ouvre dans un nouvel onglet)\">Six ou huit<\/a>\u00a0\u00bb d\u00e9di\u00e9e aux petites b\u00e9b\u00eates \ud83d\ude09<\/p>\n","protected":false},"excerpt":{"rendered":"<p>Ou quand la grandeur n&rsquo;est pas une question de taille \ud83d\ude09 Pour le puceron, le bord de son monde peut nous para\u00eetre tr\u00e8s proche mais quel horizon cela doit \u00eatre quand, comme lui, nous sommes perch\u00e9s sur un p\u00e9tale d&rsquo;Iris violac\u00e9. Quelle sensation incroyable d&rsquo;\u00eatre \u00e0 une hauteur des milliers de fois plus grande que [&hellip;]<\/p>\n","protected":false},"author":1,"featured_media":4212,"comment_status":"open","ping_status":"open","sticky":false,"template":"","format":"standard","meta":{"footnotes":""},"categories":[12],"tags":[108,218,1092,1093,25,1094,56],"class_list":{"0":"post-4214","1":"post","2":"type-post","3":"status-publish","4":"format-standard","5":"has-post-thumbnail","7":"category-macrophotographie-animale","8":"tag-diptere","9":"tag-fleur","10":"tag-iris-de-dalmatie","11":"tag-iris-pallida","12":"tag-nikon-d5300","13":"tag-puceron","14":"tag-sigma-105-macro","15":"czr-hentry"},"yoast_head":"<!-- This site is optimized with the Yoast SEO plugin v27.5 - https:\/\/yoast.com\/product\/yoast-seo-wordpress\/ -->\n<title>Le conqu\u00e9rant - S\u00e9bastien Majerowicz<\/title>\n<meta name=\"robots\" content=\"index, follow, max-snippet:-1, max-image-preview:large, max-video-preview:-1\" \/>\n<link rel=\"canonical\" href=\"https:\/\/www.sebastien-majerowicz.fr\/index.php\/2019\/06\/13\/le-conquerant\/\" \/>\n<meta property=\"og:locale\" content=\"fr_FR\" \/>\n<meta property=\"og:type\" content=\"article\" \/>\n<meta property=\"og:title\" content=\"Le conqu\u00e9rant - S\u00e9bastien Majerowicz\" \/>\n<meta property=\"og:description\" content=\"Ou quand la grandeur n&rsquo;est pas une question de taille \ud83d\ude09 Pour le puceron, le bord de son monde peut nous para\u00eetre tr\u00e8s proche mais quel horizon cela doit \u00eatre quand, comme lui, nous sommes perch\u00e9s sur un p\u00e9tale d&rsquo;Iris violac\u00e9. Quelle sensation incroyable d&rsquo;\u00eatre \u00e0 une hauteur des milliers de fois plus grande que [&hellip;]\" \/>\n<meta property=\"og:url\" content=\"https:\/\/www.sebastien-majerowicz.fr\/index.php\/2019\/06\/13\/le-conquerant\/\" \/>\n<meta property=\"og:site_name\" content=\"S\u00e9bastien Majerowicz\" \/>\n<meta property=\"article:published_time\" content=\"2019-06-13T04:40:52+00:00\" \/>\n<meta property=\"article:modified_time\" content=\"2019-06-13T04:40:54+00:00\" \/>\n<meta property=\"og:image\" content=\"https:\/\/www.sebastien-majerowicz.fr\/wp-content\/uploads\/2019\/06\/DSC_6699-np.jpg\" \/>\n\t<meta property=\"og:image:width\" content=\"1024\" \/>\n\t<meta property=\"og:image:height\" content=\"683\" \/>\n\t<meta property=\"og:image:type\" content=\"image\/jpeg\" \/>\n<meta name=\"author\" content=\"S\u00e9bastien Majerowicz\" \/>\n<meta name=\"twitter:card\" content=\"summary_large_image\" \/>\n<meta name=\"twitter:label1\" content=\"\u00c9crit par\" \/>\n\t<meta name=\"twitter:data1\" content=\"S\u00e9bastien Majerowicz\" \/>\n<script type=\"application\/ld+json\" class=\"yoast-schema-graph\">{\"@context\":\"https:\\\/\\\/schema.org\",\"@graph\":[{\"@type\":\"Article\",\"@id\":\"https:\\\/\\\/www.sebastien-majerowicz.fr\\\/index.php\\\/2019\\\/06\\\/13\\\/le-conquerant\\\/#article\",\"isPartOf\":{\"@id\":\"https:\\\/\\\/www.sebastien-majerowicz.fr\\\/index.php\\\/2019\\\/06\\\/13\\\/le-conquerant\\\/\"},\"author\":{\"name\":\"S\u00e9bastien Majerowicz\",\"@id\":\"https:\\\/\\\/www.sebastien-majerowicz.fr\\\/#\\\/schema\\\/person\\\/a64c1066d12b40958b45bf7ab508f6a3\"},\"headline\":\"Le conqu\u00e9rant\",\"datePublished\":\"2019-06-13T04:40:52+00:00\",\"dateModified\":\"2019-06-13T04:40:54+00:00\",\"mainEntityOfPage\":{\"@id\":\"https:\\\/\\\/www.sebastien-majerowicz.fr\\\/index.php\\\/2019\\\/06\\\/13\\\/le-conquerant\\\/\"},\"wordCount\":97,\"commentCount\":0,\"publisher\":{\"@id\":\"https:\\\/\\\/www.sebastien-majerowicz.fr\\\/#\\\/schema\\\/person\\\/a64c1066d12b40958b45bf7ab508f6a3\"},\"image\":{\"@id\":\"https:\\\/\\\/www.sebastien-majerowicz.fr\\\/index.php\\\/2019\\\/06\\\/13\\\/le-conquerant\\\/#primaryimage\"},\"thumbnailUrl\":\"https:\\\/\\\/www.sebastien-majerowicz.fr\\\/wp-content\\\/uploads\\\/2019\\\/06\\\/DSC_6699-np.jpg\",\"keywords\":[\"Dipt\u00e8re\",\"Fleur\",\"Iris de Dalmatie\",\"Iris pallida\",\"Nikon D5300\",\"Puceron\",\"Sigma 105 macro\"],\"articleSection\":[\"Macrophotographie animale\"],\"inLanguage\":\"fr-FR\",\"potentialAction\":[{\"@type\":\"CommentAction\",\"name\":\"Comment\",\"target\":[\"https:\\\/\\\/www.sebastien-majerowicz.fr\\\/index.php\\\/2019\\\/06\\\/13\\\/le-conquerant\\\/#respond\"]}]},{\"@type\":\"WebPage\",\"@id\":\"https:\\\/\\\/www.sebastien-majerowicz.fr\\\/index.php\\\/2019\\\/06\\\/13\\\/le-conquerant\\\/\",\"url\":\"https:\\\/\\\/www.sebastien-majerowicz.fr\\\/index.php\\\/2019\\\/06\\\/13\\\/le-conquerant\\\/\",\"name\":\"Le conqu\u00e9rant - S\u00e9bastien Majerowicz\",\"isPartOf\":{\"@id\":\"https:\\\/\\\/www.sebastien-majerowicz.fr\\\/#website\"},\"primaryImageOfPage\":{\"@id\":\"https:\\\/\\\/www.sebastien-majerowicz.fr\\\/index.php\\\/2019\\\/06\\\/13\\\/le-conquerant\\\/#primaryimage\"},\"image\":{\"@id\":\"https:\\\/\\\/www.sebastien-majerowicz.fr\\\/index.php\\\/2019\\\/06\\\/13\\\/le-conquerant\\\/#primaryimage\"},\"thumbnailUrl\":\"https:\\\/\\\/www.sebastien-majerowicz.fr\\\/wp-content\\\/uploads\\\/2019\\\/06\\\/DSC_6699-np.jpg\",\"datePublished\":\"2019-06-13T04:40:52+00:00\",\"dateModified\":\"2019-06-13T04:40:54+00:00\",\"breadcrumb\":{\"@id\":\"https:\\\/\\\/www.sebastien-majerowicz.fr\\\/index.php\\\/2019\\\/06\\\/13\\\/le-conquerant\\\/#breadcrumb\"},\"inLanguage\":\"fr-FR\",\"potentialAction\":[{\"@type\":\"ReadAction\",\"target\":[\"https:\\\/\\\/www.sebastien-majerowicz.fr\\\/index.php\\\/2019\\\/06\\\/13\\\/le-conquerant\\\/\"]}]},{\"@type\":\"ImageObject\",\"inLanguage\":\"fr-FR\",\"@id\":\"https:\\\/\\\/www.sebastien-majerowicz.fr\\\/index.php\\\/2019\\\/06\\\/13\\\/le-conquerant\\\/#primaryimage\",\"url\":\"https:\\\/\\\/www.sebastien-majerowicz.fr\\\/wp-content\\\/uploads\\\/2019\\\/06\\\/DSC_6699-np.jpg\",\"contentUrl\":\"https:\\\/\\\/www.sebastien-majerowicz.fr\\\/wp-content\\\/uploads\\\/2019\\\/06\\\/DSC_6699-np.jpg\",\"width\":1024,\"height\":683,\"caption\":\"Puceron \\\/ Iris\"},{\"@type\":\"BreadcrumbList\",\"@id\":\"https:\\\/\\\/www.sebastien-majerowicz.fr\\\/index.php\\\/2019\\\/06\\\/13\\\/le-conquerant\\\/#breadcrumb\",\"itemListElement\":[{\"@type\":\"ListItem\",\"position\":1,\"name\":\"Accueil\",\"item\":\"https:\\\/\\\/www.sebastien-majerowicz.fr\\\/\"},{\"@type\":\"ListItem\",\"position\":2,\"name\":\"Le conqu\u00e9rant\"}]},{\"@type\":\"WebSite\",\"@id\":\"https:\\\/\\\/www.sebastien-majerowicz.fr\\\/#website\",\"url\":\"https:\\\/\\\/www.sebastien-majerowicz.fr\\\/\",\"name\":\"S\u00e9bastien Majerowicz\",\"description\":\"Photographe animalier par Nature\",\"publisher\":{\"@id\":\"https:\\\/\\\/www.sebastien-majerowicz.fr\\\/#\\\/schema\\\/person\\\/a64c1066d12b40958b45bf7ab508f6a3\"},\"potentialAction\":[{\"@type\":\"SearchAction\",\"target\":{\"@type\":\"EntryPoint\",\"urlTemplate\":\"https:\\\/\\\/www.sebastien-majerowicz.fr\\\/?s={search_term_string}\"},\"query-input\":{\"@type\":\"PropertyValueSpecification\",\"valueRequired\":true,\"valueName\":\"search_term_string\"}}],\"inLanguage\":\"fr-FR\"},{\"@type\":[\"Person\",\"Organization\"],\"@id\":\"https:\\\/\\\/www.sebastien-majerowicz.fr\\\/#\\\/schema\\\/person\\\/a64c1066d12b40958b45bf7ab508f6a3\",\"name\":\"S\u00e9bastien Majerowicz\",\"logo\":{\"@id\":\"https:\\\/\\\/www.sebastien-majerowicz.fr\\\/#\\\/schema\\\/person\\\/image\\\/\"},\"sameAs\":[\"https:\\\/\\\/www.sebastien-majerowicz.fr\"]}]}<\/script>\n<!-- \/ Yoast SEO plugin. -->","yoast_head_json":{"title":"Le conqu\u00e9rant - S\u00e9bastien Majerowicz","robots":{"index":"index","follow":"follow","max-snippet":"max-snippet:-1","max-image-preview":"max-image-preview:large","max-video-preview":"max-video-preview:-1"},"canonical":"https:\/\/www.sebastien-majerowicz.fr\/index.php\/2019\/06\/13\/le-conquerant\/","og_locale":"fr_FR","og_type":"article","og_title":"Le conqu\u00e9rant - S\u00e9bastien Majerowicz","og_description":"Ou quand la grandeur n&rsquo;est pas une question de taille \ud83d\ude09 Pour le puceron, le bord de son monde peut nous para\u00eetre tr\u00e8s proche mais quel horizon cela doit \u00eatre quand, comme lui, nous sommes perch\u00e9s sur un p\u00e9tale d&rsquo;Iris violac\u00e9. Quelle sensation incroyable d&rsquo;\u00eatre \u00e0 une hauteur des milliers de fois plus grande que [&hellip;]","og_url":"https:\/\/www.sebastien-majerowicz.fr\/index.php\/2019\/06\/13\/le-conquerant\/","og_site_name":"S\u00e9bastien Majerowicz","article_published_time":"2019-06-13T04:40:52+00:00","article_modified_time":"2019-06-13T04:40:54+00:00","og_image":[{"width":1024,"height":683,"url":"https:\/\/www.sebastien-majerowicz.fr\/wp-content\/uploads\/2019\/06\/DSC_6699-np.jpg","type":"image\/jpeg"}],"author":"S\u00e9bastien Majerowicz","twitter_card":"summary_large_image","twitter_misc":{"\u00c9crit par":"S\u00e9bastien Majerowicz"},"schema":{"@context":"https:\/\/schema.org","@graph":[{"@type":"Article","@id":"https:\/\/www.sebastien-majerowicz.fr\/index.php\/2019\/06\/13\/le-conquerant\/#article","isPartOf":{"@id":"https:\/\/www.sebastien-majerowicz.fr\/index.php\/2019\/06\/13\/le-conquerant\/"},"author":{"name":"S\u00e9bastien Majerowicz","@id":"https:\/\/www.sebastien-majerowicz.fr\/#\/schema\/person\/a64c1066d12b40958b45bf7ab508f6a3"},"headline":"Le conqu\u00e9rant","datePublished":"2019-06-13T04:40:52+00:00","dateModified":"2019-06-13T04:40:54+00:00","mainEntityOfPage":{"@id":"https:\/\/www.sebastien-majerowicz.fr\/index.php\/2019\/06\/13\/le-conquerant\/"},"wordCount":97,"commentCount":0,"publisher":{"@id":"https:\/\/www.sebastien-majerowicz.fr\/#\/schema\/person\/a64c1066d12b40958b45bf7ab508f6a3"},"image":{"@id":"https:\/\/www.sebastien-majerowicz.fr\/index.php\/2019\/06\/13\/le-conquerant\/#primaryimage"},"thumbnailUrl":"https:\/\/www.sebastien-majerowicz.fr\/wp-content\/uploads\/2019\/06\/DSC_6699-np.jpg","keywords":["Dipt\u00e8re","Fleur","Iris de Dalmatie","Iris pallida","Nikon D5300","Puceron","Sigma 105 macro"],"articleSection":["Macrophotographie animale"],"inLanguage":"fr-FR","potentialAction":[{"@type":"CommentAction","name":"Comment","target":["https:\/\/www.sebastien-majerowicz.fr\/index.php\/2019\/06\/13\/le-conquerant\/#respond"]}]},{"@type":"WebPage","@id":"https:\/\/www.sebastien-majerowicz.fr\/index.php\/2019\/06\/13\/le-conquerant\/","url":"https:\/\/www.sebastien-majerowicz.fr\/index.php\/2019\/06\/13\/le-conquerant\/","name":"Le conqu\u00e9rant - S\u00e9bastien Majerowicz","isPartOf":{"@id":"https:\/\/www.sebastien-majerowicz.fr\/#website"},"primaryImageOfPage":{"@id":"https:\/\/www.sebastien-majerowicz.fr\/index.php\/2019\/06\/13\/le-conquerant\/#primaryimage"},"image":{"@id":"https:\/\/www.sebastien-majerowicz.fr\/index.php\/2019\/06\/13\/le-conquerant\/#primaryimage"},"thumbnailUrl":"https:\/\/www.sebastien-majerowicz.fr\/wp-content\/uploads\/2019\/06\/DSC_6699-np.jpg","datePublished":"2019-06-13T04:40:52+00:00","dateModified":"2019-06-13T04:40:54+00:00","breadcrumb":{"@id":"https:\/\/www.sebastien-majerowicz.fr\/index.php\/2019\/06\/13\/le-conquerant\/#breadcrumb"},"inLanguage":"fr-FR","potentialAction":[{"@type":"ReadAction","target":["https:\/\/www.sebastien-majerowicz.fr\/index.php\/2019\/06\/13\/le-conquerant\/"]}]},{"@type":"ImageObject","inLanguage":"fr-FR","@id":"https:\/\/www.sebastien-majerowicz.fr\/index.php\/2019\/06\/13\/le-conquerant\/#primaryimage","url":"https:\/\/www.sebastien-majerowicz.fr\/wp-content\/uploads\/2019\/06\/DSC_6699-np.jpg","contentUrl":"https:\/\/www.sebastien-majerowicz.fr\/wp-content\/uploads\/2019\/06\/DSC_6699-np.jpg","width":1024,"height":683,"caption":"Puceron \/ Iris"},{"@type":"BreadcrumbList","@id":"https:\/\/www.sebastien-majerowicz.fr\/index.php\/2019\/06\/13\/le-conquerant\/#breadcrumb","itemListElement":[{"@type":"ListItem","position":1,"name":"Accueil","item":"https:\/\/www.sebastien-majerowicz.fr\/"},{"@type":"ListItem","position":2,"name":"Le conqu\u00e9rant"}]},{"@type":"WebSite","@id":"https:\/\/www.sebastien-majerowicz.fr\/#website","url":"https:\/\/www.sebastien-majerowicz.fr\/","name":"S\u00e9bastien Majerowicz","description":"Photographe animalier par Nature","publisher":{"@id":"https:\/\/www.sebastien-majerowicz.fr\/#\/schema\/person\/a64c1066d12b40958b45bf7ab508f6a3"},"potentialAction":[{"@type":"SearchAction","target":{"@type":"EntryPoint","urlTemplate":"https:\/\/www.sebastien-majerowicz.fr\/?s={search_term_string}"},"query-input":{"@type":"PropertyValueSpecification","valueRequired":true,"valueName":"search_term_string"}}],"inLanguage":"fr-FR"},{"@type":["Person","Organization"],"@id":"https:\/\/www.sebastien-majerowicz.fr\/#\/schema\/person\/a64c1066d12b40958b45bf7ab508f6a3","name":"S\u00e9bastien Majerowicz","logo":{"@id":"https:\/\/www.sebastien-majerowicz.fr\/#\/schema\/person\/image\/"},"sameAs":["https:\/\/www.sebastien-majerowicz.fr"]}]}},"_links":{"self":[{"href":"https:\/\/www.sebastien-majerowicz.fr\/index.php\/wp-json\/wp\/v2\/posts\/4214","targetHints":{"allow":["GET"]}}],"collection":[{"href":"https:\/\/www.sebastien-majerowicz.fr\/index.php\/wp-json\/wp\/v2\/posts"}],"about":[{"href":"https:\/\/www.sebastien-majerowicz.fr\/index.php\/wp-json\/wp\/v2\/types\/post"}],"author":[{"embeddable":true,"href":"https:\/\/www.sebastien-majerowicz.fr\/index.php\/wp-json\/wp\/v2\/users\/1"}],"replies":[{"embeddable":true,"href":"https:\/\/www.sebastien-majerowicz.fr\/index.php\/wp-json\/wp\/v2\/comments?post=4214"}],"version-history":[{"count":1,"href":"https:\/\/www.sebastien-majerowicz.fr\/index.php\/wp-json\/wp\/v2\/posts\/4214\/revisions"}],"predecessor-version":[{"id":4215,"href":"https:\/\/www.sebastien-majerowicz.fr\/index.php\/wp-json\/wp\/v2\/posts\/4214\/revisions\/4215"}],"wp:featuredmedia":[{"embeddable":true,"href":"https:\/\/www.sebastien-majerowicz.fr\/index.php\/wp-json\/wp\/v2\/media\/4212"}],"wp:attachment":[{"href":"https:\/\/www.sebastien-majerowicz.fr\/index.php\/wp-json\/wp\/v2\/media?parent=4214"}],"wp:term":[{"taxonomy":"category","embeddable":true,"href":"https:\/\/www.sebastien-majerowicz.fr\/index.php\/wp-json\/wp\/v2\/categories?post=4214"},{"taxonomy":"post_tag","embeddable":true,"href":"https:\/\/www.sebastien-majerowicz.fr\/index.php\/wp-json\/wp\/v2\/tags?post=4214"}],"curies":[{"name":"wp","href":"https:\/\/api.w.org\/{rel}","templated":true}]}}