{"id":4071,"date":"2019-02-20T14:14:13","date_gmt":"2019-02-20T13:14:13","guid":{"rendered":"http:\/\/www.sebastien-majerowicz.fr\/?p=4071"},"modified":"2019-02-20T14:14:15","modified_gmt":"2019-02-20T13:14:15","slug":"lincompris","status":"publish","type":"post","link":"https:\/\/www.sebastien-majerowicz.fr\/index.php\/2019\/02\/20\/lincompris\/","title":{"rendered":"L&rsquo;incompris"},"content":{"rendered":"\n<p>Le Pigeon biset (Columba livia) fait partie avec le ramier des pigeons pr\u00e9sents \u00e0 la ville. En effet, n&rsquo;\u00e9tant pas tr\u00e8s exigeant sur sa nourriture, il en trouve \u00e0 foison aupr\u00e8s des \u00eatres humains absolument pas regardant sur les d\u00e9chets qu&rsquo;ils occasionnent &#8230;<\/p>\n\n\n\n<p>Entour\u00e9s de grisaille, ces bip\u00e8des ne remarquent plus le superbe plumage de ce volatile d\u00e9cri\u00e9 \u00e0 tort. Que de couleurs incroyables, quel \u0153il envo\u00fbtant et il faut observer quelques minutes le vol minutieux et acrobatique du pigeon, \u00e0 croire qu&rsquo;il s&rsquo;amuse dans les airs !<\/p>\n\n\n\n<p>PS : Retrouvez cette photographie dans la galerie \u00ab\u00a0<a href=\"https:\/\/www.sebastien-majerowicz.fr\/index.php\/a-la-plume\/\" target=\"_blank\" rel=\"noreferrer noopener\" aria-label=\"A la plume (s\u2019ouvre dans un nouvel onglet)\">A la plume<\/a>\u00a0\u00bb entour\u00e9e d&rsquo;autres amis \u00e0 plume.<\/p>\n","protected":false},"excerpt":{"rendered":"<p>Le Pigeon biset (Columba livia) fait partie avec le ramier des pigeons pr\u00e9sents \u00e0 la ville. En effet, n&rsquo;\u00e9tant pas tr\u00e8s exigeant sur sa nourriture, il en trouve \u00e0 foison aupr\u00e8s des \u00eatres humains absolument pas regardant sur les d\u00e9chets qu&rsquo;ils occasionnent &#8230; Entour\u00e9s de grisaille, ces bip\u00e8des ne remarquent plus le superbe plumage de [&hellip;]<\/p>\n","protected":false},"author":1,"featured_media":4070,"comment_status":"open","ping_status":"open","sticky":false,"template":"","format":"standard","meta":{"footnotes":""},"categories":[14],"tags":[1072,25,55,1071,26],"class_list":{"0":"post-4071","1":"post","2":"type-post","3":"status-publish","4":"format-standard","5":"has-post-thumbnail","7":"category-oiseau","8":"tag-columba-livia","9":"tag-nikon-d5300","10":"tag-oiseau","11":"tag-pigeon-biset","12":"tag-sigma-150-600-contemporary","13":"czr-hentry"},"yoast_head":"<!-- This site is optimized with the Yoast SEO plugin v27.5 - https:\/\/yoast.com\/product\/yoast-seo-wordpress\/ -->\n<title>L&#039;incompris - S\u00e9bastien Majerowicz<\/title>\n<meta name=\"robots\" content=\"index, follow, max-snippet:-1, max-image-preview:large, max-video-preview:-1\" \/>\n<link rel=\"canonical\" href=\"https:\/\/www.sebastien-majerowicz.fr\/index.php\/2019\/02\/20\/lincompris\/\" \/>\n<meta property=\"og:locale\" content=\"fr_FR\" \/>\n<meta property=\"og:type\" content=\"article\" \/>\n<meta property=\"og:title\" content=\"L&#039;incompris - S\u00e9bastien Majerowicz\" \/>\n<meta property=\"og:description\" content=\"Le Pigeon biset (Columba livia) fait partie avec le ramier des pigeons pr\u00e9sents \u00e0 la ville. En effet, n&rsquo;\u00e9tant pas tr\u00e8s exigeant sur sa nourriture, il en trouve \u00e0 foison aupr\u00e8s des \u00eatres humains absolument pas regardant sur les d\u00e9chets qu&rsquo;ils occasionnent &#8230; Entour\u00e9s de grisaille, ces bip\u00e8des ne remarquent plus le superbe plumage de [&hellip;]\" \/>\n<meta property=\"og:url\" content=\"https:\/\/www.sebastien-majerowicz.fr\/index.php\/2019\/02\/20\/lincompris\/\" \/>\n<meta property=\"og:site_name\" content=\"S\u00e9bastien Majerowicz\" \/>\n<meta property=\"article:published_time\" content=\"2019-02-20T13:14:13+00:00\" \/>\n<meta property=\"article:modified_time\" content=\"2019-02-20T13:14:15+00:00\" \/>\n<meta property=\"og:image\" content=\"https:\/\/www.sebastien-majerowicz.fr\/wp-content\/uploads\/2019\/02\/DSC_6083-np.jpg\" \/>\n\t<meta property=\"og:image:width\" content=\"1024\" \/>\n\t<meta property=\"og:image:height\" content=\"683\" \/>\n\t<meta property=\"og:image:type\" content=\"image\/jpeg\" \/>\n<meta name=\"author\" content=\"S\u00e9bastien Majerowicz\" \/>\n<meta name=\"twitter:card\" content=\"summary_large_image\" \/>\n<meta name=\"twitter:label1\" content=\"\u00c9crit par\" \/>\n\t<meta name=\"twitter:data1\" content=\"S\u00e9bastien Majerowicz\" \/>\n\t<meta name=\"twitter:label2\" content=\"Dur\u00e9e de lecture estim\u00e9e\" \/>\n\t<meta name=\"twitter:data2\" content=\"1 minute\" \/>\n<script type=\"application\/ld+json\" class=\"yoast-schema-graph\">{\"@context\":\"https:\\\/\\\/schema.org\",\"@graph\":[{\"@type\":\"Article\",\"@id\":\"https:\\\/\\\/www.sebastien-majerowicz.fr\\\/index.php\\\/2019\\\/02\\\/20\\\/lincompris\\\/#article\",\"isPartOf\":{\"@id\":\"https:\\\/\\\/www.sebastien-majerowicz.fr\\\/index.php\\\/2019\\\/02\\\/20\\\/lincompris\\\/\"},\"author\":{\"name\":\"S\u00e9bastien Majerowicz\",\"@id\":\"https:\\\/\\\/www.sebastien-majerowicz.fr\\\/#\\\/schema\\\/person\\\/a64c1066d12b40958b45bf7ab508f6a3\"},\"headline\":\"L&rsquo;incompris\",\"datePublished\":\"2019-02-20T13:14:13+00:00\",\"dateModified\":\"2019-02-20T13:14:15+00:00\",\"mainEntityOfPage\":{\"@id\":\"https:\\\/\\\/www.sebastien-majerowicz.fr\\\/index.php\\\/2019\\\/02\\\/20\\\/lincompris\\\/\"},\"wordCount\":112,\"commentCount\":2,\"publisher\":{\"@id\":\"https:\\\/\\\/www.sebastien-majerowicz.fr\\\/#\\\/schema\\\/person\\\/a64c1066d12b40958b45bf7ab508f6a3\"},\"image\":{\"@id\":\"https:\\\/\\\/www.sebastien-majerowicz.fr\\\/index.php\\\/2019\\\/02\\\/20\\\/lincompris\\\/#primaryimage\"},\"thumbnailUrl\":\"https:\\\/\\\/www.sebastien-majerowicz.fr\\\/wp-content\\\/uploads\\\/2019\\\/02\\\/DSC_6083-np.jpg\",\"keywords\":[\"Columba livia\",\"Nikon D5300\",\"Oiseau\",\"Pigeon biset\",\"Sigma 150-600 Contemporary\"],\"articleSection\":[\"Oiseau\"],\"inLanguage\":\"fr-FR\",\"potentialAction\":[{\"@type\":\"CommentAction\",\"name\":\"Comment\",\"target\":[\"https:\\\/\\\/www.sebastien-majerowicz.fr\\\/index.php\\\/2019\\\/02\\\/20\\\/lincompris\\\/#respond\"]}]},{\"@type\":\"WebPage\",\"@id\":\"https:\\\/\\\/www.sebastien-majerowicz.fr\\\/index.php\\\/2019\\\/02\\\/20\\\/lincompris\\\/\",\"url\":\"https:\\\/\\\/www.sebastien-majerowicz.fr\\\/index.php\\\/2019\\\/02\\\/20\\\/lincompris\\\/\",\"name\":\"L'incompris - S\u00e9bastien Majerowicz\",\"isPartOf\":{\"@id\":\"https:\\\/\\\/www.sebastien-majerowicz.fr\\\/#website\"},\"primaryImageOfPage\":{\"@id\":\"https:\\\/\\\/www.sebastien-majerowicz.fr\\\/index.php\\\/2019\\\/02\\\/20\\\/lincompris\\\/#primaryimage\"},\"image\":{\"@id\":\"https:\\\/\\\/www.sebastien-majerowicz.fr\\\/index.php\\\/2019\\\/02\\\/20\\\/lincompris\\\/#primaryimage\"},\"thumbnailUrl\":\"https:\\\/\\\/www.sebastien-majerowicz.fr\\\/wp-content\\\/uploads\\\/2019\\\/02\\\/DSC_6083-np.jpg\",\"datePublished\":\"2019-02-20T13:14:13+00:00\",\"dateModified\":\"2019-02-20T13:14:15+00:00\",\"breadcrumb\":{\"@id\":\"https:\\\/\\\/www.sebastien-majerowicz.fr\\\/index.php\\\/2019\\\/02\\\/20\\\/lincompris\\\/#breadcrumb\"},\"inLanguage\":\"fr-FR\",\"potentialAction\":[{\"@type\":\"ReadAction\",\"target\":[\"https:\\\/\\\/www.sebastien-majerowicz.fr\\\/index.php\\\/2019\\\/02\\\/20\\\/lincompris\\\/\"]}]},{\"@type\":\"ImageObject\",\"inLanguage\":\"fr-FR\",\"@id\":\"https:\\\/\\\/www.sebastien-majerowicz.fr\\\/index.php\\\/2019\\\/02\\\/20\\\/lincompris\\\/#primaryimage\",\"url\":\"https:\\\/\\\/www.sebastien-majerowicz.fr\\\/wp-content\\\/uploads\\\/2019\\\/02\\\/DSC_6083-np.jpg\",\"contentUrl\":\"https:\\\/\\\/www.sebastien-majerowicz.fr\\\/wp-content\\\/uploads\\\/2019\\\/02\\\/DSC_6083-np.jpg\",\"width\":1024,\"height\":683,\"caption\":\"Pigeon biset \\\/ Columba livia\"},{\"@type\":\"BreadcrumbList\",\"@id\":\"https:\\\/\\\/www.sebastien-majerowicz.fr\\\/index.php\\\/2019\\\/02\\\/20\\\/lincompris\\\/#breadcrumb\",\"itemListElement\":[{\"@type\":\"ListItem\",\"position\":1,\"name\":\"Accueil\",\"item\":\"https:\\\/\\\/www.sebastien-majerowicz.fr\\\/\"},{\"@type\":\"ListItem\",\"position\":2,\"name\":\"L&rsquo;incompris\"}]},{\"@type\":\"WebSite\",\"@id\":\"https:\\\/\\\/www.sebastien-majerowicz.fr\\\/#website\",\"url\":\"https:\\\/\\\/www.sebastien-majerowicz.fr\\\/\",\"name\":\"S\u00e9bastien Majerowicz\",\"description\":\"Photographe animalier par Nature\",\"publisher\":{\"@id\":\"https:\\\/\\\/www.sebastien-majerowicz.fr\\\/#\\\/schema\\\/person\\\/a64c1066d12b40958b45bf7ab508f6a3\"},\"potentialAction\":[{\"@type\":\"SearchAction\",\"target\":{\"@type\":\"EntryPoint\",\"urlTemplate\":\"https:\\\/\\\/www.sebastien-majerowicz.fr\\\/?s={search_term_string}\"},\"query-input\":{\"@type\":\"PropertyValueSpecification\",\"valueRequired\":true,\"valueName\":\"search_term_string\"}}],\"inLanguage\":\"fr-FR\"},{\"@type\":[\"Person\",\"Organization\"],\"@id\":\"https:\\\/\\\/www.sebastien-majerowicz.fr\\\/#\\\/schema\\\/person\\\/a64c1066d12b40958b45bf7ab508f6a3\",\"name\":\"S\u00e9bastien Majerowicz\",\"logo\":{\"@id\":\"https:\\\/\\\/www.sebastien-majerowicz.fr\\\/#\\\/schema\\\/person\\\/image\\\/\"},\"sameAs\":[\"https:\\\/\\\/www.sebastien-majerowicz.fr\"]}]}<\/script>\n<!-- \/ Yoast SEO plugin. -->","yoast_head_json":{"title":"L'incompris - S\u00e9bastien Majerowicz","robots":{"index":"index","follow":"follow","max-snippet":"max-snippet:-1","max-image-preview":"max-image-preview:large","max-video-preview":"max-video-preview:-1"},"canonical":"https:\/\/www.sebastien-majerowicz.fr\/index.php\/2019\/02\/20\/lincompris\/","og_locale":"fr_FR","og_type":"article","og_title":"L'incompris - S\u00e9bastien Majerowicz","og_description":"Le Pigeon biset (Columba livia) fait partie avec le ramier des pigeons pr\u00e9sents \u00e0 la ville. En effet, n&rsquo;\u00e9tant pas tr\u00e8s exigeant sur sa nourriture, il en trouve \u00e0 foison aupr\u00e8s des \u00eatres humains absolument pas regardant sur les d\u00e9chets qu&rsquo;ils occasionnent &#8230; Entour\u00e9s de grisaille, ces bip\u00e8des ne remarquent plus le superbe plumage de [&hellip;]","og_url":"https:\/\/www.sebastien-majerowicz.fr\/index.php\/2019\/02\/20\/lincompris\/","og_site_name":"S\u00e9bastien Majerowicz","article_published_time":"2019-02-20T13:14:13+00:00","article_modified_time":"2019-02-20T13:14:15+00:00","og_image":[{"width":1024,"height":683,"url":"https:\/\/www.sebastien-majerowicz.fr\/wp-content\/uploads\/2019\/02\/DSC_6083-np.jpg","type":"image\/jpeg"}],"author":"S\u00e9bastien Majerowicz","twitter_card":"summary_large_image","twitter_misc":{"\u00c9crit par":"S\u00e9bastien Majerowicz","Dur\u00e9e de lecture estim\u00e9e":"1 minute"},"schema":{"@context":"https:\/\/schema.org","@graph":[{"@type":"Article","@id":"https:\/\/www.sebastien-majerowicz.fr\/index.php\/2019\/02\/20\/lincompris\/#article","isPartOf":{"@id":"https:\/\/www.sebastien-majerowicz.fr\/index.php\/2019\/02\/20\/lincompris\/"},"author":{"name":"S\u00e9bastien Majerowicz","@id":"https:\/\/www.sebastien-majerowicz.fr\/#\/schema\/person\/a64c1066d12b40958b45bf7ab508f6a3"},"headline":"L&rsquo;incompris","datePublished":"2019-02-20T13:14:13+00:00","dateModified":"2019-02-20T13:14:15+00:00","mainEntityOfPage":{"@id":"https:\/\/www.sebastien-majerowicz.fr\/index.php\/2019\/02\/20\/lincompris\/"},"wordCount":112,"commentCount":2,"publisher":{"@id":"https:\/\/www.sebastien-majerowicz.fr\/#\/schema\/person\/a64c1066d12b40958b45bf7ab508f6a3"},"image":{"@id":"https:\/\/www.sebastien-majerowicz.fr\/index.php\/2019\/02\/20\/lincompris\/#primaryimage"},"thumbnailUrl":"https:\/\/www.sebastien-majerowicz.fr\/wp-content\/uploads\/2019\/02\/DSC_6083-np.jpg","keywords":["Columba livia","Nikon D5300","Oiseau","Pigeon biset","Sigma 150-600 Contemporary"],"articleSection":["Oiseau"],"inLanguage":"fr-FR","potentialAction":[{"@type":"CommentAction","name":"Comment","target":["https:\/\/www.sebastien-majerowicz.fr\/index.php\/2019\/02\/20\/lincompris\/#respond"]}]},{"@type":"WebPage","@id":"https:\/\/www.sebastien-majerowicz.fr\/index.php\/2019\/02\/20\/lincompris\/","url":"https:\/\/www.sebastien-majerowicz.fr\/index.php\/2019\/02\/20\/lincompris\/","name":"L'incompris - S\u00e9bastien Majerowicz","isPartOf":{"@id":"https:\/\/www.sebastien-majerowicz.fr\/#website"},"primaryImageOfPage":{"@id":"https:\/\/www.sebastien-majerowicz.fr\/index.php\/2019\/02\/20\/lincompris\/#primaryimage"},"image":{"@id":"https:\/\/www.sebastien-majerowicz.fr\/index.php\/2019\/02\/20\/lincompris\/#primaryimage"},"thumbnailUrl":"https:\/\/www.sebastien-majerowicz.fr\/wp-content\/uploads\/2019\/02\/DSC_6083-np.jpg","datePublished":"2019-02-20T13:14:13+00:00","dateModified":"2019-02-20T13:14:15+00:00","breadcrumb":{"@id":"https:\/\/www.sebastien-majerowicz.fr\/index.php\/2019\/02\/20\/lincompris\/#breadcrumb"},"inLanguage":"fr-FR","potentialAction":[{"@type":"ReadAction","target":["https:\/\/www.sebastien-majerowicz.fr\/index.php\/2019\/02\/20\/lincompris\/"]}]},{"@type":"ImageObject","inLanguage":"fr-FR","@id":"https:\/\/www.sebastien-majerowicz.fr\/index.php\/2019\/02\/20\/lincompris\/#primaryimage","url":"https:\/\/www.sebastien-majerowicz.fr\/wp-content\/uploads\/2019\/02\/DSC_6083-np.jpg","contentUrl":"https:\/\/www.sebastien-majerowicz.fr\/wp-content\/uploads\/2019\/02\/DSC_6083-np.jpg","width":1024,"height":683,"caption":"Pigeon biset \/ Columba livia"},{"@type":"BreadcrumbList","@id":"https:\/\/www.sebastien-majerowicz.fr\/index.php\/2019\/02\/20\/lincompris\/#breadcrumb","itemListElement":[{"@type":"ListItem","position":1,"name":"Accueil","item":"https:\/\/www.sebastien-majerowicz.fr\/"},{"@type":"ListItem","position":2,"name":"L&rsquo;incompris"}]},{"@type":"WebSite","@id":"https:\/\/www.sebastien-majerowicz.fr\/#website","url":"https:\/\/www.sebastien-majerowicz.fr\/","name":"S\u00e9bastien Majerowicz","description":"Photographe animalier par Nature","publisher":{"@id":"https:\/\/www.sebastien-majerowicz.fr\/#\/schema\/person\/a64c1066d12b40958b45bf7ab508f6a3"},"potentialAction":[{"@type":"SearchAction","target":{"@type":"EntryPoint","urlTemplate":"https:\/\/www.sebastien-majerowicz.fr\/?s={search_term_string}"},"query-input":{"@type":"PropertyValueSpecification","valueRequired":true,"valueName":"search_term_string"}}],"inLanguage":"fr-FR"},{"@type":["Person","Organization"],"@id":"https:\/\/www.sebastien-majerowicz.fr\/#\/schema\/person\/a64c1066d12b40958b45bf7ab508f6a3","name":"S\u00e9bastien Majerowicz","logo":{"@id":"https:\/\/www.sebastien-majerowicz.fr\/#\/schema\/person\/image\/"},"sameAs":["https:\/\/www.sebastien-majerowicz.fr"]}]}},"_links":{"self":[{"href":"https:\/\/www.sebastien-majerowicz.fr\/index.php\/wp-json\/wp\/v2\/posts\/4071","targetHints":{"allow":["GET"]}}],"collection":[{"href":"https:\/\/www.sebastien-majerowicz.fr\/index.php\/wp-json\/wp\/v2\/posts"}],"about":[{"href":"https:\/\/www.sebastien-majerowicz.fr\/index.php\/wp-json\/wp\/v2\/types\/post"}],"author":[{"embeddable":true,"href":"https:\/\/www.sebastien-majerowicz.fr\/index.php\/wp-json\/wp\/v2\/users\/1"}],"replies":[{"embeddable":true,"href":"https:\/\/www.sebastien-majerowicz.fr\/index.php\/wp-json\/wp\/v2\/comments?post=4071"}],"version-history":[{"count":1,"href":"https:\/\/www.sebastien-majerowicz.fr\/index.php\/wp-json\/wp\/v2\/posts\/4071\/revisions"}],"predecessor-version":[{"id":4072,"href":"https:\/\/www.sebastien-majerowicz.fr\/index.php\/wp-json\/wp\/v2\/posts\/4071\/revisions\/4072"}],"wp:featuredmedia":[{"embeddable":true,"href":"https:\/\/www.sebastien-majerowicz.fr\/index.php\/wp-json\/wp\/v2\/media\/4070"}],"wp:attachment":[{"href":"https:\/\/www.sebastien-majerowicz.fr\/index.php\/wp-json\/wp\/v2\/media?parent=4071"}],"wp:term":[{"taxonomy":"category","embeddable":true,"href":"https:\/\/www.sebastien-majerowicz.fr\/index.php\/wp-json\/wp\/v2\/categories?post=4071"},{"taxonomy":"post_tag","embeddable":true,"href":"https:\/\/www.sebastien-majerowicz.fr\/index.php\/wp-json\/wp\/v2\/tags?post=4071"}],"curies":[{"name":"wp","href":"https:\/\/api.w.org\/{rel}","templated":true}]}}