{"id":3879,"date":"2019-01-01T02:00:49","date_gmt":"2019-01-01T01:00:49","guid":{"rendered":"http:\/\/www.sebastien-majerowicz.fr\/?p=3879"},"modified":"2018-12-31T18:45:43","modified_gmt":"2018-12-31T17:45:43","slug":"belle-et-heureuse-annee-2019","status":"publish","type":"post","link":"https:\/\/www.sebastien-majerowicz.fr\/index.php\/2019\/01\/01\/belle-et-heureuse-annee-2019\/","title":{"rendered":"Belle et heureuse ann\u00e9e 2019"},"content":{"rendered":"\n<p>Que puis-je ajouter \u00e0 ce cela ? Ah si \ud83d\ude09 Pour cette nouvelle ann\u00e9e qui d\u00e9bute, je vous souhaite \u00e0 toutes et \u00e0 tous, la sant\u00e9 car sans elle, rien n&rsquo;est possible. Je vous souhaite d&rsquo;\u00eatre au meilleur de votre forme pour affronter cette ann\u00e9e 2019 qui sera \u00e0 n&rsquo;en pas douter, d\u00e9cisive pour nous, individuellement et en tant qu&rsquo;esp\u00e8ce.<\/p>\n\n\n\n<p>Chacune et chacun aura la responsabilit\u00e9 de prot\u00e9ger et respecter au mieux notre m\u00e8re commune, la Nature et de tout faire pour que tout le monde en fasse de m\u00eame ! Je vous invite \u00e0 manifester, \u00e0 d\u00e9battre, \u00e0 argumenter, &#8230; et \u00e0 voter !<\/p>\n\n\n\n<p>Au plaisir de vous rencontrer ici ou ailleurs,<\/p>\n\n\n\n<p>S\u00e9bastien Majerowicz<\/p>\n","protected":false},"excerpt":{"rendered":"<p>Que puis-je ajouter \u00e0 ce cela ? Ah si \ud83d\ude09 Pour cette nouvelle ann\u00e9e qui d\u00e9bute, je vous souhaite \u00e0 toutes et \u00e0 tous, la sant\u00e9 car sans elle, rien n&rsquo;est possible. Je vous souhaite d&rsquo;\u00eatre au meilleur de votre forme pour affronter cette ann\u00e9e 2019 qui sera \u00e0 n&rsquo;en pas douter, d\u00e9cisive pour nous, [&hellip;]<\/p>\n","protected":false},"author":1,"featured_media":3878,"comment_status":"open","ping_status":"open","sticky":false,"template":"","format":"standard","meta":{"footnotes":""},"categories":[424],"tags":[897],"class_list":{"0":"post-3879","1":"post","2":"type-post","3":"status-publish","4":"format-standard","5":"has-post-thumbnail","7":"category-concours","8":"tag-calendrier","9":"czr-hentry"},"yoast_head":"<!-- This site is optimized with the Yoast SEO plugin v27.5 - https:\/\/yoast.com\/product\/yoast-seo-wordpress\/ -->\n<title>Belle et heureuse ann\u00e9e 2019 - S\u00e9bastien Majerowicz<\/title>\n<meta name=\"robots\" content=\"index, follow, max-snippet:-1, max-image-preview:large, max-video-preview:-1\" \/>\n<link rel=\"canonical\" href=\"https:\/\/www.sebastien-majerowicz.fr\/index.php\/2019\/01\/01\/belle-et-heureuse-annee-2019\/\" \/>\n<meta property=\"og:locale\" content=\"fr_FR\" \/>\n<meta property=\"og:type\" content=\"article\" \/>\n<meta property=\"og:title\" content=\"Belle et heureuse ann\u00e9e 2019 - S\u00e9bastien Majerowicz\" \/>\n<meta property=\"og:description\" content=\"Que puis-je ajouter \u00e0 ce cela ? Ah si \ud83d\ude09 Pour cette nouvelle ann\u00e9e qui d\u00e9bute, je vous souhaite \u00e0 toutes et \u00e0 tous, la sant\u00e9 car sans elle, rien n&rsquo;est possible. Je vous souhaite d&rsquo;\u00eatre au meilleur de votre forme pour affronter cette ann\u00e9e 2019 qui sera \u00e0 n&rsquo;en pas douter, d\u00e9cisive pour nous, [&hellip;]\" \/>\n<meta property=\"og:url\" content=\"https:\/\/www.sebastien-majerowicz.fr\/index.php\/2019\/01\/01\/belle-et-heureuse-annee-2019\/\" \/>\n<meta property=\"og:site_name\" content=\"S\u00e9bastien Majerowicz\" \/>\n<meta property=\"article:published_time\" content=\"2019-01-01T01:00:49+00:00\" \/>\n<meta property=\"og:image\" content=\"https:\/\/www.sebastien-majerowicz.fr\/wp-content\/uploads\/2018\/12\/Bonne-ann\u00e9e-2019.png\" \/>\n\t<meta property=\"og:image:width\" content=\"945\" \/>\n\t<meta property=\"og:image:height\" content=\"756\" \/>\n\t<meta property=\"og:image:type\" content=\"image\/png\" \/>\n<meta name=\"author\" content=\"S\u00e9bastien Majerowicz\" \/>\n<meta name=\"twitter:card\" content=\"summary_large_image\" \/>\n<meta name=\"twitter:label1\" content=\"\u00c9crit par\" \/>\n\t<meta name=\"twitter:data1\" content=\"S\u00e9bastien Majerowicz\" \/>\n\t<meta name=\"twitter:label2\" content=\"Dur\u00e9e de lecture estim\u00e9e\" \/>\n\t<meta name=\"twitter:data2\" content=\"1 minute\" \/>\n<script type=\"application\/ld+json\" class=\"yoast-schema-graph\">{\"@context\":\"https:\\\/\\\/schema.org\",\"@graph\":[{\"@type\":\"Article\",\"@id\":\"https:\\\/\\\/www.sebastien-majerowicz.fr\\\/index.php\\\/2019\\\/01\\\/01\\\/belle-et-heureuse-annee-2019\\\/#article\",\"isPartOf\":{\"@id\":\"https:\\\/\\\/www.sebastien-majerowicz.fr\\\/index.php\\\/2019\\\/01\\\/01\\\/belle-et-heureuse-annee-2019\\\/\"},\"author\":{\"name\":\"S\u00e9bastien Majerowicz\",\"@id\":\"https:\\\/\\\/www.sebastien-majerowicz.fr\\\/#\\\/schema\\\/person\\\/a64c1066d12b40958b45bf7ab508f6a3\"},\"headline\":\"Belle et heureuse ann\u00e9e 2019\",\"datePublished\":\"2019-01-01T01:00:49+00:00\",\"mainEntityOfPage\":{\"@id\":\"https:\\\/\\\/www.sebastien-majerowicz.fr\\\/index.php\\\/2019\\\/01\\\/01\\\/belle-et-heureuse-annee-2019\\\/\"},\"wordCount\":120,\"commentCount\":2,\"publisher\":{\"@id\":\"https:\\\/\\\/www.sebastien-majerowicz.fr\\\/#\\\/schema\\\/person\\\/a64c1066d12b40958b45bf7ab508f6a3\"},\"image\":{\"@id\":\"https:\\\/\\\/www.sebastien-majerowicz.fr\\\/index.php\\\/2019\\\/01\\\/01\\\/belle-et-heureuse-annee-2019\\\/#primaryimage\"},\"thumbnailUrl\":\"https:\\\/\\\/www.sebastien-majerowicz.fr\\\/wp-content\\\/uploads\\\/2018\\\/12\\\/Bonne-ann\u00e9e-2019.png\",\"keywords\":[\"Calendrier\"],\"articleSection\":[\"Concours\"],\"inLanguage\":\"fr-FR\",\"potentialAction\":[{\"@type\":\"CommentAction\",\"name\":\"Comment\",\"target\":[\"https:\\\/\\\/www.sebastien-majerowicz.fr\\\/index.php\\\/2019\\\/01\\\/01\\\/belle-et-heureuse-annee-2019\\\/#respond\"]}]},{\"@type\":\"WebPage\",\"@id\":\"https:\\\/\\\/www.sebastien-majerowicz.fr\\\/index.php\\\/2019\\\/01\\\/01\\\/belle-et-heureuse-annee-2019\\\/\",\"url\":\"https:\\\/\\\/www.sebastien-majerowicz.fr\\\/index.php\\\/2019\\\/01\\\/01\\\/belle-et-heureuse-annee-2019\\\/\",\"name\":\"Belle et heureuse ann\u00e9e 2019 - S\u00e9bastien Majerowicz\",\"isPartOf\":{\"@id\":\"https:\\\/\\\/www.sebastien-majerowicz.fr\\\/#website\"},\"primaryImageOfPage\":{\"@id\":\"https:\\\/\\\/www.sebastien-majerowicz.fr\\\/index.php\\\/2019\\\/01\\\/01\\\/belle-et-heureuse-annee-2019\\\/#primaryimage\"},\"image\":{\"@id\":\"https:\\\/\\\/www.sebastien-majerowicz.fr\\\/index.php\\\/2019\\\/01\\\/01\\\/belle-et-heureuse-annee-2019\\\/#primaryimage\"},\"thumbnailUrl\":\"https:\\\/\\\/www.sebastien-majerowicz.fr\\\/wp-content\\\/uploads\\\/2018\\\/12\\\/Bonne-ann\u00e9e-2019.png\",\"datePublished\":\"2019-01-01T01:00:49+00:00\",\"breadcrumb\":{\"@id\":\"https:\\\/\\\/www.sebastien-majerowicz.fr\\\/index.php\\\/2019\\\/01\\\/01\\\/belle-et-heureuse-annee-2019\\\/#breadcrumb\"},\"inLanguage\":\"fr-FR\",\"potentialAction\":[{\"@type\":\"ReadAction\",\"target\":[\"https:\\\/\\\/www.sebastien-majerowicz.fr\\\/index.php\\\/2019\\\/01\\\/01\\\/belle-et-heureuse-annee-2019\\\/\"]}]},{\"@type\":\"ImageObject\",\"inLanguage\":\"fr-FR\",\"@id\":\"https:\\\/\\\/www.sebastien-majerowicz.fr\\\/index.php\\\/2019\\\/01\\\/01\\\/belle-et-heureuse-annee-2019\\\/#primaryimage\",\"url\":\"https:\\\/\\\/www.sebastien-majerowicz.fr\\\/wp-content\\\/uploads\\\/2018\\\/12\\\/Bonne-ann\u00e9e-2019.png\",\"contentUrl\":\"https:\\\/\\\/www.sebastien-majerowicz.fr\\\/wp-content\\\/uploads\\\/2018\\\/12\\\/Bonne-ann\u00e9e-2019.png\",\"width\":945,\"height\":756,\"caption\":\"Bonne ann\u00e9e 2019\"},{\"@type\":\"BreadcrumbList\",\"@id\":\"https:\\\/\\\/www.sebastien-majerowicz.fr\\\/index.php\\\/2019\\\/01\\\/01\\\/belle-et-heureuse-annee-2019\\\/#breadcrumb\",\"itemListElement\":[{\"@type\":\"ListItem\",\"position\":1,\"name\":\"Accueil\",\"item\":\"https:\\\/\\\/www.sebastien-majerowicz.fr\\\/\"},{\"@type\":\"ListItem\",\"position\":2,\"name\":\"Belle et heureuse ann\u00e9e 2019\"}]},{\"@type\":\"WebSite\",\"@id\":\"https:\\\/\\\/www.sebastien-majerowicz.fr\\\/#website\",\"url\":\"https:\\\/\\\/www.sebastien-majerowicz.fr\\\/\",\"name\":\"S\u00e9bastien Majerowicz\",\"description\":\"Photographe animalier par Nature\",\"publisher\":{\"@id\":\"https:\\\/\\\/www.sebastien-majerowicz.fr\\\/#\\\/schema\\\/person\\\/a64c1066d12b40958b45bf7ab508f6a3\"},\"potentialAction\":[{\"@type\":\"SearchAction\",\"target\":{\"@type\":\"EntryPoint\",\"urlTemplate\":\"https:\\\/\\\/www.sebastien-majerowicz.fr\\\/?s={search_term_string}\"},\"query-input\":{\"@type\":\"PropertyValueSpecification\",\"valueRequired\":true,\"valueName\":\"search_term_string\"}}],\"inLanguage\":\"fr-FR\"},{\"@type\":[\"Person\",\"Organization\"],\"@id\":\"https:\\\/\\\/www.sebastien-majerowicz.fr\\\/#\\\/schema\\\/person\\\/a64c1066d12b40958b45bf7ab508f6a3\",\"name\":\"S\u00e9bastien Majerowicz\",\"logo\":{\"@id\":\"https:\\\/\\\/www.sebastien-majerowicz.fr\\\/#\\\/schema\\\/person\\\/image\\\/\"},\"sameAs\":[\"https:\\\/\\\/www.sebastien-majerowicz.fr\"]}]}<\/script>\n<!-- \/ Yoast SEO plugin. -->","yoast_head_json":{"title":"Belle et heureuse ann\u00e9e 2019 - S\u00e9bastien Majerowicz","robots":{"index":"index","follow":"follow","max-snippet":"max-snippet:-1","max-image-preview":"max-image-preview:large","max-video-preview":"max-video-preview:-1"},"canonical":"https:\/\/www.sebastien-majerowicz.fr\/index.php\/2019\/01\/01\/belle-et-heureuse-annee-2019\/","og_locale":"fr_FR","og_type":"article","og_title":"Belle et heureuse ann\u00e9e 2019 - S\u00e9bastien Majerowicz","og_description":"Que puis-je ajouter \u00e0 ce cela ? Ah si \ud83d\ude09 Pour cette nouvelle ann\u00e9e qui d\u00e9bute, je vous souhaite \u00e0 toutes et \u00e0 tous, la sant\u00e9 car sans elle, rien n&rsquo;est possible. Je vous souhaite d&rsquo;\u00eatre au meilleur de votre forme pour affronter cette ann\u00e9e 2019 qui sera \u00e0 n&rsquo;en pas douter, d\u00e9cisive pour nous, [&hellip;]","og_url":"https:\/\/www.sebastien-majerowicz.fr\/index.php\/2019\/01\/01\/belle-et-heureuse-annee-2019\/","og_site_name":"S\u00e9bastien Majerowicz","article_published_time":"2019-01-01T01:00:49+00:00","og_image":[{"width":945,"height":756,"url":"https:\/\/www.sebastien-majerowicz.fr\/wp-content\/uploads\/2018\/12\/Bonne-ann\u00e9e-2019.png","type":"image\/png"}],"author":"S\u00e9bastien Majerowicz","twitter_card":"summary_large_image","twitter_misc":{"\u00c9crit par":"S\u00e9bastien Majerowicz","Dur\u00e9e de lecture estim\u00e9e":"1 minute"},"schema":{"@context":"https:\/\/schema.org","@graph":[{"@type":"Article","@id":"https:\/\/www.sebastien-majerowicz.fr\/index.php\/2019\/01\/01\/belle-et-heureuse-annee-2019\/#article","isPartOf":{"@id":"https:\/\/www.sebastien-majerowicz.fr\/index.php\/2019\/01\/01\/belle-et-heureuse-annee-2019\/"},"author":{"name":"S\u00e9bastien Majerowicz","@id":"https:\/\/www.sebastien-majerowicz.fr\/#\/schema\/person\/a64c1066d12b40958b45bf7ab508f6a3"},"headline":"Belle et heureuse ann\u00e9e 2019","datePublished":"2019-01-01T01:00:49+00:00","mainEntityOfPage":{"@id":"https:\/\/www.sebastien-majerowicz.fr\/index.php\/2019\/01\/01\/belle-et-heureuse-annee-2019\/"},"wordCount":120,"commentCount":2,"publisher":{"@id":"https:\/\/www.sebastien-majerowicz.fr\/#\/schema\/person\/a64c1066d12b40958b45bf7ab508f6a3"},"image":{"@id":"https:\/\/www.sebastien-majerowicz.fr\/index.php\/2019\/01\/01\/belle-et-heureuse-annee-2019\/#primaryimage"},"thumbnailUrl":"https:\/\/www.sebastien-majerowicz.fr\/wp-content\/uploads\/2018\/12\/Bonne-ann\u00e9e-2019.png","keywords":["Calendrier"],"articleSection":["Concours"],"inLanguage":"fr-FR","potentialAction":[{"@type":"CommentAction","name":"Comment","target":["https:\/\/www.sebastien-majerowicz.fr\/index.php\/2019\/01\/01\/belle-et-heureuse-annee-2019\/#respond"]}]},{"@type":"WebPage","@id":"https:\/\/www.sebastien-majerowicz.fr\/index.php\/2019\/01\/01\/belle-et-heureuse-annee-2019\/","url":"https:\/\/www.sebastien-majerowicz.fr\/index.php\/2019\/01\/01\/belle-et-heureuse-annee-2019\/","name":"Belle et heureuse ann\u00e9e 2019 - S\u00e9bastien Majerowicz","isPartOf":{"@id":"https:\/\/www.sebastien-majerowicz.fr\/#website"},"primaryImageOfPage":{"@id":"https:\/\/www.sebastien-majerowicz.fr\/index.php\/2019\/01\/01\/belle-et-heureuse-annee-2019\/#primaryimage"},"image":{"@id":"https:\/\/www.sebastien-majerowicz.fr\/index.php\/2019\/01\/01\/belle-et-heureuse-annee-2019\/#primaryimage"},"thumbnailUrl":"https:\/\/www.sebastien-majerowicz.fr\/wp-content\/uploads\/2018\/12\/Bonne-ann\u00e9e-2019.png","datePublished":"2019-01-01T01:00:49+00:00","breadcrumb":{"@id":"https:\/\/www.sebastien-majerowicz.fr\/index.php\/2019\/01\/01\/belle-et-heureuse-annee-2019\/#breadcrumb"},"inLanguage":"fr-FR","potentialAction":[{"@type":"ReadAction","target":["https:\/\/www.sebastien-majerowicz.fr\/index.php\/2019\/01\/01\/belle-et-heureuse-annee-2019\/"]}]},{"@type":"ImageObject","inLanguage":"fr-FR","@id":"https:\/\/www.sebastien-majerowicz.fr\/index.php\/2019\/01\/01\/belle-et-heureuse-annee-2019\/#primaryimage","url":"https:\/\/www.sebastien-majerowicz.fr\/wp-content\/uploads\/2018\/12\/Bonne-ann\u00e9e-2019.png","contentUrl":"https:\/\/www.sebastien-majerowicz.fr\/wp-content\/uploads\/2018\/12\/Bonne-ann\u00e9e-2019.png","width":945,"height":756,"caption":"Bonne ann\u00e9e 2019"},{"@type":"BreadcrumbList","@id":"https:\/\/www.sebastien-majerowicz.fr\/index.php\/2019\/01\/01\/belle-et-heureuse-annee-2019\/#breadcrumb","itemListElement":[{"@type":"ListItem","position":1,"name":"Accueil","item":"https:\/\/www.sebastien-majerowicz.fr\/"},{"@type":"ListItem","position":2,"name":"Belle et heureuse ann\u00e9e 2019"}]},{"@type":"WebSite","@id":"https:\/\/www.sebastien-majerowicz.fr\/#website","url":"https:\/\/www.sebastien-majerowicz.fr\/","name":"S\u00e9bastien Majerowicz","description":"Photographe animalier par Nature","publisher":{"@id":"https:\/\/www.sebastien-majerowicz.fr\/#\/schema\/person\/a64c1066d12b40958b45bf7ab508f6a3"},"potentialAction":[{"@type":"SearchAction","target":{"@type":"EntryPoint","urlTemplate":"https:\/\/www.sebastien-majerowicz.fr\/?s={search_term_string}"},"query-input":{"@type":"PropertyValueSpecification","valueRequired":true,"valueName":"search_term_string"}}],"inLanguage":"fr-FR"},{"@type":["Person","Organization"],"@id":"https:\/\/www.sebastien-majerowicz.fr\/#\/schema\/person\/a64c1066d12b40958b45bf7ab508f6a3","name":"S\u00e9bastien Majerowicz","logo":{"@id":"https:\/\/www.sebastien-majerowicz.fr\/#\/schema\/person\/image\/"},"sameAs":["https:\/\/www.sebastien-majerowicz.fr"]}]}},"_links":{"self":[{"href":"https:\/\/www.sebastien-majerowicz.fr\/index.php\/wp-json\/wp\/v2\/posts\/3879","targetHints":{"allow":["GET"]}}],"collection":[{"href":"https:\/\/www.sebastien-majerowicz.fr\/index.php\/wp-json\/wp\/v2\/posts"}],"about":[{"href":"https:\/\/www.sebastien-majerowicz.fr\/index.php\/wp-json\/wp\/v2\/types\/post"}],"author":[{"embeddable":true,"href":"https:\/\/www.sebastien-majerowicz.fr\/index.php\/wp-json\/wp\/v2\/users\/1"}],"replies":[{"embeddable":true,"href":"https:\/\/www.sebastien-majerowicz.fr\/index.php\/wp-json\/wp\/v2\/comments?post=3879"}],"version-history":[{"count":2,"href":"https:\/\/www.sebastien-majerowicz.fr\/index.php\/wp-json\/wp\/v2\/posts\/3879\/revisions"}],"predecessor-version":[{"id":3881,"href":"https:\/\/www.sebastien-majerowicz.fr\/index.php\/wp-json\/wp\/v2\/posts\/3879\/revisions\/3881"}],"wp:featuredmedia":[{"embeddable":true,"href":"https:\/\/www.sebastien-majerowicz.fr\/index.php\/wp-json\/wp\/v2\/media\/3878"}],"wp:attachment":[{"href":"https:\/\/www.sebastien-majerowicz.fr\/index.php\/wp-json\/wp\/v2\/media?parent=3879"}],"wp:term":[{"taxonomy":"category","embeddable":true,"href":"https:\/\/www.sebastien-majerowicz.fr\/index.php\/wp-json\/wp\/v2\/categories?post=3879"},{"taxonomy":"post_tag","embeddable":true,"href":"https:\/\/www.sebastien-majerowicz.fr\/index.php\/wp-json\/wp\/v2\/tags?post=3879"}],"curies":[{"name":"wp","href":"https:\/\/api.w.org\/{rel}","templated":true}]}}