{"id":369,"date":"2017-01-27T20:59:44","date_gmt":"2017-01-27T19:59:44","guid":{"rendered":"http:\/\/www.sebastien-majerowicz.fr\/?p=369"},"modified":"2017-11-28T11:26:27","modified_gmt":"2017-11-28T10:26:27","slug":"loeil-du-tigre","status":"publish","type":"post","link":"https:\/\/www.sebastien-majerowicz.fr\/index.php\/2017\/01\/27\/loeil-du-tigre\/","title":{"rendered":"L\u2019\u0153il du tigre"},"content":{"rendered":"<p>Depuis que je fais de la photographie animali\u00e8re, je n&rsquo;ai jamais \u00e9t\u00e9 capable de m&rsquo;approcher \u00e0 moins de 20 m\u00e8tres d&rsquo;un Geai des ch\u00eanes (Garrulus glandarius). Et l\u00e0, voil\u00e0 qu&rsquo;il se pose en face de ma fen\u00eatre de salon ! J&rsquo;ai eu le droit \u00e0 dix secondes de pose &#8230;<!--more--><\/p>\n<p>Le Geai a un comportement identique \u00e0 l&rsquo;\u00e9cureuil roux dans le sens o\u00f9 il cache sa nourriture l&rsquo;automne pour mieux s&rsquo;en servir l&rsquo;hiver ! Enfin, quand il trouve ses caches &#8230; d&rsquo;ailleurs, le fait qu&rsquo;il ou<span class=\"text_exposed_show\">blie o\u00f9 il a cach\u00e9 ses glands fait du geai un excellent participant \u00e0 la diss\u00e9mination des ch\u00eanes puisque les glands non trouv\u00e9s finissent par germer <span class=\"_47e3 _5mfr\" title=\"\u00e9motic\u00f4ne wink\">\ud83d\ude09<\/span><\/span><\/p>\n<p>PS : Cette photo a inspir\u00e9 une artiste des mots, Chatnine. Je vous encourage \u00e0 aller lire <a href=\"http:\/\/chatnine.fr\/2017\/01\/29\/loeil-du-tigre\/\" target=\"_blank\" rel=\"noopener\">son po\u00e8me<\/a>.<\/p>\n","protected":false},"excerpt":{"rendered":"<p>Depuis que je fais de la photographie animali\u00e8re, je n&rsquo;ai jamais \u00e9t\u00e9 capable de m&rsquo;approcher \u00e0 moins de 20 m\u00e8tres d&rsquo;un Geai des ch\u00eanes (Garrulus glandarius). Et l\u00e0, voil\u00e0 qu&rsquo;il se pose en face de ma fen\u00eatre de salon ! J&rsquo;ai eu le droit \u00e0 dix secondes de pose &#8230;<\/p>\n","protected":false},"author":1,"featured_media":370,"comment_status":"open","ping_status":"open","sticky":false,"template":"","format":"standard","meta":{"footnotes":""},"categories":[14],"tags":[776,244,245,25,55,26],"class_list":{"0":"post-369","1":"post","2":"type-post","3":"status-publish","4":"format-standard","5":"has-post-thumbnail","7":"category-oiseau","8":"tag-chatnine","9":"tag-garrulus-glandarius","10":"tag-geai-des-chenes","11":"tag-nikon-d5300","12":"tag-oiseau","13":"tag-sigma-150-600-contemporary","14":"czr-hentry"},"yoast_head":"<!-- This site is optimized with the Yoast SEO plugin v27.5 - https:\/\/yoast.com\/product\/yoast-seo-wordpress\/ -->\n<title>L\u2019\u0153il du tigre - S\u00e9bastien Majerowicz<\/title>\n<meta name=\"robots\" content=\"index, follow, max-snippet:-1, max-image-preview:large, max-video-preview:-1\" \/>\n<link rel=\"canonical\" href=\"https:\/\/www.sebastien-majerowicz.fr\/index.php\/2017\/01\/27\/loeil-du-tigre\/\" \/>\n<meta property=\"og:locale\" content=\"fr_FR\" \/>\n<meta property=\"og:type\" content=\"article\" \/>\n<meta property=\"og:title\" content=\"L\u2019\u0153il du tigre - S\u00e9bastien Majerowicz\" \/>\n<meta property=\"og:description\" content=\"Depuis que je fais de la photographie animali\u00e8re, je n&rsquo;ai jamais \u00e9t\u00e9 capable de m&rsquo;approcher \u00e0 moins de 20 m\u00e8tres d&rsquo;un Geai des ch\u00eanes (Garrulus glandarius). Et l\u00e0, voil\u00e0 qu&rsquo;il se pose en face de ma fen\u00eatre de salon ! J&rsquo;ai eu le droit \u00e0 dix secondes de pose &#8230;\" \/>\n<meta property=\"og:url\" content=\"https:\/\/www.sebastien-majerowicz.fr\/index.php\/2017\/01\/27\/loeil-du-tigre\/\" \/>\n<meta property=\"og:site_name\" content=\"S\u00e9bastien Majerowicz\" \/>\n<meta property=\"article:published_time\" content=\"2017-01-27T19:59:44+00:00\" \/>\n<meta property=\"article:modified_time\" content=\"2017-11-28T10:26:27+00:00\" \/>\n<meta property=\"og:image\" content=\"https:\/\/www.sebastien-majerowicz.fr\/wp-content\/uploads\/2017\/03\/32366584301_da89333a07_b.jpg\" \/>\n\t<meta property=\"og:image:width\" content=\"1024\" \/>\n\t<meta property=\"og:image:height\" content=\"768\" \/>\n\t<meta property=\"og:image:type\" content=\"image\/jpeg\" \/>\n<meta name=\"author\" content=\"S\u00e9bastien Majerowicz\" \/>\n<meta name=\"twitter:card\" content=\"summary_large_image\" \/>\n<meta name=\"twitter:label1\" content=\"\u00c9crit par\" \/>\n\t<meta name=\"twitter:data1\" content=\"S\u00e9bastien Majerowicz\" \/>\n\t<meta name=\"twitter:label2\" content=\"Dur\u00e9e de lecture estim\u00e9e\" \/>\n\t<meta name=\"twitter:data2\" content=\"1 minute\" \/>\n<script type=\"application\/ld+json\" class=\"yoast-schema-graph\">{\"@context\":\"https:\\\/\\\/schema.org\",\"@graph\":[{\"@type\":\"Article\",\"@id\":\"https:\\\/\\\/www.sebastien-majerowicz.fr\\\/index.php\\\/2017\\\/01\\\/27\\\/loeil-du-tigre\\\/#article\",\"isPartOf\":{\"@id\":\"https:\\\/\\\/www.sebastien-majerowicz.fr\\\/index.php\\\/2017\\\/01\\\/27\\\/loeil-du-tigre\\\/\"},\"author\":{\"name\":\"S\u00e9bastien Majerowicz\",\"@id\":\"https:\\\/\\\/www.sebastien-majerowicz.fr\\\/#\\\/schema\\\/person\\\/a64c1066d12b40958b45bf7ab508f6a3\"},\"headline\":\"L\u2019\u0153il du tigre\",\"datePublished\":\"2017-01-27T19:59:44+00:00\",\"dateModified\":\"2017-11-28T10:26:27+00:00\",\"mainEntityOfPage\":{\"@id\":\"https:\\\/\\\/www.sebastien-majerowicz.fr\\\/index.php\\\/2017\\\/01\\\/27\\\/loeil-du-tigre\\\/\"},\"wordCount\":143,\"commentCount\":0,\"publisher\":{\"@id\":\"https:\\\/\\\/www.sebastien-majerowicz.fr\\\/#\\\/schema\\\/person\\\/a64c1066d12b40958b45bf7ab508f6a3\"},\"image\":{\"@id\":\"https:\\\/\\\/www.sebastien-majerowicz.fr\\\/index.php\\\/2017\\\/01\\\/27\\\/loeil-du-tigre\\\/#primaryimage\"},\"thumbnailUrl\":\"https:\\\/\\\/www.sebastien-majerowicz.fr\\\/wp-content\\\/uploads\\\/2017\\\/03\\\/32366584301_da89333a07_b.jpg\",\"keywords\":[\"Chatnine\",\"Garrulus glandarius\",\"Geai des ch\u00eanes\",\"Nikon D5300\",\"Oiseau\",\"Sigma 150-600 Contemporary\"],\"articleSection\":[\"Oiseau\"],\"inLanguage\":\"fr-FR\",\"potentialAction\":[{\"@type\":\"CommentAction\",\"name\":\"Comment\",\"target\":[\"https:\\\/\\\/www.sebastien-majerowicz.fr\\\/index.php\\\/2017\\\/01\\\/27\\\/loeil-du-tigre\\\/#respond\"]}]},{\"@type\":\"WebPage\",\"@id\":\"https:\\\/\\\/www.sebastien-majerowicz.fr\\\/index.php\\\/2017\\\/01\\\/27\\\/loeil-du-tigre\\\/\",\"url\":\"https:\\\/\\\/www.sebastien-majerowicz.fr\\\/index.php\\\/2017\\\/01\\\/27\\\/loeil-du-tigre\\\/\",\"name\":\"L\u2019\u0153il du tigre - S\u00e9bastien Majerowicz\",\"isPartOf\":{\"@id\":\"https:\\\/\\\/www.sebastien-majerowicz.fr\\\/#website\"},\"primaryImageOfPage\":{\"@id\":\"https:\\\/\\\/www.sebastien-majerowicz.fr\\\/index.php\\\/2017\\\/01\\\/27\\\/loeil-du-tigre\\\/#primaryimage\"},\"image\":{\"@id\":\"https:\\\/\\\/www.sebastien-majerowicz.fr\\\/index.php\\\/2017\\\/01\\\/27\\\/loeil-du-tigre\\\/#primaryimage\"},\"thumbnailUrl\":\"https:\\\/\\\/www.sebastien-majerowicz.fr\\\/wp-content\\\/uploads\\\/2017\\\/03\\\/32366584301_da89333a07_b.jpg\",\"datePublished\":\"2017-01-27T19:59:44+00:00\",\"dateModified\":\"2017-11-28T10:26:27+00:00\",\"breadcrumb\":{\"@id\":\"https:\\\/\\\/www.sebastien-majerowicz.fr\\\/index.php\\\/2017\\\/01\\\/27\\\/loeil-du-tigre\\\/#breadcrumb\"},\"inLanguage\":\"fr-FR\",\"potentialAction\":[{\"@type\":\"ReadAction\",\"target\":[\"https:\\\/\\\/www.sebastien-majerowicz.fr\\\/index.php\\\/2017\\\/01\\\/27\\\/loeil-du-tigre\\\/\"]}]},{\"@type\":\"ImageObject\",\"inLanguage\":\"fr-FR\",\"@id\":\"https:\\\/\\\/www.sebastien-majerowicz.fr\\\/index.php\\\/2017\\\/01\\\/27\\\/loeil-du-tigre\\\/#primaryimage\",\"url\":\"https:\\\/\\\/www.sebastien-majerowicz.fr\\\/wp-content\\\/uploads\\\/2017\\\/03\\\/32366584301_da89333a07_b.jpg\",\"contentUrl\":\"https:\\\/\\\/www.sebastien-majerowicz.fr\\\/wp-content\\\/uploads\\\/2017\\\/03\\\/32366584301_da89333a07_b.jpg\",\"width\":1024,\"height\":768,\"caption\":\"Geai des ch\u00eanes \\\/ Garrulus glandarius\"},{\"@type\":\"BreadcrumbList\",\"@id\":\"https:\\\/\\\/www.sebastien-majerowicz.fr\\\/index.php\\\/2017\\\/01\\\/27\\\/loeil-du-tigre\\\/#breadcrumb\",\"itemListElement\":[{\"@type\":\"ListItem\",\"position\":1,\"name\":\"Accueil\",\"item\":\"https:\\\/\\\/www.sebastien-majerowicz.fr\\\/\"},{\"@type\":\"ListItem\",\"position\":2,\"name\":\"L\u2019\u0153il du tigre\"}]},{\"@type\":\"WebSite\",\"@id\":\"https:\\\/\\\/www.sebastien-majerowicz.fr\\\/#website\",\"url\":\"https:\\\/\\\/www.sebastien-majerowicz.fr\\\/\",\"name\":\"S\u00e9bastien Majerowicz\",\"description\":\"Photographe animalier par Nature\",\"publisher\":{\"@id\":\"https:\\\/\\\/www.sebastien-majerowicz.fr\\\/#\\\/schema\\\/person\\\/a64c1066d12b40958b45bf7ab508f6a3\"},\"potentialAction\":[{\"@type\":\"SearchAction\",\"target\":{\"@type\":\"EntryPoint\",\"urlTemplate\":\"https:\\\/\\\/www.sebastien-majerowicz.fr\\\/?s={search_term_string}\"},\"query-input\":{\"@type\":\"PropertyValueSpecification\",\"valueRequired\":true,\"valueName\":\"search_term_string\"}}],\"inLanguage\":\"fr-FR\"},{\"@type\":[\"Person\",\"Organization\"],\"@id\":\"https:\\\/\\\/www.sebastien-majerowicz.fr\\\/#\\\/schema\\\/person\\\/a64c1066d12b40958b45bf7ab508f6a3\",\"name\":\"S\u00e9bastien Majerowicz\",\"logo\":{\"@id\":\"https:\\\/\\\/www.sebastien-majerowicz.fr\\\/#\\\/schema\\\/person\\\/image\\\/\"},\"sameAs\":[\"https:\\\/\\\/www.sebastien-majerowicz.fr\"]}]}<\/script>\n<!-- \/ Yoast SEO plugin. -->","yoast_head_json":{"title":"L\u2019\u0153il du tigre - S\u00e9bastien Majerowicz","robots":{"index":"index","follow":"follow","max-snippet":"max-snippet:-1","max-image-preview":"max-image-preview:large","max-video-preview":"max-video-preview:-1"},"canonical":"https:\/\/www.sebastien-majerowicz.fr\/index.php\/2017\/01\/27\/loeil-du-tigre\/","og_locale":"fr_FR","og_type":"article","og_title":"L\u2019\u0153il du tigre - S\u00e9bastien Majerowicz","og_description":"Depuis que je fais de la photographie animali\u00e8re, je n&rsquo;ai jamais \u00e9t\u00e9 capable de m&rsquo;approcher \u00e0 moins de 20 m\u00e8tres d&rsquo;un Geai des ch\u00eanes (Garrulus glandarius). Et l\u00e0, voil\u00e0 qu&rsquo;il se pose en face de ma fen\u00eatre de salon ! J&rsquo;ai eu le droit \u00e0 dix secondes de pose &#8230;","og_url":"https:\/\/www.sebastien-majerowicz.fr\/index.php\/2017\/01\/27\/loeil-du-tigre\/","og_site_name":"S\u00e9bastien Majerowicz","article_published_time":"2017-01-27T19:59:44+00:00","article_modified_time":"2017-11-28T10:26:27+00:00","og_image":[{"width":1024,"height":768,"url":"https:\/\/www.sebastien-majerowicz.fr\/wp-content\/uploads\/2017\/03\/32366584301_da89333a07_b.jpg","type":"image\/jpeg"}],"author":"S\u00e9bastien Majerowicz","twitter_card":"summary_large_image","twitter_misc":{"\u00c9crit par":"S\u00e9bastien Majerowicz","Dur\u00e9e de lecture estim\u00e9e":"1 minute"},"schema":{"@context":"https:\/\/schema.org","@graph":[{"@type":"Article","@id":"https:\/\/www.sebastien-majerowicz.fr\/index.php\/2017\/01\/27\/loeil-du-tigre\/#article","isPartOf":{"@id":"https:\/\/www.sebastien-majerowicz.fr\/index.php\/2017\/01\/27\/loeil-du-tigre\/"},"author":{"name":"S\u00e9bastien Majerowicz","@id":"https:\/\/www.sebastien-majerowicz.fr\/#\/schema\/person\/a64c1066d12b40958b45bf7ab508f6a3"},"headline":"L\u2019\u0153il du tigre","datePublished":"2017-01-27T19:59:44+00:00","dateModified":"2017-11-28T10:26:27+00:00","mainEntityOfPage":{"@id":"https:\/\/www.sebastien-majerowicz.fr\/index.php\/2017\/01\/27\/loeil-du-tigre\/"},"wordCount":143,"commentCount":0,"publisher":{"@id":"https:\/\/www.sebastien-majerowicz.fr\/#\/schema\/person\/a64c1066d12b40958b45bf7ab508f6a3"},"image":{"@id":"https:\/\/www.sebastien-majerowicz.fr\/index.php\/2017\/01\/27\/loeil-du-tigre\/#primaryimage"},"thumbnailUrl":"https:\/\/www.sebastien-majerowicz.fr\/wp-content\/uploads\/2017\/03\/32366584301_da89333a07_b.jpg","keywords":["Chatnine","Garrulus glandarius","Geai des ch\u00eanes","Nikon D5300","Oiseau","Sigma 150-600 Contemporary"],"articleSection":["Oiseau"],"inLanguage":"fr-FR","potentialAction":[{"@type":"CommentAction","name":"Comment","target":["https:\/\/www.sebastien-majerowicz.fr\/index.php\/2017\/01\/27\/loeil-du-tigre\/#respond"]}]},{"@type":"WebPage","@id":"https:\/\/www.sebastien-majerowicz.fr\/index.php\/2017\/01\/27\/loeil-du-tigre\/","url":"https:\/\/www.sebastien-majerowicz.fr\/index.php\/2017\/01\/27\/loeil-du-tigre\/","name":"L\u2019\u0153il du tigre - S\u00e9bastien Majerowicz","isPartOf":{"@id":"https:\/\/www.sebastien-majerowicz.fr\/#website"},"primaryImageOfPage":{"@id":"https:\/\/www.sebastien-majerowicz.fr\/index.php\/2017\/01\/27\/loeil-du-tigre\/#primaryimage"},"image":{"@id":"https:\/\/www.sebastien-majerowicz.fr\/index.php\/2017\/01\/27\/loeil-du-tigre\/#primaryimage"},"thumbnailUrl":"https:\/\/www.sebastien-majerowicz.fr\/wp-content\/uploads\/2017\/03\/32366584301_da89333a07_b.jpg","datePublished":"2017-01-27T19:59:44+00:00","dateModified":"2017-11-28T10:26:27+00:00","breadcrumb":{"@id":"https:\/\/www.sebastien-majerowicz.fr\/index.php\/2017\/01\/27\/loeil-du-tigre\/#breadcrumb"},"inLanguage":"fr-FR","potentialAction":[{"@type":"ReadAction","target":["https:\/\/www.sebastien-majerowicz.fr\/index.php\/2017\/01\/27\/loeil-du-tigre\/"]}]},{"@type":"ImageObject","inLanguage":"fr-FR","@id":"https:\/\/www.sebastien-majerowicz.fr\/index.php\/2017\/01\/27\/loeil-du-tigre\/#primaryimage","url":"https:\/\/www.sebastien-majerowicz.fr\/wp-content\/uploads\/2017\/03\/32366584301_da89333a07_b.jpg","contentUrl":"https:\/\/www.sebastien-majerowicz.fr\/wp-content\/uploads\/2017\/03\/32366584301_da89333a07_b.jpg","width":1024,"height":768,"caption":"Geai des ch\u00eanes \/ Garrulus glandarius"},{"@type":"BreadcrumbList","@id":"https:\/\/www.sebastien-majerowicz.fr\/index.php\/2017\/01\/27\/loeil-du-tigre\/#breadcrumb","itemListElement":[{"@type":"ListItem","position":1,"name":"Accueil","item":"https:\/\/www.sebastien-majerowicz.fr\/"},{"@type":"ListItem","position":2,"name":"L\u2019\u0153il du tigre"}]},{"@type":"WebSite","@id":"https:\/\/www.sebastien-majerowicz.fr\/#website","url":"https:\/\/www.sebastien-majerowicz.fr\/","name":"S\u00e9bastien Majerowicz","description":"Photographe animalier par Nature","publisher":{"@id":"https:\/\/www.sebastien-majerowicz.fr\/#\/schema\/person\/a64c1066d12b40958b45bf7ab508f6a3"},"potentialAction":[{"@type":"SearchAction","target":{"@type":"EntryPoint","urlTemplate":"https:\/\/www.sebastien-majerowicz.fr\/?s={search_term_string}"},"query-input":{"@type":"PropertyValueSpecification","valueRequired":true,"valueName":"search_term_string"}}],"inLanguage":"fr-FR"},{"@type":["Person","Organization"],"@id":"https:\/\/www.sebastien-majerowicz.fr\/#\/schema\/person\/a64c1066d12b40958b45bf7ab508f6a3","name":"S\u00e9bastien Majerowicz","logo":{"@id":"https:\/\/www.sebastien-majerowicz.fr\/#\/schema\/person\/image\/"},"sameAs":["https:\/\/www.sebastien-majerowicz.fr"]}]}},"_links":{"self":[{"href":"https:\/\/www.sebastien-majerowicz.fr\/index.php\/wp-json\/wp\/v2\/posts\/369","targetHints":{"allow":["GET"]}}],"collection":[{"href":"https:\/\/www.sebastien-majerowicz.fr\/index.php\/wp-json\/wp\/v2\/posts"}],"about":[{"href":"https:\/\/www.sebastien-majerowicz.fr\/index.php\/wp-json\/wp\/v2\/types\/post"}],"author":[{"embeddable":true,"href":"https:\/\/www.sebastien-majerowicz.fr\/index.php\/wp-json\/wp\/v2\/users\/1"}],"replies":[{"embeddable":true,"href":"https:\/\/www.sebastien-majerowicz.fr\/index.php\/wp-json\/wp\/v2\/comments?post=369"}],"version-history":[{"count":4,"href":"https:\/\/www.sebastien-majerowicz.fr\/index.php\/wp-json\/wp\/v2\/posts\/369\/revisions"}],"predecessor-version":[{"id":2248,"href":"https:\/\/www.sebastien-majerowicz.fr\/index.php\/wp-json\/wp\/v2\/posts\/369\/revisions\/2248"}],"wp:featuredmedia":[{"embeddable":true,"href":"https:\/\/www.sebastien-majerowicz.fr\/index.php\/wp-json\/wp\/v2\/media\/370"}],"wp:attachment":[{"href":"https:\/\/www.sebastien-majerowicz.fr\/index.php\/wp-json\/wp\/v2\/media?parent=369"}],"wp:term":[{"taxonomy":"category","embeddable":true,"href":"https:\/\/www.sebastien-majerowicz.fr\/index.php\/wp-json\/wp\/v2\/categories?post=369"},{"taxonomy":"post_tag","embeddable":true,"href":"https:\/\/www.sebastien-majerowicz.fr\/index.php\/wp-json\/wp\/v2\/tags?post=369"}],"curies":[{"name":"wp","href":"https:\/\/api.w.org\/{rel}","templated":true}]}}