{"id":3513,"date":"2018-08-22T09:23:24","date_gmt":"2018-08-22T07:23:24","guid":{"rendered":"http:\/\/www.sebastien-majerowicz.fr\/?p=3513"},"modified":"2018-08-22T09:25:34","modified_gmt":"2018-08-22T07:25:34","slug":"avant-lentree-en-scene","status":"publish","type":"post","link":"https:\/\/www.sebastien-majerowicz.fr\/index.php\/2018\/08\/22\/avant-lentree-en-scene\/","title":{"rendered":"Avant l&rsquo;entr\u00e9e en sc\u00e8ne"},"content":{"rendered":"<p>Connaissez-vous cet oiseau : l&rsquo;<a href=\"\/index.php\/tag\/hypolais-polyglotte\/\" target=\"_blank\" rel=\"noopener\">Hypola\u00efs polyglotte<\/a> (Hippolais polyglotta) ? Peut-\u00eatre ne l&rsquo;avez-vous jamais vu mais uniquement entendu car il s&rsquo;agit d&rsquo;un chanteur de l&rsquo;\u00e9t\u00e9 tout bonnement incroyable. G\u00e9n\u00e9ralement perch\u00e9 en haut d&rsquo;un arbre ou d&rsquo;une haie, l&rsquo;oiseau pousse alors la chansonnette telle une flute. Et quelle m\u00e9lodie douce et soutenue, j&rsquo;esp\u00e8re que vous avez l&rsquo;occasion de pouvoir l&rsquo;\u00e9couter \ud83d\ude42<\/p>\n<p>PS : Vous pouvez \u00e9galement trouver cette photographie dans la galerie \u00ab\u00a0<a href=\"http:\/\/www.sebastien-majerowicz.fr\/index.php\/a-la-plume\/\" target=\"_blank\" rel=\"noopener\">A la plume<\/a>\u00a0\u00bb d\u00e9di\u00e9e \u00e0 nos amis ail\u00e9s.<\/p>\n","protected":false},"excerpt":{"rendered":"<p>Connaissez-vous cet oiseau : l&rsquo;Hypola\u00efs polyglotte (Hippolais polyglotta) ? Peut-\u00eatre ne l&rsquo;avez-vous jamais vu mais uniquement entendu car il s&rsquo;agit d&rsquo;un chanteur de l&rsquo;\u00e9t\u00e9 tout bonnement incroyable. G\u00e9n\u00e9ralement perch\u00e9 en haut d&rsquo;un arbre ou d&rsquo;une haie, l&rsquo;oiseau pousse alors la chansonnette telle une flute. Et quelle m\u00e9lodie douce et soutenue, j&rsquo;esp\u00e8re que vous avez l&rsquo;occasion [&hellip;]<\/p>\n","protected":false},"author":1,"featured_media":3512,"comment_status":"open","ping_status":"open","sticky":false,"template":"","format":"standard","meta":{"footnotes":""},"categories":[1,14],"tags":[127,126,25,55,26],"class_list":{"0":"post-3513","1":"post","2":"type-post","3":"status-publish","4":"format-standard","5":"has-post-thumbnail","7":"category-non-classe","8":"category-oiseau","9":"tag-hippolais-polyglotta","10":"tag-hypolais-polyglotte","11":"tag-nikon-d5300","12":"tag-oiseau","13":"tag-sigma-150-600-contemporary","14":"czr-hentry"},"yoast_head":"<!-- This site is optimized with the Yoast SEO plugin v27.5 - https:\/\/yoast.com\/product\/yoast-seo-wordpress\/ -->\n<title>Avant l&#039;entr\u00e9e en sc\u00e8ne - S\u00e9bastien Majerowicz<\/title>\n<meta name=\"robots\" content=\"index, follow, max-snippet:-1, max-image-preview:large, max-video-preview:-1\" \/>\n<link rel=\"canonical\" href=\"https:\/\/www.sebastien-majerowicz.fr\/index.php\/2018\/08\/22\/avant-lentree-en-scene\/\" \/>\n<meta property=\"og:locale\" content=\"fr_FR\" \/>\n<meta property=\"og:type\" content=\"article\" \/>\n<meta property=\"og:title\" content=\"Avant l&#039;entr\u00e9e en sc\u00e8ne - S\u00e9bastien Majerowicz\" \/>\n<meta property=\"og:description\" content=\"Connaissez-vous cet oiseau : l&rsquo;Hypola\u00efs polyglotte (Hippolais polyglotta) ? Peut-\u00eatre ne l&rsquo;avez-vous jamais vu mais uniquement entendu car il s&rsquo;agit d&rsquo;un chanteur de l&rsquo;\u00e9t\u00e9 tout bonnement incroyable. G\u00e9n\u00e9ralement perch\u00e9 en haut d&rsquo;un arbre ou d&rsquo;une haie, l&rsquo;oiseau pousse alors la chansonnette telle une flute. Et quelle m\u00e9lodie douce et soutenue, j&rsquo;esp\u00e8re que vous avez l&rsquo;occasion [&hellip;]\" \/>\n<meta property=\"og:url\" content=\"https:\/\/www.sebastien-majerowicz.fr\/index.php\/2018\/08\/22\/avant-lentree-en-scene\/\" \/>\n<meta property=\"og:site_name\" content=\"S\u00e9bastien Majerowicz\" \/>\n<meta property=\"article:published_time\" content=\"2018-08-22T07:23:24+00:00\" \/>\n<meta property=\"article:modified_time\" content=\"2018-08-22T07:25:34+00:00\" \/>\n<meta property=\"og:image\" content=\"https:\/\/www.sebastien-majerowicz.fr\/wp-content\/uploads\/2018\/08\/32959196853_4222f2bb71_b-2.jpg\" \/>\n\t<meta property=\"og:image:width\" content=\"1024\" \/>\n\t<meta property=\"og:image:height\" content=\"683\" \/>\n\t<meta property=\"og:image:type\" content=\"image\/jpeg\" \/>\n<meta name=\"author\" content=\"S\u00e9bastien Majerowicz\" \/>\n<meta name=\"twitter:card\" content=\"summary_large_image\" \/>\n<meta name=\"twitter:label1\" content=\"\u00c9crit par\" \/>\n\t<meta name=\"twitter:data1\" content=\"S\u00e9bastien Majerowicz\" \/>\n<script type=\"application\/ld+json\" class=\"yoast-schema-graph\">{\"@context\":\"https:\\\/\\\/schema.org\",\"@graph\":[{\"@type\":\"Article\",\"@id\":\"https:\\\/\\\/www.sebastien-majerowicz.fr\\\/index.php\\\/2018\\\/08\\\/22\\\/avant-lentree-en-scene\\\/#article\",\"isPartOf\":{\"@id\":\"https:\\\/\\\/www.sebastien-majerowicz.fr\\\/index.php\\\/2018\\\/08\\\/22\\\/avant-lentree-en-scene\\\/\"},\"author\":{\"name\":\"S\u00e9bastien Majerowicz\",\"@id\":\"https:\\\/\\\/www.sebastien-majerowicz.fr\\\/#\\\/schema\\\/person\\\/a64c1066d12b40958b45bf7ab508f6a3\"},\"headline\":\"Avant l&rsquo;entr\u00e9e en sc\u00e8ne\",\"datePublished\":\"2018-08-22T07:23:24+00:00\",\"dateModified\":\"2018-08-22T07:25:34+00:00\",\"mainEntityOfPage\":{\"@id\":\"https:\\\/\\\/www.sebastien-majerowicz.fr\\\/index.php\\\/2018\\\/08\\\/22\\\/avant-lentree-en-scene\\\/\"},\"wordCount\":100,\"commentCount\":0,\"publisher\":{\"@id\":\"https:\\\/\\\/www.sebastien-majerowicz.fr\\\/#\\\/schema\\\/person\\\/a64c1066d12b40958b45bf7ab508f6a3\"},\"image\":{\"@id\":\"https:\\\/\\\/www.sebastien-majerowicz.fr\\\/index.php\\\/2018\\\/08\\\/22\\\/avant-lentree-en-scene\\\/#primaryimage\"},\"thumbnailUrl\":\"https:\\\/\\\/www.sebastien-majerowicz.fr\\\/wp-content\\\/uploads\\\/2018\\\/08\\\/32959196853_4222f2bb71_b-2.jpg\",\"keywords\":[\"Hippolais polyglotta\",\"Hypola\u00efs polyglotte\",\"Nikon D5300\",\"Oiseau\",\"Sigma 150-600 Contemporary\"],\"articleSection\":{\"1\":\"Oiseau\"},\"inLanguage\":\"fr-FR\",\"potentialAction\":[{\"@type\":\"CommentAction\",\"name\":\"Comment\",\"target\":[\"https:\\\/\\\/www.sebastien-majerowicz.fr\\\/index.php\\\/2018\\\/08\\\/22\\\/avant-lentree-en-scene\\\/#respond\"]}]},{\"@type\":\"WebPage\",\"@id\":\"https:\\\/\\\/www.sebastien-majerowicz.fr\\\/index.php\\\/2018\\\/08\\\/22\\\/avant-lentree-en-scene\\\/\",\"url\":\"https:\\\/\\\/www.sebastien-majerowicz.fr\\\/index.php\\\/2018\\\/08\\\/22\\\/avant-lentree-en-scene\\\/\",\"name\":\"Avant l'entr\u00e9e en sc\u00e8ne - S\u00e9bastien Majerowicz\",\"isPartOf\":{\"@id\":\"https:\\\/\\\/www.sebastien-majerowicz.fr\\\/#website\"},\"primaryImageOfPage\":{\"@id\":\"https:\\\/\\\/www.sebastien-majerowicz.fr\\\/index.php\\\/2018\\\/08\\\/22\\\/avant-lentree-en-scene\\\/#primaryimage\"},\"image\":{\"@id\":\"https:\\\/\\\/www.sebastien-majerowicz.fr\\\/index.php\\\/2018\\\/08\\\/22\\\/avant-lentree-en-scene\\\/#primaryimage\"},\"thumbnailUrl\":\"https:\\\/\\\/www.sebastien-majerowicz.fr\\\/wp-content\\\/uploads\\\/2018\\\/08\\\/32959196853_4222f2bb71_b-2.jpg\",\"datePublished\":\"2018-08-22T07:23:24+00:00\",\"dateModified\":\"2018-08-22T07:25:34+00:00\",\"breadcrumb\":{\"@id\":\"https:\\\/\\\/www.sebastien-majerowicz.fr\\\/index.php\\\/2018\\\/08\\\/22\\\/avant-lentree-en-scene\\\/#breadcrumb\"},\"inLanguage\":\"fr-FR\",\"potentialAction\":[{\"@type\":\"ReadAction\",\"target\":[\"https:\\\/\\\/www.sebastien-majerowicz.fr\\\/index.php\\\/2018\\\/08\\\/22\\\/avant-lentree-en-scene\\\/\"]}]},{\"@type\":\"ImageObject\",\"inLanguage\":\"fr-FR\",\"@id\":\"https:\\\/\\\/www.sebastien-majerowicz.fr\\\/index.php\\\/2018\\\/08\\\/22\\\/avant-lentree-en-scene\\\/#primaryimage\",\"url\":\"https:\\\/\\\/www.sebastien-majerowicz.fr\\\/wp-content\\\/uploads\\\/2018\\\/08\\\/32959196853_4222f2bb71_b-2.jpg\",\"contentUrl\":\"https:\\\/\\\/www.sebastien-majerowicz.fr\\\/wp-content\\\/uploads\\\/2018\\\/08\\\/32959196853_4222f2bb71_b-2.jpg\",\"width\":1024,\"height\":683,\"caption\":\"Hypola\u00efs polyglotte \\\/ Hippolais polyglotta\"},{\"@type\":\"BreadcrumbList\",\"@id\":\"https:\\\/\\\/www.sebastien-majerowicz.fr\\\/index.php\\\/2018\\\/08\\\/22\\\/avant-lentree-en-scene\\\/#breadcrumb\",\"itemListElement\":[{\"@type\":\"ListItem\",\"position\":1,\"name\":\"Accueil\",\"item\":\"https:\\\/\\\/www.sebastien-majerowicz.fr\\\/\"},{\"@type\":\"ListItem\",\"position\":2,\"name\":\"Avant l&rsquo;entr\u00e9e en sc\u00e8ne\"}]},{\"@type\":\"WebSite\",\"@id\":\"https:\\\/\\\/www.sebastien-majerowicz.fr\\\/#website\",\"url\":\"https:\\\/\\\/www.sebastien-majerowicz.fr\\\/\",\"name\":\"S\u00e9bastien Majerowicz\",\"description\":\"Photographe animalier par Nature\",\"publisher\":{\"@id\":\"https:\\\/\\\/www.sebastien-majerowicz.fr\\\/#\\\/schema\\\/person\\\/a64c1066d12b40958b45bf7ab508f6a3\"},\"potentialAction\":[{\"@type\":\"SearchAction\",\"target\":{\"@type\":\"EntryPoint\",\"urlTemplate\":\"https:\\\/\\\/www.sebastien-majerowicz.fr\\\/?s={search_term_string}\"},\"query-input\":{\"@type\":\"PropertyValueSpecification\",\"valueRequired\":true,\"valueName\":\"search_term_string\"}}],\"inLanguage\":\"fr-FR\"},{\"@type\":[\"Person\",\"Organization\"],\"@id\":\"https:\\\/\\\/www.sebastien-majerowicz.fr\\\/#\\\/schema\\\/person\\\/a64c1066d12b40958b45bf7ab508f6a3\",\"name\":\"S\u00e9bastien Majerowicz\",\"logo\":{\"@id\":\"https:\\\/\\\/www.sebastien-majerowicz.fr\\\/#\\\/schema\\\/person\\\/image\\\/\"},\"sameAs\":[\"https:\\\/\\\/www.sebastien-majerowicz.fr\"]}]}<\/script>\n<!-- \/ Yoast SEO plugin. -->","yoast_head_json":{"title":"Avant l'entr\u00e9e en sc\u00e8ne - S\u00e9bastien Majerowicz","robots":{"index":"index","follow":"follow","max-snippet":"max-snippet:-1","max-image-preview":"max-image-preview:large","max-video-preview":"max-video-preview:-1"},"canonical":"https:\/\/www.sebastien-majerowicz.fr\/index.php\/2018\/08\/22\/avant-lentree-en-scene\/","og_locale":"fr_FR","og_type":"article","og_title":"Avant l'entr\u00e9e en sc\u00e8ne - S\u00e9bastien Majerowicz","og_description":"Connaissez-vous cet oiseau : l&rsquo;Hypola\u00efs polyglotte (Hippolais polyglotta) ? Peut-\u00eatre ne l&rsquo;avez-vous jamais vu mais uniquement entendu car il s&rsquo;agit d&rsquo;un chanteur de l&rsquo;\u00e9t\u00e9 tout bonnement incroyable. G\u00e9n\u00e9ralement perch\u00e9 en haut d&rsquo;un arbre ou d&rsquo;une haie, l&rsquo;oiseau pousse alors la chansonnette telle une flute. Et quelle m\u00e9lodie douce et soutenue, j&rsquo;esp\u00e8re que vous avez l&rsquo;occasion [&hellip;]","og_url":"https:\/\/www.sebastien-majerowicz.fr\/index.php\/2018\/08\/22\/avant-lentree-en-scene\/","og_site_name":"S\u00e9bastien Majerowicz","article_published_time":"2018-08-22T07:23:24+00:00","article_modified_time":"2018-08-22T07:25:34+00:00","og_image":[{"width":1024,"height":683,"url":"https:\/\/www.sebastien-majerowicz.fr\/wp-content\/uploads\/2018\/08\/32959196853_4222f2bb71_b-2.jpg","type":"image\/jpeg"}],"author":"S\u00e9bastien Majerowicz","twitter_card":"summary_large_image","twitter_misc":{"\u00c9crit par":"S\u00e9bastien Majerowicz"},"schema":{"@context":"https:\/\/schema.org","@graph":[{"@type":"Article","@id":"https:\/\/www.sebastien-majerowicz.fr\/index.php\/2018\/08\/22\/avant-lentree-en-scene\/#article","isPartOf":{"@id":"https:\/\/www.sebastien-majerowicz.fr\/index.php\/2018\/08\/22\/avant-lentree-en-scene\/"},"author":{"name":"S\u00e9bastien Majerowicz","@id":"https:\/\/www.sebastien-majerowicz.fr\/#\/schema\/person\/a64c1066d12b40958b45bf7ab508f6a3"},"headline":"Avant l&rsquo;entr\u00e9e en sc\u00e8ne","datePublished":"2018-08-22T07:23:24+00:00","dateModified":"2018-08-22T07:25:34+00:00","mainEntityOfPage":{"@id":"https:\/\/www.sebastien-majerowicz.fr\/index.php\/2018\/08\/22\/avant-lentree-en-scene\/"},"wordCount":100,"commentCount":0,"publisher":{"@id":"https:\/\/www.sebastien-majerowicz.fr\/#\/schema\/person\/a64c1066d12b40958b45bf7ab508f6a3"},"image":{"@id":"https:\/\/www.sebastien-majerowicz.fr\/index.php\/2018\/08\/22\/avant-lentree-en-scene\/#primaryimage"},"thumbnailUrl":"https:\/\/www.sebastien-majerowicz.fr\/wp-content\/uploads\/2018\/08\/32959196853_4222f2bb71_b-2.jpg","keywords":["Hippolais polyglotta","Hypola\u00efs polyglotte","Nikon D5300","Oiseau","Sigma 150-600 Contemporary"],"articleSection":{"1":"Oiseau"},"inLanguage":"fr-FR","potentialAction":[{"@type":"CommentAction","name":"Comment","target":["https:\/\/www.sebastien-majerowicz.fr\/index.php\/2018\/08\/22\/avant-lentree-en-scene\/#respond"]}]},{"@type":"WebPage","@id":"https:\/\/www.sebastien-majerowicz.fr\/index.php\/2018\/08\/22\/avant-lentree-en-scene\/","url":"https:\/\/www.sebastien-majerowicz.fr\/index.php\/2018\/08\/22\/avant-lentree-en-scene\/","name":"Avant l'entr\u00e9e en sc\u00e8ne - S\u00e9bastien Majerowicz","isPartOf":{"@id":"https:\/\/www.sebastien-majerowicz.fr\/#website"},"primaryImageOfPage":{"@id":"https:\/\/www.sebastien-majerowicz.fr\/index.php\/2018\/08\/22\/avant-lentree-en-scene\/#primaryimage"},"image":{"@id":"https:\/\/www.sebastien-majerowicz.fr\/index.php\/2018\/08\/22\/avant-lentree-en-scene\/#primaryimage"},"thumbnailUrl":"https:\/\/www.sebastien-majerowicz.fr\/wp-content\/uploads\/2018\/08\/32959196853_4222f2bb71_b-2.jpg","datePublished":"2018-08-22T07:23:24+00:00","dateModified":"2018-08-22T07:25:34+00:00","breadcrumb":{"@id":"https:\/\/www.sebastien-majerowicz.fr\/index.php\/2018\/08\/22\/avant-lentree-en-scene\/#breadcrumb"},"inLanguage":"fr-FR","potentialAction":[{"@type":"ReadAction","target":["https:\/\/www.sebastien-majerowicz.fr\/index.php\/2018\/08\/22\/avant-lentree-en-scene\/"]}]},{"@type":"ImageObject","inLanguage":"fr-FR","@id":"https:\/\/www.sebastien-majerowicz.fr\/index.php\/2018\/08\/22\/avant-lentree-en-scene\/#primaryimage","url":"https:\/\/www.sebastien-majerowicz.fr\/wp-content\/uploads\/2018\/08\/32959196853_4222f2bb71_b-2.jpg","contentUrl":"https:\/\/www.sebastien-majerowicz.fr\/wp-content\/uploads\/2018\/08\/32959196853_4222f2bb71_b-2.jpg","width":1024,"height":683,"caption":"Hypola\u00efs polyglotte \/ Hippolais polyglotta"},{"@type":"BreadcrumbList","@id":"https:\/\/www.sebastien-majerowicz.fr\/index.php\/2018\/08\/22\/avant-lentree-en-scene\/#breadcrumb","itemListElement":[{"@type":"ListItem","position":1,"name":"Accueil","item":"https:\/\/www.sebastien-majerowicz.fr\/"},{"@type":"ListItem","position":2,"name":"Avant l&rsquo;entr\u00e9e en sc\u00e8ne"}]},{"@type":"WebSite","@id":"https:\/\/www.sebastien-majerowicz.fr\/#website","url":"https:\/\/www.sebastien-majerowicz.fr\/","name":"S\u00e9bastien Majerowicz","description":"Photographe animalier par Nature","publisher":{"@id":"https:\/\/www.sebastien-majerowicz.fr\/#\/schema\/person\/a64c1066d12b40958b45bf7ab508f6a3"},"potentialAction":[{"@type":"SearchAction","target":{"@type":"EntryPoint","urlTemplate":"https:\/\/www.sebastien-majerowicz.fr\/?s={search_term_string}"},"query-input":{"@type":"PropertyValueSpecification","valueRequired":true,"valueName":"search_term_string"}}],"inLanguage":"fr-FR"},{"@type":["Person","Organization"],"@id":"https:\/\/www.sebastien-majerowicz.fr\/#\/schema\/person\/a64c1066d12b40958b45bf7ab508f6a3","name":"S\u00e9bastien Majerowicz","logo":{"@id":"https:\/\/www.sebastien-majerowicz.fr\/#\/schema\/person\/image\/"},"sameAs":["https:\/\/www.sebastien-majerowicz.fr"]}]}},"_links":{"self":[{"href":"https:\/\/www.sebastien-majerowicz.fr\/index.php\/wp-json\/wp\/v2\/posts\/3513","targetHints":{"allow":["GET"]}}],"collection":[{"href":"https:\/\/www.sebastien-majerowicz.fr\/index.php\/wp-json\/wp\/v2\/posts"}],"about":[{"href":"https:\/\/www.sebastien-majerowicz.fr\/index.php\/wp-json\/wp\/v2\/types\/post"}],"author":[{"embeddable":true,"href":"https:\/\/www.sebastien-majerowicz.fr\/index.php\/wp-json\/wp\/v2\/users\/1"}],"replies":[{"embeddable":true,"href":"https:\/\/www.sebastien-majerowicz.fr\/index.php\/wp-json\/wp\/v2\/comments?post=3513"}],"version-history":[{"count":3,"href":"https:\/\/www.sebastien-majerowicz.fr\/index.php\/wp-json\/wp\/v2\/posts\/3513\/revisions"}],"predecessor-version":[{"id":3518,"href":"https:\/\/www.sebastien-majerowicz.fr\/index.php\/wp-json\/wp\/v2\/posts\/3513\/revisions\/3518"}],"wp:featuredmedia":[{"embeddable":true,"href":"https:\/\/www.sebastien-majerowicz.fr\/index.php\/wp-json\/wp\/v2\/media\/3512"}],"wp:attachment":[{"href":"https:\/\/www.sebastien-majerowicz.fr\/index.php\/wp-json\/wp\/v2\/media?parent=3513"}],"wp:term":[{"taxonomy":"category","embeddable":true,"href":"https:\/\/www.sebastien-majerowicz.fr\/index.php\/wp-json\/wp\/v2\/categories?post=3513"},{"taxonomy":"post_tag","embeddable":true,"href":"https:\/\/www.sebastien-majerowicz.fr\/index.php\/wp-json\/wp\/v2\/tags?post=3513"}],"curies":[{"name":"wp","href":"https:\/\/api.w.org\/{rel}","templated":true}]}}