{"id":351,"date":"2017-02-02T14:16:08","date_gmt":"2017-02-02T13:16:08","guid":{"rendered":"http:\/\/www.sebastien-majerowicz.fr\/?p=351"},"modified":"2017-10-10T11:53:03","modified_gmt":"2017-10-10T09:53:03","slug":"la-star-du-jour","status":"publish","type":"post","link":"https:\/\/www.sebastien-majerowicz.fr\/index.php\/2017\/02\/02\/la-star-du-jour\/","title":{"rendered":"La star du jour"},"content":{"rendered":"<p>Ce Rougegorge (Erithacus rubecula) que nous pouvons voir partout en cette p\u00e9riode d&rsquo;hiver est une v\u00e9ritable star. Il arrive toujours \u00e0 se positionner correctement sur la photo. M\u00eame pas besoin de lui dire quoi que ce soit, son professionnalisme est l\u00e0, compl\u00e9mentaire de l&rsquo;amateurisme du photographe !<\/p>\n","protected":false},"excerpt":{"rendered":"<p>Ce Rougegorge (Erithacus rubecula) que nous pouvons voir partout en cette p\u00e9riode d&rsquo;hiver est une v\u00e9ritable star. Il arrive toujours \u00e0 se positionner correctement sur la photo. M\u00eame pas besoin de lui dire quoi que ce soit, son professionnalisme est l\u00e0, compl\u00e9mentaire de l&rsquo;amateurisme du photographe !<\/p>\n","protected":false},"author":1,"featured_media":352,"comment_status":"open","ping_status":"open","sticky":false,"template":"","format":"standard","meta":{"footnotes":""},"categories":[14],"tags":[24,25,55,23,26],"class_list":{"0":"post-351","1":"post","2":"type-post","3":"status-publish","4":"format-standard","5":"has-post-thumbnail","7":"category-oiseau","8":"tag-erithacus-rubecula","9":"tag-nikon-d5300","10":"tag-oiseau","11":"tag-rougegorge-familier","12":"tag-sigma-150-600-contemporary","13":"czr-hentry"},"yoast_head":"<!-- This site is optimized with the Yoast SEO plugin v27.5 - https:\/\/yoast.com\/product\/yoast-seo-wordpress\/ -->\n<title>La star du jour - S\u00e9bastien Majerowicz<\/title>\n<meta name=\"robots\" content=\"index, follow, max-snippet:-1, max-image-preview:large, max-video-preview:-1\" \/>\n<link rel=\"canonical\" href=\"https:\/\/www.sebastien-majerowicz.fr\/index.php\/2017\/02\/02\/la-star-du-jour\/\" \/>\n<meta property=\"og:locale\" content=\"fr_FR\" \/>\n<meta property=\"og:type\" content=\"article\" \/>\n<meta property=\"og:title\" content=\"La star du jour - S\u00e9bastien Majerowicz\" \/>\n<meta property=\"og:description\" content=\"Ce Rougegorge (Erithacus rubecula) que nous pouvons voir partout en cette p\u00e9riode d&rsquo;hiver est une v\u00e9ritable star. Il arrive toujours \u00e0 se positionner correctement sur la photo. M\u00eame pas besoin de lui dire quoi que ce soit, son professionnalisme est l\u00e0, compl\u00e9mentaire de l&rsquo;amateurisme du photographe !\" \/>\n<meta property=\"og:url\" content=\"https:\/\/www.sebastien-majerowicz.fr\/index.php\/2017\/02\/02\/la-star-du-jour\/\" \/>\n<meta property=\"og:site_name\" content=\"S\u00e9bastien Majerowicz\" \/>\n<meta property=\"article:published_time\" content=\"2017-02-02T13:16:08+00:00\" \/>\n<meta property=\"article:modified_time\" content=\"2017-10-10T09:53:03+00:00\" \/>\n<meta property=\"og:image\" content=\"https:\/\/www.sebastien-majerowicz.fr\/wp-content\/uploads\/2017\/03\/31644873784_ff224f1dfa_b.jpg\" \/>\n\t<meta property=\"og:image:width\" content=\"1024\" \/>\n\t<meta property=\"og:image:height\" content=\"683\" \/>\n\t<meta property=\"og:image:type\" content=\"image\/jpeg\" \/>\n<meta name=\"author\" content=\"S\u00e9bastien Majerowicz\" \/>\n<meta name=\"twitter:card\" content=\"summary_large_image\" \/>\n<meta name=\"twitter:label1\" content=\"\u00c9crit par\" \/>\n\t<meta name=\"twitter:data1\" content=\"S\u00e9bastien Majerowicz\" \/>\n<script type=\"application\/ld+json\" class=\"yoast-schema-graph\">{\"@context\":\"https:\\\/\\\/schema.org\",\"@graph\":[{\"@type\":\"Article\",\"@id\":\"https:\\\/\\\/www.sebastien-majerowicz.fr\\\/index.php\\\/2017\\\/02\\\/02\\\/la-star-du-jour\\\/#article\",\"isPartOf\":{\"@id\":\"https:\\\/\\\/www.sebastien-majerowicz.fr\\\/index.php\\\/2017\\\/02\\\/02\\\/la-star-du-jour\\\/\"},\"author\":{\"name\":\"S\u00e9bastien Majerowicz\",\"@id\":\"https:\\\/\\\/www.sebastien-majerowicz.fr\\\/#\\\/schema\\\/person\\\/a64c1066d12b40958b45bf7ab508f6a3\"},\"headline\":\"La star du jour\",\"datePublished\":\"2017-02-02T13:16:08+00:00\",\"dateModified\":\"2017-10-10T09:53:03+00:00\",\"mainEntityOfPage\":{\"@id\":\"https:\\\/\\\/www.sebastien-majerowicz.fr\\\/index.php\\\/2017\\\/02\\\/02\\\/la-star-du-jour\\\/\"},\"wordCount\":55,\"commentCount\":0,\"publisher\":{\"@id\":\"https:\\\/\\\/www.sebastien-majerowicz.fr\\\/#\\\/schema\\\/person\\\/a64c1066d12b40958b45bf7ab508f6a3\"},\"image\":{\"@id\":\"https:\\\/\\\/www.sebastien-majerowicz.fr\\\/index.php\\\/2017\\\/02\\\/02\\\/la-star-du-jour\\\/#primaryimage\"},\"thumbnailUrl\":\"https:\\\/\\\/www.sebastien-majerowicz.fr\\\/wp-content\\\/uploads\\\/2017\\\/03\\\/31644873784_ff224f1dfa_b.jpg\",\"keywords\":[\"Erithacus rubecula\",\"Nikon D5300\",\"Oiseau\",\"Rougegorge familier\",\"Sigma 150-600 Contemporary\"],\"articleSection\":[\"Oiseau\"],\"inLanguage\":\"fr-FR\",\"potentialAction\":[{\"@type\":\"CommentAction\",\"name\":\"Comment\",\"target\":[\"https:\\\/\\\/www.sebastien-majerowicz.fr\\\/index.php\\\/2017\\\/02\\\/02\\\/la-star-du-jour\\\/#respond\"]}]},{\"@type\":\"WebPage\",\"@id\":\"https:\\\/\\\/www.sebastien-majerowicz.fr\\\/index.php\\\/2017\\\/02\\\/02\\\/la-star-du-jour\\\/\",\"url\":\"https:\\\/\\\/www.sebastien-majerowicz.fr\\\/index.php\\\/2017\\\/02\\\/02\\\/la-star-du-jour\\\/\",\"name\":\"La star du jour - S\u00e9bastien Majerowicz\",\"isPartOf\":{\"@id\":\"https:\\\/\\\/www.sebastien-majerowicz.fr\\\/#website\"},\"primaryImageOfPage\":{\"@id\":\"https:\\\/\\\/www.sebastien-majerowicz.fr\\\/index.php\\\/2017\\\/02\\\/02\\\/la-star-du-jour\\\/#primaryimage\"},\"image\":{\"@id\":\"https:\\\/\\\/www.sebastien-majerowicz.fr\\\/index.php\\\/2017\\\/02\\\/02\\\/la-star-du-jour\\\/#primaryimage\"},\"thumbnailUrl\":\"https:\\\/\\\/www.sebastien-majerowicz.fr\\\/wp-content\\\/uploads\\\/2017\\\/03\\\/31644873784_ff224f1dfa_b.jpg\",\"datePublished\":\"2017-02-02T13:16:08+00:00\",\"dateModified\":\"2017-10-10T09:53:03+00:00\",\"breadcrumb\":{\"@id\":\"https:\\\/\\\/www.sebastien-majerowicz.fr\\\/index.php\\\/2017\\\/02\\\/02\\\/la-star-du-jour\\\/#breadcrumb\"},\"inLanguage\":\"fr-FR\",\"potentialAction\":[{\"@type\":\"ReadAction\",\"target\":[\"https:\\\/\\\/www.sebastien-majerowicz.fr\\\/index.php\\\/2017\\\/02\\\/02\\\/la-star-du-jour\\\/\"]}]},{\"@type\":\"ImageObject\",\"inLanguage\":\"fr-FR\",\"@id\":\"https:\\\/\\\/www.sebastien-majerowicz.fr\\\/index.php\\\/2017\\\/02\\\/02\\\/la-star-du-jour\\\/#primaryimage\",\"url\":\"https:\\\/\\\/www.sebastien-majerowicz.fr\\\/wp-content\\\/uploads\\\/2017\\\/03\\\/31644873784_ff224f1dfa_b.jpg\",\"contentUrl\":\"https:\\\/\\\/www.sebastien-majerowicz.fr\\\/wp-content\\\/uploads\\\/2017\\\/03\\\/31644873784_ff224f1dfa_b.jpg\",\"width\":1024,\"height\":683,\"caption\":\"Rougegorge familier \\\/ Erithacus rubecula\"},{\"@type\":\"BreadcrumbList\",\"@id\":\"https:\\\/\\\/www.sebastien-majerowicz.fr\\\/index.php\\\/2017\\\/02\\\/02\\\/la-star-du-jour\\\/#breadcrumb\",\"itemListElement\":[{\"@type\":\"ListItem\",\"position\":1,\"name\":\"Accueil\",\"item\":\"https:\\\/\\\/www.sebastien-majerowicz.fr\\\/\"},{\"@type\":\"ListItem\",\"position\":2,\"name\":\"La star du jour\"}]},{\"@type\":\"WebSite\",\"@id\":\"https:\\\/\\\/www.sebastien-majerowicz.fr\\\/#website\",\"url\":\"https:\\\/\\\/www.sebastien-majerowicz.fr\\\/\",\"name\":\"S\u00e9bastien Majerowicz\",\"description\":\"Photographe animalier par Nature\",\"publisher\":{\"@id\":\"https:\\\/\\\/www.sebastien-majerowicz.fr\\\/#\\\/schema\\\/person\\\/a64c1066d12b40958b45bf7ab508f6a3\"},\"potentialAction\":[{\"@type\":\"SearchAction\",\"target\":{\"@type\":\"EntryPoint\",\"urlTemplate\":\"https:\\\/\\\/www.sebastien-majerowicz.fr\\\/?s={search_term_string}\"},\"query-input\":{\"@type\":\"PropertyValueSpecification\",\"valueRequired\":true,\"valueName\":\"search_term_string\"}}],\"inLanguage\":\"fr-FR\"},{\"@type\":[\"Person\",\"Organization\"],\"@id\":\"https:\\\/\\\/www.sebastien-majerowicz.fr\\\/#\\\/schema\\\/person\\\/a64c1066d12b40958b45bf7ab508f6a3\",\"name\":\"S\u00e9bastien Majerowicz\",\"logo\":{\"@id\":\"https:\\\/\\\/www.sebastien-majerowicz.fr\\\/#\\\/schema\\\/person\\\/image\\\/\"},\"sameAs\":[\"https:\\\/\\\/www.sebastien-majerowicz.fr\"]}]}<\/script>\n<!-- \/ Yoast SEO plugin. -->","yoast_head_json":{"title":"La star du jour - S\u00e9bastien Majerowicz","robots":{"index":"index","follow":"follow","max-snippet":"max-snippet:-1","max-image-preview":"max-image-preview:large","max-video-preview":"max-video-preview:-1"},"canonical":"https:\/\/www.sebastien-majerowicz.fr\/index.php\/2017\/02\/02\/la-star-du-jour\/","og_locale":"fr_FR","og_type":"article","og_title":"La star du jour - S\u00e9bastien Majerowicz","og_description":"Ce Rougegorge (Erithacus rubecula) que nous pouvons voir partout en cette p\u00e9riode d&rsquo;hiver est une v\u00e9ritable star. Il arrive toujours \u00e0 se positionner correctement sur la photo. M\u00eame pas besoin de lui dire quoi que ce soit, son professionnalisme est l\u00e0, compl\u00e9mentaire de l&rsquo;amateurisme du photographe !","og_url":"https:\/\/www.sebastien-majerowicz.fr\/index.php\/2017\/02\/02\/la-star-du-jour\/","og_site_name":"S\u00e9bastien Majerowicz","article_published_time":"2017-02-02T13:16:08+00:00","article_modified_time":"2017-10-10T09:53:03+00:00","og_image":[{"width":1024,"height":683,"url":"https:\/\/www.sebastien-majerowicz.fr\/wp-content\/uploads\/2017\/03\/31644873784_ff224f1dfa_b.jpg","type":"image\/jpeg"}],"author":"S\u00e9bastien Majerowicz","twitter_card":"summary_large_image","twitter_misc":{"\u00c9crit par":"S\u00e9bastien Majerowicz"},"schema":{"@context":"https:\/\/schema.org","@graph":[{"@type":"Article","@id":"https:\/\/www.sebastien-majerowicz.fr\/index.php\/2017\/02\/02\/la-star-du-jour\/#article","isPartOf":{"@id":"https:\/\/www.sebastien-majerowicz.fr\/index.php\/2017\/02\/02\/la-star-du-jour\/"},"author":{"name":"S\u00e9bastien Majerowicz","@id":"https:\/\/www.sebastien-majerowicz.fr\/#\/schema\/person\/a64c1066d12b40958b45bf7ab508f6a3"},"headline":"La star du jour","datePublished":"2017-02-02T13:16:08+00:00","dateModified":"2017-10-10T09:53:03+00:00","mainEntityOfPage":{"@id":"https:\/\/www.sebastien-majerowicz.fr\/index.php\/2017\/02\/02\/la-star-du-jour\/"},"wordCount":55,"commentCount":0,"publisher":{"@id":"https:\/\/www.sebastien-majerowicz.fr\/#\/schema\/person\/a64c1066d12b40958b45bf7ab508f6a3"},"image":{"@id":"https:\/\/www.sebastien-majerowicz.fr\/index.php\/2017\/02\/02\/la-star-du-jour\/#primaryimage"},"thumbnailUrl":"https:\/\/www.sebastien-majerowicz.fr\/wp-content\/uploads\/2017\/03\/31644873784_ff224f1dfa_b.jpg","keywords":["Erithacus rubecula","Nikon D5300","Oiseau","Rougegorge familier","Sigma 150-600 Contemporary"],"articleSection":["Oiseau"],"inLanguage":"fr-FR","potentialAction":[{"@type":"CommentAction","name":"Comment","target":["https:\/\/www.sebastien-majerowicz.fr\/index.php\/2017\/02\/02\/la-star-du-jour\/#respond"]}]},{"@type":"WebPage","@id":"https:\/\/www.sebastien-majerowicz.fr\/index.php\/2017\/02\/02\/la-star-du-jour\/","url":"https:\/\/www.sebastien-majerowicz.fr\/index.php\/2017\/02\/02\/la-star-du-jour\/","name":"La star du jour - S\u00e9bastien Majerowicz","isPartOf":{"@id":"https:\/\/www.sebastien-majerowicz.fr\/#website"},"primaryImageOfPage":{"@id":"https:\/\/www.sebastien-majerowicz.fr\/index.php\/2017\/02\/02\/la-star-du-jour\/#primaryimage"},"image":{"@id":"https:\/\/www.sebastien-majerowicz.fr\/index.php\/2017\/02\/02\/la-star-du-jour\/#primaryimage"},"thumbnailUrl":"https:\/\/www.sebastien-majerowicz.fr\/wp-content\/uploads\/2017\/03\/31644873784_ff224f1dfa_b.jpg","datePublished":"2017-02-02T13:16:08+00:00","dateModified":"2017-10-10T09:53:03+00:00","breadcrumb":{"@id":"https:\/\/www.sebastien-majerowicz.fr\/index.php\/2017\/02\/02\/la-star-du-jour\/#breadcrumb"},"inLanguage":"fr-FR","potentialAction":[{"@type":"ReadAction","target":["https:\/\/www.sebastien-majerowicz.fr\/index.php\/2017\/02\/02\/la-star-du-jour\/"]}]},{"@type":"ImageObject","inLanguage":"fr-FR","@id":"https:\/\/www.sebastien-majerowicz.fr\/index.php\/2017\/02\/02\/la-star-du-jour\/#primaryimage","url":"https:\/\/www.sebastien-majerowicz.fr\/wp-content\/uploads\/2017\/03\/31644873784_ff224f1dfa_b.jpg","contentUrl":"https:\/\/www.sebastien-majerowicz.fr\/wp-content\/uploads\/2017\/03\/31644873784_ff224f1dfa_b.jpg","width":1024,"height":683,"caption":"Rougegorge familier \/ Erithacus rubecula"},{"@type":"BreadcrumbList","@id":"https:\/\/www.sebastien-majerowicz.fr\/index.php\/2017\/02\/02\/la-star-du-jour\/#breadcrumb","itemListElement":[{"@type":"ListItem","position":1,"name":"Accueil","item":"https:\/\/www.sebastien-majerowicz.fr\/"},{"@type":"ListItem","position":2,"name":"La star du jour"}]},{"@type":"WebSite","@id":"https:\/\/www.sebastien-majerowicz.fr\/#website","url":"https:\/\/www.sebastien-majerowicz.fr\/","name":"S\u00e9bastien Majerowicz","description":"Photographe animalier par Nature","publisher":{"@id":"https:\/\/www.sebastien-majerowicz.fr\/#\/schema\/person\/a64c1066d12b40958b45bf7ab508f6a3"},"potentialAction":[{"@type":"SearchAction","target":{"@type":"EntryPoint","urlTemplate":"https:\/\/www.sebastien-majerowicz.fr\/?s={search_term_string}"},"query-input":{"@type":"PropertyValueSpecification","valueRequired":true,"valueName":"search_term_string"}}],"inLanguage":"fr-FR"},{"@type":["Person","Organization"],"@id":"https:\/\/www.sebastien-majerowicz.fr\/#\/schema\/person\/a64c1066d12b40958b45bf7ab508f6a3","name":"S\u00e9bastien Majerowicz","logo":{"@id":"https:\/\/www.sebastien-majerowicz.fr\/#\/schema\/person\/image\/"},"sameAs":["https:\/\/www.sebastien-majerowicz.fr"]}]}},"_links":{"self":[{"href":"https:\/\/www.sebastien-majerowicz.fr\/index.php\/wp-json\/wp\/v2\/posts\/351","targetHints":{"allow":["GET"]}}],"collection":[{"href":"https:\/\/www.sebastien-majerowicz.fr\/index.php\/wp-json\/wp\/v2\/posts"}],"about":[{"href":"https:\/\/www.sebastien-majerowicz.fr\/index.php\/wp-json\/wp\/v2\/types\/post"}],"author":[{"embeddable":true,"href":"https:\/\/www.sebastien-majerowicz.fr\/index.php\/wp-json\/wp\/v2\/users\/1"}],"replies":[{"embeddable":true,"href":"https:\/\/www.sebastien-majerowicz.fr\/index.php\/wp-json\/wp\/v2\/comments?post=351"}],"version-history":[{"count":1,"href":"https:\/\/www.sebastien-majerowicz.fr\/index.php\/wp-json\/wp\/v2\/posts\/351\/revisions"}],"predecessor-version":[{"id":353,"href":"https:\/\/www.sebastien-majerowicz.fr\/index.php\/wp-json\/wp\/v2\/posts\/351\/revisions\/353"}],"wp:featuredmedia":[{"embeddable":true,"href":"https:\/\/www.sebastien-majerowicz.fr\/index.php\/wp-json\/wp\/v2\/media\/352"}],"wp:attachment":[{"href":"https:\/\/www.sebastien-majerowicz.fr\/index.php\/wp-json\/wp\/v2\/media?parent=351"}],"wp:term":[{"taxonomy":"category","embeddable":true,"href":"https:\/\/www.sebastien-majerowicz.fr\/index.php\/wp-json\/wp\/v2\/categories?post=351"},{"taxonomy":"post_tag","embeddable":true,"href":"https:\/\/www.sebastien-majerowicz.fr\/index.php\/wp-json\/wp\/v2\/tags?post=351"}],"curies":[{"name":"wp","href":"https:\/\/api.w.org\/{rel}","templated":true}]}}