{"id":3446,"date":"2018-07-18T10:37:08","date_gmt":"2018-07-18T08:37:08","guid":{"rendered":"http:\/\/www.sebastien-majerowicz.fr\/?p=3446"},"modified":"2018-07-18T10:37:08","modified_gmt":"2018-07-18T08:37:08","slug":"estivant","status":"publish","type":"post","link":"https:\/\/www.sebastien-majerowicz.fr\/index.php\/2018\/07\/18\/estivant\/","title":{"rendered":"Estivant"},"content":{"rendered":"<p>Il fait beau, il fait chaud et les bl\u00e9s sont pr\u00eats \u00e0 \u00eatre fauch\u00e9s ! En vous baladant, regardez ces champs car au milieu de toute cette uniformit\u00e9, vous pourrez trouver petits tr\u00e9sors comme ce Fadet commun (Coenonympha pamphilus). Malheureusement, les pesticides sont tellement pr\u00e9sents que la vie animale dans les champs cultiv\u00e9s est g\u00e9n\u00e9ralement tr\u00e8s r\u00e9duite voire inexistante \ud83d\ude41<\/p>\n","protected":false},"excerpt":{"rendered":"<p>Il fait beau, il fait chaud et les bl\u00e9s sont pr\u00eats \u00e0 \u00eatre fauch\u00e9s ! En vous baladant, regardez ces champs car au milieu de toute cette uniformit\u00e9, vous pourrez trouver petits tr\u00e9sors comme ce Fadet commun (Coenonympha pamphilus). Malheureusement, les pesticides sont tellement pr\u00e9sents que la vie animale dans les champs cultiv\u00e9s est g\u00e9n\u00e9ralement [&hellip;]<\/p>\n","protected":false},"author":1,"featured_media":3445,"comment_status":"open","ping_status":"open","sticky":false,"template":"","format":"standard","meta":{"footnotes":""},"categories":[12],"tags":[973,972,59,25,26],"class_list":{"0":"post-3446","1":"post","2":"type-post","3":"status-publish","4":"format-standard","5":"has-post-thumbnail","7":"category-macrophotographie-animale","8":"tag-coenonympha-pamphilus","9":"tag-fadet-commun","10":"tag-lepidoptere","11":"tag-nikon-d5300","12":"tag-sigma-150-600-contemporary","13":"czr-hentry"},"yoast_head":"<!-- This site is optimized with the Yoast SEO plugin v27.5 - https:\/\/yoast.com\/product\/yoast-seo-wordpress\/ -->\n<title>Estivant - S\u00e9bastien Majerowicz<\/title>\n<meta name=\"robots\" content=\"index, follow, max-snippet:-1, max-image-preview:large, max-video-preview:-1\" \/>\n<link rel=\"canonical\" href=\"https:\/\/www.sebastien-majerowicz.fr\/index.php\/2018\/07\/18\/estivant\/\" \/>\n<meta property=\"og:locale\" content=\"fr_FR\" \/>\n<meta property=\"og:type\" content=\"article\" \/>\n<meta property=\"og:title\" content=\"Estivant - S\u00e9bastien Majerowicz\" \/>\n<meta property=\"og:description\" content=\"Il fait beau, il fait chaud et les bl\u00e9s sont pr\u00eats \u00e0 \u00eatre fauch\u00e9s ! En vous baladant, regardez ces champs car au milieu de toute cette uniformit\u00e9, vous pourrez trouver petits tr\u00e9sors comme ce Fadet commun (Coenonympha pamphilus). Malheureusement, les pesticides sont tellement pr\u00e9sents que la vie animale dans les champs cultiv\u00e9s est g\u00e9n\u00e9ralement [&hellip;]\" \/>\n<meta property=\"og:url\" content=\"https:\/\/www.sebastien-majerowicz.fr\/index.php\/2018\/07\/18\/estivant\/\" \/>\n<meta property=\"og:site_name\" content=\"S\u00e9bastien Majerowicz\" \/>\n<meta property=\"article:published_time\" content=\"2018-07-18T08:37:08+00:00\" \/>\n<meta property=\"og:image\" content=\"https:\/\/www.sebastien-majerowicz.fr\/wp-content\/uploads\/2018\/07\/32959196853_4222f2bb71_b-10.jpg\" \/>\n\t<meta property=\"og:image:width\" content=\"1024\" \/>\n\t<meta property=\"og:image:height\" content=\"683\" \/>\n\t<meta property=\"og:image:type\" content=\"image\/jpeg\" \/>\n<meta name=\"author\" content=\"S\u00e9bastien Majerowicz\" \/>\n<meta name=\"twitter:card\" content=\"summary_large_image\" \/>\n<meta name=\"twitter:label1\" content=\"\u00c9crit par\" \/>\n\t<meta name=\"twitter:data1\" content=\"S\u00e9bastien Majerowicz\" \/>\n<script type=\"application\/ld+json\" class=\"yoast-schema-graph\">{\"@context\":\"https:\\\/\\\/schema.org\",\"@graph\":[{\"@type\":\"Article\",\"@id\":\"https:\\\/\\\/www.sebastien-majerowicz.fr\\\/index.php\\\/2018\\\/07\\\/18\\\/estivant\\\/#article\",\"isPartOf\":{\"@id\":\"https:\\\/\\\/www.sebastien-majerowicz.fr\\\/index.php\\\/2018\\\/07\\\/18\\\/estivant\\\/\"},\"author\":{\"name\":\"S\u00e9bastien Majerowicz\",\"@id\":\"https:\\\/\\\/www.sebastien-majerowicz.fr\\\/#\\\/schema\\\/person\\\/a64c1066d12b40958b45bf7ab508f6a3\"},\"headline\":\"Estivant\",\"datePublished\":\"2018-07-18T08:37:08+00:00\",\"mainEntityOfPage\":{\"@id\":\"https:\\\/\\\/www.sebastien-majerowicz.fr\\\/index.php\\\/2018\\\/07\\\/18\\\/estivant\\\/\"},\"wordCount\":69,\"commentCount\":0,\"publisher\":{\"@id\":\"https:\\\/\\\/www.sebastien-majerowicz.fr\\\/#\\\/schema\\\/person\\\/a64c1066d12b40958b45bf7ab508f6a3\"},\"image\":{\"@id\":\"https:\\\/\\\/www.sebastien-majerowicz.fr\\\/index.php\\\/2018\\\/07\\\/18\\\/estivant\\\/#primaryimage\"},\"thumbnailUrl\":\"https:\\\/\\\/www.sebastien-majerowicz.fr\\\/wp-content\\\/uploads\\\/2018\\\/07\\\/32959196853_4222f2bb71_b-10.jpg\",\"keywords\":[\"Coenonympha pamphilus\",\"Fadet commun\",\"L\u00e9pidopt\u00e8re\",\"Nikon D5300\",\"Sigma 150-600 Contemporary\"],\"articleSection\":[\"Macrophotographie animale\"],\"inLanguage\":\"fr-FR\",\"potentialAction\":[{\"@type\":\"CommentAction\",\"name\":\"Comment\",\"target\":[\"https:\\\/\\\/www.sebastien-majerowicz.fr\\\/index.php\\\/2018\\\/07\\\/18\\\/estivant\\\/#respond\"]}]},{\"@type\":\"WebPage\",\"@id\":\"https:\\\/\\\/www.sebastien-majerowicz.fr\\\/index.php\\\/2018\\\/07\\\/18\\\/estivant\\\/\",\"url\":\"https:\\\/\\\/www.sebastien-majerowicz.fr\\\/index.php\\\/2018\\\/07\\\/18\\\/estivant\\\/\",\"name\":\"Estivant - S\u00e9bastien Majerowicz\",\"isPartOf\":{\"@id\":\"https:\\\/\\\/www.sebastien-majerowicz.fr\\\/#website\"},\"primaryImageOfPage\":{\"@id\":\"https:\\\/\\\/www.sebastien-majerowicz.fr\\\/index.php\\\/2018\\\/07\\\/18\\\/estivant\\\/#primaryimage\"},\"image\":{\"@id\":\"https:\\\/\\\/www.sebastien-majerowicz.fr\\\/index.php\\\/2018\\\/07\\\/18\\\/estivant\\\/#primaryimage\"},\"thumbnailUrl\":\"https:\\\/\\\/www.sebastien-majerowicz.fr\\\/wp-content\\\/uploads\\\/2018\\\/07\\\/32959196853_4222f2bb71_b-10.jpg\",\"datePublished\":\"2018-07-18T08:37:08+00:00\",\"breadcrumb\":{\"@id\":\"https:\\\/\\\/www.sebastien-majerowicz.fr\\\/index.php\\\/2018\\\/07\\\/18\\\/estivant\\\/#breadcrumb\"},\"inLanguage\":\"fr-FR\",\"potentialAction\":[{\"@type\":\"ReadAction\",\"target\":[\"https:\\\/\\\/www.sebastien-majerowicz.fr\\\/index.php\\\/2018\\\/07\\\/18\\\/estivant\\\/\"]}]},{\"@type\":\"ImageObject\",\"inLanguage\":\"fr-FR\",\"@id\":\"https:\\\/\\\/www.sebastien-majerowicz.fr\\\/index.php\\\/2018\\\/07\\\/18\\\/estivant\\\/#primaryimage\",\"url\":\"https:\\\/\\\/www.sebastien-majerowicz.fr\\\/wp-content\\\/uploads\\\/2018\\\/07\\\/32959196853_4222f2bb71_b-10.jpg\",\"contentUrl\":\"https:\\\/\\\/www.sebastien-majerowicz.fr\\\/wp-content\\\/uploads\\\/2018\\\/07\\\/32959196853_4222f2bb71_b-10.jpg\",\"width\":1024,\"height\":683,\"caption\":\"Fadet commun \\\/ Coenonympha pamphilus\"},{\"@type\":\"BreadcrumbList\",\"@id\":\"https:\\\/\\\/www.sebastien-majerowicz.fr\\\/index.php\\\/2018\\\/07\\\/18\\\/estivant\\\/#breadcrumb\",\"itemListElement\":[{\"@type\":\"ListItem\",\"position\":1,\"name\":\"Accueil\",\"item\":\"https:\\\/\\\/www.sebastien-majerowicz.fr\\\/\"},{\"@type\":\"ListItem\",\"position\":2,\"name\":\"Estivant\"}]},{\"@type\":\"WebSite\",\"@id\":\"https:\\\/\\\/www.sebastien-majerowicz.fr\\\/#website\",\"url\":\"https:\\\/\\\/www.sebastien-majerowicz.fr\\\/\",\"name\":\"S\u00e9bastien Majerowicz\",\"description\":\"Photographe animalier par Nature\",\"publisher\":{\"@id\":\"https:\\\/\\\/www.sebastien-majerowicz.fr\\\/#\\\/schema\\\/person\\\/a64c1066d12b40958b45bf7ab508f6a3\"},\"potentialAction\":[{\"@type\":\"SearchAction\",\"target\":{\"@type\":\"EntryPoint\",\"urlTemplate\":\"https:\\\/\\\/www.sebastien-majerowicz.fr\\\/?s={search_term_string}\"},\"query-input\":{\"@type\":\"PropertyValueSpecification\",\"valueRequired\":true,\"valueName\":\"search_term_string\"}}],\"inLanguage\":\"fr-FR\"},{\"@type\":[\"Person\",\"Organization\"],\"@id\":\"https:\\\/\\\/www.sebastien-majerowicz.fr\\\/#\\\/schema\\\/person\\\/a64c1066d12b40958b45bf7ab508f6a3\",\"name\":\"S\u00e9bastien Majerowicz\",\"logo\":{\"@id\":\"https:\\\/\\\/www.sebastien-majerowicz.fr\\\/#\\\/schema\\\/person\\\/image\\\/\"},\"sameAs\":[\"https:\\\/\\\/www.sebastien-majerowicz.fr\"]}]}<\/script>\n<!-- \/ Yoast SEO plugin. -->","yoast_head_json":{"title":"Estivant - S\u00e9bastien Majerowicz","robots":{"index":"index","follow":"follow","max-snippet":"max-snippet:-1","max-image-preview":"max-image-preview:large","max-video-preview":"max-video-preview:-1"},"canonical":"https:\/\/www.sebastien-majerowicz.fr\/index.php\/2018\/07\/18\/estivant\/","og_locale":"fr_FR","og_type":"article","og_title":"Estivant - S\u00e9bastien Majerowicz","og_description":"Il fait beau, il fait chaud et les bl\u00e9s sont pr\u00eats \u00e0 \u00eatre fauch\u00e9s ! En vous baladant, regardez ces champs car au milieu de toute cette uniformit\u00e9, vous pourrez trouver petits tr\u00e9sors comme ce Fadet commun (Coenonympha pamphilus). Malheureusement, les pesticides sont tellement pr\u00e9sents que la vie animale dans les champs cultiv\u00e9s est g\u00e9n\u00e9ralement [&hellip;]","og_url":"https:\/\/www.sebastien-majerowicz.fr\/index.php\/2018\/07\/18\/estivant\/","og_site_name":"S\u00e9bastien Majerowicz","article_published_time":"2018-07-18T08:37:08+00:00","og_image":[{"width":1024,"height":683,"url":"https:\/\/www.sebastien-majerowicz.fr\/wp-content\/uploads\/2018\/07\/32959196853_4222f2bb71_b-10.jpg","type":"image\/jpeg"}],"author":"S\u00e9bastien Majerowicz","twitter_card":"summary_large_image","twitter_misc":{"\u00c9crit par":"S\u00e9bastien Majerowicz"},"schema":{"@context":"https:\/\/schema.org","@graph":[{"@type":"Article","@id":"https:\/\/www.sebastien-majerowicz.fr\/index.php\/2018\/07\/18\/estivant\/#article","isPartOf":{"@id":"https:\/\/www.sebastien-majerowicz.fr\/index.php\/2018\/07\/18\/estivant\/"},"author":{"name":"S\u00e9bastien Majerowicz","@id":"https:\/\/www.sebastien-majerowicz.fr\/#\/schema\/person\/a64c1066d12b40958b45bf7ab508f6a3"},"headline":"Estivant","datePublished":"2018-07-18T08:37:08+00:00","mainEntityOfPage":{"@id":"https:\/\/www.sebastien-majerowicz.fr\/index.php\/2018\/07\/18\/estivant\/"},"wordCount":69,"commentCount":0,"publisher":{"@id":"https:\/\/www.sebastien-majerowicz.fr\/#\/schema\/person\/a64c1066d12b40958b45bf7ab508f6a3"},"image":{"@id":"https:\/\/www.sebastien-majerowicz.fr\/index.php\/2018\/07\/18\/estivant\/#primaryimage"},"thumbnailUrl":"https:\/\/www.sebastien-majerowicz.fr\/wp-content\/uploads\/2018\/07\/32959196853_4222f2bb71_b-10.jpg","keywords":["Coenonympha pamphilus","Fadet commun","L\u00e9pidopt\u00e8re","Nikon D5300","Sigma 150-600 Contemporary"],"articleSection":["Macrophotographie animale"],"inLanguage":"fr-FR","potentialAction":[{"@type":"CommentAction","name":"Comment","target":["https:\/\/www.sebastien-majerowicz.fr\/index.php\/2018\/07\/18\/estivant\/#respond"]}]},{"@type":"WebPage","@id":"https:\/\/www.sebastien-majerowicz.fr\/index.php\/2018\/07\/18\/estivant\/","url":"https:\/\/www.sebastien-majerowicz.fr\/index.php\/2018\/07\/18\/estivant\/","name":"Estivant - S\u00e9bastien Majerowicz","isPartOf":{"@id":"https:\/\/www.sebastien-majerowicz.fr\/#website"},"primaryImageOfPage":{"@id":"https:\/\/www.sebastien-majerowicz.fr\/index.php\/2018\/07\/18\/estivant\/#primaryimage"},"image":{"@id":"https:\/\/www.sebastien-majerowicz.fr\/index.php\/2018\/07\/18\/estivant\/#primaryimage"},"thumbnailUrl":"https:\/\/www.sebastien-majerowicz.fr\/wp-content\/uploads\/2018\/07\/32959196853_4222f2bb71_b-10.jpg","datePublished":"2018-07-18T08:37:08+00:00","breadcrumb":{"@id":"https:\/\/www.sebastien-majerowicz.fr\/index.php\/2018\/07\/18\/estivant\/#breadcrumb"},"inLanguage":"fr-FR","potentialAction":[{"@type":"ReadAction","target":["https:\/\/www.sebastien-majerowicz.fr\/index.php\/2018\/07\/18\/estivant\/"]}]},{"@type":"ImageObject","inLanguage":"fr-FR","@id":"https:\/\/www.sebastien-majerowicz.fr\/index.php\/2018\/07\/18\/estivant\/#primaryimage","url":"https:\/\/www.sebastien-majerowicz.fr\/wp-content\/uploads\/2018\/07\/32959196853_4222f2bb71_b-10.jpg","contentUrl":"https:\/\/www.sebastien-majerowicz.fr\/wp-content\/uploads\/2018\/07\/32959196853_4222f2bb71_b-10.jpg","width":1024,"height":683,"caption":"Fadet commun \/ Coenonympha pamphilus"},{"@type":"BreadcrumbList","@id":"https:\/\/www.sebastien-majerowicz.fr\/index.php\/2018\/07\/18\/estivant\/#breadcrumb","itemListElement":[{"@type":"ListItem","position":1,"name":"Accueil","item":"https:\/\/www.sebastien-majerowicz.fr\/"},{"@type":"ListItem","position":2,"name":"Estivant"}]},{"@type":"WebSite","@id":"https:\/\/www.sebastien-majerowicz.fr\/#website","url":"https:\/\/www.sebastien-majerowicz.fr\/","name":"S\u00e9bastien Majerowicz","description":"Photographe animalier par Nature","publisher":{"@id":"https:\/\/www.sebastien-majerowicz.fr\/#\/schema\/person\/a64c1066d12b40958b45bf7ab508f6a3"},"potentialAction":[{"@type":"SearchAction","target":{"@type":"EntryPoint","urlTemplate":"https:\/\/www.sebastien-majerowicz.fr\/?s={search_term_string}"},"query-input":{"@type":"PropertyValueSpecification","valueRequired":true,"valueName":"search_term_string"}}],"inLanguage":"fr-FR"},{"@type":["Person","Organization"],"@id":"https:\/\/www.sebastien-majerowicz.fr\/#\/schema\/person\/a64c1066d12b40958b45bf7ab508f6a3","name":"S\u00e9bastien Majerowicz","logo":{"@id":"https:\/\/www.sebastien-majerowicz.fr\/#\/schema\/person\/image\/"},"sameAs":["https:\/\/www.sebastien-majerowicz.fr"]}]}},"_links":{"self":[{"href":"https:\/\/www.sebastien-majerowicz.fr\/index.php\/wp-json\/wp\/v2\/posts\/3446","targetHints":{"allow":["GET"]}}],"collection":[{"href":"https:\/\/www.sebastien-majerowicz.fr\/index.php\/wp-json\/wp\/v2\/posts"}],"about":[{"href":"https:\/\/www.sebastien-majerowicz.fr\/index.php\/wp-json\/wp\/v2\/types\/post"}],"author":[{"embeddable":true,"href":"https:\/\/www.sebastien-majerowicz.fr\/index.php\/wp-json\/wp\/v2\/users\/1"}],"replies":[{"embeddable":true,"href":"https:\/\/www.sebastien-majerowicz.fr\/index.php\/wp-json\/wp\/v2\/comments?post=3446"}],"version-history":[{"count":1,"href":"https:\/\/www.sebastien-majerowicz.fr\/index.php\/wp-json\/wp\/v2\/posts\/3446\/revisions"}],"predecessor-version":[{"id":3447,"href":"https:\/\/www.sebastien-majerowicz.fr\/index.php\/wp-json\/wp\/v2\/posts\/3446\/revisions\/3447"}],"wp:featuredmedia":[{"embeddable":true,"href":"https:\/\/www.sebastien-majerowicz.fr\/index.php\/wp-json\/wp\/v2\/media\/3445"}],"wp:attachment":[{"href":"https:\/\/www.sebastien-majerowicz.fr\/index.php\/wp-json\/wp\/v2\/media?parent=3446"}],"wp:term":[{"taxonomy":"category","embeddable":true,"href":"https:\/\/www.sebastien-majerowicz.fr\/index.php\/wp-json\/wp\/v2\/categories?post=3446"},{"taxonomy":"post_tag","embeddable":true,"href":"https:\/\/www.sebastien-majerowicz.fr\/index.php\/wp-json\/wp\/v2\/tags?post=3446"}],"curies":[{"name":"wp","href":"https:\/\/api.w.org\/{rel}","templated":true}]}}