{"id":3412,"date":"2018-07-06T10:09:33","date_gmt":"2018-07-06T08:09:33","guid":{"rendered":"http:\/\/www.sebastien-majerowicz.fr\/?p=3412"},"modified":"2019-11-09T21:20:06","modified_gmt":"2019-11-09T20:20:06","slug":"determinee","status":"publish","type":"post","link":"https:\/\/www.sebastien-majerowicz.fr\/index.php\/2018\/07\/06\/determinee\/","title":{"rendered":"D\u00e9termin\u00e9e"},"content":{"rendered":"<p>Aujourd&rsquo;hui est pr\u00e9sent\u00e9e une photographie comme je les aime, surtout en proxy, \u00e0 savoir minimaliste. Ce n&rsquo;est jamais simple car dans les pr\u00e9s, autour des \u00e9tangs, dans les bois, &#8230; rien n&rsquo;est heureusement ordonn\u00e9 ! Ainsi seule la chance permet d&rsquo;obtenir ce type de photographie d\u00e9pouill\u00e9e, la chance d&rsquo;\u00eatre l\u00e0 au bon endroit et au bon moment. Toutefois, certains iront utiliser les ciseaux pour avoir ce rendu mais ce n&rsquo;est pas dans ma <a href=\"http:\/\/www.sebastien-majerowicz.fr\/index.php\/ethique-tant-photographe-de-nature\/\" target=\"_blank\" rel=\"noopener noreferrer\">conception de la photographie de Nature<\/a>.<\/p>\n<p>Dans tous les cas, voici une Ischnure \u00e9l\u00e9gante (Ischnura elegans) dont le regard ne m&rsquo;a pas donn\u00e9 envie de m&rsquo;approcher de trop \ud83d\ude09<\/p>\n<p>PS : Vous pouvez retrouver ce charmant couple dans la galerie \u00ab\u00a0<a href=\"http:\/\/www.sebastien-majerowicz.fr\/index.php\/six-ou-huit\/\" target=\"_blank\" rel=\"noopener noreferrer\">Six ou huit<\/a>\u00a0\u00bb d\u00e9di\u00e9e aux insectes et autres araign\u00e9es.<\/p>\n","protected":false},"excerpt":{"rendered":"<p>Aujourd&rsquo;hui est pr\u00e9sent\u00e9e une photographie comme je les aime, surtout en proxy, \u00e0 savoir minimaliste. Ce n&rsquo;est jamais simple car dans les pr\u00e9s, autour des \u00e9tangs, dans les bois, &#8230; rien n&rsquo;est heureusement ordonn\u00e9 ! Ainsi seule la chance permet d&rsquo;obtenir ce type de photographie d\u00e9pouill\u00e9e, la chance d&rsquo;\u00eatre l\u00e0 au bon endroit et au [&hellip;]<\/p>\n","protected":false},"author":1,"featured_media":3411,"comment_status":"open","ping_status":"open","sticky":false,"template":"","format":"standard","meta":{"footnotes":""},"categories":[12],"tags":[962,961,25,101,56],"class_list":{"0":"post-3412","1":"post","2":"type-post","3":"status-publish","4":"format-standard","5":"has-post-thumbnail","7":"category-macrophotographie-animale","8":"tag-ischnura-elegans","9":"tag-ischnure-elegante","10":"tag-nikon-d5300","11":"tag-odonate","12":"tag-sigma-105-macro","13":"czr-hentry"},"yoast_head":"<!-- This site is optimized with the Yoast SEO plugin v27.5 - https:\/\/yoast.com\/product\/yoast-seo-wordpress\/ -->\n<title>D\u00e9termin\u00e9e - S\u00e9bastien Majerowicz<\/title>\n<meta name=\"robots\" content=\"index, follow, max-snippet:-1, max-image-preview:large, max-video-preview:-1\" \/>\n<link rel=\"canonical\" href=\"https:\/\/www.sebastien-majerowicz.fr\/index.php\/2018\/07\/06\/determinee\/\" \/>\n<meta property=\"og:locale\" content=\"fr_FR\" \/>\n<meta property=\"og:type\" content=\"article\" \/>\n<meta property=\"og:title\" content=\"D\u00e9termin\u00e9e - S\u00e9bastien Majerowicz\" \/>\n<meta property=\"og:description\" content=\"Aujourd&rsquo;hui est pr\u00e9sent\u00e9e une photographie comme je les aime, surtout en proxy, \u00e0 savoir minimaliste. Ce n&rsquo;est jamais simple car dans les pr\u00e9s, autour des \u00e9tangs, dans les bois, &#8230; rien n&rsquo;est heureusement ordonn\u00e9 ! Ainsi seule la chance permet d&rsquo;obtenir ce type de photographie d\u00e9pouill\u00e9e, la chance d&rsquo;\u00eatre l\u00e0 au bon endroit et au [&hellip;]\" \/>\n<meta property=\"og:url\" content=\"https:\/\/www.sebastien-majerowicz.fr\/index.php\/2018\/07\/06\/determinee\/\" \/>\n<meta property=\"og:site_name\" content=\"S\u00e9bastien Majerowicz\" \/>\n<meta property=\"article:published_time\" content=\"2018-07-06T08:09:33+00:00\" \/>\n<meta property=\"article:modified_time\" content=\"2019-11-09T20:20:06+00:00\" \/>\n<meta property=\"og:image\" content=\"https:\/\/www.sebastien-majerowicz.fr\/wp-content\/uploads\/2018\/07\/32959196853_4222f2bb71_b-2.jpg\" \/>\n\t<meta property=\"og:image:width\" content=\"1024\" \/>\n\t<meta property=\"og:image:height\" content=\"683\" \/>\n\t<meta property=\"og:image:type\" content=\"image\/jpeg\" \/>\n<meta name=\"author\" content=\"S\u00e9bastien Majerowicz\" \/>\n<meta name=\"twitter:card\" content=\"summary_large_image\" \/>\n<meta name=\"twitter:label1\" content=\"\u00c9crit par\" \/>\n\t<meta name=\"twitter:data1\" content=\"S\u00e9bastien Majerowicz\" \/>\n\t<meta name=\"twitter:label2\" content=\"Dur\u00e9e de lecture estim\u00e9e\" \/>\n\t<meta name=\"twitter:data2\" content=\"1 minute\" \/>\n<script type=\"application\/ld+json\" class=\"yoast-schema-graph\">{\"@context\":\"https:\\\/\\\/schema.org\",\"@graph\":[{\"@type\":\"Article\",\"@id\":\"https:\\\/\\\/www.sebastien-majerowicz.fr\\\/index.php\\\/2018\\\/07\\\/06\\\/determinee\\\/#article\",\"isPartOf\":{\"@id\":\"https:\\\/\\\/www.sebastien-majerowicz.fr\\\/index.php\\\/2018\\\/07\\\/06\\\/determinee\\\/\"},\"author\":{\"name\":\"S\u00e9bastien Majerowicz\",\"@id\":\"https:\\\/\\\/www.sebastien-majerowicz.fr\\\/#\\\/schema\\\/person\\\/a64c1066d12b40958b45bf7ab508f6a3\"},\"headline\":\"D\u00e9termin\u00e9e\",\"datePublished\":\"2018-07-06T08:09:33+00:00\",\"dateModified\":\"2019-11-09T20:20:06+00:00\",\"mainEntityOfPage\":{\"@id\":\"https:\\\/\\\/www.sebastien-majerowicz.fr\\\/index.php\\\/2018\\\/07\\\/06\\\/determinee\\\/\"},\"wordCount\":137,\"commentCount\":0,\"publisher\":{\"@id\":\"https:\\\/\\\/www.sebastien-majerowicz.fr\\\/#\\\/schema\\\/person\\\/a64c1066d12b40958b45bf7ab508f6a3\"},\"image\":{\"@id\":\"https:\\\/\\\/www.sebastien-majerowicz.fr\\\/index.php\\\/2018\\\/07\\\/06\\\/determinee\\\/#primaryimage\"},\"thumbnailUrl\":\"https:\\\/\\\/www.sebastien-majerowicz.fr\\\/wp-content\\\/uploads\\\/2018\\\/07\\\/32959196853_4222f2bb71_b-2.jpg\",\"keywords\":[\"Ischnura elegans\",\"Ischnure \u00e9l\u00e9gante\",\"Nikon D5300\",\"Odonate\",\"Sigma 105 macro\"],\"articleSection\":[\"Macrophotographie animale\"],\"inLanguage\":\"fr-FR\",\"potentialAction\":[{\"@type\":\"CommentAction\",\"name\":\"Comment\",\"target\":[\"https:\\\/\\\/www.sebastien-majerowicz.fr\\\/index.php\\\/2018\\\/07\\\/06\\\/determinee\\\/#respond\"]}]},{\"@type\":\"WebPage\",\"@id\":\"https:\\\/\\\/www.sebastien-majerowicz.fr\\\/index.php\\\/2018\\\/07\\\/06\\\/determinee\\\/\",\"url\":\"https:\\\/\\\/www.sebastien-majerowicz.fr\\\/index.php\\\/2018\\\/07\\\/06\\\/determinee\\\/\",\"name\":\"D\u00e9termin\u00e9e - S\u00e9bastien Majerowicz\",\"isPartOf\":{\"@id\":\"https:\\\/\\\/www.sebastien-majerowicz.fr\\\/#website\"},\"primaryImageOfPage\":{\"@id\":\"https:\\\/\\\/www.sebastien-majerowicz.fr\\\/index.php\\\/2018\\\/07\\\/06\\\/determinee\\\/#primaryimage\"},\"image\":{\"@id\":\"https:\\\/\\\/www.sebastien-majerowicz.fr\\\/index.php\\\/2018\\\/07\\\/06\\\/determinee\\\/#primaryimage\"},\"thumbnailUrl\":\"https:\\\/\\\/www.sebastien-majerowicz.fr\\\/wp-content\\\/uploads\\\/2018\\\/07\\\/32959196853_4222f2bb71_b-2.jpg\",\"datePublished\":\"2018-07-06T08:09:33+00:00\",\"dateModified\":\"2019-11-09T20:20:06+00:00\",\"breadcrumb\":{\"@id\":\"https:\\\/\\\/www.sebastien-majerowicz.fr\\\/index.php\\\/2018\\\/07\\\/06\\\/determinee\\\/#breadcrumb\"},\"inLanguage\":\"fr-FR\",\"potentialAction\":[{\"@type\":\"ReadAction\",\"target\":[\"https:\\\/\\\/www.sebastien-majerowicz.fr\\\/index.php\\\/2018\\\/07\\\/06\\\/determinee\\\/\"]}]},{\"@type\":\"ImageObject\",\"inLanguage\":\"fr-FR\",\"@id\":\"https:\\\/\\\/www.sebastien-majerowicz.fr\\\/index.php\\\/2018\\\/07\\\/06\\\/determinee\\\/#primaryimage\",\"url\":\"https:\\\/\\\/www.sebastien-majerowicz.fr\\\/wp-content\\\/uploads\\\/2018\\\/07\\\/32959196853_4222f2bb71_b-2.jpg\",\"contentUrl\":\"https:\\\/\\\/www.sebastien-majerowicz.fr\\\/wp-content\\\/uploads\\\/2018\\\/07\\\/32959196853_4222f2bb71_b-2.jpg\",\"width\":1024,\"height\":683,\"caption\":\"Ischnure \u00e9l\u00e9gante \\\/ Ischnura elegans\"},{\"@type\":\"BreadcrumbList\",\"@id\":\"https:\\\/\\\/www.sebastien-majerowicz.fr\\\/index.php\\\/2018\\\/07\\\/06\\\/determinee\\\/#breadcrumb\",\"itemListElement\":[{\"@type\":\"ListItem\",\"position\":1,\"name\":\"Accueil\",\"item\":\"https:\\\/\\\/www.sebastien-majerowicz.fr\\\/\"},{\"@type\":\"ListItem\",\"position\":2,\"name\":\"D\u00e9termin\u00e9e\"}]},{\"@type\":\"WebSite\",\"@id\":\"https:\\\/\\\/www.sebastien-majerowicz.fr\\\/#website\",\"url\":\"https:\\\/\\\/www.sebastien-majerowicz.fr\\\/\",\"name\":\"S\u00e9bastien Majerowicz\",\"description\":\"Photographe animalier par Nature\",\"publisher\":{\"@id\":\"https:\\\/\\\/www.sebastien-majerowicz.fr\\\/#\\\/schema\\\/person\\\/a64c1066d12b40958b45bf7ab508f6a3\"},\"potentialAction\":[{\"@type\":\"SearchAction\",\"target\":{\"@type\":\"EntryPoint\",\"urlTemplate\":\"https:\\\/\\\/www.sebastien-majerowicz.fr\\\/?s={search_term_string}\"},\"query-input\":{\"@type\":\"PropertyValueSpecification\",\"valueRequired\":true,\"valueName\":\"search_term_string\"}}],\"inLanguage\":\"fr-FR\"},{\"@type\":[\"Person\",\"Organization\"],\"@id\":\"https:\\\/\\\/www.sebastien-majerowicz.fr\\\/#\\\/schema\\\/person\\\/a64c1066d12b40958b45bf7ab508f6a3\",\"name\":\"S\u00e9bastien Majerowicz\",\"logo\":{\"@id\":\"https:\\\/\\\/www.sebastien-majerowicz.fr\\\/#\\\/schema\\\/person\\\/image\\\/\"},\"sameAs\":[\"https:\\\/\\\/www.sebastien-majerowicz.fr\"]}]}<\/script>\n<!-- \/ Yoast SEO plugin. -->","yoast_head_json":{"title":"D\u00e9termin\u00e9e - S\u00e9bastien Majerowicz","robots":{"index":"index","follow":"follow","max-snippet":"max-snippet:-1","max-image-preview":"max-image-preview:large","max-video-preview":"max-video-preview:-1"},"canonical":"https:\/\/www.sebastien-majerowicz.fr\/index.php\/2018\/07\/06\/determinee\/","og_locale":"fr_FR","og_type":"article","og_title":"D\u00e9termin\u00e9e - S\u00e9bastien Majerowicz","og_description":"Aujourd&rsquo;hui est pr\u00e9sent\u00e9e une photographie comme je les aime, surtout en proxy, \u00e0 savoir minimaliste. Ce n&rsquo;est jamais simple car dans les pr\u00e9s, autour des \u00e9tangs, dans les bois, &#8230; rien n&rsquo;est heureusement ordonn\u00e9 ! Ainsi seule la chance permet d&rsquo;obtenir ce type de photographie d\u00e9pouill\u00e9e, la chance d&rsquo;\u00eatre l\u00e0 au bon endroit et au [&hellip;]","og_url":"https:\/\/www.sebastien-majerowicz.fr\/index.php\/2018\/07\/06\/determinee\/","og_site_name":"S\u00e9bastien Majerowicz","article_published_time":"2018-07-06T08:09:33+00:00","article_modified_time":"2019-11-09T20:20:06+00:00","og_image":[{"width":1024,"height":683,"url":"https:\/\/www.sebastien-majerowicz.fr\/wp-content\/uploads\/2018\/07\/32959196853_4222f2bb71_b-2.jpg","type":"image\/jpeg"}],"author":"S\u00e9bastien Majerowicz","twitter_card":"summary_large_image","twitter_misc":{"\u00c9crit par":"S\u00e9bastien Majerowicz","Dur\u00e9e de lecture estim\u00e9e":"1 minute"},"schema":{"@context":"https:\/\/schema.org","@graph":[{"@type":"Article","@id":"https:\/\/www.sebastien-majerowicz.fr\/index.php\/2018\/07\/06\/determinee\/#article","isPartOf":{"@id":"https:\/\/www.sebastien-majerowicz.fr\/index.php\/2018\/07\/06\/determinee\/"},"author":{"name":"S\u00e9bastien Majerowicz","@id":"https:\/\/www.sebastien-majerowicz.fr\/#\/schema\/person\/a64c1066d12b40958b45bf7ab508f6a3"},"headline":"D\u00e9termin\u00e9e","datePublished":"2018-07-06T08:09:33+00:00","dateModified":"2019-11-09T20:20:06+00:00","mainEntityOfPage":{"@id":"https:\/\/www.sebastien-majerowicz.fr\/index.php\/2018\/07\/06\/determinee\/"},"wordCount":137,"commentCount":0,"publisher":{"@id":"https:\/\/www.sebastien-majerowicz.fr\/#\/schema\/person\/a64c1066d12b40958b45bf7ab508f6a3"},"image":{"@id":"https:\/\/www.sebastien-majerowicz.fr\/index.php\/2018\/07\/06\/determinee\/#primaryimage"},"thumbnailUrl":"https:\/\/www.sebastien-majerowicz.fr\/wp-content\/uploads\/2018\/07\/32959196853_4222f2bb71_b-2.jpg","keywords":["Ischnura elegans","Ischnure \u00e9l\u00e9gante","Nikon D5300","Odonate","Sigma 105 macro"],"articleSection":["Macrophotographie animale"],"inLanguage":"fr-FR","potentialAction":[{"@type":"CommentAction","name":"Comment","target":["https:\/\/www.sebastien-majerowicz.fr\/index.php\/2018\/07\/06\/determinee\/#respond"]}]},{"@type":"WebPage","@id":"https:\/\/www.sebastien-majerowicz.fr\/index.php\/2018\/07\/06\/determinee\/","url":"https:\/\/www.sebastien-majerowicz.fr\/index.php\/2018\/07\/06\/determinee\/","name":"D\u00e9termin\u00e9e - S\u00e9bastien Majerowicz","isPartOf":{"@id":"https:\/\/www.sebastien-majerowicz.fr\/#website"},"primaryImageOfPage":{"@id":"https:\/\/www.sebastien-majerowicz.fr\/index.php\/2018\/07\/06\/determinee\/#primaryimage"},"image":{"@id":"https:\/\/www.sebastien-majerowicz.fr\/index.php\/2018\/07\/06\/determinee\/#primaryimage"},"thumbnailUrl":"https:\/\/www.sebastien-majerowicz.fr\/wp-content\/uploads\/2018\/07\/32959196853_4222f2bb71_b-2.jpg","datePublished":"2018-07-06T08:09:33+00:00","dateModified":"2019-11-09T20:20:06+00:00","breadcrumb":{"@id":"https:\/\/www.sebastien-majerowicz.fr\/index.php\/2018\/07\/06\/determinee\/#breadcrumb"},"inLanguage":"fr-FR","potentialAction":[{"@type":"ReadAction","target":["https:\/\/www.sebastien-majerowicz.fr\/index.php\/2018\/07\/06\/determinee\/"]}]},{"@type":"ImageObject","inLanguage":"fr-FR","@id":"https:\/\/www.sebastien-majerowicz.fr\/index.php\/2018\/07\/06\/determinee\/#primaryimage","url":"https:\/\/www.sebastien-majerowicz.fr\/wp-content\/uploads\/2018\/07\/32959196853_4222f2bb71_b-2.jpg","contentUrl":"https:\/\/www.sebastien-majerowicz.fr\/wp-content\/uploads\/2018\/07\/32959196853_4222f2bb71_b-2.jpg","width":1024,"height":683,"caption":"Ischnure \u00e9l\u00e9gante \/ Ischnura elegans"},{"@type":"BreadcrumbList","@id":"https:\/\/www.sebastien-majerowicz.fr\/index.php\/2018\/07\/06\/determinee\/#breadcrumb","itemListElement":[{"@type":"ListItem","position":1,"name":"Accueil","item":"https:\/\/www.sebastien-majerowicz.fr\/"},{"@type":"ListItem","position":2,"name":"D\u00e9termin\u00e9e"}]},{"@type":"WebSite","@id":"https:\/\/www.sebastien-majerowicz.fr\/#website","url":"https:\/\/www.sebastien-majerowicz.fr\/","name":"S\u00e9bastien Majerowicz","description":"Photographe animalier par Nature","publisher":{"@id":"https:\/\/www.sebastien-majerowicz.fr\/#\/schema\/person\/a64c1066d12b40958b45bf7ab508f6a3"},"potentialAction":[{"@type":"SearchAction","target":{"@type":"EntryPoint","urlTemplate":"https:\/\/www.sebastien-majerowicz.fr\/?s={search_term_string}"},"query-input":{"@type":"PropertyValueSpecification","valueRequired":true,"valueName":"search_term_string"}}],"inLanguage":"fr-FR"},{"@type":["Person","Organization"],"@id":"https:\/\/www.sebastien-majerowicz.fr\/#\/schema\/person\/a64c1066d12b40958b45bf7ab508f6a3","name":"S\u00e9bastien Majerowicz","logo":{"@id":"https:\/\/www.sebastien-majerowicz.fr\/#\/schema\/person\/image\/"},"sameAs":["https:\/\/www.sebastien-majerowicz.fr"]}]}},"_links":{"self":[{"href":"https:\/\/www.sebastien-majerowicz.fr\/index.php\/wp-json\/wp\/v2\/posts\/3412","targetHints":{"allow":["GET"]}}],"collection":[{"href":"https:\/\/www.sebastien-majerowicz.fr\/index.php\/wp-json\/wp\/v2\/posts"}],"about":[{"href":"https:\/\/www.sebastien-majerowicz.fr\/index.php\/wp-json\/wp\/v2\/types\/post"}],"author":[{"embeddable":true,"href":"https:\/\/www.sebastien-majerowicz.fr\/index.php\/wp-json\/wp\/v2\/users\/1"}],"replies":[{"embeddable":true,"href":"https:\/\/www.sebastien-majerowicz.fr\/index.php\/wp-json\/wp\/v2\/comments?post=3412"}],"version-history":[{"count":2,"href":"https:\/\/www.sebastien-majerowicz.fr\/index.php\/wp-json\/wp\/v2\/posts\/3412\/revisions"}],"predecessor-version":[{"id":4342,"href":"https:\/\/www.sebastien-majerowicz.fr\/index.php\/wp-json\/wp\/v2\/posts\/3412\/revisions\/4342"}],"wp:featuredmedia":[{"embeddable":true,"href":"https:\/\/www.sebastien-majerowicz.fr\/index.php\/wp-json\/wp\/v2\/media\/3411"}],"wp:attachment":[{"href":"https:\/\/www.sebastien-majerowicz.fr\/index.php\/wp-json\/wp\/v2\/media?parent=3412"}],"wp:term":[{"taxonomy":"category","embeddable":true,"href":"https:\/\/www.sebastien-majerowicz.fr\/index.php\/wp-json\/wp\/v2\/categories?post=3412"},{"taxonomy":"post_tag","embeddable":true,"href":"https:\/\/www.sebastien-majerowicz.fr\/index.php\/wp-json\/wp\/v2\/tags?post=3412"}],"curies":[{"name":"wp","href":"https:\/\/api.w.org\/{rel}","templated":true}]}}