{"id":3406,"date":"2018-07-05T10:29:58","date_gmt":"2018-07-05T08:29:58","guid":{"rendered":"http:\/\/www.sebastien-majerowicz.fr\/?p=3406"},"modified":"2018-07-05T10:33:17","modified_gmt":"2018-07-05T08:33:17","slug":"duo","status":"publish","type":"post","link":"https:\/\/www.sebastien-majerowicz.fr\/index.php\/2018\/07\/05\/duo\/","title":{"rendered":"Duo"},"content":{"rendered":"<p>Au milieu des bl\u00e9s encore verts, naquit une romance.<br \/>\nS&rsquo;y sont unis deux beaux pennipattes<br \/>\nPour agrandir la famille des odonates.<br \/>\nAppartenance physique au milieu des semences.<\/p>\n<p>Esp\u00e9rons leur le meilleur,<br \/>\nDuo de harpistes des champs.<br \/>\nDuo ail\u00e9s et chevauchant.<br \/>\n\u00c9loignons-les de tout malheur.<\/p>\n<p>Merci \u00e0 ce couple de <a href=\"\/index.php\/tag\/pennipatte-bleuatre\/\" target=\"_blank\" rel=\"noopener\">Pennipatte bleu\u00e2tre<\/a> (Platycnemis pennipes) pour la pose \ud83d\ude42<\/p>\n","protected":false},"excerpt":{"rendered":"<p>Au milieu des bl\u00e9s encore verts, naquit une romance. S&rsquo;y sont unis deux beaux pennipattes Pour agrandir la famille des odonates. Appartenance physique au milieu des semences. Esp\u00e9rons leur le meilleur, Duo de harpistes des champs. Duo ail\u00e9s et chevauchant. \u00c9loignons-les de tout malheur. Merci \u00e0 ce couple de Pennipatte bleu\u00e2tre (Platycnemis pennipes) pour la [&hellip;]<\/p>\n","protected":false},"author":1,"featured_media":3405,"comment_status":"open","ping_status":"open","sticky":false,"template":"","format":"standard","meta":{"footnotes":""},"categories":[12],"tags":[25,101,200,199,737,26],"class_list":{"0":"post-3406","1":"post","2":"type-post","3":"status-publish","4":"format-standard","5":"has-post-thumbnail","7":"category-macrophotographie-animale","8":"tag-nikon-d5300","9":"tag-odonate","10":"tag-pennipatte-bleuatre","11":"tag-platycnemis-pennipes","12":"tag-poeme","13":"tag-sigma-150-600-contemporary","14":"czr-hentry"},"yoast_head":"<!-- This site is optimized with the Yoast SEO plugin v27.5 - https:\/\/yoast.com\/product\/yoast-seo-wordpress\/ -->\n<title>Duo - S\u00e9bastien Majerowicz<\/title>\n<meta name=\"robots\" content=\"index, follow, max-snippet:-1, max-image-preview:large, max-video-preview:-1\" \/>\n<link rel=\"canonical\" href=\"https:\/\/www.sebastien-majerowicz.fr\/index.php\/2018\/07\/05\/duo\/\" \/>\n<meta property=\"og:locale\" content=\"fr_FR\" \/>\n<meta property=\"og:type\" content=\"article\" \/>\n<meta property=\"og:title\" content=\"Duo - S\u00e9bastien Majerowicz\" \/>\n<meta property=\"og:description\" content=\"Au milieu des bl\u00e9s encore verts, naquit une romance. S&rsquo;y sont unis deux beaux pennipattes Pour agrandir la famille des odonates. Appartenance physique au milieu des semences. Esp\u00e9rons leur le meilleur, Duo de harpistes des champs. Duo ail\u00e9s et chevauchant. \u00c9loignons-les de tout malheur. Merci \u00e0 ce couple de Pennipatte bleu\u00e2tre (Platycnemis pennipes) pour la [&hellip;]\" \/>\n<meta property=\"og:url\" content=\"https:\/\/www.sebastien-majerowicz.fr\/index.php\/2018\/07\/05\/duo\/\" \/>\n<meta property=\"og:site_name\" content=\"S\u00e9bastien Majerowicz\" \/>\n<meta property=\"article:published_time\" content=\"2018-07-05T08:29:58+00:00\" \/>\n<meta property=\"article:modified_time\" content=\"2018-07-05T08:33:17+00:00\" \/>\n<meta property=\"og:image\" content=\"https:\/\/www.sebastien-majerowicz.fr\/wp-content\/uploads\/2018\/07\/32959196853_4222f2bb71_b-1.jpg\" \/>\n\t<meta property=\"og:image:width\" content=\"1024\" \/>\n\t<meta property=\"og:image:height\" content=\"683\" \/>\n\t<meta property=\"og:image:type\" content=\"image\/jpeg\" \/>\n<meta name=\"author\" content=\"S\u00e9bastien Majerowicz\" \/>\n<meta name=\"twitter:card\" content=\"summary_large_image\" \/>\n<meta name=\"twitter:label1\" content=\"\u00c9crit par\" \/>\n\t<meta name=\"twitter:data1\" content=\"S\u00e9bastien Majerowicz\" \/>\n<script type=\"application\/ld+json\" class=\"yoast-schema-graph\">{\"@context\":\"https:\\\/\\\/schema.org\",\"@graph\":[{\"@type\":\"Article\",\"@id\":\"https:\\\/\\\/www.sebastien-majerowicz.fr\\\/index.php\\\/2018\\\/07\\\/05\\\/duo\\\/#article\",\"isPartOf\":{\"@id\":\"https:\\\/\\\/www.sebastien-majerowicz.fr\\\/index.php\\\/2018\\\/07\\\/05\\\/duo\\\/\"},\"author\":{\"name\":\"S\u00e9bastien Majerowicz\",\"@id\":\"https:\\\/\\\/www.sebastien-majerowicz.fr\\\/#\\\/schema\\\/person\\\/a64c1066d12b40958b45bf7ab508f6a3\"},\"headline\":\"Duo\",\"datePublished\":\"2018-07-05T08:29:58+00:00\",\"dateModified\":\"2018-07-05T08:33:17+00:00\",\"mainEntityOfPage\":{\"@id\":\"https:\\\/\\\/www.sebastien-majerowicz.fr\\\/index.php\\\/2018\\\/07\\\/05\\\/duo\\\/\"},\"wordCount\":61,\"commentCount\":0,\"publisher\":{\"@id\":\"https:\\\/\\\/www.sebastien-majerowicz.fr\\\/#\\\/schema\\\/person\\\/a64c1066d12b40958b45bf7ab508f6a3\"},\"image\":{\"@id\":\"https:\\\/\\\/www.sebastien-majerowicz.fr\\\/index.php\\\/2018\\\/07\\\/05\\\/duo\\\/#primaryimage\"},\"thumbnailUrl\":\"https:\\\/\\\/www.sebastien-majerowicz.fr\\\/wp-content\\\/uploads\\\/2018\\\/07\\\/32959196853_4222f2bb71_b-1.jpg\",\"keywords\":[\"Nikon D5300\",\"Odonate\",\"Pennipatte bleu\u00e2tre\",\"Platycnemis pennipes\",\"Po\u00e8me\",\"Sigma 150-600 Contemporary\"],\"articleSection\":[\"Macrophotographie animale\"],\"inLanguage\":\"fr-FR\",\"potentialAction\":[{\"@type\":\"CommentAction\",\"name\":\"Comment\",\"target\":[\"https:\\\/\\\/www.sebastien-majerowicz.fr\\\/index.php\\\/2018\\\/07\\\/05\\\/duo\\\/#respond\"]}]},{\"@type\":\"WebPage\",\"@id\":\"https:\\\/\\\/www.sebastien-majerowicz.fr\\\/index.php\\\/2018\\\/07\\\/05\\\/duo\\\/\",\"url\":\"https:\\\/\\\/www.sebastien-majerowicz.fr\\\/index.php\\\/2018\\\/07\\\/05\\\/duo\\\/\",\"name\":\"Duo - S\u00e9bastien Majerowicz\",\"isPartOf\":{\"@id\":\"https:\\\/\\\/www.sebastien-majerowicz.fr\\\/#website\"},\"primaryImageOfPage\":{\"@id\":\"https:\\\/\\\/www.sebastien-majerowicz.fr\\\/index.php\\\/2018\\\/07\\\/05\\\/duo\\\/#primaryimage\"},\"image\":{\"@id\":\"https:\\\/\\\/www.sebastien-majerowicz.fr\\\/index.php\\\/2018\\\/07\\\/05\\\/duo\\\/#primaryimage\"},\"thumbnailUrl\":\"https:\\\/\\\/www.sebastien-majerowicz.fr\\\/wp-content\\\/uploads\\\/2018\\\/07\\\/32959196853_4222f2bb71_b-1.jpg\",\"datePublished\":\"2018-07-05T08:29:58+00:00\",\"dateModified\":\"2018-07-05T08:33:17+00:00\",\"breadcrumb\":{\"@id\":\"https:\\\/\\\/www.sebastien-majerowicz.fr\\\/index.php\\\/2018\\\/07\\\/05\\\/duo\\\/#breadcrumb\"},\"inLanguage\":\"fr-FR\",\"potentialAction\":[{\"@type\":\"ReadAction\",\"target\":[\"https:\\\/\\\/www.sebastien-majerowicz.fr\\\/index.php\\\/2018\\\/07\\\/05\\\/duo\\\/\"]}]},{\"@type\":\"ImageObject\",\"inLanguage\":\"fr-FR\",\"@id\":\"https:\\\/\\\/www.sebastien-majerowicz.fr\\\/index.php\\\/2018\\\/07\\\/05\\\/duo\\\/#primaryimage\",\"url\":\"https:\\\/\\\/www.sebastien-majerowicz.fr\\\/wp-content\\\/uploads\\\/2018\\\/07\\\/32959196853_4222f2bb71_b-1.jpg\",\"contentUrl\":\"https:\\\/\\\/www.sebastien-majerowicz.fr\\\/wp-content\\\/uploads\\\/2018\\\/07\\\/32959196853_4222f2bb71_b-1.jpg\",\"width\":1024,\"height\":683,\"caption\":\"Pennipatte bleu\u00e2tre \\\/ Platycnemis pennipes\"},{\"@type\":\"BreadcrumbList\",\"@id\":\"https:\\\/\\\/www.sebastien-majerowicz.fr\\\/index.php\\\/2018\\\/07\\\/05\\\/duo\\\/#breadcrumb\",\"itemListElement\":[{\"@type\":\"ListItem\",\"position\":1,\"name\":\"Accueil\",\"item\":\"https:\\\/\\\/www.sebastien-majerowicz.fr\\\/\"},{\"@type\":\"ListItem\",\"position\":2,\"name\":\"Duo\"}]},{\"@type\":\"WebSite\",\"@id\":\"https:\\\/\\\/www.sebastien-majerowicz.fr\\\/#website\",\"url\":\"https:\\\/\\\/www.sebastien-majerowicz.fr\\\/\",\"name\":\"S\u00e9bastien Majerowicz\",\"description\":\"Photographe animalier par Nature\",\"publisher\":{\"@id\":\"https:\\\/\\\/www.sebastien-majerowicz.fr\\\/#\\\/schema\\\/person\\\/a64c1066d12b40958b45bf7ab508f6a3\"},\"potentialAction\":[{\"@type\":\"SearchAction\",\"target\":{\"@type\":\"EntryPoint\",\"urlTemplate\":\"https:\\\/\\\/www.sebastien-majerowicz.fr\\\/?s={search_term_string}\"},\"query-input\":{\"@type\":\"PropertyValueSpecification\",\"valueRequired\":true,\"valueName\":\"search_term_string\"}}],\"inLanguage\":\"fr-FR\"},{\"@type\":[\"Person\",\"Organization\"],\"@id\":\"https:\\\/\\\/www.sebastien-majerowicz.fr\\\/#\\\/schema\\\/person\\\/a64c1066d12b40958b45bf7ab508f6a3\",\"name\":\"S\u00e9bastien Majerowicz\",\"logo\":{\"@id\":\"https:\\\/\\\/www.sebastien-majerowicz.fr\\\/#\\\/schema\\\/person\\\/image\\\/\"},\"sameAs\":[\"https:\\\/\\\/www.sebastien-majerowicz.fr\"]}]}<\/script>\n<!-- \/ Yoast SEO plugin. -->","yoast_head_json":{"title":"Duo - S\u00e9bastien Majerowicz","robots":{"index":"index","follow":"follow","max-snippet":"max-snippet:-1","max-image-preview":"max-image-preview:large","max-video-preview":"max-video-preview:-1"},"canonical":"https:\/\/www.sebastien-majerowicz.fr\/index.php\/2018\/07\/05\/duo\/","og_locale":"fr_FR","og_type":"article","og_title":"Duo - S\u00e9bastien Majerowicz","og_description":"Au milieu des bl\u00e9s encore verts, naquit une romance. S&rsquo;y sont unis deux beaux pennipattes Pour agrandir la famille des odonates. Appartenance physique au milieu des semences. Esp\u00e9rons leur le meilleur, Duo de harpistes des champs. Duo ail\u00e9s et chevauchant. \u00c9loignons-les de tout malheur. Merci \u00e0 ce couple de Pennipatte bleu\u00e2tre (Platycnemis pennipes) pour la [&hellip;]","og_url":"https:\/\/www.sebastien-majerowicz.fr\/index.php\/2018\/07\/05\/duo\/","og_site_name":"S\u00e9bastien Majerowicz","article_published_time":"2018-07-05T08:29:58+00:00","article_modified_time":"2018-07-05T08:33:17+00:00","og_image":[{"width":1024,"height":683,"url":"https:\/\/www.sebastien-majerowicz.fr\/wp-content\/uploads\/2018\/07\/32959196853_4222f2bb71_b-1.jpg","type":"image\/jpeg"}],"author":"S\u00e9bastien Majerowicz","twitter_card":"summary_large_image","twitter_misc":{"\u00c9crit par":"S\u00e9bastien Majerowicz"},"schema":{"@context":"https:\/\/schema.org","@graph":[{"@type":"Article","@id":"https:\/\/www.sebastien-majerowicz.fr\/index.php\/2018\/07\/05\/duo\/#article","isPartOf":{"@id":"https:\/\/www.sebastien-majerowicz.fr\/index.php\/2018\/07\/05\/duo\/"},"author":{"name":"S\u00e9bastien Majerowicz","@id":"https:\/\/www.sebastien-majerowicz.fr\/#\/schema\/person\/a64c1066d12b40958b45bf7ab508f6a3"},"headline":"Duo","datePublished":"2018-07-05T08:29:58+00:00","dateModified":"2018-07-05T08:33:17+00:00","mainEntityOfPage":{"@id":"https:\/\/www.sebastien-majerowicz.fr\/index.php\/2018\/07\/05\/duo\/"},"wordCount":61,"commentCount":0,"publisher":{"@id":"https:\/\/www.sebastien-majerowicz.fr\/#\/schema\/person\/a64c1066d12b40958b45bf7ab508f6a3"},"image":{"@id":"https:\/\/www.sebastien-majerowicz.fr\/index.php\/2018\/07\/05\/duo\/#primaryimage"},"thumbnailUrl":"https:\/\/www.sebastien-majerowicz.fr\/wp-content\/uploads\/2018\/07\/32959196853_4222f2bb71_b-1.jpg","keywords":["Nikon D5300","Odonate","Pennipatte bleu\u00e2tre","Platycnemis pennipes","Po\u00e8me","Sigma 150-600 Contemporary"],"articleSection":["Macrophotographie animale"],"inLanguage":"fr-FR","potentialAction":[{"@type":"CommentAction","name":"Comment","target":["https:\/\/www.sebastien-majerowicz.fr\/index.php\/2018\/07\/05\/duo\/#respond"]}]},{"@type":"WebPage","@id":"https:\/\/www.sebastien-majerowicz.fr\/index.php\/2018\/07\/05\/duo\/","url":"https:\/\/www.sebastien-majerowicz.fr\/index.php\/2018\/07\/05\/duo\/","name":"Duo - S\u00e9bastien Majerowicz","isPartOf":{"@id":"https:\/\/www.sebastien-majerowicz.fr\/#website"},"primaryImageOfPage":{"@id":"https:\/\/www.sebastien-majerowicz.fr\/index.php\/2018\/07\/05\/duo\/#primaryimage"},"image":{"@id":"https:\/\/www.sebastien-majerowicz.fr\/index.php\/2018\/07\/05\/duo\/#primaryimage"},"thumbnailUrl":"https:\/\/www.sebastien-majerowicz.fr\/wp-content\/uploads\/2018\/07\/32959196853_4222f2bb71_b-1.jpg","datePublished":"2018-07-05T08:29:58+00:00","dateModified":"2018-07-05T08:33:17+00:00","breadcrumb":{"@id":"https:\/\/www.sebastien-majerowicz.fr\/index.php\/2018\/07\/05\/duo\/#breadcrumb"},"inLanguage":"fr-FR","potentialAction":[{"@type":"ReadAction","target":["https:\/\/www.sebastien-majerowicz.fr\/index.php\/2018\/07\/05\/duo\/"]}]},{"@type":"ImageObject","inLanguage":"fr-FR","@id":"https:\/\/www.sebastien-majerowicz.fr\/index.php\/2018\/07\/05\/duo\/#primaryimage","url":"https:\/\/www.sebastien-majerowicz.fr\/wp-content\/uploads\/2018\/07\/32959196853_4222f2bb71_b-1.jpg","contentUrl":"https:\/\/www.sebastien-majerowicz.fr\/wp-content\/uploads\/2018\/07\/32959196853_4222f2bb71_b-1.jpg","width":1024,"height":683,"caption":"Pennipatte bleu\u00e2tre \/ Platycnemis pennipes"},{"@type":"BreadcrumbList","@id":"https:\/\/www.sebastien-majerowicz.fr\/index.php\/2018\/07\/05\/duo\/#breadcrumb","itemListElement":[{"@type":"ListItem","position":1,"name":"Accueil","item":"https:\/\/www.sebastien-majerowicz.fr\/"},{"@type":"ListItem","position":2,"name":"Duo"}]},{"@type":"WebSite","@id":"https:\/\/www.sebastien-majerowicz.fr\/#website","url":"https:\/\/www.sebastien-majerowicz.fr\/","name":"S\u00e9bastien Majerowicz","description":"Photographe animalier par Nature","publisher":{"@id":"https:\/\/www.sebastien-majerowicz.fr\/#\/schema\/person\/a64c1066d12b40958b45bf7ab508f6a3"},"potentialAction":[{"@type":"SearchAction","target":{"@type":"EntryPoint","urlTemplate":"https:\/\/www.sebastien-majerowicz.fr\/?s={search_term_string}"},"query-input":{"@type":"PropertyValueSpecification","valueRequired":true,"valueName":"search_term_string"}}],"inLanguage":"fr-FR"},{"@type":["Person","Organization"],"@id":"https:\/\/www.sebastien-majerowicz.fr\/#\/schema\/person\/a64c1066d12b40958b45bf7ab508f6a3","name":"S\u00e9bastien Majerowicz","logo":{"@id":"https:\/\/www.sebastien-majerowicz.fr\/#\/schema\/person\/image\/"},"sameAs":["https:\/\/www.sebastien-majerowicz.fr"]}]}},"_links":{"self":[{"href":"https:\/\/www.sebastien-majerowicz.fr\/index.php\/wp-json\/wp\/v2\/posts\/3406","targetHints":{"allow":["GET"]}}],"collection":[{"href":"https:\/\/www.sebastien-majerowicz.fr\/index.php\/wp-json\/wp\/v2\/posts"}],"about":[{"href":"https:\/\/www.sebastien-majerowicz.fr\/index.php\/wp-json\/wp\/v2\/types\/post"}],"author":[{"embeddable":true,"href":"https:\/\/www.sebastien-majerowicz.fr\/index.php\/wp-json\/wp\/v2\/users\/1"}],"replies":[{"embeddable":true,"href":"https:\/\/www.sebastien-majerowicz.fr\/index.php\/wp-json\/wp\/v2\/comments?post=3406"}],"version-history":[{"count":2,"href":"https:\/\/www.sebastien-majerowicz.fr\/index.php\/wp-json\/wp\/v2\/posts\/3406\/revisions"}],"predecessor-version":[{"id":3408,"href":"https:\/\/www.sebastien-majerowicz.fr\/index.php\/wp-json\/wp\/v2\/posts\/3406\/revisions\/3408"}],"wp:featuredmedia":[{"embeddable":true,"href":"https:\/\/www.sebastien-majerowicz.fr\/index.php\/wp-json\/wp\/v2\/media\/3405"}],"wp:attachment":[{"href":"https:\/\/www.sebastien-majerowicz.fr\/index.php\/wp-json\/wp\/v2\/media?parent=3406"}],"wp:term":[{"taxonomy":"category","embeddable":true,"href":"https:\/\/www.sebastien-majerowicz.fr\/index.php\/wp-json\/wp\/v2\/categories?post=3406"},{"taxonomy":"post_tag","embeddable":true,"href":"https:\/\/www.sebastien-majerowicz.fr\/index.php\/wp-json\/wp\/v2\/tags?post=3406"}],"curies":[{"name":"wp","href":"https:\/\/api.w.org\/{rel}","templated":true}]}}