{"id":337,"date":"2017-02-07T13:59:59","date_gmt":"2017-02-07T12:59:59","guid":{"rendered":"http:\/\/www.sebastien-majerowicz.fr\/?p=337"},"modified":"2017-10-10T11:34:54","modified_gmt":"2017-10-10T09:34:54","slug":"hommage","status":"publish","type":"post","link":"https:\/\/www.sebastien-majerowicz.fr\/index.php\/2017\/02\/07\/hommage\/","title":{"rendered":"Hommage"},"content":{"rendered":"<p>Aujourd&rsquo;hui, j&rsquo;avais envie de vous montrer cette photo r\u00e9alis\u00e9e dans les vignes. J&rsquo;ai \u00e9t\u00e9 \u00e9videmment tr\u00e8s surpris de voir cette belle volaille avoir la m\u00eame activit\u00e9 que moi, elle avait d\u00fb s&rsquo;\u00e9manciper.<\/p>\n<p>Les poules, comme tous les animaux de la ferme doivent aussi \u00eatre prot\u00e9g\u00e9es et respect\u00e9es. Et l\u00e0, en tant que consommateur, nous avons un r\u00f4le \u00e0 jouer en choisissant bien nos produits, merci pour eux <span class=\"_47e3 _5mfr\" title=\"\u00e9motic\u00f4ne smile\">\ud83d\ude42<\/span><\/p>\n","protected":false},"excerpt":{"rendered":"<p>Aujourd&rsquo;hui, j&rsquo;avais envie de vous montrer cette photo r\u00e9alis\u00e9e dans les vignes. J&rsquo;ai \u00e9t\u00e9 \u00e9videmment tr\u00e8s surpris de voir cette belle volaille avoir la m\u00eame activit\u00e9 que moi, elle avait d\u00fb s&rsquo;\u00e9manciper. Les poules, comme tous les animaux de la ferme doivent aussi \u00eatre prot\u00e9g\u00e9es et respect\u00e9es. Et l\u00e0, en tant que consommateur, nous avons [&hellip;]<\/p>\n","protected":false},"author":1,"featured_media":338,"comment_status":"open","ping_status":"open","sticky":false,"template":"","format":"standard","meta":{"footnotes":""},"categories":[14],"tags":[257,25,55,256,26],"class_list":{"0":"post-337","1":"post","2":"type-post","3":"status-publish","4":"format-standard","5":"has-post-thumbnail","7":"category-oiseau","8":"tag-gallinacee","9":"tag-nikon-d5300","10":"tag-oiseau","11":"tag-poule","12":"tag-sigma-150-600-contemporary","13":"czr-hentry"},"yoast_head":"<!-- This site is optimized with the Yoast SEO plugin v27.5 - https:\/\/yoast.com\/product\/yoast-seo-wordpress\/ -->\n<title>Hommage - S\u00e9bastien Majerowicz<\/title>\n<meta name=\"robots\" content=\"index, follow, max-snippet:-1, max-image-preview:large, max-video-preview:-1\" \/>\n<link rel=\"canonical\" href=\"https:\/\/www.sebastien-majerowicz.fr\/index.php\/2017\/02\/07\/hommage\/\" \/>\n<meta property=\"og:locale\" content=\"fr_FR\" \/>\n<meta property=\"og:type\" content=\"article\" \/>\n<meta property=\"og:title\" content=\"Hommage - S\u00e9bastien Majerowicz\" \/>\n<meta property=\"og:description\" content=\"Aujourd&rsquo;hui, j&rsquo;avais envie de vous montrer cette photo r\u00e9alis\u00e9e dans les vignes. J&rsquo;ai \u00e9t\u00e9 \u00e9videmment tr\u00e8s surpris de voir cette belle volaille avoir la m\u00eame activit\u00e9 que moi, elle avait d\u00fb s&rsquo;\u00e9manciper. Les poules, comme tous les animaux de la ferme doivent aussi \u00eatre prot\u00e9g\u00e9es et respect\u00e9es. Et l\u00e0, en tant que consommateur, nous avons [&hellip;]\" \/>\n<meta property=\"og:url\" content=\"https:\/\/www.sebastien-majerowicz.fr\/index.php\/2017\/02\/07\/hommage\/\" \/>\n<meta property=\"og:site_name\" content=\"S\u00e9bastien Majerowicz\" \/>\n<meta property=\"article:published_time\" content=\"2017-02-07T12:59:59+00:00\" \/>\n<meta property=\"article:modified_time\" content=\"2017-10-10T09:34:54+00:00\" \/>\n<meta property=\"og:image\" content=\"https:\/\/www.sebastien-majerowicz.fr\/wp-content\/uploads\/2017\/03\/17926867969_c7d1a2acc7_b-7.jpg\" \/>\n\t<meta property=\"og:image:width\" content=\"1024\" \/>\n\t<meta property=\"og:image:height\" content=\"683\" \/>\n\t<meta property=\"og:image:type\" content=\"image\/jpeg\" \/>\n<meta name=\"author\" content=\"S\u00e9bastien Majerowicz\" \/>\n<meta name=\"twitter:card\" content=\"summary_large_image\" \/>\n<meta name=\"twitter:label1\" content=\"\u00c9crit par\" \/>\n\t<meta name=\"twitter:data1\" content=\"S\u00e9bastien Majerowicz\" \/>\n<script type=\"application\/ld+json\" class=\"yoast-schema-graph\">{\"@context\":\"https:\\\/\\\/schema.org\",\"@graph\":[{\"@type\":\"Article\",\"@id\":\"https:\\\/\\\/www.sebastien-majerowicz.fr\\\/index.php\\\/2017\\\/02\\\/07\\\/hommage\\\/#article\",\"isPartOf\":{\"@id\":\"https:\\\/\\\/www.sebastien-majerowicz.fr\\\/index.php\\\/2017\\\/02\\\/07\\\/hommage\\\/\"},\"author\":{\"name\":\"S\u00e9bastien Majerowicz\",\"@id\":\"https:\\\/\\\/www.sebastien-majerowicz.fr\\\/#\\\/schema\\\/person\\\/a64c1066d12b40958b45bf7ab508f6a3\"},\"headline\":\"Hommage\",\"datePublished\":\"2017-02-07T12:59:59+00:00\",\"dateModified\":\"2017-10-10T09:34:54+00:00\",\"mainEntityOfPage\":{\"@id\":\"https:\\\/\\\/www.sebastien-majerowicz.fr\\\/index.php\\\/2017\\\/02\\\/07\\\/hommage\\\/\"},\"wordCount\":80,\"commentCount\":0,\"publisher\":{\"@id\":\"https:\\\/\\\/www.sebastien-majerowicz.fr\\\/#\\\/schema\\\/person\\\/a64c1066d12b40958b45bf7ab508f6a3\"},\"image\":{\"@id\":\"https:\\\/\\\/www.sebastien-majerowicz.fr\\\/index.php\\\/2017\\\/02\\\/07\\\/hommage\\\/#primaryimage\"},\"thumbnailUrl\":\"https:\\\/\\\/www.sebastien-majerowicz.fr\\\/wp-content\\\/uploads\\\/2017\\\/03\\\/17926867969_c7d1a2acc7_b-7.jpg\",\"keywords\":[\"Gallinac\u00e9e\",\"Nikon D5300\",\"Oiseau\",\"Poule\",\"Sigma 150-600 Contemporary\"],\"articleSection\":[\"Oiseau\"],\"inLanguage\":\"fr-FR\",\"potentialAction\":[{\"@type\":\"CommentAction\",\"name\":\"Comment\",\"target\":[\"https:\\\/\\\/www.sebastien-majerowicz.fr\\\/index.php\\\/2017\\\/02\\\/07\\\/hommage\\\/#respond\"]}]},{\"@type\":\"WebPage\",\"@id\":\"https:\\\/\\\/www.sebastien-majerowicz.fr\\\/index.php\\\/2017\\\/02\\\/07\\\/hommage\\\/\",\"url\":\"https:\\\/\\\/www.sebastien-majerowicz.fr\\\/index.php\\\/2017\\\/02\\\/07\\\/hommage\\\/\",\"name\":\"Hommage - S\u00e9bastien Majerowicz\",\"isPartOf\":{\"@id\":\"https:\\\/\\\/www.sebastien-majerowicz.fr\\\/#website\"},\"primaryImageOfPage\":{\"@id\":\"https:\\\/\\\/www.sebastien-majerowicz.fr\\\/index.php\\\/2017\\\/02\\\/07\\\/hommage\\\/#primaryimage\"},\"image\":{\"@id\":\"https:\\\/\\\/www.sebastien-majerowicz.fr\\\/index.php\\\/2017\\\/02\\\/07\\\/hommage\\\/#primaryimage\"},\"thumbnailUrl\":\"https:\\\/\\\/www.sebastien-majerowicz.fr\\\/wp-content\\\/uploads\\\/2017\\\/03\\\/17926867969_c7d1a2acc7_b-7.jpg\",\"datePublished\":\"2017-02-07T12:59:59+00:00\",\"dateModified\":\"2017-10-10T09:34:54+00:00\",\"breadcrumb\":{\"@id\":\"https:\\\/\\\/www.sebastien-majerowicz.fr\\\/index.php\\\/2017\\\/02\\\/07\\\/hommage\\\/#breadcrumb\"},\"inLanguage\":\"fr-FR\",\"potentialAction\":[{\"@type\":\"ReadAction\",\"target\":[\"https:\\\/\\\/www.sebastien-majerowicz.fr\\\/index.php\\\/2017\\\/02\\\/07\\\/hommage\\\/\"]}]},{\"@type\":\"ImageObject\",\"inLanguage\":\"fr-FR\",\"@id\":\"https:\\\/\\\/www.sebastien-majerowicz.fr\\\/index.php\\\/2017\\\/02\\\/07\\\/hommage\\\/#primaryimage\",\"url\":\"https:\\\/\\\/www.sebastien-majerowicz.fr\\\/wp-content\\\/uploads\\\/2017\\\/03\\\/17926867969_c7d1a2acc7_b-7.jpg\",\"contentUrl\":\"https:\\\/\\\/www.sebastien-majerowicz.fr\\\/wp-content\\\/uploads\\\/2017\\\/03\\\/17926867969_c7d1a2acc7_b-7.jpg\",\"width\":1024,\"height\":683,\"caption\":\"Poule\"},{\"@type\":\"BreadcrumbList\",\"@id\":\"https:\\\/\\\/www.sebastien-majerowicz.fr\\\/index.php\\\/2017\\\/02\\\/07\\\/hommage\\\/#breadcrumb\",\"itemListElement\":[{\"@type\":\"ListItem\",\"position\":1,\"name\":\"Accueil\",\"item\":\"https:\\\/\\\/www.sebastien-majerowicz.fr\\\/\"},{\"@type\":\"ListItem\",\"position\":2,\"name\":\"Hommage\"}]},{\"@type\":\"WebSite\",\"@id\":\"https:\\\/\\\/www.sebastien-majerowicz.fr\\\/#website\",\"url\":\"https:\\\/\\\/www.sebastien-majerowicz.fr\\\/\",\"name\":\"S\u00e9bastien Majerowicz\",\"description\":\"Photographe animalier par Nature\",\"publisher\":{\"@id\":\"https:\\\/\\\/www.sebastien-majerowicz.fr\\\/#\\\/schema\\\/person\\\/a64c1066d12b40958b45bf7ab508f6a3\"},\"potentialAction\":[{\"@type\":\"SearchAction\",\"target\":{\"@type\":\"EntryPoint\",\"urlTemplate\":\"https:\\\/\\\/www.sebastien-majerowicz.fr\\\/?s={search_term_string}\"},\"query-input\":{\"@type\":\"PropertyValueSpecification\",\"valueRequired\":true,\"valueName\":\"search_term_string\"}}],\"inLanguage\":\"fr-FR\"},{\"@type\":[\"Person\",\"Organization\"],\"@id\":\"https:\\\/\\\/www.sebastien-majerowicz.fr\\\/#\\\/schema\\\/person\\\/a64c1066d12b40958b45bf7ab508f6a3\",\"name\":\"S\u00e9bastien Majerowicz\",\"logo\":{\"@id\":\"https:\\\/\\\/www.sebastien-majerowicz.fr\\\/#\\\/schema\\\/person\\\/image\\\/\"},\"sameAs\":[\"https:\\\/\\\/www.sebastien-majerowicz.fr\"]}]}<\/script>\n<!-- \/ Yoast SEO plugin. -->","yoast_head_json":{"title":"Hommage - S\u00e9bastien Majerowicz","robots":{"index":"index","follow":"follow","max-snippet":"max-snippet:-1","max-image-preview":"max-image-preview:large","max-video-preview":"max-video-preview:-1"},"canonical":"https:\/\/www.sebastien-majerowicz.fr\/index.php\/2017\/02\/07\/hommage\/","og_locale":"fr_FR","og_type":"article","og_title":"Hommage - S\u00e9bastien Majerowicz","og_description":"Aujourd&rsquo;hui, j&rsquo;avais envie de vous montrer cette photo r\u00e9alis\u00e9e dans les vignes. J&rsquo;ai \u00e9t\u00e9 \u00e9videmment tr\u00e8s surpris de voir cette belle volaille avoir la m\u00eame activit\u00e9 que moi, elle avait d\u00fb s&rsquo;\u00e9manciper. Les poules, comme tous les animaux de la ferme doivent aussi \u00eatre prot\u00e9g\u00e9es et respect\u00e9es. Et l\u00e0, en tant que consommateur, nous avons [&hellip;]","og_url":"https:\/\/www.sebastien-majerowicz.fr\/index.php\/2017\/02\/07\/hommage\/","og_site_name":"S\u00e9bastien Majerowicz","article_published_time":"2017-02-07T12:59:59+00:00","article_modified_time":"2017-10-10T09:34:54+00:00","og_image":[{"width":1024,"height":683,"url":"https:\/\/www.sebastien-majerowicz.fr\/wp-content\/uploads\/2017\/03\/17926867969_c7d1a2acc7_b-7.jpg","type":"image\/jpeg"}],"author":"S\u00e9bastien Majerowicz","twitter_card":"summary_large_image","twitter_misc":{"\u00c9crit par":"S\u00e9bastien Majerowicz"},"schema":{"@context":"https:\/\/schema.org","@graph":[{"@type":"Article","@id":"https:\/\/www.sebastien-majerowicz.fr\/index.php\/2017\/02\/07\/hommage\/#article","isPartOf":{"@id":"https:\/\/www.sebastien-majerowicz.fr\/index.php\/2017\/02\/07\/hommage\/"},"author":{"name":"S\u00e9bastien Majerowicz","@id":"https:\/\/www.sebastien-majerowicz.fr\/#\/schema\/person\/a64c1066d12b40958b45bf7ab508f6a3"},"headline":"Hommage","datePublished":"2017-02-07T12:59:59+00:00","dateModified":"2017-10-10T09:34:54+00:00","mainEntityOfPage":{"@id":"https:\/\/www.sebastien-majerowicz.fr\/index.php\/2017\/02\/07\/hommage\/"},"wordCount":80,"commentCount":0,"publisher":{"@id":"https:\/\/www.sebastien-majerowicz.fr\/#\/schema\/person\/a64c1066d12b40958b45bf7ab508f6a3"},"image":{"@id":"https:\/\/www.sebastien-majerowicz.fr\/index.php\/2017\/02\/07\/hommage\/#primaryimage"},"thumbnailUrl":"https:\/\/www.sebastien-majerowicz.fr\/wp-content\/uploads\/2017\/03\/17926867969_c7d1a2acc7_b-7.jpg","keywords":["Gallinac\u00e9e","Nikon D5300","Oiseau","Poule","Sigma 150-600 Contemporary"],"articleSection":["Oiseau"],"inLanguage":"fr-FR","potentialAction":[{"@type":"CommentAction","name":"Comment","target":["https:\/\/www.sebastien-majerowicz.fr\/index.php\/2017\/02\/07\/hommage\/#respond"]}]},{"@type":"WebPage","@id":"https:\/\/www.sebastien-majerowicz.fr\/index.php\/2017\/02\/07\/hommage\/","url":"https:\/\/www.sebastien-majerowicz.fr\/index.php\/2017\/02\/07\/hommage\/","name":"Hommage - S\u00e9bastien Majerowicz","isPartOf":{"@id":"https:\/\/www.sebastien-majerowicz.fr\/#website"},"primaryImageOfPage":{"@id":"https:\/\/www.sebastien-majerowicz.fr\/index.php\/2017\/02\/07\/hommage\/#primaryimage"},"image":{"@id":"https:\/\/www.sebastien-majerowicz.fr\/index.php\/2017\/02\/07\/hommage\/#primaryimage"},"thumbnailUrl":"https:\/\/www.sebastien-majerowicz.fr\/wp-content\/uploads\/2017\/03\/17926867969_c7d1a2acc7_b-7.jpg","datePublished":"2017-02-07T12:59:59+00:00","dateModified":"2017-10-10T09:34:54+00:00","breadcrumb":{"@id":"https:\/\/www.sebastien-majerowicz.fr\/index.php\/2017\/02\/07\/hommage\/#breadcrumb"},"inLanguage":"fr-FR","potentialAction":[{"@type":"ReadAction","target":["https:\/\/www.sebastien-majerowicz.fr\/index.php\/2017\/02\/07\/hommage\/"]}]},{"@type":"ImageObject","inLanguage":"fr-FR","@id":"https:\/\/www.sebastien-majerowicz.fr\/index.php\/2017\/02\/07\/hommage\/#primaryimage","url":"https:\/\/www.sebastien-majerowicz.fr\/wp-content\/uploads\/2017\/03\/17926867969_c7d1a2acc7_b-7.jpg","contentUrl":"https:\/\/www.sebastien-majerowicz.fr\/wp-content\/uploads\/2017\/03\/17926867969_c7d1a2acc7_b-7.jpg","width":1024,"height":683,"caption":"Poule"},{"@type":"BreadcrumbList","@id":"https:\/\/www.sebastien-majerowicz.fr\/index.php\/2017\/02\/07\/hommage\/#breadcrumb","itemListElement":[{"@type":"ListItem","position":1,"name":"Accueil","item":"https:\/\/www.sebastien-majerowicz.fr\/"},{"@type":"ListItem","position":2,"name":"Hommage"}]},{"@type":"WebSite","@id":"https:\/\/www.sebastien-majerowicz.fr\/#website","url":"https:\/\/www.sebastien-majerowicz.fr\/","name":"S\u00e9bastien Majerowicz","description":"Photographe animalier par Nature","publisher":{"@id":"https:\/\/www.sebastien-majerowicz.fr\/#\/schema\/person\/a64c1066d12b40958b45bf7ab508f6a3"},"potentialAction":[{"@type":"SearchAction","target":{"@type":"EntryPoint","urlTemplate":"https:\/\/www.sebastien-majerowicz.fr\/?s={search_term_string}"},"query-input":{"@type":"PropertyValueSpecification","valueRequired":true,"valueName":"search_term_string"}}],"inLanguage":"fr-FR"},{"@type":["Person","Organization"],"@id":"https:\/\/www.sebastien-majerowicz.fr\/#\/schema\/person\/a64c1066d12b40958b45bf7ab508f6a3","name":"S\u00e9bastien Majerowicz","logo":{"@id":"https:\/\/www.sebastien-majerowicz.fr\/#\/schema\/person\/image\/"},"sameAs":["https:\/\/www.sebastien-majerowicz.fr"]}]}},"_links":{"self":[{"href":"https:\/\/www.sebastien-majerowicz.fr\/index.php\/wp-json\/wp\/v2\/posts\/337","targetHints":{"allow":["GET"]}}],"collection":[{"href":"https:\/\/www.sebastien-majerowicz.fr\/index.php\/wp-json\/wp\/v2\/posts"}],"about":[{"href":"https:\/\/www.sebastien-majerowicz.fr\/index.php\/wp-json\/wp\/v2\/types\/post"}],"author":[{"embeddable":true,"href":"https:\/\/www.sebastien-majerowicz.fr\/index.php\/wp-json\/wp\/v2\/users\/1"}],"replies":[{"embeddable":true,"href":"https:\/\/www.sebastien-majerowicz.fr\/index.php\/wp-json\/wp\/v2\/comments?post=337"}],"version-history":[{"count":3,"href":"https:\/\/www.sebastien-majerowicz.fr\/index.php\/wp-json\/wp\/v2\/posts\/337\/revisions"}],"predecessor-version":[{"id":1831,"href":"https:\/\/www.sebastien-majerowicz.fr\/index.php\/wp-json\/wp\/v2\/posts\/337\/revisions\/1831"}],"wp:featuredmedia":[{"embeddable":true,"href":"https:\/\/www.sebastien-majerowicz.fr\/index.php\/wp-json\/wp\/v2\/media\/338"}],"wp:attachment":[{"href":"https:\/\/www.sebastien-majerowicz.fr\/index.php\/wp-json\/wp\/v2\/media?parent=337"}],"wp:term":[{"taxonomy":"category","embeddable":true,"href":"https:\/\/www.sebastien-majerowicz.fr\/index.php\/wp-json\/wp\/v2\/categories?post=337"},{"taxonomy":"post_tag","embeddable":true,"href":"https:\/\/www.sebastien-majerowicz.fr\/index.php\/wp-json\/wp\/v2\/tags?post=337"}],"curies":[{"name":"wp","href":"https:\/\/api.w.org\/{rel}","templated":true}]}}