{"id":328,"date":"2017-02-10T21:18:24","date_gmt":"2017-02-10T20:18:24","guid":{"rendered":"http:\/\/www.sebastien-majerowicz.fr\/?p=328"},"modified":"2018-06-04T09:36:31","modified_gmt":"2018-06-04T07:36:31","slug":"quelques-grammes-de-grace","status":"publish","type":"post","link":"https:\/\/www.sebastien-majerowicz.fr\/index.php\/2017\/02\/10\/quelques-grammes-de-grace\/","title":{"rendered":"Quelques grammes de gr\u00e2ce"},"content":{"rendered":"<p>Aujourd&rsquo;hui, je voulais vous pr\u00e9senter ce <a href=\"\/index.php\/tag\/damier-des-pres\/\" target=\"_blank\" rel=\"noopener\">Damier des pr\u00e8s<\/a> (Mellicta Parthenoides) d\u00e9licatement pos\u00e9 dans le Soleil couchant et attendant la nuit et son repos.<\/p>\n<p>Les papillons font partis de ces animaux qui sont synonymes de gr\u00e2ce, d&rsquo;\u00e9l\u00e9gance, de l\u00e9g\u00e8ret\u00e9. Comme tous les \u00eatres vivants, ils font \u00e9videmment partis de la Nature et ont un r\u00f4le comme celui de pollinisateur \u00e0 l&rsquo;instar de l&rsquo;abeille. Mais pour moi, les papillons ont quelque chose en plus, une<span class=\"text_exposed_show\"> beaut\u00e9 parfaite.<\/span><\/p>\n","protected":false},"excerpt":{"rendered":"<p>Aujourd&rsquo;hui, je voulais vous pr\u00e9senter ce Damier des pr\u00e8s (Mellicta Parthenoides) d\u00e9licatement pos\u00e9 dans le Soleil couchant et attendant la nuit et son repos. Les papillons font partis de ces animaux qui sont synonymes de gr\u00e2ce, d&rsquo;\u00e9l\u00e9gance, de l\u00e9g\u00e8ret\u00e9. Comme tous les \u00eatres vivants, ils font \u00e9videmment partis de la Nature et ont un r\u00f4le [&hellip;]<\/p>\n","protected":false},"author":1,"featured_media":327,"comment_status":"open","ping_status":"open","sticky":false,"template":"","format":"standard","meta":{"footnotes":""},"categories":[12],"tags":[253,59,252,25,26],"class_list":{"0":"post-328","1":"post","2":"type-post","3":"status-publish","4":"format-standard","5":"has-post-thumbnail","7":"category-macrophotographie-animale","8":"tag-damier-des-pres","9":"tag-lepidoptere","10":"tag-mellicta-parthenoides","11":"tag-nikon-d5300","12":"tag-sigma-150-600-contemporary","13":"czr-hentry"},"yoast_head":"<!-- This site is optimized with the Yoast SEO plugin v27.5 - https:\/\/yoast.com\/product\/yoast-seo-wordpress\/ -->\n<title>Quelques grammes de gr\u00e2ce - S\u00e9bastien Majerowicz<\/title>\n<meta name=\"robots\" content=\"index, follow, max-snippet:-1, max-image-preview:large, max-video-preview:-1\" \/>\n<link rel=\"canonical\" href=\"https:\/\/www.sebastien-majerowicz.fr\/index.php\/2017\/02\/10\/quelques-grammes-de-grace\/\" \/>\n<meta property=\"og:locale\" content=\"fr_FR\" \/>\n<meta property=\"og:type\" content=\"article\" \/>\n<meta property=\"og:title\" content=\"Quelques grammes de gr\u00e2ce - S\u00e9bastien Majerowicz\" \/>\n<meta property=\"og:description\" content=\"Aujourd&rsquo;hui, je voulais vous pr\u00e9senter ce Damier des pr\u00e8s (Mellicta Parthenoides) d\u00e9licatement pos\u00e9 dans le Soleil couchant et attendant la nuit et son repos. Les papillons font partis de ces animaux qui sont synonymes de gr\u00e2ce, d&rsquo;\u00e9l\u00e9gance, de l\u00e9g\u00e8ret\u00e9. Comme tous les \u00eatres vivants, ils font \u00e9videmment partis de la Nature et ont un r\u00f4le [&hellip;]\" \/>\n<meta property=\"og:url\" content=\"https:\/\/www.sebastien-majerowicz.fr\/index.php\/2017\/02\/10\/quelques-grammes-de-grace\/\" \/>\n<meta property=\"og:site_name\" content=\"S\u00e9bastien Majerowicz\" \/>\n<meta property=\"article:published_time\" content=\"2017-02-10T20:18:24+00:00\" \/>\n<meta property=\"article:modified_time\" content=\"2018-06-04T07:36:31+00:00\" \/>\n<meta property=\"og:image\" content=\"https:\/\/www.sebastien-majerowicz.fr\/wp-content\/uploads\/2017\/03\/17926867969_c7d1a2acc7_b-4.jpg\" \/>\n\t<meta property=\"og:image:width\" content=\"1024\" \/>\n\t<meta property=\"og:image:height\" content=\"576\" \/>\n\t<meta property=\"og:image:type\" content=\"image\/jpeg\" \/>\n<meta name=\"author\" content=\"S\u00e9bastien Majerowicz\" \/>\n<meta name=\"twitter:card\" content=\"summary_large_image\" \/>\n<meta name=\"twitter:label1\" content=\"\u00c9crit par\" \/>\n\t<meta name=\"twitter:data1\" content=\"S\u00e9bastien Majerowicz\" \/>\n<script type=\"application\/ld+json\" class=\"yoast-schema-graph\">{\"@context\":\"https:\\\/\\\/schema.org\",\"@graph\":[{\"@type\":\"Article\",\"@id\":\"https:\\\/\\\/www.sebastien-majerowicz.fr\\\/index.php\\\/2017\\\/02\\\/10\\\/quelques-grammes-de-grace\\\/#article\",\"isPartOf\":{\"@id\":\"https:\\\/\\\/www.sebastien-majerowicz.fr\\\/index.php\\\/2017\\\/02\\\/10\\\/quelques-grammes-de-grace\\\/\"},\"author\":{\"name\":\"S\u00e9bastien Majerowicz\",\"@id\":\"https:\\\/\\\/www.sebastien-majerowicz.fr\\\/#\\\/schema\\\/person\\\/a64c1066d12b40958b45bf7ab508f6a3\"},\"headline\":\"Quelques grammes de gr\u00e2ce\",\"datePublished\":\"2017-02-10T20:18:24+00:00\",\"dateModified\":\"2018-06-04T07:36:31+00:00\",\"mainEntityOfPage\":{\"@id\":\"https:\\\/\\\/www.sebastien-majerowicz.fr\\\/index.php\\\/2017\\\/02\\\/10\\\/quelques-grammes-de-grace\\\/\"},\"wordCount\":92,\"commentCount\":0,\"publisher\":{\"@id\":\"https:\\\/\\\/www.sebastien-majerowicz.fr\\\/#\\\/schema\\\/person\\\/a64c1066d12b40958b45bf7ab508f6a3\"},\"image\":{\"@id\":\"https:\\\/\\\/www.sebastien-majerowicz.fr\\\/index.php\\\/2017\\\/02\\\/10\\\/quelques-grammes-de-grace\\\/#primaryimage\"},\"thumbnailUrl\":\"https:\\\/\\\/www.sebastien-majerowicz.fr\\\/wp-content\\\/uploads\\\/2017\\\/03\\\/17926867969_c7d1a2acc7_b-4.jpg\",\"keywords\":[\"Damier des pr\u00e8s\",\"L\u00e9pidopt\u00e8re\",\"Mellicta Parthenoides\",\"Nikon D5300\",\"Sigma 150-600 Contemporary\"],\"articleSection\":[\"Macrophotographie animale\"],\"inLanguage\":\"fr-FR\",\"potentialAction\":[{\"@type\":\"CommentAction\",\"name\":\"Comment\",\"target\":[\"https:\\\/\\\/www.sebastien-majerowicz.fr\\\/index.php\\\/2017\\\/02\\\/10\\\/quelques-grammes-de-grace\\\/#respond\"]}]},{\"@type\":\"WebPage\",\"@id\":\"https:\\\/\\\/www.sebastien-majerowicz.fr\\\/index.php\\\/2017\\\/02\\\/10\\\/quelques-grammes-de-grace\\\/\",\"url\":\"https:\\\/\\\/www.sebastien-majerowicz.fr\\\/index.php\\\/2017\\\/02\\\/10\\\/quelques-grammes-de-grace\\\/\",\"name\":\"Quelques grammes de gr\u00e2ce - S\u00e9bastien Majerowicz\",\"isPartOf\":{\"@id\":\"https:\\\/\\\/www.sebastien-majerowicz.fr\\\/#website\"},\"primaryImageOfPage\":{\"@id\":\"https:\\\/\\\/www.sebastien-majerowicz.fr\\\/index.php\\\/2017\\\/02\\\/10\\\/quelques-grammes-de-grace\\\/#primaryimage\"},\"image\":{\"@id\":\"https:\\\/\\\/www.sebastien-majerowicz.fr\\\/index.php\\\/2017\\\/02\\\/10\\\/quelques-grammes-de-grace\\\/#primaryimage\"},\"thumbnailUrl\":\"https:\\\/\\\/www.sebastien-majerowicz.fr\\\/wp-content\\\/uploads\\\/2017\\\/03\\\/17926867969_c7d1a2acc7_b-4.jpg\",\"datePublished\":\"2017-02-10T20:18:24+00:00\",\"dateModified\":\"2018-06-04T07:36:31+00:00\",\"breadcrumb\":{\"@id\":\"https:\\\/\\\/www.sebastien-majerowicz.fr\\\/index.php\\\/2017\\\/02\\\/10\\\/quelques-grammes-de-grace\\\/#breadcrumb\"},\"inLanguage\":\"fr-FR\",\"potentialAction\":[{\"@type\":\"ReadAction\",\"target\":[\"https:\\\/\\\/www.sebastien-majerowicz.fr\\\/index.php\\\/2017\\\/02\\\/10\\\/quelques-grammes-de-grace\\\/\"]}]},{\"@type\":\"ImageObject\",\"inLanguage\":\"fr-FR\",\"@id\":\"https:\\\/\\\/www.sebastien-majerowicz.fr\\\/index.php\\\/2017\\\/02\\\/10\\\/quelques-grammes-de-grace\\\/#primaryimage\",\"url\":\"https:\\\/\\\/www.sebastien-majerowicz.fr\\\/wp-content\\\/uploads\\\/2017\\\/03\\\/17926867969_c7d1a2acc7_b-4.jpg\",\"contentUrl\":\"https:\\\/\\\/www.sebastien-majerowicz.fr\\\/wp-content\\\/uploads\\\/2017\\\/03\\\/17926867969_c7d1a2acc7_b-4.jpg\",\"width\":1024,\"height\":576,\"caption\":\"Damier des pr\u00e8s \\\/ Mellicta parthenoides\"},{\"@type\":\"BreadcrumbList\",\"@id\":\"https:\\\/\\\/www.sebastien-majerowicz.fr\\\/index.php\\\/2017\\\/02\\\/10\\\/quelques-grammes-de-grace\\\/#breadcrumb\",\"itemListElement\":[{\"@type\":\"ListItem\",\"position\":1,\"name\":\"Accueil\",\"item\":\"https:\\\/\\\/www.sebastien-majerowicz.fr\\\/\"},{\"@type\":\"ListItem\",\"position\":2,\"name\":\"Quelques grammes de gr\u00e2ce\"}]},{\"@type\":\"WebSite\",\"@id\":\"https:\\\/\\\/www.sebastien-majerowicz.fr\\\/#website\",\"url\":\"https:\\\/\\\/www.sebastien-majerowicz.fr\\\/\",\"name\":\"S\u00e9bastien Majerowicz\",\"description\":\"Photographe animalier par Nature\",\"publisher\":{\"@id\":\"https:\\\/\\\/www.sebastien-majerowicz.fr\\\/#\\\/schema\\\/person\\\/a64c1066d12b40958b45bf7ab508f6a3\"},\"potentialAction\":[{\"@type\":\"SearchAction\",\"target\":{\"@type\":\"EntryPoint\",\"urlTemplate\":\"https:\\\/\\\/www.sebastien-majerowicz.fr\\\/?s={search_term_string}\"},\"query-input\":{\"@type\":\"PropertyValueSpecification\",\"valueRequired\":true,\"valueName\":\"search_term_string\"}}],\"inLanguage\":\"fr-FR\"},{\"@type\":[\"Person\",\"Organization\"],\"@id\":\"https:\\\/\\\/www.sebastien-majerowicz.fr\\\/#\\\/schema\\\/person\\\/a64c1066d12b40958b45bf7ab508f6a3\",\"name\":\"S\u00e9bastien Majerowicz\",\"logo\":{\"@id\":\"https:\\\/\\\/www.sebastien-majerowicz.fr\\\/#\\\/schema\\\/person\\\/image\\\/\"},\"sameAs\":[\"https:\\\/\\\/www.sebastien-majerowicz.fr\"]}]}<\/script>\n<!-- \/ Yoast SEO plugin. -->","yoast_head_json":{"title":"Quelques grammes de gr\u00e2ce - S\u00e9bastien Majerowicz","robots":{"index":"index","follow":"follow","max-snippet":"max-snippet:-1","max-image-preview":"max-image-preview:large","max-video-preview":"max-video-preview:-1"},"canonical":"https:\/\/www.sebastien-majerowicz.fr\/index.php\/2017\/02\/10\/quelques-grammes-de-grace\/","og_locale":"fr_FR","og_type":"article","og_title":"Quelques grammes de gr\u00e2ce - S\u00e9bastien Majerowicz","og_description":"Aujourd&rsquo;hui, je voulais vous pr\u00e9senter ce Damier des pr\u00e8s (Mellicta Parthenoides) d\u00e9licatement pos\u00e9 dans le Soleil couchant et attendant la nuit et son repos. Les papillons font partis de ces animaux qui sont synonymes de gr\u00e2ce, d&rsquo;\u00e9l\u00e9gance, de l\u00e9g\u00e8ret\u00e9. Comme tous les \u00eatres vivants, ils font \u00e9videmment partis de la Nature et ont un r\u00f4le [&hellip;]","og_url":"https:\/\/www.sebastien-majerowicz.fr\/index.php\/2017\/02\/10\/quelques-grammes-de-grace\/","og_site_name":"S\u00e9bastien Majerowicz","article_published_time":"2017-02-10T20:18:24+00:00","article_modified_time":"2018-06-04T07:36:31+00:00","og_image":[{"width":1024,"height":576,"url":"https:\/\/www.sebastien-majerowicz.fr\/wp-content\/uploads\/2017\/03\/17926867969_c7d1a2acc7_b-4.jpg","type":"image\/jpeg"}],"author":"S\u00e9bastien Majerowicz","twitter_card":"summary_large_image","twitter_misc":{"\u00c9crit par":"S\u00e9bastien Majerowicz"},"schema":{"@context":"https:\/\/schema.org","@graph":[{"@type":"Article","@id":"https:\/\/www.sebastien-majerowicz.fr\/index.php\/2017\/02\/10\/quelques-grammes-de-grace\/#article","isPartOf":{"@id":"https:\/\/www.sebastien-majerowicz.fr\/index.php\/2017\/02\/10\/quelques-grammes-de-grace\/"},"author":{"name":"S\u00e9bastien Majerowicz","@id":"https:\/\/www.sebastien-majerowicz.fr\/#\/schema\/person\/a64c1066d12b40958b45bf7ab508f6a3"},"headline":"Quelques grammes de gr\u00e2ce","datePublished":"2017-02-10T20:18:24+00:00","dateModified":"2018-06-04T07:36:31+00:00","mainEntityOfPage":{"@id":"https:\/\/www.sebastien-majerowicz.fr\/index.php\/2017\/02\/10\/quelques-grammes-de-grace\/"},"wordCount":92,"commentCount":0,"publisher":{"@id":"https:\/\/www.sebastien-majerowicz.fr\/#\/schema\/person\/a64c1066d12b40958b45bf7ab508f6a3"},"image":{"@id":"https:\/\/www.sebastien-majerowicz.fr\/index.php\/2017\/02\/10\/quelques-grammes-de-grace\/#primaryimage"},"thumbnailUrl":"https:\/\/www.sebastien-majerowicz.fr\/wp-content\/uploads\/2017\/03\/17926867969_c7d1a2acc7_b-4.jpg","keywords":["Damier des pr\u00e8s","L\u00e9pidopt\u00e8re","Mellicta Parthenoides","Nikon D5300","Sigma 150-600 Contemporary"],"articleSection":["Macrophotographie animale"],"inLanguage":"fr-FR","potentialAction":[{"@type":"CommentAction","name":"Comment","target":["https:\/\/www.sebastien-majerowicz.fr\/index.php\/2017\/02\/10\/quelques-grammes-de-grace\/#respond"]}]},{"@type":"WebPage","@id":"https:\/\/www.sebastien-majerowicz.fr\/index.php\/2017\/02\/10\/quelques-grammes-de-grace\/","url":"https:\/\/www.sebastien-majerowicz.fr\/index.php\/2017\/02\/10\/quelques-grammes-de-grace\/","name":"Quelques grammes de gr\u00e2ce - S\u00e9bastien Majerowicz","isPartOf":{"@id":"https:\/\/www.sebastien-majerowicz.fr\/#website"},"primaryImageOfPage":{"@id":"https:\/\/www.sebastien-majerowicz.fr\/index.php\/2017\/02\/10\/quelques-grammes-de-grace\/#primaryimage"},"image":{"@id":"https:\/\/www.sebastien-majerowicz.fr\/index.php\/2017\/02\/10\/quelques-grammes-de-grace\/#primaryimage"},"thumbnailUrl":"https:\/\/www.sebastien-majerowicz.fr\/wp-content\/uploads\/2017\/03\/17926867969_c7d1a2acc7_b-4.jpg","datePublished":"2017-02-10T20:18:24+00:00","dateModified":"2018-06-04T07:36:31+00:00","breadcrumb":{"@id":"https:\/\/www.sebastien-majerowicz.fr\/index.php\/2017\/02\/10\/quelques-grammes-de-grace\/#breadcrumb"},"inLanguage":"fr-FR","potentialAction":[{"@type":"ReadAction","target":["https:\/\/www.sebastien-majerowicz.fr\/index.php\/2017\/02\/10\/quelques-grammes-de-grace\/"]}]},{"@type":"ImageObject","inLanguage":"fr-FR","@id":"https:\/\/www.sebastien-majerowicz.fr\/index.php\/2017\/02\/10\/quelques-grammes-de-grace\/#primaryimage","url":"https:\/\/www.sebastien-majerowicz.fr\/wp-content\/uploads\/2017\/03\/17926867969_c7d1a2acc7_b-4.jpg","contentUrl":"https:\/\/www.sebastien-majerowicz.fr\/wp-content\/uploads\/2017\/03\/17926867969_c7d1a2acc7_b-4.jpg","width":1024,"height":576,"caption":"Damier des pr\u00e8s \/ Mellicta parthenoides"},{"@type":"BreadcrumbList","@id":"https:\/\/www.sebastien-majerowicz.fr\/index.php\/2017\/02\/10\/quelques-grammes-de-grace\/#breadcrumb","itemListElement":[{"@type":"ListItem","position":1,"name":"Accueil","item":"https:\/\/www.sebastien-majerowicz.fr\/"},{"@type":"ListItem","position":2,"name":"Quelques grammes de gr\u00e2ce"}]},{"@type":"WebSite","@id":"https:\/\/www.sebastien-majerowicz.fr\/#website","url":"https:\/\/www.sebastien-majerowicz.fr\/","name":"S\u00e9bastien Majerowicz","description":"Photographe animalier par Nature","publisher":{"@id":"https:\/\/www.sebastien-majerowicz.fr\/#\/schema\/person\/a64c1066d12b40958b45bf7ab508f6a3"},"potentialAction":[{"@type":"SearchAction","target":{"@type":"EntryPoint","urlTemplate":"https:\/\/www.sebastien-majerowicz.fr\/?s={search_term_string}"},"query-input":{"@type":"PropertyValueSpecification","valueRequired":true,"valueName":"search_term_string"}}],"inLanguage":"fr-FR"},{"@type":["Person","Organization"],"@id":"https:\/\/www.sebastien-majerowicz.fr\/#\/schema\/person\/a64c1066d12b40958b45bf7ab508f6a3","name":"S\u00e9bastien Majerowicz","logo":{"@id":"https:\/\/www.sebastien-majerowicz.fr\/#\/schema\/person\/image\/"},"sameAs":["https:\/\/www.sebastien-majerowicz.fr"]}]}},"_links":{"self":[{"href":"https:\/\/www.sebastien-majerowicz.fr\/index.php\/wp-json\/wp\/v2\/posts\/328","targetHints":{"allow":["GET"]}}],"collection":[{"href":"https:\/\/www.sebastien-majerowicz.fr\/index.php\/wp-json\/wp\/v2\/posts"}],"about":[{"href":"https:\/\/www.sebastien-majerowicz.fr\/index.php\/wp-json\/wp\/v2\/types\/post"}],"author":[{"embeddable":true,"href":"https:\/\/www.sebastien-majerowicz.fr\/index.php\/wp-json\/wp\/v2\/users\/1"}],"replies":[{"embeddable":true,"href":"https:\/\/www.sebastien-majerowicz.fr\/index.php\/wp-json\/wp\/v2\/comments?post=328"}],"version-history":[{"count":3,"href":"https:\/\/www.sebastien-majerowicz.fr\/index.php\/wp-json\/wp\/v2\/posts\/328\/revisions"}],"predecessor-version":[{"id":3293,"href":"https:\/\/www.sebastien-majerowicz.fr\/index.php\/wp-json\/wp\/v2\/posts\/328\/revisions\/3293"}],"wp:featuredmedia":[{"embeddable":true,"href":"https:\/\/www.sebastien-majerowicz.fr\/index.php\/wp-json\/wp\/v2\/media\/327"}],"wp:attachment":[{"href":"https:\/\/www.sebastien-majerowicz.fr\/index.php\/wp-json\/wp\/v2\/media?parent=328"}],"wp:term":[{"taxonomy":"category","embeddable":true,"href":"https:\/\/www.sebastien-majerowicz.fr\/index.php\/wp-json\/wp\/v2\/categories?post=328"},{"taxonomy":"post_tag","embeddable":true,"href":"https:\/\/www.sebastien-majerowicz.fr\/index.php\/wp-json\/wp\/v2\/tags?post=328"}],"curies":[{"name":"wp","href":"https:\/\/api.w.org\/{rel}","templated":true}]}}