{"id":3278,"date":"2018-06-02T13:31:51","date_gmt":"2018-06-02T11:31:51","guid":{"rendered":"http:\/\/www.sebastien-majerowicz.fr\/?p=3278"},"modified":"2018-06-02T13:32:10","modified_gmt":"2018-06-02T11:32:10","slug":"la-discrete","status":"publish","type":"post","link":"https:\/\/www.sebastien-majerowicz.fr\/index.php\/2018\/06\/02\/la-discrete\/","title":{"rendered":"La discr\u00e8te"},"content":{"rendered":"<p>Au contraire de ses cousines la bleue ou la charbonni\u00e8re qui savent se faire remarquer, la <a href=\"\/index.php\/tag\/mesange-nonnette\/\" target=\"_blank\" rel=\"noopener\">M\u00e9sange nonnette<\/a> (Poecile palustris) est bien plus discr\u00e8te. D\u00e9j\u00e0 son plumage est tout en nuance et bien moins color\u00e9. De la m\u00eame mani\u00e8re, son chant moins expressif. Par contre, cette m\u00e9sange est capable de faire ses propres r\u00e9serves de graines pour passer l&rsquo;hiver !<\/p>\n","protected":false},"excerpt":{"rendered":"<p>Au contraire de ses cousines la bleue ou la charbonni\u00e8re qui savent se faire remarquer, la M\u00e9sange nonnette (Poecile palustris) est bien plus discr\u00e8te. D\u00e9j\u00e0 son plumage est tout en nuance et bien moins color\u00e9. De la m\u00eame mani\u00e8re, son chant moins expressif. Par contre, cette m\u00e9sange est capable de faire ses propres r\u00e9serves de [&hellip;]<\/p>\n","protected":false},"author":1,"featured_media":3277,"comment_status":"open","ping_status":"open","sticky":false,"template":"","format":"standard","meta":{"footnotes":""},"categories":[14],"tags":[196,25,55,195,26],"class_list":{"0":"post-3278","1":"post","2":"type-post","3":"status-publish","4":"format-standard","5":"has-post-thumbnail","7":"category-oiseau","8":"tag-mesange-nonnette","9":"tag-nikon-d5300","10":"tag-oiseau","11":"tag-poecile-palustris","12":"tag-sigma-150-600-contemporary","13":"czr-hentry"},"yoast_head":"<!-- This site is optimized with the Yoast SEO plugin v27.4 - https:\/\/yoast.com\/product\/yoast-seo-wordpress\/ -->\n<title>La discr\u00e8te - S\u00e9bastien Majerowicz<\/title>\n<meta name=\"robots\" content=\"index, follow, max-snippet:-1, max-image-preview:large, max-video-preview:-1\" \/>\n<link rel=\"canonical\" href=\"https:\/\/www.sebastien-majerowicz.fr\/index.php\/2018\/06\/02\/la-discrete\/\" \/>\n<meta property=\"og:locale\" content=\"fr_FR\" \/>\n<meta property=\"og:type\" content=\"article\" \/>\n<meta property=\"og:title\" content=\"La discr\u00e8te - S\u00e9bastien Majerowicz\" \/>\n<meta property=\"og:description\" content=\"Au contraire de ses cousines la bleue ou la charbonni\u00e8re qui savent se faire remarquer, la M\u00e9sange nonnette (Poecile palustris) est bien plus discr\u00e8te. D\u00e9j\u00e0 son plumage est tout en nuance et bien moins color\u00e9. De la m\u00eame mani\u00e8re, son chant moins expressif. Par contre, cette m\u00e9sange est capable de faire ses propres r\u00e9serves de [&hellip;]\" \/>\n<meta property=\"og:url\" content=\"https:\/\/www.sebastien-majerowicz.fr\/index.php\/2018\/06\/02\/la-discrete\/\" \/>\n<meta property=\"og:site_name\" content=\"S\u00e9bastien Majerowicz\" \/>\n<meta property=\"article:published_time\" content=\"2018-06-02T11:31:51+00:00\" \/>\n<meta property=\"article:modified_time\" content=\"2018-06-02T11:32:10+00:00\" \/>\n<meta property=\"og:image\" content=\"https:\/\/www.sebastien-majerowicz.fr\/wp-content\/uploads\/2018\/06\/27408660678_5202af2963_b.jpg\" \/>\n\t<meta property=\"og:image:width\" content=\"1024\" \/>\n\t<meta property=\"og:image:height\" content=\"683\" \/>\n\t<meta property=\"og:image:type\" content=\"image\/jpeg\" \/>\n<meta name=\"author\" content=\"S\u00e9bastien Majerowicz\" \/>\n<meta name=\"twitter:card\" content=\"summary_large_image\" \/>\n<meta name=\"twitter:label1\" content=\"\u00c9crit par\" \/>\n\t<meta name=\"twitter:data1\" content=\"S\u00e9bastien Majerowicz\" \/>\n<script type=\"application\/ld+json\" class=\"yoast-schema-graph\">{\"@context\":\"https:\\\/\\\/schema.org\",\"@graph\":[{\"@type\":\"Article\",\"@id\":\"https:\\\/\\\/www.sebastien-majerowicz.fr\\\/index.php\\\/2018\\\/06\\\/02\\\/la-discrete\\\/#article\",\"isPartOf\":{\"@id\":\"https:\\\/\\\/www.sebastien-majerowicz.fr\\\/index.php\\\/2018\\\/06\\\/02\\\/la-discrete\\\/\"},\"author\":{\"name\":\"S\u00e9bastien Majerowicz\",\"@id\":\"https:\\\/\\\/www.sebastien-majerowicz.fr\\\/#\\\/schema\\\/person\\\/a64c1066d12b40958b45bf7ab508f6a3\"},\"headline\":\"La discr\u00e8te\",\"datePublished\":\"2018-06-02T11:31:51+00:00\",\"dateModified\":\"2018-06-02T11:32:10+00:00\",\"mainEntityOfPage\":{\"@id\":\"https:\\\/\\\/www.sebastien-majerowicz.fr\\\/index.php\\\/2018\\\/06\\\/02\\\/la-discrete\\\/\"},\"wordCount\":71,\"commentCount\":2,\"publisher\":{\"@id\":\"https:\\\/\\\/www.sebastien-majerowicz.fr\\\/#\\\/schema\\\/person\\\/a64c1066d12b40958b45bf7ab508f6a3\"},\"image\":{\"@id\":\"https:\\\/\\\/www.sebastien-majerowicz.fr\\\/index.php\\\/2018\\\/06\\\/02\\\/la-discrete\\\/#primaryimage\"},\"thumbnailUrl\":\"https:\\\/\\\/www.sebastien-majerowicz.fr\\\/wp-content\\\/uploads\\\/2018\\\/06\\\/27408660678_5202af2963_b.jpg\",\"keywords\":[\"M\u00e9sange nonnette\",\"Nikon D5300\",\"Oiseau\",\"Poecile palustris\",\"Sigma 150-600 Contemporary\"],\"articleSection\":[\"Oiseau\"],\"inLanguage\":\"fr-FR\",\"potentialAction\":[{\"@type\":\"CommentAction\",\"name\":\"Comment\",\"target\":[\"https:\\\/\\\/www.sebastien-majerowicz.fr\\\/index.php\\\/2018\\\/06\\\/02\\\/la-discrete\\\/#respond\"]}]},{\"@type\":\"WebPage\",\"@id\":\"https:\\\/\\\/www.sebastien-majerowicz.fr\\\/index.php\\\/2018\\\/06\\\/02\\\/la-discrete\\\/\",\"url\":\"https:\\\/\\\/www.sebastien-majerowicz.fr\\\/index.php\\\/2018\\\/06\\\/02\\\/la-discrete\\\/\",\"name\":\"La discr\u00e8te - S\u00e9bastien Majerowicz\",\"isPartOf\":{\"@id\":\"https:\\\/\\\/www.sebastien-majerowicz.fr\\\/#website\"},\"primaryImageOfPage\":{\"@id\":\"https:\\\/\\\/www.sebastien-majerowicz.fr\\\/index.php\\\/2018\\\/06\\\/02\\\/la-discrete\\\/#primaryimage\"},\"image\":{\"@id\":\"https:\\\/\\\/www.sebastien-majerowicz.fr\\\/index.php\\\/2018\\\/06\\\/02\\\/la-discrete\\\/#primaryimage\"},\"thumbnailUrl\":\"https:\\\/\\\/www.sebastien-majerowicz.fr\\\/wp-content\\\/uploads\\\/2018\\\/06\\\/27408660678_5202af2963_b.jpg\",\"datePublished\":\"2018-06-02T11:31:51+00:00\",\"dateModified\":\"2018-06-02T11:32:10+00:00\",\"breadcrumb\":{\"@id\":\"https:\\\/\\\/www.sebastien-majerowicz.fr\\\/index.php\\\/2018\\\/06\\\/02\\\/la-discrete\\\/#breadcrumb\"},\"inLanguage\":\"fr-FR\",\"potentialAction\":[{\"@type\":\"ReadAction\",\"target\":[\"https:\\\/\\\/www.sebastien-majerowicz.fr\\\/index.php\\\/2018\\\/06\\\/02\\\/la-discrete\\\/\"]}]},{\"@type\":\"ImageObject\",\"inLanguage\":\"fr-FR\",\"@id\":\"https:\\\/\\\/www.sebastien-majerowicz.fr\\\/index.php\\\/2018\\\/06\\\/02\\\/la-discrete\\\/#primaryimage\",\"url\":\"https:\\\/\\\/www.sebastien-majerowicz.fr\\\/wp-content\\\/uploads\\\/2018\\\/06\\\/27408660678_5202af2963_b.jpg\",\"contentUrl\":\"https:\\\/\\\/www.sebastien-majerowicz.fr\\\/wp-content\\\/uploads\\\/2018\\\/06\\\/27408660678_5202af2963_b.jpg\",\"width\":1024,\"height\":683,\"caption\":\"M\u00e9sange nonnette \\\/ Poecile palustris\"},{\"@type\":\"BreadcrumbList\",\"@id\":\"https:\\\/\\\/www.sebastien-majerowicz.fr\\\/index.php\\\/2018\\\/06\\\/02\\\/la-discrete\\\/#breadcrumb\",\"itemListElement\":[{\"@type\":\"ListItem\",\"position\":1,\"name\":\"Accueil\",\"item\":\"https:\\\/\\\/www.sebastien-majerowicz.fr\\\/\"},{\"@type\":\"ListItem\",\"position\":2,\"name\":\"La discr\u00e8te\"}]},{\"@type\":\"WebSite\",\"@id\":\"https:\\\/\\\/www.sebastien-majerowicz.fr\\\/#website\",\"url\":\"https:\\\/\\\/www.sebastien-majerowicz.fr\\\/\",\"name\":\"S\u00e9bastien Majerowicz\",\"description\":\"Photographe animalier par Nature\",\"publisher\":{\"@id\":\"https:\\\/\\\/www.sebastien-majerowicz.fr\\\/#\\\/schema\\\/person\\\/a64c1066d12b40958b45bf7ab508f6a3\"},\"potentialAction\":[{\"@type\":\"SearchAction\",\"target\":{\"@type\":\"EntryPoint\",\"urlTemplate\":\"https:\\\/\\\/www.sebastien-majerowicz.fr\\\/?s={search_term_string}\"},\"query-input\":{\"@type\":\"PropertyValueSpecification\",\"valueRequired\":true,\"valueName\":\"search_term_string\"}}],\"inLanguage\":\"fr-FR\"},{\"@type\":[\"Person\",\"Organization\"],\"@id\":\"https:\\\/\\\/www.sebastien-majerowicz.fr\\\/#\\\/schema\\\/person\\\/a64c1066d12b40958b45bf7ab508f6a3\",\"name\":\"S\u00e9bastien Majerowicz\",\"logo\":{\"@id\":\"https:\\\/\\\/www.sebastien-majerowicz.fr\\\/#\\\/schema\\\/person\\\/image\\\/\"},\"sameAs\":[\"https:\\\/\\\/www.sebastien-majerowicz.fr\"]}]}<\/script>\n<!-- \/ Yoast SEO plugin. -->","yoast_head_json":{"title":"La discr\u00e8te - S\u00e9bastien Majerowicz","robots":{"index":"index","follow":"follow","max-snippet":"max-snippet:-1","max-image-preview":"max-image-preview:large","max-video-preview":"max-video-preview:-1"},"canonical":"https:\/\/www.sebastien-majerowicz.fr\/index.php\/2018\/06\/02\/la-discrete\/","og_locale":"fr_FR","og_type":"article","og_title":"La discr\u00e8te - S\u00e9bastien Majerowicz","og_description":"Au contraire de ses cousines la bleue ou la charbonni\u00e8re qui savent se faire remarquer, la M\u00e9sange nonnette (Poecile palustris) est bien plus discr\u00e8te. D\u00e9j\u00e0 son plumage est tout en nuance et bien moins color\u00e9. De la m\u00eame mani\u00e8re, son chant moins expressif. Par contre, cette m\u00e9sange est capable de faire ses propres r\u00e9serves de [&hellip;]","og_url":"https:\/\/www.sebastien-majerowicz.fr\/index.php\/2018\/06\/02\/la-discrete\/","og_site_name":"S\u00e9bastien Majerowicz","article_published_time":"2018-06-02T11:31:51+00:00","article_modified_time":"2018-06-02T11:32:10+00:00","og_image":[{"width":1024,"height":683,"url":"https:\/\/www.sebastien-majerowicz.fr\/wp-content\/uploads\/2018\/06\/27408660678_5202af2963_b.jpg","type":"image\/jpeg"}],"author":"S\u00e9bastien Majerowicz","twitter_card":"summary_large_image","twitter_misc":{"\u00c9crit par":"S\u00e9bastien Majerowicz"},"schema":{"@context":"https:\/\/schema.org","@graph":[{"@type":"Article","@id":"https:\/\/www.sebastien-majerowicz.fr\/index.php\/2018\/06\/02\/la-discrete\/#article","isPartOf":{"@id":"https:\/\/www.sebastien-majerowicz.fr\/index.php\/2018\/06\/02\/la-discrete\/"},"author":{"name":"S\u00e9bastien Majerowicz","@id":"https:\/\/www.sebastien-majerowicz.fr\/#\/schema\/person\/a64c1066d12b40958b45bf7ab508f6a3"},"headline":"La discr\u00e8te","datePublished":"2018-06-02T11:31:51+00:00","dateModified":"2018-06-02T11:32:10+00:00","mainEntityOfPage":{"@id":"https:\/\/www.sebastien-majerowicz.fr\/index.php\/2018\/06\/02\/la-discrete\/"},"wordCount":71,"commentCount":2,"publisher":{"@id":"https:\/\/www.sebastien-majerowicz.fr\/#\/schema\/person\/a64c1066d12b40958b45bf7ab508f6a3"},"image":{"@id":"https:\/\/www.sebastien-majerowicz.fr\/index.php\/2018\/06\/02\/la-discrete\/#primaryimage"},"thumbnailUrl":"https:\/\/www.sebastien-majerowicz.fr\/wp-content\/uploads\/2018\/06\/27408660678_5202af2963_b.jpg","keywords":["M\u00e9sange nonnette","Nikon D5300","Oiseau","Poecile palustris","Sigma 150-600 Contemporary"],"articleSection":["Oiseau"],"inLanguage":"fr-FR","potentialAction":[{"@type":"CommentAction","name":"Comment","target":["https:\/\/www.sebastien-majerowicz.fr\/index.php\/2018\/06\/02\/la-discrete\/#respond"]}]},{"@type":"WebPage","@id":"https:\/\/www.sebastien-majerowicz.fr\/index.php\/2018\/06\/02\/la-discrete\/","url":"https:\/\/www.sebastien-majerowicz.fr\/index.php\/2018\/06\/02\/la-discrete\/","name":"La discr\u00e8te - S\u00e9bastien Majerowicz","isPartOf":{"@id":"https:\/\/www.sebastien-majerowicz.fr\/#website"},"primaryImageOfPage":{"@id":"https:\/\/www.sebastien-majerowicz.fr\/index.php\/2018\/06\/02\/la-discrete\/#primaryimage"},"image":{"@id":"https:\/\/www.sebastien-majerowicz.fr\/index.php\/2018\/06\/02\/la-discrete\/#primaryimage"},"thumbnailUrl":"https:\/\/www.sebastien-majerowicz.fr\/wp-content\/uploads\/2018\/06\/27408660678_5202af2963_b.jpg","datePublished":"2018-06-02T11:31:51+00:00","dateModified":"2018-06-02T11:32:10+00:00","breadcrumb":{"@id":"https:\/\/www.sebastien-majerowicz.fr\/index.php\/2018\/06\/02\/la-discrete\/#breadcrumb"},"inLanguage":"fr-FR","potentialAction":[{"@type":"ReadAction","target":["https:\/\/www.sebastien-majerowicz.fr\/index.php\/2018\/06\/02\/la-discrete\/"]}]},{"@type":"ImageObject","inLanguage":"fr-FR","@id":"https:\/\/www.sebastien-majerowicz.fr\/index.php\/2018\/06\/02\/la-discrete\/#primaryimage","url":"https:\/\/www.sebastien-majerowicz.fr\/wp-content\/uploads\/2018\/06\/27408660678_5202af2963_b.jpg","contentUrl":"https:\/\/www.sebastien-majerowicz.fr\/wp-content\/uploads\/2018\/06\/27408660678_5202af2963_b.jpg","width":1024,"height":683,"caption":"M\u00e9sange nonnette \/ Poecile palustris"},{"@type":"BreadcrumbList","@id":"https:\/\/www.sebastien-majerowicz.fr\/index.php\/2018\/06\/02\/la-discrete\/#breadcrumb","itemListElement":[{"@type":"ListItem","position":1,"name":"Accueil","item":"https:\/\/www.sebastien-majerowicz.fr\/"},{"@type":"ListItem","position":2,"name":"La discr\u00e8te"}]},{"@type":"WebSite","@id":"https:\/\/www.sebastien-majerowicz.fr\/#website","url":"https:\/\/www.sebastien-majerowicz.fr\/","name":"S\u00e9bastien Majerowicz","description":"Photographe animalier par Nature","publisher":{"@id":"https:\/\/www.sebastien-majerowicz.fr\/#\/schema\/person\/a64c1066d12b40958b45bf7ab508f6a3"},"potentialAction":[{"@type":"SearchAction","target":{"@type":"EntryPoint","urlTemplate":"https:\/\/www.sebastien-majerowicz.fr\/?s={search_term_string}"},"query-input":{"@type":"PropertyValueSpecification","valueRequired":true,"valueName":"search_term_string"}}],"inLanguage":"fr-FR"},{"@type":["Person","Organization"],"@id":"https:\/\/www.sebastien-majerowicz.fr\/#\/schema\/person\/a64c1066d12b40958b45bf7ab508f6a3","name":"S\u00e9bastien Majerowicz","logo":{"@id":"https:\/\/www.sebastien-majerowicz.fr\/#\/schema\/person\/image\/"},"sameAs":["https:\/\/www.sebastien-majerowicz.fr"]}]}},"_links":{"self":[{"href":"https:\/\/www.sebastien-majerowicz.fr\/index.php\/wp-json\/wp\/v2\/posts\/3278","targetHints":{"allow":["GET"]}}],"collection":[{"href":"https:\/\/www.sebastien-majerowicz.fr\/index.php\/wp-json\/wp\/v2\/posts"}],"about":[{"href":"https:\/\/www.sebastien-majerowicz.fr\/index.php\/wp-json\/wp\/v2\/types\/post"}],"author":[{"embeddable":true,"href":"https:\/\/www.sebastien-majerowicz.fr\/index.php\/wp-json\/wp\/v2\/users\/1"}],"replies":[{"embeddable":true,"href":"https:\/\/www.sebastien-majerowicz.fr\/index.php\/wp-json\/wp\/v2\/comments?post=3278"}],"version-history":[{"count":1,"href":"https:\/\/www.sebastien-majerowicz.fr\/index.php\/wp-json\/wp\/v2\/posts\/3278\/revisions"}],"predecessor-version":[{"id":3279,"href":"https:\/\/www.sebastien-majerowicz.fr\/index.php\/wp-json\/wp\/v2\/posts\/3278\/revisions\/3279"}],"wp:featuredmedia":[{"embeddable":true,"href":"https:\/\/www.sebastien-majerowicz.fr\/index.php\/wp-json\/wp\/v2\/media\/3277"}],"wp:attachment":[{"href":"https:\/\/www.sebastien-majerowicz.fr\/index.php\/wp-json\/wp\/v2\/media?parent=3278"}],"wp:term":[{"taxonomy":"category","embeddable":true,"href":"https:\/\/www.sebastien-majerowicz.fr\/index.php\/wp-json\/wp\/v2\/categories?post=3278"},{"taxonomy":"post_tag","embeddable":true,"href":"https:\/\/www.sebastien-majerowicz.fr\/index.php\/wp-json\/wp\/v2\/tags?post=3278"}],"curies":[{"name":"wp","href":"https:\/\/api.w.org\/{rel}","templated":true}]}}