{"id":3212,"date":"2018-05-22T10:14:13","date_gmt":"2018-05-22T08:14:13","guid":{"rendered":"http:\/\/www.sebastien-majerowicz.fr\/?p=3212"},"modified":"2018-05-22T11:01:22","modified_gmt":"2018-05-22T09:01:22","slug":"sous-les-etoiles","status":"publish","type":"post","link":"https:\/\/www.sebastien-majerowicz.fr\/index.php\/2018\/05\/22\/sous-les-etoiles\/","title":{"rendered":"Sous les \u00e9toiles"},"content":{"rendered":"<p>Plant\u00e9 sous les \u00e9toiles,<br \/>\nQuel indicible bonheur<br \/>\nD&rsquo;effleurer les fleurs<br \/>\nEt de mettre les voiles !<\/p>\n<p>Fini d&rsquo;\u00eatre simple bailleur,<br \/>\nMontez et voguez sur la gal\u00e8re.<br \/>\nGardez un \u0153il sur les <a href=\"\/index.php\/tag\/stellaire-holostee\/\" target=\"_blank\" rel=\"noopener\">Stellaires<\/a>,<br \/>\nEt, ensemble, vers un monde meilleur !<\/p>\n<p>PS : Vous pouvez retrouver cette photographies dans la galerie \u00ab\u00a0<a href=\"http:\/\/www.sebastien-majerowicz.fr\/index.php\/emergence\/\" target=\"_blank\" rel=\"noopener\">\u00c9mergence<\/a>\u00a0\u00bb et beaucoup d&rsquo;autres fleurs \ud83d\ude42<\/p>\n","protected":false},"excerpt":{"rendered":"<p>Plant\u00e9 sous les \u00e9toiles, Quel indicible bonheur D&rsquo;effleurer les fleurs Et de mettre les voiles ! Fini d&rsquo;\u00eatre simple bailleur, Montez et voguez sur la gal\u00e8re. Gardez un \u0153il sur les Stellaires, Et, ensemble, vers un monde meilleur ! PS : Vous pouvez retrouver cette photographies dans la galerie \u00ab\u00a0\u00c9mergence\u00a0\u00bb et beaucoup d&rsquo;autres fleurs \ud83d\ude42<\/p>\n","protected":false},"author":1,"featured_media":3211,"comment_status":"open","ping_status":"open","sticky":false,"template":"","format":"standard","meta":{"footnotes":""},"categories":[784],"tags":[218,25,737,56,916,917],"class_list":{"0":"post-3212","1":"post","2":"type-post","3":"status-publish","4":"format-standard","5":"has-post-thumbnail","7":"category-fleur","8":"tag-fleur","9":"tag-nikon-d5300","10":"tag-poeme","11":"tag-sigma-105-macro","12":"tag-stellaire-holostee","13":"tag-stellaria-holostea","14":"czr-hentry"},"yoast_head":"<!-- This site is optimized with the Yoast SEO plugin v27.4 - https:\/\/yoast.com\/product\/yoast-seo-wordpress\/ -->\n<title>Sous les \u00e9toiles - S\u00e9bastien Majerowicz<\/title>\n<meta name=\"robots\" content=\"index, follow, max-snippet:-1, max-image-preview:large, max-video-preview:-1\" \/>\n<link rel=\"canonical\" href=\"https:\/\/www.sebastien-majerowicz.fr\/index.php\/2018\/05\/22\/sous-les-etoiles\/\" \/>\n<meta property=\"og:locale\" content=\"fr_FR\" \/>\n<meta property=\"og:type\" content=\"article\" \/>\n<meta property=\"og:title\" content=\"Sous les \u00e9toiles - S\u00e9bastien Majerowicz\" \/>\n<meta property=\"og:description\" content=\"Plant\u00e9 sous les \u00e9toiles, Quel indicible bonheur D&rsquo;effleurer les fleurs Et de mettre les voiles ! Fini d&rsquo;\u00eatre simple bailleur, Montez et voguez sur la gal\u00e8re. Gardez un \u0153il sur les Stellaires, Et, ensemble, vers un monde meilleur ! PS : Vous pouvez retrouver cette photographies dans la galerie \u00ab\u00a0\u00c9mergence\u00a0\u00bb et beaucoup d&rsquo;autres fleurs \ud83d\ude42\" \/>\n<meta property=\"og:url\" content=\"https:\/\/www.sebastien-majerowicz.fr\/index.php\/2018\/05\/22\/sous-les-etoiles\/\" \/>\n<meta property=\"og:site_name\" content=\"S\u00e9bastien Majerowicz\" \/>\n<meta property=\"article:published_time\" content=\"2018-05-22T08:14:13+00:00\" \/>\n<meta property=\"article:modified_time\" content=\"2018-05-22T09:01:22+00:00\" \/>\n<meta property=\"og:image\" content=\"https:\/\/www.sebastien-majerowicz.fr\/wp-content\/uploads\/2018\/05\/32959196853_4222f2bb71_b-5.jpg\" \/>\n\t<meta property=\"og:image:width\" content=\"683\" \/>\n\t<meta property=\"og:image:height\" content=\"1024\" \/>\n\t<meta property=\"og:image:type\" content=\"image\/jpeg\" \/>\n<meta name=\"author\" content=\"S\u00e9bastien Majerowicz\" \/>\n<meta name=\"twitter:card\" content=\"summary_large_image\" \/>\n<meta name=\"twitter:label1\" content=\"\u00c9crit par\" \/>\n\t<meta name=\"twitter:data1\" content=\"S\u00e9bastien Majerowicz\" \/>\n<script type=\"application\/ld+json\" class=\"yoast-schema-graph\">{\"@context\":\"https:\\\/\\\/schema.org\",\"@graph\":[{\"@type\":\"Article\",\"@id\":\"https:\\\/\\\/www.sebastien-majerowicz.fr\\\/index.php\\\/2018\\\/05\\\/22\\\/sous-les-etoiles\\\/#article\",\"isPartOf\":{\"@id\":\"https:\\\/\\\/www.sebastien-majerowicz.fr\\\/index.php\\\/2018\\\/05\\\/22\\\/sous-les-etoiles\\\/\"},\"author\":{\"name\":\"S\u00e9bastien Majerowicz\",\"@id\":\"https:\\\/\\\/www.sebastien-majerowicz.fr\\\/#\\\/schema\\\/person\\\/a64c1066d12b40958b45bf7ab508f6a3\"},\"headline\":\"Sous les \u00e9toiles\",\"datePublished\":\"2018-05-22T08:14:13+00:00\",\"dateModified\":\"2018-05-22T09:01:22+00:00\",\"mainEntityOfPage\":{\"@id\":\"https:\\\/\\\/www.sebastien-majerowicz.fr\\\/index.php\\\/2018\\\/05\\\/22\\\/sous-les-etoiles\\\/\"},\"wordCount\":58,\"commentCount\":6,\"publisher\":{\"@id\":\"https:\\\/\\\/www.sebastien-majerowicz.fr\\\/#\\\/schema\\\/person\\\/a64c1066d12b40958b45bf7ab508f6a3\"},\"image\":{\"@id\":\"https:\\\/\\\/www.sebastien-majerowicz.fr\\\/index.php\\\/2018\\\/05\\\/22\\\/sous-les-etoiles\\\/#primaryimage\"},\"thumbnailUrl\":\"https:\\\/\\\/www.sebastien-majerowicz.fr\\\/wp-content\\\/uploads\\\/2018\\\/05\\\/32959196853_4222f2bb71_b-5.jpg\",\"keywords\":[\"Fleur\",\"Nikon D5300\",\"Po\u00e8me\",\"Sigma 105 macro\",\"Stellaire holost\u00e9e\",\"Stellaria holostea\"],\"articleSection\":[\"Fleur\"],\"inLanguage\":\"fr-FR\",\"potentialAction\":[{\"@type\":\"CommentAction\",\"name\":\"Comment\",\"target\":[\"https:\\\/\\\/www.sebastien-majerowicz.fr\\\/index.php\\\/2018\\\/05\\\/22\\\/sous-les-etoiles\\\/#respond\"]}]},{\"@type\":\"WebPage\",\"@id\":\"https:\\\/\\\/www.sebastien-majerowicz.fr\\\/index.php\\\/2018\\\/05\\\/22\\\/sous-les-etoiles\\\/\",\"url\":\"https:\\\/\\\/www.sebastien-majerowicz.fr\\\/index.php\\\/2018\\\/05\\\/22\\\/sous-les-etoiles\\\/\",\"name\":\"Sous les \u00e9toiles - S\u00e9bastien Majerowicz\",\"isPartOf\":{\"@id\":\"https:\\\/\\\/www.sebastien-majerowicz.fr\\\/#website\"},\"primaryImageOfPage\":{\"@id\":\"https:\\\/\\\/www.sebastien-majerowicz.fr\\\/index.php\\\/2018\\\/05\\\/22\\\/sous-les-etoiles\\\/#primaryimage\"},\"image\":{\"@id\":\"https:\\\/\\\/www.sebastien-majerowicz.fr\\\/index.php\\\/2018\\\/05\\\/22\\\/sous-les-etoiles\\\/#primaryimage\"},\"thumbnailUrl\":\"https:\\\/\\\/www.sebastien-majerowicz.fr\\\/wp-content\\\/uploads\\\/2018\\\/05\\\/32959196853_4222f2bb71_b-5.jpg\",\"datePublished\":\"2018-05-22T08:14:13+00:00\",\"dateModified\":\"2018-05-22T09:01:22+00:00\",\"breadcrumb\":{\"@id\":\"https:\\\/\\\/www.sebastien-majerowicz.fr\\\/index.php\\\/2018\\\/05\\\/22\\\/sous-les-etoiles\\\/#breadcrumb\"},\"inLanguage\":\"fr-FR\",\"potentialAction\":[{\"@type\":\"ReadAction\",\"target\":[\"https:\\\/\\\/www.sebastien-majerowicz.fr\\\/index.php\\\/2018\\\/05\\\/22\\\/sous-les-etoiles\\\/\"]}]},{\"@type\":\"ImageObject\",\"inLanguage\":\"fr-FR\",\"@id\":\"https:\\\/\\\/www.sebastien-majerowicz.fr\\\/index.php\\\/2018\\\/05\\\/22\\\/sous-les-etoiles\\\/#primaryimage\",\"url\":\"https:\\\/\\\/www.sebastien-majerowicz.fr\\\/wp-content\\\/uploads\\\/2018\\\/05\\\/32959196853_4222f2bb71_b-5.jpg\",\"contentUrl\":\"https:\\\/\\\/www.sebastien-majerowicz.fr\\\/wp-content\\\/uploads\\\/2018\\\/05\\\/32959196853_4222f2bb71_b-5.jpg\",\"width\":683,\"height\":1024,\"caption\":\"Stellaire holost\u00e9e \\\/ Stellaria holostea\"},{\"@type\":\"BreadcrumbList\",\"@id\":\"https:\\\/\\\/www.sebastien-majerowicz.fr\\\/index.php\\\/2018\\\/05\\\/22\\\/sous-les-etoiles\\\/#breadcrumb\",\"itemListElement\":[{\"@type\":\"ListItem\",\"position\":1,\"name\":\"Accueil\",\"item\":\"https:\\\/\\\/www.sebastien-majerowicz.fr\\\/\"},{\"@type\":\"ListItem\",\"position\":2,\"name\":\"Sous les \u00e9toiles\"}]},{\"@type\":\"WebSite\",\"@id\":\"https:\\\/\\\/www.sebastien-majerowicz.fr\\\/#website\",\"url\":\"https:\\\/\\\/www.sebastien-majerowicz.fr\\\/\",\"name\":\"S\u00e9bastien Majerowicz\",\"description\":\"Photographe animalier par Nature\",\"publisher\":{\"@id\":\"https:\\\/\\\/www.sebastien-majerowicz.fr\\\/#\\\/schema\\\/person\\\/a64c1066d12b40958b45bf7ab508f6a3\"},\"potentialAction\":[{\"@type\":\"SearchAction\",\"target\":{\"@type\":\"EntryPoint\",\"urlTemplate\":\"https:\\\/\\\/www.sebastien-majerowicz.fr\\\/?s={search_term_string}\"},\"query-input\":{\"@type\":\"PropertyValueSpecification\",\"valueRequired\":true,\"valueName\":\"search_term_string\"}}],\"inLanguage\":\"fr-FR\"},{\"@type\":[\"Person\",\"Organization\"],\"@id\":\"https:\\\/\\\/www.sebastien-majerowicz.fr\\\/#\\\/schema\\\/person\\\/a64c1066d12b40958b45bf7ab508f6a3\",\"name\":\"S\u00e9bastien Majerowicz\",\"logo\":{\"@id\":\"https:\\\/\\\/www.sebastien-majerowicz.fr\\\/#\\\/schema\\\/person\\\/image\\\/\"},\"sameAs\":[\"https:\\\/\\\/www.sebastien-majerowicz.fr\"]}]}<\/script>\n<!-- \/ Yoast SEO plugin. -->","yoast_head_json":{"title":"Sous les \u00e9toiles - S\u00e9bastien Majerowicz","robots":{"index":"index","follow":"follow","max-snippet":"max-snippet:-1","max-image-preview":"max-image-preview:large","max-video-preview":"max-video-preview:-1"},"canonical":"https:\/\/www.sebastien-majerowicz.fr\/index.php\/2018\/05\/22\/sous-les-etoiles\/","og_locale":"fr_FR","og_type":"article","og_title":"Sous les \u00e9toiles - S\u00e9bastien Majerowicz","og_description":"Plant\u00e9 sous les \u00e9toiles, Quel indicible bonheur D&rsquo;effleurer les fleurs Et de mettre les voiles ! Fini d&rsquo;\u00eatre simple bailleur, Montez et voguez sur la gal\u00e8re. Gardez un \u0153il sur les Stellaires, Et, ensemble, vers un monde meilleur ! PS : Vous pouvez retrouver cette photographies dans la galerie \u00ab\u00a0\u00c9mergence\u00a0\u00bb et beaucoup d&rsquo;autres fleurs \ud83d\ude42","og_url":"https:\/\/www.sebastien-majerowicz.fr\/index.php\/2018\/05\/22\/sous-les-etoiles\/","og_site_name":"S\u00e9bastien Majerowicz","article_published_time":"2018-05-22T08:14:13+00:00","article_modified_time":"2018-05-22T09:01:22+00:00","og_image":[{"width":683,"height":1024,"url":"https:\/\/www.sebastien-majerowicz.fr\/wp-content\/uploads\/2018\/05\/32959196853_4222f2bb71_b-5.jpg","type":"image\/jpeg"}],"author":"S\u00e9bastien Majerowicz","twitter_card":"summary_large_image","twitter_misc":{"\u00c9crit par":"S\u00e9bastien Majerowicz"},"schema":{"@context":"https:\/\/schema.org","@graph":[{"@type":"Article","@id":"https:\/\/www.sebastien-majerowicz.fr\/index.php\/2018\/05\/22\/sous-les-etoiles\/#article","isPartOf":{"@id":"https:\/\/www.sebastien-majerowicz.fr\/index.php\/2018\/05\/22\/sous-les-etoiles\/"},"author":{"name":"S\u00e9bastien Majerowicz","@id":"https:\/\/www.sebastien-majerowicz.fr\/#\/schema\/person\/a64c1066d12b40958b45bf7ab508f6a3"},"headline":"Sous les \u00e9toiles","datePublished":"2018-05-22T08:14:13+00:00","dateModified":"2018-05-22T09:01:22+00:00","mainEntityOfPage":{"@id":"https:\/\/www.sebastien-majerowicz.fr\/index.php\/2018\/05\/22\/sous-les-etoiles\/"},"wordCount":58,"commentCount":6,"publisher":{"@id":"https:\/\/www.sebastien-majerowicz.fr\/#\/schema\/person\/a64c1066d12b40958b45bf7ab508f6a3"},"image":{"@id":"https:\/\/www.sebastien-majerowicz.fr\/index.php\/2018\/05\/22\/sous-les-etoiles\/#primaryimage"},"thumbnailUrl":"https:\/\/www.sebastien-majerowicz.fr\/wp-content\/uploads\/2018\/05\/32959196853_4222f2bb71_b-5.jpg","keywords":["Fleur","Nikon D5300","Po\u00e8me","Sigma 105 macro","Stellaire holost\u00e9e","Stellaria holostea"],"articleSection":["Fleur"],"inLanguage":"fr-FR","potentialAction":[{"@type":"CommentAction","name":"Comment","target":["https:\/\/www.sebastien-majerowicz.fr\/index.php\/2018\/05\/22\/sous-les-etoiles\/#respond"]}]},{"@type":"WebPage","@id":"https:\/\/www.sebastien-majerowicz.fr\/index.php\/2018\/05\/22\/sous-les-etoiles\/","url":"https:\/\/www.sebastien-majerowicz.fr\/index.php\/2018\/05\/22\/sous-les-etoiles\/","name":"Sous les \u00e9toiles - S\u00e9bastien Majerowicz","isPartOf":{"@id":"https:\/\/www.sebastien-majerowicz.fr\/#website"},"primaryImageOfPage":{"@id":"https:\/\/www.sebastien-majerowicz.fr\/index.php\/2018\/05\/22\/sous-les-etoiles\/#primaryimage"},"image":{"@id":"https:\/\/www.sebastien-majerowicz.fr\/index.php\/2018\/05\/22\/sous-les-etoiles\/#primaryimage"},"thumbnailUrl":"https:\/\/www.sebastien-majerowicz.fr\/wp-content\/uploads\/2018\/05\/32959196853_4222f2bb71_b-5.jpg","datePublished":"2018-05-22T08:14:13+00:00","dateModified":"2018-05-22T09:01:22+00:00","breadcrumb":{"@id":"https:\/\/www.sebastien-majerowicz.fr\/index.php\/2018\/05\/22\/sous-les-etoiles\/#breadcrumb"},"inLanguage":"fr-FR","potentialAction":[{"@type":"ReadAction","target":["https:\/\/www.sebastien-majerowicz.fr\/index.php\/2018\/05\/22\/sous-les-etoiles\/"]}]},{"@type":"ImageObject","inLanguage":"fr-FR","@id":"https:\/\/www.sebastien-majerowicz.fr\/index.php\/2018\/05\/22\/sous-les-etoiles\/#primaryimage","url":"https:\/\/www.sebastien-majerowicz.fr\/wp-content\/uploads\/2018\/05\/32959196853_4222f2bb71_b-5.jpg","contentUrl":"https:\/\/www.sebastien-majerowicz.fr\/wp-content\/uploads\/2018\/05\/32959196853_4222f2bb71_b-5.jpg","width":683,"height":1024,"caption":"Stellaire holost\u00e9e \/ Stellaria holostea"},{"@type":"BreadcrumbList","@id":"https:\/\/www.sebastien-majerowicz.fr\/index.php\/2018\/05\/22\/sous-les-etoiles\/#breadcrumb","itemListElement":[{"@type":"ListItem","position":1,"name":"Accueil","item":"https:\/\/www.sebastien-majerowicz.fr\/"},{"@type":"ListItem","position":2,"name":"Sous les \u00e9toiles"}]},{"@type":"WebSite","@id":"https:\/\/www.sebastien-majerowicz.fr\/#website","url":"https:\/\/www.sebastien-majerowicz.fr\/","name":"S\u00e9bastien Majerowicz","description":"Photographe animalier par Nature","publisher":{"@id":"https:\/\/www.sebastien-majerowicz.fr\/#\/schema\/person\/a64c1066d12b40958b45bf7ab508f6a3"},"potentialAction":[{"@type":"SearchAction","target":{"@type":"EntryPoint","urlTemplate":"https:\/\/www.sebastien-majerowicz.fr\/?s={search_term_string}"},"query-input":{"@type":"PropertyValueSpecification","valueRequired":true,"valueName":"search_term_string"}}],"inLanguage":"fr-FR"},{"@type":["Person","Organization"],"@id":"https:\/\/www.sebastien-majerowicz.fr\/#\/schema\/person\/a64c1066d12b40958b45bf7ab508f6a3","name":"S\u00e9bastien Majerowicz","logo":{"@id":"https:\/\/www.sebastien-majerowicz.fr\/#\/schema\/person\/image\/"},"sameAs":["https:\/\/www.sebastien-majerowicz.fr"]}]}},"_links":{"self":[{"href":"https:\/\/www.sebastien-majerowicz.fr\/index.php\/wp-json\/wp\/v2\/posts\/3212","targetHints":{"allow":["GET"]}}],"collection":[{"href":"https:\/\/www.sebastien-majerowicz.fr\/index.php\/wp-json\/wp\/v2\/posts"}],"about":[{"href":"https:\/\/www.sebastien-majerowicz.fr\/index.php\/wp-json\/wp\/v2\/types\/post"}],"author":[{"embeddable":true,"href":"https:\/\/www.sebastien-majerowicz.fr\/index.php\/wp-json\/wp\/v2\/users\/1"}],"replies":[{"embeddable":true,"href":"https:\/\/www.sebastien-majerowicz.fr\/index.php\/wp-json\/wp\/v2\/comments?post=3212"}],"version-history":[{"count":3,"href":"https:\/\/www.sebastien-majerowicz.fr\/index.php\/wp-json\/wp\/v2\/posts\/3212\/revisions"}],"predecessor-version":[{"id":3215,"href":"https:\/\/www.sebastien-majerowicz.fr\/index.php\/wp-json\/wp\/v2\/posts\/3212\/revisions\/3215"}],"wp:featuredmedia":[{"embeddable":true,"href":"https:\/\/www.sebastien-majerowicz.fr\/index.php\/wp-json\/wp\/v2\/media\/3211"}],"wp:attachment":[{"href":"https:\/\/www.sebastien-majerowicz.fr\/index.php\/wp-json\/wp\/v2\/media?parent=3212"}],"wp:term":[{"taxonomy":"category","embeddable":true,"href":"https:\/\/www.sebastien-majerowicz.fr\/index.php\/wp-json\/wp\/v2\/categories?post=3212"},{"taxonomy":"post_tag","embeddable":true,"href":"https:\/\/www.sebastien-majerowicz.fr\/index.php\/wp-json\/wp\/v2\/tags?post=3212"}],"curies":[{"name":"wp","href":"https:\/\/api.w.org\/{rel}","templated":true}]}}