{"id":294,"date":"2017-02-23T14:05:19","date_gmt":"2017-02-23T13:05:19","guid":{"rendered":"http:\/\/www.sebastien-majerowicz.fr\/?p=294"},"modified":"2017-10-10T11:28:24","modified_gmt":"2017-10-10T09:28:24","slug":"recital-printanier","status":"publish","type":"post","link":"https:\/\/www.sebastien-majerowicz.fr\/index.php\/2017\/02\/23\/recital-printanier\/","title":{"rendered":"R\u00e9cital printanier"},"content":{"rendered":"<p>L&rsquo;hiver, les oiseaux se taisent pour se concentrer sur leur survie au froid et \u00e0 la raret\u00e9 de nourriture. Toutefois, j&rsquo;imagine que, comme moi, vous avez remarqu\u00e9 que les oiseaux ont commenc\u00e9 \u00e0 chanter de nouveau. Ils ont ressenti que l&rsquo;hiver avait \u00e9t\u00e9 tr\u00e8s (trop) court !<\/p>\n<p>Pour illustrer ce renouveau, je vous pr\u00e9sente cette photo d&rsquo;un Pouillot siffleur (Phylloscopus sibilatrix). L&rsquo;ann\u00e9e derni\u00e8re, il m&rsquo;avait enchant\u00e9 pour son chant et pendant trois semaines au printemps dernier.<\/p>\n<p>La photo est un photo-montage de deux photos du m\u00eame oiseau, dans deux attitudes diff\u00e9rentes. Aimez-vous ce genre de montage ?<\/p>\n","protected":false},"excerpt":{"rendered":"<p>L&rsquo;hiver, les oiseaux se taisent pour se concentrer sur leur survie au froid et \u00e0 la raret\u00e9 de nourriture. Toutefois, j&rsquo;imagine que, comme moi, vous avez remarqu\u00e9 que les oiseaux ont commenc\u00e9 \u00e0 chanter de nouveau. Ils ont ressenti que l&rsquo;hiver avait \u00e9t\u00e9 tr\u00e8s (trop) court ! Pour illustrer ce renouveau, je vous pr\u00e9sente cette [&hellip;]<\/p>\n","protected":false},"author":1,"featured_media":293,"comment_status":"open","ping_status":"open","sticky":false,"template":"","format":"standard","meta":{"footnotes":""},"categories":[14],"tags":[25,55,230,231,26],"class_list":{"0":"post-294","1":"post","2":"type-post","3":"status-publish","4":"format-standard","5":"has-post-thumbnail","7":"category-oiseau","8":"tag-nikon-d5300","9":"tag-oiseau","10":"tag-phylloscopus-sibilatrix","11":"tag-pouillot-siffleur","12":"tag-sigma-150-600-contemporary","13":"czr-hentry"},"yoast_head":"<!-- This site is optimized with the Yoast SEO plugin v27.5 - https:\/\/yoast.com\/product\/yoast-seo-wordpress\/ -->\n<title>R\u00e9cital printanier - S\u00e9bastien Majerowicz<\/title>\n<meta name=\"robots\" content=\"index, follow, max-snippet:-1, max-image-preview:large, max-video-preview:-1\" \/>\n<link rel=\"canonical\" href=\"https:\/\/www.sebastien-majerowicz.fr\/index.php\/2017\/02\/23\/recital-printanier\/\" \/>\n<meta property=\"og:locale\" content=\"fr_FR\" \/>\n<meta property=\"og:type\" content=\"article\" \/>\n<meta property=\"og:title\" content=\"R\u00e9cital printanier - S\u00e9bastien Majerowicz\" \/>\n<meta property=\"og:description\" content=\"L&rsquo;hiver, les oiseaux se taisent pour se concentrer sur leur survie au froid et \u00e0 la raret\u00e9 de nourriture. Toutefois, j&rsquo;imagine que, comme moi, vous avez remarqu\u00e9 que les oiseaux ont commenc\u00e9 \u00e0 chanter de nouveau. Ils ont ressenti que l&rsquo;hiver avait \u00e9t\u00e9 tr\u00e8s (trop) court ! Pour illustrer ce renouveau, je vous pr\u00e9sente cette [&hellip;]\" \/>\n<meta property=\"og:url\" content=\"https:\/\/www.sebastien-majerowicz.fr\/index.php\/2017\/02\/23\/recital-printanier\/\" \/>\n<meta property=\"og:site_name\" content=\"S\u00e9bastien Majerowicz\" \/>\n<meta property=\"article:published_time\" content=\"2017-02-23T13:05:19+00:00\" \/>\n<meta property=\"article:modified_time\" content=\"2017-10-10T09:28:24+00:00\" \/>\n<meta property=\"og:image\" content=\"https:\/\/www.sebastien-majerowicz.fr\/wp-content\/uploads\/2017\/03\/26433683076_e374569246_b.jpg\" \/>\n\t<meta property=\"og:image:width\" content=\"1024\" \/>\n\t<meta property=\"og:image:height\" content=\"683\" \/>\n\t<meta property=\"og:image:type\" content=\"image\/jpeg\" \/>\n<meta name=\"author\" content=\"S\u00e9bastien Majerowicz\" \/>\n<meta name=\"twitter:card\" content=\"summary_large_image\" \/>\n<meta name=\"twitter:label1\" content=\"\u00c9crit par\" \/>\n\t<meta name=\"twitter:data1\" content=\"S\u00e9bastien Majerowicz\" \/>\n<script type=\"application\/ld+json\" class=\"yoast-schema-graph\">{\"@context\":\"https:\\\/\\\/schema.org\",\"@graph\":[{\"@type\":\"Article\",\"@id\":\"https:\\\/\\\/www.sebastien-majerowicz.fr\\\/index.php\\\/2017\\\/02\\\/23\\\/recital-printanier\\\/#article\",\"isPartOf\":{\"@id\":\"https:\\\/\\\/www.sebastien-majerowicz.fr\\\/index.php\\\/2017\\\/02\\\/23\\\/recital-printanier\\\/\"},\"author\":{\"name\":\"S\u00e9bastien Majerowicz\",\"@id\":\"https:\\\/\\\/www.sebastien-majerowicz.fr\\\/#\\\/schema\\\/person\\\/a64c1066d12b40958b45bf7ab508f6a3\"},\"headline\":\"R\u00e9cital printanier\",\"datePublished\":\"2017-02-23T13:05:19+00:00\",\"dateModified\":\"2017-10-10T09:28:24+00:00\",\"mainEntityOfPage\":{\"@id\":\"https:\\\/\\\/www.sebastien-majerowicz.fr\\\/index.php\\\/2017\\\/02\\\/23\\\/recital-printanier\\\/\"},\"wordCount\":108,\"commentCount\":0,\"publisher\":{\"@id\":\"https:\\\/\\\/www.sebastien-majerowicz.fr\\\/#\\\/schema\\\/person\\\/a64c1066d12b40958b45bf7ab508f6a3\"},\"image\":{\"@id\":\"https:\\\/\\\/www.sebastien-majerowicz.fr\\\/index.php\\\/2017\\\/02\\\/23\\\/recital-printanier\\\/#primaryimage\"},\"thumbnailUrl\":\"https:\\\/\\\/www.sebastien-majerowicz.fr\\\/wp-content\\\/uploads\\\/2017\\\/03\\\/26433683076_e374569246_b.jpg\",\"keywords\":[\"Nikon D5300\",\"Oiseau\",\"Phylloscopus sibilatrix\",\"Pouillot siffleur\",\"Sigma 150-600 Contemporary\"],\"articleSection\":[\"Oiseau\"],\"inLanguage\":\"fr-FR\",\"potentialAction\":[{\"@type\":\"CommentAction\",\"name\":\"Comment\",\"target\":[\"https:\\\/\\\/www.sebastien-majerowicz.fr\\\/index.php\\\/2017\\\/02\\\/23\\\/recital-printanier\\\/#respond\"]}]},{\"@type\":\"WebPage\",\"@id\":\"https:\\\/\\\/www.sebastien-majerowicz.fr\\\/index.php\\\/2017\\\/02\\\/23\\\/recital-printanier\\\/\",\"url\":\"https:\\\/\\\/www.sebastien-majerowicz.fr\\\/index.php\\\/2017\\\/02\\\/23\\\/recital-printanier\\\/\",\"name\":\"R\u00e9cital printanier - S\u00e9bastien Majerowicz\",\"isPartOf\":{\"@id\":\"https:\\\/\\\/www.sebastien-majerowicz.fr\\\/#website\"},\"primaryImageOfPage\":{\"@id\":\"https:\\\/\\\/www.sebastien-majerowicz.fr\\\/index.php\\\/2017\\\/02\\\/23\\\/recital-printanier\\\/#primaryimage\"},\"image\":{\"@id\":\"https:\\\/\\\/www.sebastien-majerowicz.fr\\\/index.php\\\/2017\\\/02\\\/23\\\/recital-printanier\\\/#primaryimage\"},\"thumbnailUrl\":\"https:\\\/\\\/www.sebastien-majerowicz.fr\\\/wp-content\\\/uploads\\\/2017\\\/03\\\/26433683076_e374569246_b.jpg\",\"datePublished\":\"2017-02-23T13:05:19+00:00\",\"dateModified\":\"2017-10-10T09:28:24+00:00\",\"breadcrumb\":{\"@id\":\"https:\\\/\\\/www.sebastien-majerowicz.fr\\\/index.php\\\/2017\\\/02\\\/23\\\/recital-printanier\\\/#breadcrumb\"},\"inLanguage\":\"fr-FR\",\"potentialAction\":[{\"@type\":\"ReadAction\",\"target\":[\"https:\\\/\\\/www.sebastien-majerowicz.fr\\\/index.php\\\/2017\\\/02\\\/23\\\/recital-printanier\\\/\"]}]},{\"@type\":\"ImageObject\",\"inLanguage\":\"fr-FR\",\"@id\":\"https:\\\/\\\/www.sebastien-majerowicz.fr\\\/index.php\\\/2017\\\/02\\\/23\\\/recital-printanier\\\/#primaryimage\",\"url\":\"https:\\\/\\\/www.sebastien-majerowicz.fr\\\/wp-content\\\/uploads\\\/2017\\\/03\\\/26433683076_e374569246_b.jpg\",\"contentUrl\":\"https:\\\/\\\/www.sebastien-majerowicz.fr\\\/wp-content\\\/uploads\\\/2017\\\/03\\\/26433683076_e374569246_b.jpg\",\"width\":1024,\"height\":683,\"caption\":\"Pouillot siffleur \\\/ Phylloscopus sibilatrix\"},{\"@type\":\"BreadcrumbList\",\"@id\":\"https:\\\/\\\/www.sebastien-majerowicz.fr\\\/index.php\\\/2017\\\/02\\\/23\\\/recital-printanier\\\/#breadcrumb\",\"itemListElement\":[{\"@type\":\"ListItem\",\"position\":1,\"name\":\"Accueil\",\"item\":\"https:\\\/\\\/www.sebastien-majerowicz.fr\\\/\"},{\"@type\":\"ListItem\",\"position\":2,\"name\":\"R\u00e9cital printanier\"}]},{\"@type\":\"WebSite\",\"@id\":\"https:\\\/\\\/www.sebastien-majerowicz.fr\\\/#website\",\"url\":\"https:\\\/\\\/www.sebastien-majerowicz.fr\\\/\",\"name\":\"S\u00e9bastien Majerowicz\",\"description\":\"Photographe animalier par Nature\",\"publisher\":{\"@id\":\"https:\\\/\\\/www.sebastien-majerowicz.fr\\\/#\\\/schema\\\/person\\\/a64c1066d12b40958b45bf7ab508f6a3\"},\"potentialAction\":[{\"@type\":\"SearchAction\",\"target\":{\"@type\":\"EntryPoint\",\"urlTemplate\":\"https:\\\/\\\/www.sebastien-majerowicz.fr\\\/?s={search_term_string}\"},\"query-input\":{\"@type\":\"PropertyValueSpecification\",\"valueRequired\":true,\"valueName\":\"search_term_string\"}}],\"inLanguage\":\"fr-FR\"},{\"@type\":[\"Person\",\"Organization\"],\"@id\":\"https:\\\/\\\/www.sebastien-majerowicz.fr\\\/#\\\/schema\\\/person\\\/a64c1066d12b40958b45bf7ab508f6a3\",\"name\":\"S\u00e9bastien Majerowicz\",\"logo\":{\"@id\":\"https:\\\/\\\/www.sebastien-majerowicz.fr\\\/#\\\/schema\\\/person\\\/image\\\/\"},\"sameAs\":[\"https:\\\/\\\/www.sebastien-majerowicz.fr\"]}]}<\/script>\n<!-- \/ Yoast SEO plugin. -->","yoast_head_json":{"title":"R\u00e9cital printanier - S\u00e9bastien Majerowicz","robots":{"index":"index","follow":"follow","max-snippet":"max-snippet:-1","max-image-preview":"max-image-preview:large","max-video-preview":"max-video-preview:-1"},"canonical":"https:\/\/www.sebastien-majerowicz.fr\/index.php\/2017\/02\/23\/recital-printanier\/","og_locale":"fr_FR","og_type":"article","og_title":"R\u00e9cital printanier - S\u00e9bastien Majerowicz","og_description":"L&rsquo;hiver, les oiseaux se taisent pour se concentrer sur leur survie au froid et \u00e0 la raret\u00e9 de nourriture. Toutefois, j&rsquo;imagine que, comme moi, vous avez remarqu\u00e9 que les oiseaux ont commenc\u00e9 \u00e0 chanter de nouveau. Ils ont ressenti que l&rsquo;hiver avait \u00e9t\u00e9 tr\u00e8s (trop) court ! Pour illustrer ce renouveau, je vous pr\u00e9sente cette [&hellip;]","og_url":"https:\/\/www.sebastien-majerowicz.fr\/index.php\/2017\/02\/23\/recital-printanier\/","og_site_name":"S\u00e9bastien Majerowicz","article_published_time":"2017-02-23T13:05:19+00:00","article_modified_time":"2017-10-10T09:28:24+00:00","og_image":[{"width":1024,"height":683,"url":"https:\/\/www.sebastien-majerowicz.fr\/wp-content\/uploads\/2017\/03\/26433683076_e374569246_b.jpg","type":"image\/jpeg"}],"author":"S\u00e9bastien Majerowicz","twitter_card":"summary_large_image","twitter_misc":{"\u00c9crit par":"S\u00e9bastien Majerowicz"},"schema":{"@context":"https:\/\/schema.org","@graph":[{"@type":"Article","@id":"https:\/\/www.sebastien-majerowicz.fr\/index.php\/2017\/02\/23\/recital-printanier\/#article","isPartOf":{"@id":"https:\/\/www.sebastien-majerowicz.fr\/index.php\/2017\/02\/23\/recital-printanier\/"},"author":{"name":"S\u00e9bastien Majerowicz","@id":"https:\/\/www.sebastien-majerowicz.fr\/#\/schema\/person\/a64c1066d12b40958b45bf7ab508f6a3"},"headline":"R\u00e9cital printanier","datePublished":"2017-02-23T13:05:19+00:00","dateModified":"2017-10-10T09:28:24+00:00","mainEntityOfPage":{"@id":"https:\/\/www.sebastien-majerowicz.fr\/index.php\/2017\/02\/23\/recital-printanier\/"},"wordCount":108,"commentCount":0,"publisher":{"@id":"https:\/\/www.sebastien-majerowicz.fr\/#\/schema\/person\/a64c1066d12b40958b45bf7ab508f6a3"},"image":{"@id":"https:\/\/www.sebastien-majerowicz.fr\/index.php\/2017\/02\/23\/recital-printanier\/#primaryimage"},"thumbnailUrl":"https:\/\/www.sebastien-majerowicz.fr\/wp-content\/uploads\/2017\/03\/26433683076_e374569246_b.jpg","keywords":["Nikon D5300","Oiseau","Phylloscopus sibilatrix","Pouillot siffleur","Sigma 150-600 Contemporary"],"articleSection":["Oiseau"],"inLanguage":"fr-FR","potentialAction":[{"@type":"CommentAction","name":"Comment","target":["https:\/\/www.sebastien-majerowicz.fr\/index.php\/2017\/02\/23\/recital-printanier\/#respond"]}]},{"@type":"WebPage","@id":"https:\/\/www.sebastien-majerowicz.fr\/index.php\/2017\/02\/23\/recital-printanier\/","url":"https:\/\/www.sebastien-majerowicz.fr\/index.php\/2017\/02\/23\/recital-printanier\/","name":"R\u00e9cital printanier - S\u00e9bastien Majerowicz","isPartOf":{"@id":"https:\/\/www.sebastien-majerowicz.fr\/#website"},"primaryImageOfPage":{"@id":"https:\/\/www.sebastien-majerowicz.fr\/index.php\/2017\/02\/23\/recital-printanier\/#primaryimage"},"image":{"@id":"https:\/\/www.sebastien-majerowicz.fr\/index.php\/2017\/02\/23\/recital-printanier\/#primaryimage"},"thumbnailUrl":"https:\/\/www.sebastien-majerowicz.fr\/wp-content\/uploads\/2017\/03\/26433683076_e374569246_b.jpg","datePublished":"2017-02-23T13:05:19+00:00","dateModified":"2017-10-10T09:28:24+00:00","breadcrumb":{"@id":"https:\/\/www.sebastien-majerowicz.fr\/index.php\/2017\/02\/23\/recital-printanier\/#breadcrumb"},"inLanguage":"fr-FR","potentialAction":[{"@type":"ReadAction","target":["https:\/\/www.sebastien-majerowicz.fr\/index.php\/2017\/02\/23\/recital-printanier\/"]}]},{"@type":"ImageObject","inLanguage":"fr-FR","@id":"https:\/\/www.sebastien-majerowicz.fr\/index.php\/2017\/02\/23\/recital-printanier\/#primaryimage","url":"https:\/\/www.sebastien-majerowicz.fr\/wp-content\/uploads\/2017\/03\/26433683076_e374569246_b.jpg","contentUrl":"https:\/\/www.sebastien-majerowicz.fr\/wp-content\/uploads\/2017\/03\/26433683076_e374569246_b.jpg","width":1024,"height":683,"caption":"Pouillot siffleur \/ Phylloscopus sibilatrix"},{"@type":"BreadcrumbList","@id":"https:\/\/www.sebastien-majerowicz.fr\/index.php\/2017\/02\/23\/recital-printanier\/#breadcrumb","itemListElement":[{"@type":"ListItem","position":1,"name":"Accueil","item":"https:\/\/www.sebastien-majerowicz.fr\/"},{"@type":"ListItem","position":2,"name":"R\u00e9cital printanier"}]},{"@type":"WebSite","@id":"https:\/\/www.sebastien-majerowicz.fr\/#website","url":"https:\/\/www.sebastien-majerowicz.fr\/","name":"S\u00e9bastien Majerowicz","description":"Photographe animalier par Nature","publisher":{"@id":"https:\/\/www.sebastien-majerowicz.fr\/#\/schema\/person\/a64c1066d12b40958b45bf7ab508f6a3"},"potentialAction":[{"@type":"SearchAction","target":{"@type":"EntryPoint","urlTemplate":"https:\/\/www.sebastien-majerowicz.fr\/?s={search_term_string}"},"query-input":{"@type":"PropertyValueSpecification","valueRequired":true,"valueName":"search_term_string"}}],"inLanguage":"fr-FR"},{"@type":["Person","Organization"],"@id":"https:\/\/www.sebastien-majerowicz.fr\/#\/schema\/person\/a64c1066d12b40958b45bf7ab508f6a3","name":"S\u00e9bastien Majerowicz","logo":{"@id":"https:\/\/www.sebastien-majerowicz.fr\/#\/schema\/person\/image\/"},"sameAs":["https:\/\/www.sebastien-majerowicz.fr"]}]}},"_links":{"self":[{"href":"https:\/\/www.sebastien-majerowicz.fr\/index.php\/wp-json\/wp\/v2\/posts\/294","targetHints":{"allow":["GET"]}}],"collection":[{"href":"https:\/\/www.sebastien-majerowicz.fr\/index.php\/wp-json\/wp\/v2\/posts"}],"about":[{"href":"https:\/\/www.sebastien-majerowicz.fr\/index.php\/wp-json\/wp\/v2\/types\/post"}],"author":[{"embeddable":true,"href":"https:\/\/www.sebastien-majerowicz.fr\/index.php\/wp-json\/wp\/v2\/users\/1"}],"replies":[{"embeddable":true,"href":"https:\/\/www.sebastien-majerowicz.fr\/index.php\/wp-json\/wp\/v2\/comments?post=294"}],"version-history":[{"count":1,"href":"https:\/\/www.sebastien-majerowicz.fr\/index.php\/wp-json\/wp\/v2\/posts\/294\/revisions"}],"predecessor-version":[{"id":295,"href":"https:\/\/www.sebastien-majerowicz.fr\/index.php\/wp-json\/wp\/v2\/posts\/294\/revisions\/295"}],"wp:featuredmedia":[{"embeddable":true,"href":"https:\/\/www.sebastien-majerowicz.fr\/index.php\/wp-json\/wp\/v2\/media\/293"}],"wp:attachment":[{"href":"https:\/\/www.sebastien-majerowicz.fr\/index.php\/wp-json\/wp\/v2\/media?parent=294"}],"wp:term":[{"taxonomy":"category","embeddable":true,"href":"https:\/\/www.sebastien-majerowicz.fr\/index.php\/wp-json\/wp\/v2\/categories?post=294"},{"taxonomy":"post_tag","embeddable":true,"href":"https:\/\/www.sebastien-majerowicz.fr\/index.php\/wp-json\/wp\/v2\/tags?post=294"}],"curies":[{"name":"wp","href":"https:\/\/api.w.org\/{rel}","templated":true}]}}