{"id":2888,"date":"2018-03-29T11:23:49","date_gmt":"2018-03-29T09:23:49","guid":{"rendered":"http:\/\/www.sebastien-majerowicz.fr\/?p=2888"},"modified":"2018-03-29T11:34:46","modified_gmt":"2018-03-29T09:34:46","slug":"brille-de-mille-feux","status":"publish","type":"post","link":"https:\/\/www.sebastien-majerowicz.fr\/index.php\/2018\/03\/29\/brille-de-mille-feux\/","title":{"rendered":"Brille de mille feux"},"content":{"rendered":"<p>Il y a parfois des instants d&rsquo;\u00e9ternit\u00e9. Ici, il s&rsquo;agit d&rsquo;un instant fugace, un espace de quelques secondes tout au plus. Un instant unique aussi car le <a href=\"\/index.php\/tag\/verdier-deurope\/\" target=\"_blank\" rel=\"noopener\">Verdier d&rsquo;Europe<\/a> (Chloris chloris) se fait rare ici. Et voil\u00e0 qu&rsquo;il se pose \u00e0 un endroit inesp\u00e9r\u00e9 : une branche encore humide de ros\u00e9e. Et pour couronner le tout, l&rsquo;astre solaire, encore timide, fait son apparition pour d\u00e9clencher l&rsquo;explosion des gouttes d&rsquo;eau en multiples soleils !<\/p>\n<p>Il y a parfois des instants d&rsquo;\u00e9ternit\u00e9 qu&rsquo;il faut savourer ! Le photographe que je suis a savour\u00e9 et savoure encore \ud83d\ude42<\/p>\n<p>PS : Vous pouvez retrouver cette photographie dans la galerie \u00ab\u00a0<a href=\"http:\/\/www.sebastien-majerowicz.fr\/index.php\/a-la-plume\/\">A la plume<\/a> \u00a0\u00bb consacr\u00e9e \u00e0 nos amis ail\u00e9s.<\/p>\n","protected":false},"excerpt":{"rendered":"<p>Il y a parfois des instants d&rsquo;\u00e9ternit\u00e9. Ici, il s&rsquo;agit d&rsquo;un instant fugace, un espace de quelques secondes tout au plus. Un instant unique aussi car le Verdier d&rsquo;Europe (Chloris chloris) se fait rare ici. Et voil\u00e0 qu&rsquo;il se pose \u00e0 un endroit inesp\u00e9r\u00e9 : une branche encore humide de ros\u00e9e. Et pour couronner le [&hellip;]<\/p>\n","protected":false},"author":1,"featured_media":2887,"comment_status":"open","ping_status":"open","sticky":false,"template":"","format":"standard","meta":{"footnotes":""},"categories":[14],"tags":[859,25,55,26,858],"class_list":{"0":"post-2888","1":"post","2":"type-post","3":"status-publish","4":"format-standard","5":"has-post-thumbnail","7":"category-oiseau","8":"tag-chloris-chloris","9":"tag-nikon-d5300","10":"tag-oiseau","11":"tag-sigma-150-600-contemporary","12":"tag-verdier-deurope","13":"czr-hentry"},"yoast_head":"<!-- This site is optimized with the Yoast SEO plugin v27.5 - https:\/\/yoast.com\/product\/yoast-seo-wordpress\/ -->\n<title>Brille de mille feux - S\u00e9bastien Majerowicz<\/title>\n<meta name=\"robots\" content=\"index, follow, max-snippet:-1, max-image-preview:large, max-video-preview:-1\" \/>\n<link rel=\"canonical\" href=\"https:\/\/www.sebastien-majerowicz.fr\/index.php\/2018\/03\/29\/brille-de-mille-feux\/\" \/>\n<meta property=\"og:locale\" content=\"fr_FR\" \/>\n<meta property=\"og:type\" content=\"article\" \/>\n<meta property=\"og:title\" content=\"Brille de mille feux - S\u00e9bastien Majerowicz\" \/>\n<meta property=\"og:description\" content=\"Il y a parfois des instants d&rsquo;\u00e9ternit\u00e9. Ici, il s&rsquo;agit d&rsquo;un instant fugace, un espace de quelques secondes tout au plus. Un instant unique aussi car le Verdier d&rsquo;Europe (Chloris chloris) se fait rare ici. Et voil\u00e0 qu&rsquo;il se pose \u00e0 un endroit inesp\u00e9r\u00e9 : une branche encore humide de ros\u00e9e. Et pour couronner le [&hellip;]\" \/>\n<meta property=\"og:url\" content=\"https:\/\/www.sebastien-majerowicz.fr\/index.php\/2018\/03\/29\/brille-de-mille-feux\/\" \/>\n<meta property=\"og:site_name\" content=\"S\u00e9bastien Majerowicz\" \/>\n<meta property=\"article:published_time\" content=\"2018-03-29T09:23:49+00:00\" \/>\n<meta property=\"article:modified_time\" content=\"2018-03-29T09:34:46+00:00\" \/>\n<meta property=\"og:image\" content=\"https:\/\/www.sebastien-majerowicz.fr\/wp-content\/uploads\/2018\/03\/32959196853_4222f2bb71_b-19.jpg\" \/>\n\t<meta property=\"og:image:width\" content=\"768\" \/>\n\t<meta property=\"og:image:height\" content=\"1024\" \/>\n\t<meta property=\"og:image:type\" content=\"image\/jpeg\" \/>\n<meta name=\"author\" content=\"S\u00e9bastien Majerowicz\" \/>\n<meta name=\"twitter:card\" content=\"summary_large_image\" \/>\n<meta name=\"twitter:label1\" content=\"\u00c9crit par\" \/>\n\t<meta name=\"twitter:data1\" content=\"S\u00e9bastien Majerowicz\" \/>\n\t<meta name=\"twitter:label2\" content=\"Dur\u00e9e de lecture estim\u00e9e\" \/>\n\t<meta name=\"twitter:data2\" content=\"1 minute\" \/>\n<script type=\"application\/ld+json\" class=\"yoast-schema-graph\">{\"@context\":\"https:\\\/\\\/schema.org\",\"@graph\":[{\"@type\":\"Article\",\"@id\":\"https:\\\/\\\/www.sebastien-majerowicz.fr\\\/index.php\\\/2018\\\/03\\\/29\\\/brille-de-mille-feux\\\/#article\",\"isPartOf\":{\"@id\":\"https:\\\/\\\/www.sebastien-majerowicz.fr\\\/index.php\\\/2018\\\/03\\\/29\\\/brille-de-mille-feux\\\/\"},\"author\":{\"name\":\"S\u00e9bastien Majerowicz\",\"@id\":\"https:\\\/\\\/www.sebastien-majerowicz.fr\\\/#\\\/schema\\\/person\\\/a64c1066d12b40958b45bf7ab508f6a3\"},\"headline\":\"Brille de mille feux\",\"datePublished\":\"2018-03-29T09:23:49+00:00\",\"dateModified\":\"2018-03-29T09:34:46+00:00\",\"mainEntityOfPage\":{\"@id\":\"https:\\\/\\\/www.sebastien-majerowicz.fr\\\/index.php\\\/2018\\\/03\\\/29\\\/brille-de-mille-feux\\\/\"},\"wordCount\":125,\"commentCount\":9,\"publisher\":{\"@id\":\"https:\\\/\\\/www.sebastien-majerowicz.fr\\\/#\\\/schema\\\/person\\\/a64c1066d12b40958b45bf7ab508f6a3\"},\"image\":{\"@id\":\"https:\\\/\\\/www.sebastien-majerowicz.fr\\\/index.php\\\/2018\\\/03\\\/29\\\/brille-de-mille-feux\\\/#primaryimage\"},\"thumbnailUrl\":\"https:\\\/\\\/www.sebastien-majerowicz.fr\\\/wp-content\\\/uploads\\\/2018\\\/03\\\/32959196853_4222f2bb71_b-19.jpg\",\"keywords\":[\"Chloris chloris\",\"Nikon D5300\",\"Oiseau\",\"Sigma 150-600 Contemporary\",\"Verdier d'Europe\"],\"articleSection\":[\"Oiseau\"],\"inLanguage\":\"fr-FR\",\"potentialAction\":[{\"@type\":\"CommentAction\",\"name\":\"Comment\",\"target\":[\"https:\\\/\\\/www.sebastien-majerowicz.fr\\\/index.php\\\/2018\\\/03\\\/29\\\/brille-de-mille-feux\\\/#respond\"]}]},{\"@type\":\"WebPage\",\"@id\":\"https:\\\/\\\/www.sebastien-majerowicz.fr\\\/index.php\\\/2018\\\/03\\\/29\\\/brille-de-mille-feux\\\/\",\"url\":\"https:\\\/\\\/www.sebastien-majerowicz.fr\\\/index.php\\\/2018\\\/03\\\/29\\\/brille-de-mille-feux\\\/\",\"name\":\"Brille de mille feux - S\u00e9bastien Majerowicz\",\"isPartOf\":{\"@id\":\"https:\\\/\\\/www.sebastien-majerowicz.fr\\\/#website\"},\"primaryImageOfPage\":{\"@id\":\"https:\\\/\\\/www.sebastien-majerowicz.fr\\\/index.php\\\/2018\\\/03\\\/29\\\/brille-de-mille-feux\\\/#primaryimage\"},\"image\":{\"@id\":\"https:\\\/\\\/www.sebastien-majerowicz.fr\\\/index.php\\\/2018\\\/03\\\/29\\\/brille-de-mille-feux\\\/#primaryimage\"},\"thumbnailUrl\":\"https:\\\/\\\/www.sebastien-majerowicz.fr\\\/wp-content\\\/uploads\\\/2018\\\/03\\\/32959196853_4222f2bb71_b-19.jpg\",\"datePublished\":\"2018-03-29T09:23:49+00:00\",\"dateModified\":\"2018-03-29T09:34:46+00:00\",\"breadcrumb\":{\"@id\":\"https:\\\/\\\/www.sebastien-majerowicz.fr\\\/index.php\\\/2018\\\/03\\\/29\\\/brille-de-mille-feux\\\/#breadcrumb\"},\"inLanguage\":\"fr-FR\",\"potentialAction\":[{\"@type\":\"ReadAction\",\"target\":[\"https:\\\/\\\/www.sebastien-majerowicz.fr\\\/index.php\\\/2018\\\/03\\\/29\\\/brille-de-mille-feux\\\/\"]}]},{\"@type\":\"ImageObject\",\"inLanguage\":\"fr-FR\",\"@id\":\"https:\\\/\\\/www.sebastien-majerowicz.fr\\\/index.php\\\/2018\\\/03\\\/29\\\/brille-de-mille-feux\\\/#primaryimage\",\"url\":\"https:\\\/\\\/www.sebastien-majerowicz.fr\\\/wp-content\\\/uploads\\\/2018\\\/03\\\/32959196853_4222f2bb71_b-19.jpg\",\"contentUrl\":\"https:\\\/\\\/www.sebastien-majerowicz.fr\\\/wp-content\\\/uploads\\\/2018\\\/03\\\/32959196853_4222f2bb71_b-19.jpg\",\"width\":768,\"height\":1024,\"caption\":\"Verdier d'Europe \\\/ Chloris chloris\"},{\"@type\":\"BreadcrumbList\",\"@id\":\"https:\\\/\\\/www.sebastien-majerowicz.fr\\\/index.php\\\/2018\\\/03\\\/29\\\/brille-de-mille-feux\\\/#breadcrumb\",\"itemListElement\":[{\"@type\":\"ListItem\",\"position\":1,\"name\":\"Accueil\",\"item\":\"https:\\\/\\\/www.sebastien-majerowicz.fr\\\/\"},{\"@type\":\"ListItem\",\"position\":2,\"name\":\"Brille de mille feux\"}]},{\"@type\":\"WebSite\",\"@id\":\"https:\\\/\\\/www.sebastien-majerowicz.fr\\\/#website\",\"url\":\"https:\\\/\\\/www.sebastien-majerowicz.fr\\\/\",\"name\":\"S\u00e9bastien Majerowicz\",\"description\":\"Photographe animalier par Nature\",\"publisher\":{\"@id\":\"https:\\\/\\\/www.sebastien-majerowicz.fr\\\/#\\\/schema\\\/person\\\/a64c1066d12b40958b45bf7ab508f6a3\"},\"potentialAction\":[{\"@type\":\"SearchAction\",\"target\":{\"@type\":\"EntryPoint\",\"urlTemplate\":\"https:\\\/\\\/www.sebastien-majerowicz.fr\\\/?s={search_term_string}\"},\"query-input\":{\"@type\":\"PropertyValueSpecification\",\"valueRequired\":true,\"valueName\":\"search_term_string\"}}],\"inLanguage\":\"fr-FR\"},{\"@type\":[\"Person\",\"Organization\"],\"@id\":\"https:\\\/\\\/www.sebastien-majerowicz.fr\\\/#\\\/schema\\\/person\\\/a64c1066d12b40958b45bf7ab508f6a3\",\"name\":\"S\u00e9bastien Majerowicz\",\"logo\":{\"@id\":\"https:\\\/\\\/www.sebastien-majerowicz.fr\\\/#\\\/schema\\\/person\\\/image\\\/\"},\"sameAs\":[\"https:\\\/\\\/www.sebastien-majerowicz.fr\"]}]}<\/script>\n<!-- \/ Yoast SEO plugin. -->","yoast_head_json":{"title":"Brille de mille feux - S\u00e9bastien Majerowicz","robots":{"index":"index","follow":"follow","max-snippet":"max-snippet:-1","max-image-preview":"max-image-preview:large","max-video-preview":"max-video-preview:-1"},"canonical":"https:\/\/www.sebastien-majerowicz.fr\/index.php\/2018\/03\/29\/brille-de-mille-feux\/","og_locale":"fr_FR","og_type":"article","og_title":"Brille de mille feux - S\u00e9bastien Majerowicz","og_description":"Il y a parfois des instants d&rsquo;\u00e9ternit\u00e9. Ici, il s&rsquo;agit d&rsquo;un instant fugace, un espace de quelques secondes tout au plus. Un instant unique aussi car le Verdier d&rsquo;Europe (Chloris chloris) se fait rare ici. Et voil\u00e0 qu&rsquo;il se pose \u00e0 un endroit inesp\u00e9r\u00e9 : une branche encore humide de ros\u00e9e. Et pour couronner le [&hellip;]","og_url":"https:\/\/www.sebastien-majerowicz.fr\/index.php\/2018\/03\/29\/brille-de-mille-feux\/","og_site_name":"S\u00e9bastien Majerowicz","article_published_time":"2018-03-29T09:23:49+00:00","article_modified_time":"2018-03-29T09:34:46+00:00","og_image":[{"width":768,"height":1024,"url":"https:\/\/www.sebastien-majerowicz.fr\/wp-content\/uploads\/2018\/03\/32959196853_4222f2bb71_b-19.jpg","type":"image\/jpeg"}],"author":"S\u00e9bastien Majerowicz","twitter_card":"summary_large_image","twitter_misc":{"\u00c9crit par":"S\u00e9bastien Majerowicz","Dur\u00e9e de lecture estim\u00e9e":"1 minute"},"schema":{"@context":"https:\/\/schema.org","@graph":[{"@type":"Article","@id":"https:\/\/www.sebastien-majerowicz.fr\/index.php\/2018\/03\/29\/brille-de-mille-feux\/#article","isPartOf":{"@id":"https:\/\/www.sebastien-majerowicz.fr\/index.php\/2018\/03\/29\/brille-de-mille-feux\/"},"author":{"name":"S\u00e9bastien Majerowicz","@id":"https:\/\/www.sebastien-majerowicz.fr\/#\/schema\/person\/a64c1066d12b40958b45bf7ab508f6a3"},"headline":"Brille de mille feux","datePublished":"2018-03-29T09:23:49+00:00","dateModified":"2018-03-29T09:34:46+00:00","mainEntityOfPage":{"@id":"https:\/\/www.sebastien-majerowicz.fr\/index.php\/2018\/03\/29\/brille-de-mille-feux\/"},"wordCount":125,"commentCount":9,"publisher":{"@id":"https:\/\/www.sebastien-majerowicz.fr\/#\/schema\/person\/a64c1066d12b40958b45bf7ab508f6a3"},"image":{"@id":"https:\/\/www.sebastien-majerowicz.fr\/index.php\/2018\/03\/29\/brille-de-mille-feux\/#primaryimage"},"thumbnailUrl":"https:\/\/www.sebastien-majerowicz.fr\/wp-content\/uploads\/2018\/03\/32959196853_4222f2bb71_b-19.jpg","keywords":["Chloris chloris","Nikon D5300","Oiseau","Sigma 150-600 Contemporary","Verdier d'Europe"],"articleSection":["Oiseau"],"inLanguage":"fr-FR","potentialAction":[{"@type":"CommentAction","name":"Comment","target":["https:\/\/www.sebastien-majerowicz.fr\/index.php\/2018\/03\/29\/brille-de-mille-feux\/#respond"]}]},{"@type":"WebPage","@id":"https:\/\/www.sebastien-majerowicz.fr\/index.php\/2018\/03\/29\/brille-de-mille-feux\/","url":"https:\/\/www.sebastien-majerowicz.fr\/index.php\/2018\/03\/29\/brille-de-mille-feux\/","name":"Brille de mille feux - S\u00e9bastien Majerowicz","isPartOf":{"@id":"https:\/\/www.sebastien-majerowicz.fr\/#website"},"primaryImageOfPage":{"@id":"https:\/\/www.sebastien-majerowicz.fr\/index.php\/2018\/03\/29\/brille-de-mille-feux\/#primaryimage"},"image":{"@id":"https:\/\/www.sebastien-majerowicz.fr\/index.php\/2018\/03\/29\/brille-de-mille-feux\/#primaryimage"},"thumbnailUrl":"https:\/\/www.sebastien-majerowicz.fr\/wp-content\/uploads\/2018\/03\/32959196853_4222f2bb71_b-19.jpg","datePublished":"2018-03-29T09:23:49+00:00","dateModified":"2018-03-29T09:34:46+00:00","breadcrumb":{"@id":"https:\/\/www.sebastien-majerowicz.fr\/index.php\/2018\/03\/29\/brille-de-mille-feux\/#breadcrumb"},"inLanguage":"fr-FR","potentialAction":[{"@type":"ReadAction","target":["https:\/\/www.sebastien-majerowicz.fr\/index.php\/2018\/03\/29\/brille-de-mille-feux\/"]}]},{"@type":"ImageObject","inLanguage":"fr-FR","@id":"https:\/\/www.sebastien-majerowicz.fr\/index.php\/2018\/03\/29\/brille-de-mille-feux\/#primaryimage","url":"https:\/\/www.sebastien-majerowicz.fr\/wp-content\/uploads\/2018\/03\/32959196853_4222f2bb71_b-19.jpg","contentUrl":"https:\/\/www.sebastien-majerowicz.fr\/wp-content\/uploads\/2018\/03\/32959196853_4222f2bb71_b-19.jpg","width":768,"height":1024,"caption":"Verdier d'Europe \/ Chloris chloris"},{"@type":"BreadcrumbList","@id":"https:\/\/www.sebastien-majerowicz.fr\/index.php\/2018\/03\/29\/brille-de-mille-feux\/#breadcrumb","itemListElement":[{"@type":"ListItem","position":1,"name":"Accueil","item":"https:\/\/www.sebastien-majerowicz.fr\/"},{"@type":"ListItem","position":2,"name":"Brille de mille feux"}]},{"@type":"WebSite","@id":"https:\/\/www.sebastien-majerowicz.fr\/#website","url":"https:\/\/www.sebastien-majerowicz.fr\/","name":"S\u00e9bastien Majerowicz","description":"Photographe animalier par Nature","publisher":{"@id":"https:\/\/www.sebastien-majerowicz.fr\/#\/schema\/person\/a64c1066d12b40958b45bf7ab508f6a3"},"potentialAction":[{"@type":"SearchAction","target":{"@type":"EntryPoint","urlTemplate":"https:\/\/www.sebastien-majerowicz.fr\/?s={search_term_string}"},"query-input":{"@type":"PropertyValueSpecification","valueRequired":true,"valueName":"search_term_string"}}],"inLanguage":"fr-FR"},{"@type":["Person","Organization"],"@id":"https:\/\/www.sebastien-majerowicz.fr\/#\/schema\/person\/a64c1066d12b40958b45bf7ab508f6a3","name":"S\u00e9bastien Majerowicz","logo":{"@id":"https:\/\/www.sebastien-majerowicz.fr\/#\/schema\/person\/image\/"},"sameAs":["https:\/\/www.sebastien-majerowicz.fr"]}]}},"_links":{"self":[{"href":"https:\/\/www.sebastien-majerowicz.fr\/index.php\/wp-json\/wp\/v2\/posts\/2888","targetHints":{"allow":["GET"]}}],"collection":[{"href":"https:\/\/www.sebastien-majerowicz.fr\/index.php\/wp-json\/wp\/v2\/posts"}],"about":[{"href":"https:\/\/www.sebastien-majerowicz.fr\/index.php\/wp-json\/wp\/v2\/types\/post"}],"author":[{"embeddable":true,"href":"https:\/\/www.sebastien-majerowicz.fr\/index.php\/wp-json\/wp\/v2\/users\/1"}],"replies":[{"embeddable":true,"href":"https:\/\/www.sebastien-majerowicz.fr\/index.php\/wp-json\/wp\/v2\/comments?post=2888"}],"version-history":[{"count":3,"href":"https:\/\/www.sebastien-majerowicz.fr\/index.php\/wp-json\/wp\/v2\/posts\/2888\/revisions"}],"predecessor-version":[{"id":2891,"href":"https:\/\/www.sebastien-majerowicz.fr\/index.php\/wp-json\/wp\/v2\/posts\/2888\/revisions\/2891"}],"wp:featuredmedia":[{"embeddable":true,"href":"https:\/\/www.sebastien-majerowicz.fr\/index.php\/wp-json\/wp\/v2\/media\/2887"}],"wp:attachment":[{"href":"https:\/\/www.sebastien-majerowicz.fr\/index.php\/wp-json\/wp\/v2\/media?parent=2888"}],"wp:term":[{"taxonomy":"category","embeddable":true,"href":"https:\/\/www.sebastien-majerowicz.fr\/index.php\/wp-json\/wp\/v2\/categories?post=2888"},{"taxonomy":"post_tag","embeddable":true,"href":"https:\/\/www.sebastien-majerowicz.fr\/index.php\/wp-json\/wp\/v2\/tags?post=2888"}],"curies":[{"name":"wp","href":"https:\/\/api.w.org\/{rel}","templated":true}]}}