{"id":2853,"date":"2018-03-23T10:20:35","date_gmt":"2018-03-23T09:20:35","guid":{"rendered":"http:\/\/www.sebastien-majerowicz.fr\/?p=2853"},"modified":"2018-03-23T15:13:10","modified_gmt":"2018-03-23T14:13:10","slug":"diamant-en-voie-dextinction","status":"publish","type":"post","link":"https:\/\/www.sebastien-majerowicz.fr\/index.php\/2018\/03\/23\/diamant-en-voie-dextinction\/","title":{"rendered":"Diamant en voie d&rsquo;extinction"},"content":{"rendered":"<p>Il est temps, oui, il est vraiment temps de retrouver notre lien le plus fort, celui qui nous lie \u00e0 la Nature. En effet, tous montre que nous allons dans le mur, vers notre propre extinction. Saurez-vous m&rsquo;expliquer ? Car je ne comprends pas : quel est ce besoin plus fort que la vie qui nous oblige \u00e0 tout d\u00e9truire ? L&rsquo;argent, le pouvoir, l&rsquo;ego ? A-t-on encore une porte de sortie vers un monde meilleur, un monde en symbiose avec la Nature ? J&rsquo;ai peur qu&rsquo;il ne soit trop tard &#8230; alors que les solutions existent !<\/p>\n<p>Mais ne vous inqui\u00e9tez : \u00ab\u00a0Jusqu&rsquo;ici, tout va bien, jusqu&rsquo;ici tout va bien, jusqu&rsquo;ici, tout va bien, &#8230;\u00a0\u00bb \ud83d\ude41<\/p>\n<p>J&rsquo;adorerai avoir votre opinion sur tout ceci. N&rsquo;h\u00e9sitez pas \u00e0 utiliser l&rsquo;espace commentaire plus bas.<\/p>\n<p>PS : D\u00e9sol\u00e9 pour le ton tr\u00e8s noir de ce billet. Merci \u00e0 cette <a href=\"\/index.php\/tag\/mesange-bleue\/\" target=\"_blank\" rel=\"noopener\">M\u00e9sange bleue<\/a> (Cyanistes caeruleus) de donner des couleurs \u00e0 ce monde que nous souillons.<\/p>\n<p>PPS : Ces quelques mots font r\u00e9f\u00e9rence \u00e0 l&rsquo;\u00e9tude r\u00e9f\u00e9renc\u00e9e dans cet <a href=\"https:\/\/lejournal.cnrs.fr\/articles\/ou-sont-passes-les-oiseaux-des-champs\" target=\"_blank\" rel=\"noopener\">article du CNRS<\/a> \u00e9voquant la dramatique chute des populations d&rsquo;oiseaux dans les milieux agricoles.<\/p>\n","protected":false},"excerpt":{"rendered":"<p>Il est temps, oui, il est vraiment temps de retrouver notre lien le plus fort, celui qui nous lie \u00e0 la Nature. En effet, tous montre que nous allons dans le mur, vers notre propre extinction. Saurez-vous m&rsquo;expliquer ? Car je ne comprends pas : quel est ce besoin plus fort que la vie qui [&hellip;]<\/p>\n","protected":false},"author":1,"featured_media":2851,"comment_status":"open","ping_status":"open","sticky":false,"template":"","format":"standard","meta":{"footnotes":""},"categories":[14],"tags":[136,137,25,55,26],"class_list":{"0":"post-2853","1":"post","2":"type-post","3":"status-publish","4":"format-standard","5":"has-post-thumbnail","7":"category-oiseau","8":"tag-cyanistes-caeruleus","9":"tag-mesange-bleue","10":"tag-nikon-d5300","11":"tag-oiseau","12":"tag-sigma-150-600-contemporary","13":"czr-hentry"},"yoast_head":"<!-- This site is optimized with the Yoast SEO plugin v27.5 - https:\/\/yoast.com\/product\/yoast-seo-wordpress\/ -->\n<title>Diamant en voie d&#039;extinction - S\u00e9bastien Majerowicz<\/title>\n<meta name=\"robots\" content=\"index, follow, max-snippet:-1, max-image-preview:large, max-video-preview:-1\" \/>\n<link rel=\"canonical\" href=\"https:\/\/www.sebastien-majerowicz.fr\/index.php\/2018\/03\/23\/diamant-en-voie-dextinction\/\" \/>\n<meta property=\"og:locale\" content=\"fr_FR\" \/>\n<meta property=\"og:type\" content=\"article\" \/>\n<meta property=\"og:title\" content=\"Diamant en voie d&#039;extinction - S\u00e9bastien Majerowicz\" \/>\n<meta property=\"og:description\" content=\"Il est temps, oui, il est vraiment temps de retrouver notre lien le plus fort, celui qui nous lie \u00e0 la Nature. En effet, tous montre que nous allons dans le mur, vers notre propre extinction. Saurez-vous m&rsquo;expliquer ? Car je ne comprends pas : quel est ce besoin plus fort que la vie qui [&hellip;]\" \/>\n<meta property=\"og:url\" content=\"https:\/\/www.sebastien-majerowicz.fr\/index.php\/2018\/03\/23\/diamant-en-voie-dextinction\/\" \/>\n<meta property=\"og:site_name\" content=\"S\u00e9bastien Majerowicz\" \/>\n<meta property=\"article:published_time\" content=\"2018-03-23T09:20:35+00:00\" \/>\n<meta property=\"article:modified_time\" content=\"2018-03-23T14:13:10+00:00\" \/>\n<meta property=\"og:image\" content=\"https:\/\/www.sebastien-majerowicz.fr\/wp-content\/uploads\/2018\/03\/32959196853_4222f2bb71_b-16.jpg\" \/>\n\t<meta property=\"og:image:width\" content=\"1024\" \/>\n\t<meta property=\"og:image:height\" content=\"683\" \/>\n\t<meta property=\"og:image:type\" content=\"image\/jpeg\" \/>\n<meta name=\"author\" content=\"S\u00e9bastien Majerowicz\" \/>\n<meta name=\"twitter:card\" content=\"summary_large_image\" \/>\n<meta name=\"twitter:label1\" content=\"\u00c9crit par\" \/>\n\t<meta name=\"twitter:data1\" content=\"S\u00e9bastien Majerowicz\" \/>\n\t<meta name=\"twitter:label2\" content=\"Dur\u00e9e de lecture estim\u00e9e\" \/>\n\t<meta name=\"twitter:data2\" content=\"1 minute\" \/>\n<script type=\"application\/ld+json\" class=\"yoast-schema-graph\">{\"@context\":\"https:\\\/\\\/schema.org\",\"@graph\":[{\"@type\":\"Article\",\"@id\":\"https:\\\/\\\/www.sebastien-majerowicz.fr\\\/index.php\\\/2018\\\/03\\\/23\\\/diamant-en-voie-dextinction\\\/#article\",\"isPartOf\":{\"@id\":\"https:\\\/\\\/www.sebastien-majerowicz.fr\\\/index.php\\\/2018\\\/03\\\/23\\\/diamant-en-voie-dextinction\\\/\"},\"author\":{\"name\":\"S\u00e9bastien Majerowicz\",\"@id\":\"https:\\\/\\\/www.sebastien-majerowicz.fr\\\/#\\\/schema\\\/person\\\/a64c1066d12b40958b45bf7ab508f6a3\"},\"headline\":\"Diamant en voie d&rsquo;extinction\",\"datePublished\":\"2018-03-23T09:20:35+00:00\",\"dateModified\":\"2018-03-23T14:13:10+00:00\",\"mainEntityOfPage\":{\"@id\":\"https:\\\/\\\/www.sebastien-majerowicz.fr\\\/index.php\\\/2018\\\/03\\\/23\\\/diamant-en-voie-dextinction\\\/\"},\"wordCount\":198,\"commentCount\":8,\"publisher\":{\"@id\":\"https:\\\/\\\/www.sebastien-majerowicz.fr\\\/#\\\/schema\\\/person\\\/a64c1066d12b40958b45bf7ab508f6a3\"},\"image\":{\"@id\":\"https:\\\/\\\/www.sebastien-majerowicz.fr\\\/index.php\\\/2018\\\/03\\\/23\\\/diamant-en-voie-dextinction\\\/#primaryimage\"},\"thumbnailUrl\":\"https:\\\/\\\/www.sebastien-majerowicz.fr\\\/wp-content\\\/uploads\\\/2018\\\/03\\\/32959196853_4222f2bb71_b-16.jpg\",\"keywords\":[\"Cyanistes caeruleus\",\"M\u00e9sange bleue\",\"Nikon D5300\",\"Oiseau\",\"Sigma 150-600 Contemporary\"],\"articleSection\":[\"Oiseau\"],\"inLanguage\":\"fr-FR\",\"potentialAction\":[{\"@type\":\"CommentAction\",\"name\":\"Comment\",\"target\":[\"https:\\\/\\\/www.sebastien-majerowicz.fr\\\/index.php\\\/2018\\\/03\\\/23\\\/diamant-en-voie-dextinction\\\/#respond\"]}]},{\"@type\":\"WebPage\",\"@id\":\"https:\\\/\\\/www.sebastien-majerowicz.fr\\\/index.php\\\/2018\\\/03\\\/23\\\/diamant-en-voie-dextinction\\\/\",\"url\":\"https:\\\/\\\/www.sebastien-majerowicz.fr\\\/index.php\\\/2018\\\/03\\\/23\\\/diamant-en-voie-dextinction\\\/\",\"name\":\"Diamant en voie d'extinction - S\u00e9bastien Majerowicz\",\"isPartOf\":{\"@id\":\"https:\\\/\\\/www.sebastien-majerowicz.fr\\\/#website\"},\"primaryImageOfPage\":{\"@id\":\"https:\\\/\\\/www.sebastien-majerowicz.fr\\\/index.php\\\/2018\\\/03\\\/23\\\/diamant-en-voie-dextinction\\\/#primaryimage\"},\"image\":{\"@id\":\"https:\\\/\\\/www.sebastien-majerowicz.fr\\\/index.php\\\/2018\\\/03\\\/23\\\/diamant-en-voie-dextinction\\\/#primaryimage\"},\"thumbnailUrl\":\"https:\\\/\\\/www.sebastien-majerowicz.fr\\\/wp-content\\\/uploads\\\/2018\\\/03\\\/32959196853_4222f2bb71_b-16.jpg\",\"datePublished\":\"2018-03-23T09:20:35+00:00\",\"dateModified\":\"2018-03-23T14:13:10+00:00\",\"breadcrumb\":{\"@id\":\"https:\\\/\\\/www.sebastien-majerowicz.fr\\\/index.php\\\/2018\\\/03\\\/23\\\/diamant-en-voie-dextinction\\\/#breadcrumb\"},\"inLanguage\":\"fr-FR\",\"potentialAction\":[{\"@type\":\"ReadAction\",\"target\":[\"https:\\\/\\\/www.sebastien-majerowicz.fr\\\/index.php\\\/2018\\\/03\\\/23\\\/diamant-en-voie-dextinction\\\/\"]}]},{\"@type\":\"ImageObject\",\"inLanguage\":\"fr-FR\",\"@id\":\"https:\\\/\\\/www.sebastien-majerowicz.fr\\\/index.php\\\/2018\\\/03\\\/23\\\/diamant-en-voie-dextinction\\\/#primaryimage\",\"url\":\"https:\\\/\\\/www.sebastien-majerowicz.fr\\\/wp-content\\\/uploads\\\/2018\\\/03\\\/32959196853_4222f2bb71_b-16.jpg\",\"contentUrl\":\"https:\\\/\\\/www.sebastien-majerowicz.fr\\\/wp-content\\\/uploads\\\/2018\\\/03\\\/32959196853_4222f2bb71_b-16.jpg\",\"width\":1024,\"height\":683,\"caption\":\"M\u00e9sange bleue \\\/ Cyanistes caeruleus\"},{\"@type\":\"BreadcrumbList\",\"@id\":\"https:\\\/\\\/www.sebastien-majerowicz.fr\\\/index.php\\\/2018\\\/03\\\/23\\\/diamant-en-voie-dextinction\\\/#breadcrumb\",\"itemListElement\":[{\"@type\":\"ListItem\",\"position\":1,\"name\":\"Accueil\",\"item\":\"https:\\\/\\\/www.sebastien-majerowicz.fr\\\/\"},{\"@type\":\"ListItem\",\"position\":2,\"name\":\"Diamant en voie d&rsquo;extinction\"}]},{\"@type\":\"WebSite\",\"@id\":\"https:\\\/\\\/www.sebastien-majerowicz.fr\\\/#website\",\"url\":\"https:\\\/\\\/www.sebastien-majerowicz.fr\\\/\",\"name\":\"S\u00e9bastien Majerowicz\",\"description\":\"Photographe animalier par Nature\",\"publisher\":{\"@id\":\"https:\\\/\\\/www.sebastien-majerowicz.fr\\\/#\\\/schema\\\/person\\\/a64c1066d12b40958b45bf7ab508f6a3\"},\"potentialAction\":[{\"@type\":\"SearchAction\",\"target\":{\"@type\":\"EntryPoint\",\"urlTemplate\":\"https:\\\/\\\/www.sebastien-majerowicz.fr\\\/?s={search_term_string}\"},\"query-input\":{\"@type\":\"PropertyValueSpecification\",\"valueRequired\":true,\"valueName\":\"search_term_string\"}}],\"inLanguage\":\"fr-FR\"},{\"@type\":[\"Person\",\"Organization\"],\"@id\":\"https:\\\/\\\/www.sebastien-majerowicz.fr\\\/#\\\/schema\\\/person\\\/a64c1066d12b40958b45bf7ab508f6a3\",\"name\":\"S\u00e9bastien Majerowicz\",\"logo\":{\"@id\":\"https:\\\/\\\/www.sebastien-majerowicz.fr\\\/#\\\/schema\\\/person\\\/image\\\/\"},\"sameAs\":[\"https:\\\/\\\/www.sebastien-majerowicz.fr\"]}]}<\/script>\n<!-- \/ Yoast SEO plugin. -->","yoast_head_json":{"title":"Diamant en voie d'extinction - S\u00e9bastien Majerowicz","robots":{"index":"index","follow":"follow","max-snippet":"max-snippet:-1","max-image-preview":"max-image-preview:large","max-video-preview":"max-video-preview:-1"},"canonical":"https:\/\/www.sebastien-majerowicz.fr\/index.php\/2018\/03\/23\/diamant-en-voie-dextinction\/","og_locale":"fr_FR","og_type":"article","og_title":"Diamant en voie d'extinction - S\u00e9bastien Majerowicz","og_description":"Il est temps, oui, il est vraiment temps de retrouver notre lien le plus fort, celui qui nous lie \u00e0 la Nature. En effet, tous montre que nous allons dans le mur, vers notre propre extinction. Saurez-vous m&rsquo;expliquer ? Car je ne comprends pas : quel est ce besoin plus fort que la vie qui [&hellip;]","og_url":"https:\/\/www.sebastien-majerowicz.fr\/index.php\/2018\/03\/23\/diamant-en-voie-dextinction\/","og_site_name":"S\u00e9bastien Majerowicz","article_published_time":"2018-03-23T09:20:35+00:00","article_modified_time":"2018-03-23T14:13:10+00:00","og_image":[{"width":1024,"height":683,"url":"https:\/\/www.sebastien-majerowicz.fr\/wp-content\/uploads\/2018\/03\/32959196853_4222f2bb71_b-16.jpg","type":"image\/jpeg"}],"author":"S\u00e9bastien Majerowicz","twitter_card":"summary_large_image","twitter_misc":{"\u00c9crit par":"S\u00e9bastien Majerowicz","Dur\u00e9e de lecture estim\u00e9e":"1 minute"},"schema":{"@context":"https:\/\/schema.org","@graph":[{"@type":"Article","@id":"https:\/\/www.sebastien-majerowicz.fr\/index.php\/2018\/03\/23\/diamant-en-voie-dextinction\/#article","isPartOf":{"@id":"https:\/\/www.sebastien-majerowicz.fr\/index.php\/2018\/03\/23\/diamant-en-voie-dextinction\/"},"author":{"name":"S\u00e9bastien Majerowicz","@id":"https:\/\/www.sebastien-majerowicz.fr\/#\/schema\/person\/a64c1066d12b40958b45bf7ab508f6a3"},"headline":"Diamant en voie d&rsquo;extinction","datePublished":"2018-03-23T09:20:35+00:00","dateModified":"2018-03-23T14:13:10+00:00","mainEntityOfPage":{"@id":"https:\/\/www.sebastien-majerowicz.fr\/index.php\/2018\/03\/23\/diamant-en-voie-dextinction\/"},"wordCount":198,"commentCount":8,"publisher":{"@id":"https:\/\/www.sebastien-majerowicz.fr\/#\/schema\/person\/a64c1066d12b40958b45bf7ab508f6a3"},"image":{"@id":"https:\/\/www.sebastien-majerowicz.fr\/index.php\/2018\/03\/23\/diamant-en-voie-dextinction\/#primaryimage"},"thumbnailUrl":"https:\/\/www.sebastien-majerowicz.fr\/wp-content\/uploads\/2018\/03\/32959196853_4222f2bb71_b-16.jpg","keywords":["Cyanistes caeruleus","M\u00e9sange bleue","Nikon D5300","Oiseau","Sigma 150-600 Contemporary"],"articleSection":["Oiseau"],"inLanguage":"fr-FR","potentialAction":[{"@type":"CommentAction","name":"Comment","target":["https:\/\/www.sebastien-majerowicz.fr\/index.php\/2018\/03\/23\/diamant-en-voie-dextinction\/#respond"]}]},{"@type":"WebPage","@id":"https:\/\/www.sebastien-majerowicz.fr\/index.php\/2018\/03\/23\/diamant-en-voie-dextinction\/","url":"https:\/\/www.sebastien-majerowicz.fr\/index.php\/2018\/03\/23\/diamant-en-voie-dextinction\/","name":"Diamant en voie d'extinction - S\u00e9bastien Majerowicz","isPartOf":{"@id":"https:\/\/www.sebastien-majerowicz.fr\/#website"},"primaryImageOfPage":{"@id":"https:\/\/www.sebastien-majerowicz.fr\/index.php\/2018\/03\/23\/diamant-en-voie-dextinction\/#primaryimage"},"image":{"@id":"https:\/\/www.sebastien-majerowicz.fr\/index.php\/2018\/03\/23\/diamant-en-voie-dextinction\/#primaryimage"},"thumbnailUrl":"https:\/\/www.sebastien-majerowicz.fr\/wp-content\/uploads\/2018\/03\/32959196853_4222f2bb71_b-16.jpg","datePublished":"2018-03-23T09:20:35+00:00","dateModified":"2018-03-23T14:13:10+00:00","breadcrumb":{"@id":"https:\/\/www.sebastien-majerowicz.fr\/index.php\/2018\/03\/23\/diamant-en-voie-dextinction\/#breadcrumb"},"inLanguage":"fr-FR","potentialAction":[{"@type":"ReadAction","target":["https:\/\/www.sebastien-majerowicz.fr\/index.php\/2018\/03\/23\/diamant-en-voie-dextinction\/"]}]},{"@type":"ImageObject","inLanguage":"fr-FR","@id":"https:\/\/www.sebastien-majerowicz.fr\/index.php\/2018\/03\/23\/diamant-en-voie-dextinction\/#primaryimage","url":"https:\/\/www.sebastien-majerowicz.fr\/wp-content\/uploads\/2018\/03\/32959196853_4222f2bb71_b-16.jpg","contentUrl":"https:\/\/www.sebastien-majerowicz.fr\/wp-content\/uploads\/2018\/03\/32959196853_4222f2bb71_b-16.jpg","width":1024,"height":683,"caption":"M\u00e9sange bleue \/ Cyanistes caeruleus"},{"@type":"BreadcrumbList","@id":"https:\/\/www.sebastien-majerowicz.fr\/index.php\/2018\/03\/23\/diamant-en-voie-dextinction\/#breadcrumb","itemListElement":[{"@type":"ListItem","position":1,"name":"Accueil","item":"https:\/\/www.sebastien-majerowicz.fr\/"},{"@type":"ListItem","position":2,"name":"Diamant en voie d&rsquo;extinction"}]},{"@type":"WebSite","@id":"https:\/\/www.sebastien-majerowicz.fr\/#website","url":"https:\/\/www.sebastien-majerowicz.fr\/","name":"S\u00e9bastien Majerowicz","description":"Photographe animalier par Nature","publisher":{"@id":"https:\/\/www.sebastien-majerowicz.fr\/#\/schema\/person\/a64c1066d12b40958b45bf7ab508f6a3"},"potentialAction":[{"@type":"SearchAction","target":{"@type":"EntryPoint","urlTemplate":"https:\/\/www.sebastien-majerowicz.fr\/?s={search_term_string}"},"query-input":{"@type":"PropertyValueSpecification","valueRequired":true,"valueName":"search_term_string"}}],"inLanguage":"fr-FR"},{"@type":["Person","Organization"],"@id":"https:\/\/www.sebastien-majerowicz.fr\/#\/schema\/person\/a64c1066d12b40958b45bf7ab508f6a3","name":"S\u00e9bastien Majerowicz","logo":{"@id":"https:\/\/www.sebastien-majerowicz.fr\/#\/schema\/person\/image\/"},"sameAs":["https:\/\/www.sebastien-majerowicz.fr"]}]}},"_links":{"self":[{"href":"https:\/\/www.sebastien-majerowicz.fr\/index.php\/wp-json\/wp\/v2\/posts\/2853","targetHints":{"allow":["GET"]}}],"collection":[{"href":"https:\/\/www.sebastien-majerowicz.fr\/index.php\/wp-json\/wp\/v2\/posts"}],"about":[{"href":"https:\/\/www.sebastien-majerowicz.fr\/index.php\/wp-json\/wp\/v2\/types\/post"}],"author":[{"embeddable":true,"href":"https:\/\/www.sebastien-majerowicz.fr\/index.php\/wp-json\/wp\/v2\/users\/1"}],"replies":[{"embeddable":true,"href":"https:\/\/www.sebastien-majerowicz.fr\/index.php\/wp-json\/wp\/v2\/comments?post=2853"}],"version-history":[{"count":4,"href":"https:\/\/www.sebastien-majerowicz.fr\/index.php\/wp-json\/wp\/v2\/posts\/2853\/revisions"}],"predecessor-version":[{"id":2857,"href":"https:\/\/www.sebastien-majerowicz.fr\/index.php\/wp-json\/wp\/v2\/posts\/2853\/revisions\/2857"}],"wp:featuredmedia":[{"embeddable":true,"href":"https:\/\/www.sebastien-majerowicz.fr\/index.php\/wp-json\/wp\/v2\/media\/2851"}],"wp:attachment":[{"href":"https:\/\/www.sebastien-majerowicz.fr\/index.php\/wp-json\/wp\/v2\/media?parent=2853"}],"wp:term":[{"taxonomy":"category","embeddable":true,"href":"https:\/\/www.sebastien-majerowicz.fr\/index.php\/wp-json\/wp\/v2\/categories?post=2853"},{"taxonomy":"post_tag","embeddable":true,"href":"https:\/\/www.sebastien-majerowicz.fr\/index.php\/wp-json\/wp\/v2\/tags?post=2853"}],"curies":[{"name":"wp","href":"https:\/\/api.w.org\/{rel}","templated":true}]}}