{"id":2842,"date":"2018-03-21T09:09:14","date_gmt":"2018-03-21T08:09:14","guid":{"rendered":"http:\/\/www.sebastien-majerowicz.fr\/?p=2842"},"modified":"2018-03-21T09:11:26","modified_gmt":"2018-03-21T08:11:26","slug":"il-est-de-retour","status":"publish","type":"post","link":"https:\/\/www.sebastien-majerowicz.fr\/index.php\/2018\/03\/21\/il-est-de-retour\/","title":{"rendered":"Il est de retour"},"content":{"rendered":"<p>L&rsquo;<a href=\"http:\/\/www.sebastien-majerowicz.fr\/index.php\/2017\/09\/07\/a-bientot\/\" target=\"_blank\" rel=\"noopener\">ann\u00e9e derni\u00e8re<\/a>, j&rsquo;avais eu la chance de pouvoir observer un oiseau pour le moins original : l&rsquo;<a href=\"\/index.php\/tag\/oedicneme-criard\/\" target=\"_blank\" rel=\"noopener\">Oedicn\u00e8me criard<\/a> (Burhinus oedicnemus). Et m\u00eame deux, car c&rsquo;\u00e9tait un couple qui \u00e9tait install\u00e9 au milieu d&rsquo;un champ de vignes. Malheureusement, je n&rsquo;ai pas \u00e9t\u00e9 capable d&rsquo;observer de juv\u00e9niles en automne avant la migration vers le sud. J&rsquo;esp\u00e8re qu&rsquo;ils se sont juste bien cacher !<\/p>\n<p>En tout cas, je ne m&rsquo;attendais pas \u00e0 les voir revenir cette ann\u00e9e. Pourtant en ce d\u00e9but de mois de mars, c&rsquo;est bien deux\u00a0<a href=\"\/index.php\/tag\/oedicneme-criard\/\" target=\"_blank\" rel=\"noopener\">Oedicn\u00e8mes criards<\/a> qui \u00e9taient pr\u00e9sents au m\u00eame lieu que l&rsquo;ann\u00e9e derni\u00e8re. J&rsquo;esp\u00e8re qu&rsquo;ils pourront s&rsquo;\u00e9panouir dans ce joli coin entre Beaujolais et Mont du Lyonnais \ud83d\ude42<\/p>\n","protected":false},"excerpt":{"rendered":"<p>L&rsquo;ann\u00e9e derni\u00e8re, j&rsquo;avais eu la chance de pouvoir observer un oiseau pour le moins original : l&rsquo;Oedicn\u00e8me criard (Burhinus oedicnemus). Et m\u00eame deux, car c&rsquo;\u00e9tait un couple qui \u00e9tait install\u00e9 au milieu d&rsquo;un champ de vignes. Malheureusement, je n&rsquo;ai pas \u00e9t\u00e9 capable d&rsquo;observer de juv\u00e9niles en automne avant la migration vers le sud. J&rsquo;esp\u00e8re qu&rsquo;ils [&hellip;]<\/p>\n","protected":false},"author":1,"featured_media":2841,"comment_status":"open","ping_status":"open","sticky":false,"template":"","format":"standard","meta":{"footnotes":""},"categories":[14],"tags":[588,25,587,55,26],"class_list":{"0":"post-2842","1":"post","2":"type-post","3":"status-publish","4":"format-standard","5":"has-post-thumbnail","7":"category-oiseau","8":"tag-burhinus-oedicnemus","9":"tag-nikon-d5300","10":"tag-oedicneme-criard","11":"tag-oiseau","12":"tag-sigma-150-600-contemporary","13":"czr-hentry"},"yoast_head":"<!-- This site is optimized with the Yoast SEO plugin v27.5 - https:\/\/yoast.com\/product\/yoast-seo-wordpress\/ -->\n<title>Il est de retour - S\u00e9bastien Majerowicz<\/title>\n<meta name=\"robots\" content=\"index, follow, max-snippet:-1, max-image-preview:large, max-video-preview:-1\" \/>\n<link rel=\"canonical\" href=\"https:\/\/www.sebastien-majerowicz.fr\/index.php\/2018\/03\/21\/il-est-de-retour\/\" \/>\n<meta property=\"og:locale\" content=\"fr_FR\" \/>\n<meta property=\"og:type\" content=\"article\" \/>\n<meta property=\"og:title\" content=\"Il est de retour - S\u00e9bastien Majerowicz\" \/>\n<meta property=\"og:description\" content=\"L&rsquo;ann\u00e9e derni\u00e8re, j&rsquo;avais eu la chance de pouvoir observer un oiseau pour le moins original : l&rsquo;Oedicn\u00e8me criard (Burhinus oedicnemus). Et m\u00eame deux, car c&rsquo;\u00e9tait un couple qui \u00e9tait install\u00e9 au milieu d&rsquo;un champ de vignes. Malheureusement, je n&rsquo;ai pas \u00e9t\u00e9 capable d&rsquo;observer de juv\u00e9niles en automne avant la migration vers le sud. J&rsquo;esp\u00e8re qu&rsquo;ils [&hellip;]\" \/>\n<meta property=\"og:url\" content=\"https:\/\/www.sebastien-majerowicz.fr\/index.php\/2018\/03\/21\/il-est-de-retour\/\" \/>\n<meta property=\"og:site_name\" content=\"S\u00e9bastien Majerowicz\" \/>\n<meta property=\"article:published_time\" content=\"2018-03-21T08:09:14+00:00\" \/>\n<meta property=\"article:modified_time\" content=\"2018-03-21T08:11:26+00:00\" \/>\n<meta property=\"og:image\" content=\"https:\/\/www.sebastien-majerowicz.fr\/wp-content\/uploads\/2018\/03\/32959196853_4222f2bb71_b-14.jpg\" \/>\n\t<meta property=\"og:image:width\" content=\"768\" \/>\n\t<meta property=\"og:image:height\" content=\"1024\" \/>\n\t<meta property=\"og:image:type\" content=\"image\/jpeg\" \/>\n<meta name=\"author\" content=\"S\u00e9bastien Majerowicz\" \/>\n<meta name=\"twitter:card\" content=\"summary_large_image\" \/>\n<meta name=\"twitter:label1\" content=\"\u00c9crit par\" \/>\n\t<meta name=\"twitter:data1\" content=\"S\u00e9bastien Majerowicz\" \/>\n\t<meta name=\"twitter:label2\" content=\"Dur\u00e9e de lecture estim\u00e9e\" \/>\n\t<meta name=\"twitter:data2\" content=\"1 minute\" \/>\n<script type=\"application\/ld+json\" class=\"yoast-schema-graph\">{\"@context\":\"https:\\\/\\\/schema.org\",\"@graph\":[{\"@type\":\"Article\",\"@id\":\"https:\\\/\\\/www.sebastien-majerowicz.fr\\\/index.php\\\/2018\\\/03\\\/21\\\/il-est-de-retour\\\/#article\",\"isPartOf\":{\"@id\":\"https:\\\/\\\/www.sebastien-majerowicz.fr\\\/index.php\\\/2018\\\/03\\\/21\\\/il-est-de-retour\\\/\"},\"author\":{\"name\":\"S\u00e9bastien Majerowicz\",\"@id\":\"https:\\\/\\\/www.sebastien-majerowicz.fr\\\/#\\\/schema\\\/person\\\/a64c1066d12b40958b45bf7ab508f6a3\"},\"headline\":\"Il est de retour\",\"datePublished\":\"2018-03-21T08:09:14+00:00\",\"dateModified\":\"2018-03-21T08:11:26+00:00\",\"mainEntityOfPage\":{\"@id\":\"https:\\\/\\\/www.sebastien-majerowicz.fr\\\/index.php\\\/2018\\\/03\\\/21\\\/il-est-de-retour\\\/\"},\"wordCount\":140,\"commentCount\":0,\"publisher\":{\"@id\":\"https:\\\/\\\/www.sebastien-majerowicz.fr\\\/#\\\/schema\\\/person\\\/a64c1066d12b40958b45bf7ab508f6a3\"},\"image\":{\"@id\":\"https:\\\/\\\/www.sebastien-majerowicz.fr\\\/index.php\\\/2018\\\/03\\\/21\\\/il-est-de-retour\\\/#primaryimage\"},\"thumbnailUrl\":\"https:\\\/\\\/www.sebastien-majerowicz.fr\\\/wp-content\\\/uploads\\\/2018\\\/03\\\/32959196853_4222f2bb71_b-14.jpg\",\"keywords\":[\"Burhinus oedicnemus\",\"Nikon D5300\",\"Oedicn\u00e8me criard\",\"Oiseau\",\"Sigma 150-600 Contemporary\"],\"articleSection\":[\"Oiseau\"],\"inLanguage\":\"fr-FR\",\"potentialAction\":[{\"@type\":\"CommentAction\",\"name\":\"Comment\",\"target\":[\"https:\\\/\\\/www.sebastien-majerowicz.fr\\\/index.php\\\/2018\\\/03\\\/21\\\/il-est-de-retour\\\/#respond\"]}]},{\"@type\":\"WebPage\",\"@id\":\"https:\\\/\\\/www.sebastien-majerowicz.fr\\\/index.php\\\/2018\\\/03\\\/21\\\/il-est-de-retour\\\/\",\"url\":\"https:\\\/\\\/www.sebastien-majerowicz.fr\\\/index.php\\\/2018\\\/03\\\/21\\\/il-est-de-retour\\\/\",\"name\":\"Il est de retour - S\u00e9bastien Majerowicz\",\"isPartOf\":{\"@id\":\"https:\\\/\\\/www.sebastien-majerowicz.fr\\\/#website\"},\"primaryImageOfPage\":{\"@id\":\"https:\\\/\\\/www.sebastien-majerowicz.fr\\\/index.php\\\/2018\\\/03\\\/21\\\/il-est-de-retour\\\/#primaryimage\"},\"image\":{\"@id\":\"https:\\\/\\\/www.sebastien-majerowicz.fr\\\/index.php\\\/2018\\\/03\\\/21\\\/il-est-de-retour\\\/#primaryimage\"},\"thumbnailUrl\":\"https:\\\/\\\/www.sebastien-majerowicz.fr\\\/wp-content\\\/uploads\\\/2018\\\/03\\\/32959196853_4222f2bb71_b-14.jpg\",\"datePublished\":\"2018-03-21T08:09:14+00:00\",\"dateModified\":\"2018-03-21T08:11:26+00:00\",\"breadcrumb\":{\"@id\":\"https:\\\/\\\/www.sebastien-majerowicz.fr\\\/index.php\\\/2018\\\/03\\\/21\\\/il-est-de-retour\\\/#breadcrumb\"},\"inLanguage\":\"fr-FR\",\"potentialAction\":[{\"@type\":\"ReadAction\",\"target\":[\"https:\\\/\\\/www.sebastien-majerowicz.fr\\\/index.php\\\/2018\\\/03\\\/21\\\/il-est-de-retour\\\/\"]}]},{\"@type\":\"ImageObject\",\"inLanguage\":\"fr-FR\",\"@id\":\"https:\\\/\\\/www.sebastien-majerowicz.fr\\\/index.php\\\/2018\\\/03\\\/21\\\/il-est-de-retour\\\/#primaryimage\",\"url\":\"https:\\\/\\\/www.sebastien-majerowicz.fr\\\/wp-content\\\/uploads\\\/2018\\\/03\\\/32959196853_4222f2bb71_b-14.jpg\",\"contentUrl\":\"https:\\\/\\\/www.sebastien-majerowicz.fr\\\/wp-content\\\/uploads\\\/2018\\\/03\\\/32959196853_4222f2bb71_b-14.jpg\",\"width\":768,\"height\":1024,\"caption\":\"Oedicn\u00e8me criard \\\/ Burhinus oedicnemus\"},{\"@type\":\"BreadcrumbList\",\"@id\":\"https:\\\/\\\/www.sebastien-majerowicz.fr\\\/index.php\\\/2018\\\/03\\\/21\\\/il-est-de-retour\\\/#breadcrumb\",\"itemListElement\":[{\"@type\":\"ListItem\",\"position\":1,\"name\":\"Accueil\",\"item\":\"https:\\\/\\\/www.sebastien-majerowicz.fr\\\/\"},{\"@type\":\"ListItem\",\"position\":2,\"name\":\"Il est de retour\"}]},{\"@type\":\"WebSite\",\"@id\":\"https:\\\/\\\/www.sebastien-majerowicz.fr\\\/#website\",\"url\":\"https:\\\/\\\/www.sebastien-majerowicz.fr\\\/\",\"name\":\"S\u00e9bastien Majerowicz\",\"description\":\"Photographe animalier par Nature\",\"publisher\":{\"@id\":\"https:\\\/\\\/www.sebastien-majerowicz.fr\\\/#\\\/schema\\\/person\\\/a64c1066d12b40958b45bf7ab508f6a3\"},\"potentialAction\":[{\"@type\":\"SearchAction\",\"target\":{\"@type\":\"EntryPoint\",\"urlTemplate\":\"https:\\\/\\\/www.sebastien-majerowicz.fr\\\/?s={search_term_string}\"},\"query-input\":{\"@type\":\"PropertyValueSpecification\",\"valueRequired\":true,\"valueName\":\"search_term_string\"}}],\"inLanguage\":\"fr-FR\"},{\"@type\":[\"Person\",\"Organization\"],\"@id\":\"https:\\\/\\\/www.sebastien-majerowicz.fr\\\/#\\\/schema\\\/person\\\/a64c1066d12b40958b45bf7ab508f6a3\",\"name\":\"S\u00e9bastien Majerowicz\",\"logo\":{\"@id\":\"https:\\\/\\\/www.sebastien-majerowicz.fr\\\/#\\\/schema\\\/person\\\/image\\\/\"},\"sameAs\":[\"https:\\\/\\\/www.sebastien-majerowicz.fr\"]}]}<\/script>\n<!-- \/ Yoast SEO plugin. -->","yoast_head_json":{"title":"Il est de retour - S\u00e9bastien Majerowicz","robots":{"index":"index","follow":"follow","max-snippet":"max-snippet:-1","max-image-preview":"max-image-preview:large","max-video-preview":"max-video-preview:-1"},"canonical":"https:\/\/www.sebastien-majerowicz.fr\/index.php\/2018\/03\/21\/il-est-de-retour\/","og_locale":"fr_FR","og_type":"article","og_title":"Il est de retour - S\u00e9bastien Majerowicz","og_description":"L&rsquo;ann\u00e9e derni\u00e8re, j&rsquo;avais eu la chance de pouvoir observer un oiseau pour le moins original : l&rsquo;Oedicn\u00e8me criard (Burhinus oedicnemus). Et m\u00eame deux, car c&rsquo;\u00e9tait un couple qui \u00e9tait install\u00e9 au milieu d&rsquo;un champ de vignes. Malheureusement, je n&rsquo;ai pas \u00e9t\u00e9 capable d&rsquo;observer de juv\u00e9niles en automne avant la migration vers le sud. J&rsquo;esp\u00e8re qu&rsquo;ils [&hellip;]","og_url":"https:\/\/www.sebastien-majerowicz.fr\/index.php\/2018\/03\/21\/il-est-de-retour\/","og_site_name":"S\u00e9bastien Majerowicz","article_published_time":"2018-03-21T08:09:14+00:00","article_modified_time":"2018-03-21T08:11:26+00:00","og_image":[{"width":768,"height":1024,"url":"https:\/\/www.sebastien-majerowicz.fr\/wp-content\/uploads\/2018\/03\/32959196853_4222f2bb71_b-14.jpg","type":"image\/jpeg"}],"author":"S\u00e9bastien Majerowicz","twitter_card":"summary_large_image","twitter_misc":{"\u00c9crit par":"S\u00e9bastien Majerowicz","Dur\u00e9e de lecture estim\u00e9e":"1 minute"},"schema":{"@context":"https:\/\/schema.org","@graph":[{"@type":"Article","@id":"https:\/\/www.sebastien-majerowicz.fr\/index.php\/2018\/03\/21\/il-est-de-retour\/#article","isPartOf":{"@id":"https:\/\/www.sebastien-majerowicz.fr\/index.php\/2018\/03\/21\/il-est-de-retour\/"},"author":{"name":"S\u00e9bastien Majerowicz","@id":"https:\/\/www.sebastien-majerowicz.fr\/#\/schema\/person\/a64c1066d12b40958b45bf7ab508f6a3"},"headline":"Il est de retour","datePublished":"2018-03-21T08:09:14+00:00","dateModified":"2018-03-21T08:11:26+00:00","mainEntityOfPage":{"@id":"https:\/\/www.sebastien-majerowicz.fr\/index.php\/2018\/03\/21\/il-est-de-retour\/"},"wordCount":140,"commentCount":0,"publisher":{"@id":"https:\/\/www.sebastien-majerowicz.fr\/#\/schema\/person\/a64c1066d12b40958b45bf7ab508f6a3"},"image":{"@id":"https:\/\/www.sebastien-majerowicz.fr\/index.php\/2018\/03\/21\/il-est-de-retour\/#primaryimage"},"thumbnailUrl":"https:\/\/www.sebastien-majerowicz.fr\/wp-content\/uploads\/2018\/03\/32959196853_4222f2bb71_b-14.jpg","keywords":["Burhinus oedicnemus","Nikon D5300","Oedicn\u00e8me criard","Oiseau","Sigma 150-600 Contemporary"],"articleSection":["Oiseau"],"inLanguage":"fr-FR","potentialAction":[{"@type":"CommentAction","name":"Comment","target":["https:\/\/www.sebastien-majerowicz.fr\/index.php\/2018\/03\/21\/il-est-de-retour\/#respond"]}]},{"@type":"WebPage","@id":"https:\/\/www.sebastien-majerowicz.fr\/index.php\/2018\/03\/21\/il-est-de-retour\/","url":"https:\/\/www.sebastien-majerowicz.fr\/index.php\/2018\/03\/21\/il-est-de-retour\/","name":"Il est de retour - S\u00e9bastien Majerowicz","isPartOf":{"@id":"https:\/\/www.sebastien-majerowicz.fr\/#website"},"primaryImageOfPage":{"@id":"https:\/\/www.sebastien-majerowicz.fr\/index.php\/2018\/03\/21\/il-est-de-retour\/#primaryimage"},"image":{"@id":"https:\/\/www.sebastien-majerowicz.fr\/index.php\/2018\/03\/21\/il-est-de-retour\/#primaryimage"},"thumbnailUrl":"https:\/\/www.sebastien-majerowicz.fr\/wp-content\/uploads\/2018\/03\/32959196853_4222f2bb71_b-14.jpg","datePublished":"2018-03-21T08:09:14+00:00","dateModified":"2018-03-21T08:11:26+00:00","breadcrumb":{"@id":"https:\/\/www.sebastien-majerowicz.fr\/index.php\/2018\/03\/21\/il-est-de-retour\/#breadcrumb"},"inLanguage":"fr-FR","potentialAction":[{"@type":"ReadAction","target":["https:\/\/www.sebastien-majerowicz.fr\/index.php\/2018\/03\/21\/il-est-de-retour\/"]}]},{"@type":"ImageObject","inLanguage":"fr-FR","@id":"https:\/\/www.sebastien-majerowicz.fr\/index.php\/2018\/03\/21\/il-est-de-retour\/#primaryimage","url":"https:\/\/www.sebastien-majerowicz.fr\/wp-content\/uploads\/2018\/03\/32959196853_4222f2bb71_b-14.jpg","contentUrl":"https:\/\/www.sebastien-majerowicz.fr\/wp-content\/uploads\/2018\/03\/32959196853_4222f2bb71_b-14.jpg","width":768,"height":1024,"caption":"Oedicn\u00e8me criard \/ Burhinus oedicnemus"},{"@type":"BreadcrumbList","@id":"https:\/\/www.sebastien-majerowicz.fr\/index.php\/2018\/03\/21\/il-est-de-retour\/#breadcrumb","itemListElement":[{"@type":"ListItem","position":1,"name":"Accueil","item":"https:\/\/www.sebastien-majerowicz.fr\/"},{"@type":"ListItem","position":2,"name":"Il est de retour"}]},{"@type":"WebSite","@id":"https:\/\/www.sebastien-majerowicz.fr\/#website","url":"https:\/\/www.sebastien-majerowicz.fr\/","name":"S\u00e9bastien Majerowicz","description":"Photographe animalier par Nature","publisher":{"@id":"https:\/\/www.sebastien-majerowicz.fr\/#\/schema\/person\/a64c1066d12b40958b45bf7ab508f6a3"},"potentialAction":[{"@type":"SearchAction","target":{"@type":"EntryPoint","urlTemplate":"https:\/\/www.sebastien-majerowicz.fr\/?s={search_term_string}"},"query-input":{"@type":"PropertyValueSpecification","valueRequired":true,"valueName":"search_term_string"}}],"inLanguage":"fr-FR"},{"@type":["Person","Organization"],"@id":"https:\/\/www.sebastien-majerowicz.fr\/#\/schema\/person\/a64c1066d12b40958b45bf7ab508f6a3","name":"S\u00e9bastien Majerowicz","logo":{"@id":"https:\/\/www.sebastien-majerowicz.fr\/#\/schema\/person\/image\/"},"sameAs":["https:\/\/www.sebastien-majerowicz.fr"]}]}},"_links":{"self":[{"href":"https:\/\/www.sebastien-majerowicz.fr\/index.php\/wp-json\/wp\/v2\/posts\/2842","targetHints":{"allow":["GET"]}}],"collection":[{"href":"https:\/\/www.sebastien-majerowicz.fr\/index.php\/wp-json\/wp\/v2\/posts"}],"about":[{"href":"https:\/\/www.sebastien-majerowicz.fr\/index.php\/wp-json\/wp\/v2\/types\/post"}],"author":[{"embeddable":true,"href":"https:\/\/www.sebastien-majerowicz.fr\/index.php\/wp-json\/wp\/v2\/users\/1"}],"replies":[{"embeddable":true,"href":"https:\/\/www.sebastien-majerowicz.fr\/index.php\/wp-json\/wp\/v2\/comments?post=2842"}],"version-history":[{"count":2,"href":"https:\/\/www.sebastien-majerowicz.fr\/index.php\/wp-json\/wp\/v2\/posts\/2842\/revisions"}],"predecessor-version":[{"id":2844,"href":"https:\/\/www.sebastien-majerowicz.fr\/index.php\/wp-json\/wp\/v2\/posts\/2842\/revisions\/2844"}],"wp:featuredmedia":[{"embeddable":true,"href":"https:\/\/www.sebastien-majerowicz.fr\/index.php\/wp-json\/wp\/v2\/media\/2841"}],"wp:attachment":[{"href":"https:\/\/www.sebastien-majerowicz.fr\/index.php\/wp-json\/wp\/v2\/media?parent=2842"}],"wp:term":[{"taxonomy":"category","embeddable":true,"href":"https:\/\/www.sebastien-majerowicz.fr\/index.php\/wp-json\/wp\/v2\/categories?post=2842"},{"taxonomy":"post_tag","embeddable":true,"href":"https:\/\/www.sebastien-majerowicz.fr\/index.php\/wp-json\/wp\/v2\/tags?post=2842"}],"curies":[{"name":"wp","href":"https:\/\/api.w.org\/{rel}","templated":true}]}}