{"id":2825,"date":"2018-03-19T11:15:16","date_gmt":"2018-03-19T10:15:16","guid":{"rendered":"http:\/\/www.sebastien-majerowicz.fr\/?p=2825"},"modified":"2018-04-10T16:15:58","modified_gmt":"2018-04-10T14:15:58","slug":"benediction","status":"publish","type":"post","link":"https:\/\/www.sebastien-majerowicz.fr\/index.php\/2018\/03\/19\/benediction\/","title":{"rendered":"B\u00e9n\u00e9diction"},"content":{"rendered":"<p>Offrez-vous une b\u00e9n\u00e9diction solaire,<br \/>\nElle vous sera s\u00fbrement salutaire.<br \/>\nPermettez \u00e0 toutes et tous de la recevoir,<br \/>\nPartout, dans les bois, les villes ou les squares.<\/p>\n<p>\u00c9nergie vitale par excellence,<br \/>\nLa lumi\u00e8re diffuse et apporte \u00e0 chacun.<br \/>\nUnissons-nous sur nos ressemblances.<br \/>\nControns les diviseurs et ne soyons qu\u2019un\u00a0!<\/p>\n<p>La Nature peut nous apporter les solutions.<br \/>\nIl suffit d\u2019apprendre, alors apprenons\u00a0!<br \/>\nRevenons aux sources \u00e9l\u00e9mentaires et tenons,<br \/>\nDame Nature est pr\u00eate \u00e0 retisser la filiation \ud83d\ude42<\/p>\n<p>PS : Vous pouvez retrouver ce <a href=\"\/index.php\/tag\/galanthus-nivalis\/\" target=\"_blank\" rel=\"noopener\">Perce-neige<\/a> (Galanthis nivalis) et d&rsquo;autres dans la galerie \u00ab\u00a0<a href=\"http:\/\/www.sebastien-majerowicz.fr\/index.php\/emergence\/\" target=\"_blank\" rel=\"noopener\">\u00c9mergence<\/a>\u00ab\u00a0.<\/p>\n<p>PPS : Cette photo a inspir\u00e9 une artiste des mots, Chatnine. Je vous encourage \u00e0 aller lire <a href=\"http:\/\/chatnine.fr\/2018\/04\/08\/benediction\/\" target=\"_blank\" rel=\"noopener\">son po\u00e8me<\/a>.<\/p>\n","protected":false},"excerpt":{"rendered":"<p>Offrez-vous une b\u00e9n\u00e9diction solaire, Elle vous sera s\u00fbrement salutaire. Permettez \u00e0 toutes et tous de la recevoir, Partout, dans les bois, les villes ou les squares. \u00c9nergie vitale par excellence, La lumi\u00e8re diffuse et apporte \u00e0 chacun. Unissons-nous sur nos ressemblances. Controns les diviseurs et ne soyons qu\u2019un\u00a0! La Nature peut nous apporter les solutions. [&hellip;]<\/p>\n","protected":false},"author":1,"featured_media":2823,"comment_status":"open","ping_status":"open","sticky":false,"template":"","format":"standard","meta":{"footnotes":""},"categories":[784],"tags":[218,497,25,498,737,56],"class_list":{"0":"post-2825","1":"post","2":"type-post","3":"status-publish","4":"format-standard","5":"has-post-thumbnail","7":"category-fleur","8":"tag-fleur","9":"tag-galanthus-nivalis","10":"tag-nikon-d5300","11":"tag-perce-neige","12":"tag-poeme","13":"tag-sigma-105-macro","14":"czr-hentry"},"yoast_head":"<!-- This site is optimized with the Yoast SEO plugin v27.5 - https:\/\/yoast.com\/product\/yoast-seo-wordpress\/ -->\n<title>B\u00e9n\u00e9diction - S\u00e9bastien Majerowicz<\/title>\n<meta name=\"robots\" content=\"index, follow, max-snippet:-1, max-image-preview:large, max-video-preview:-1\" \/>\n<link rel=\"canonical\" href=\"https:\/\/www.sebastien-majerowicz.fr\/index.php\/2018\/03\/19\/benediction\/\" \/>\n<meta property=\"og:locale\" content=\"fr_FR\" \/>\n<meta property=\"og:type\" content=\"article\" \/>\n<meta property=\"og:title\" content=\"B\u00e9n\u00e9diction - S\u00e9bastien Majerowicz\" \/>\n<meta property=\"og:description\" content=\"Offrez-vous une b\u00e9n\u00e9diction solaire, Elle vous sera s\u00fbrement salutaire. Permettez \u00e0 toutes et tous de la recevoir, Partout, dans les bois, les villes ou les squares. \u00c9nergie vitale par excellence, La lumi\u00e8re diffuse et apporte \u00e0 chacun. Unissons-nous sur nos ressemblances. Controns les diviseurs et ne soyons qu\u2019un\u00a0! La Nature peut nous apporter les solutions. [&hellip;]\" \/>\n<meta property=\"og:url\" content=\"https:\/\/www.sebastien-majerowicz.fr\/index.php\/2018\/03\/19\/benediction\/\" \/>\n<meta property=\"og:site_name\" content=\"S\u00e9bastien Majerowicz\" \/>\n<meta property=\"article:published_time\" content=\"2018-03-19T10:15:16+00:00\" \/>\n<meta property=\"article:modified_time\" content=\"2018-04-10T14:15:58+00:00\" \/>\n<meta property=\"og:image\" content=\"https:\/\/www.sebastien-majerowicz.fr\/wp-content\/uploads\/2018\/03\/32959196853_4222f2bb71_b-12.jpg\" \/>\n\t<meta property=\"og:image:width\" content=\"683\" \/>\n\t<meta property=\"og:image:height\" content=\"1024\" \/>\n\t<meta property=\"og:image:type\" content=\"image\/jpeg\" \/>\n<meta name=\"author\" content=\"S\u00e9bastien Majerowicz\" \/>\n<meta name=\"twitter:card\" content=\"summary_large_image\" \/>\n<meta name=\"twitter:label1\" content=\"\u00c9crit par\" \/>\n\t<meta name=\"twitter:data1\" content=\"S\u00e9bastien Majerowicz\" \/>\n\t<meta name=\"twitter:label2\" content=\"Dur\u00e9e de lecture estim\u00e9e\" \/>\n\t<meta name=\"twitter:data2\" content=\"1 minute\" \/>\n<script type=\"application\/ld+json\" class=\"yoast-schema-graph\">{\"@context\":\"https:\\\/\\\/schema.org\",\"@graph\":[{\"@type\":\"Article\",\"@id\":\"https:\\\/\\\/www.sebastien-majerowicz.fr\\\/index.php\\\/2018\\\/03\\\/19\\\/benediction\\\/#article\",\"isPartOf\":{\"@id\":\"https:\\\/\\\/www.sebastien-majerowicz.fr\\\/index.php\\\/2018\\\/03\\\/19\\\/benediction\\\/\"},\"author\":{\"name\":\"S\u00e9bastien Majerowicz\",\"@id\":\"https:\\\/\\\/www.sebastien-majerowicz.fr\\\/#\\\/schema\\\/person\\\/a64c1066d12b40958b45bf7ab508f6a3\"},\"headline\":\"B\u00e9n\u00e9diction\",\"datePublished\":\"2018-03-19T10:15:16+00:00\",\"dateModified\":\"2018-04-10T14:15:58+00:00\",\"mainEntityOfPage\":{\"@id\":\"https:\\\/\\\/www.sebastien-majerowicz.fr\\\/index.php\\\/2018\\\/03\\\/19\\\/benediction\\\/\"},\"wordCount\":115,\"commentCount\":0,\"publisher\":{\"@id\":\"https:\\\/\\\/www.sebastien-majerowicz.fr\\\/#\\\/schema\\\/person\\\/a64c1066d12b40958b45bf7ab508f6a3\"},\"image\":{\"@id\":\"https:\\\/\\\/www.sebastien-majerowicz.fr\\\/index.php\\\/2018\\\/03\\\/19\\\/benediction\\\/#primaryimage\"},\"thumbnailUrl\":\"https:\\\/\\\/www.sebastien-majerowicz.fr\\\/wp-content\\\/uploads\\\/2018\\\/03\\\/32959196853_4222f2bb71_b-12.jpg\",\"keywords\":[\"Fleur\",\"Galanthus nivalis\",\"Nikon D5300\",\"Perce-neige\",\"Po\u00e8me\",\"Sigma 105 macro\"],\"articleSection\":[\"Fleur\"],\"inLanguage\":\"fr-FR\",\"potentialAction\":[{\"@type\":\"CommentAction\",\"name\":\"Comment\",\"target\":[\"https:\\\/\\\/www.sebastien-majerowicz.fr\\\/index.php\\\/2018\\\/03\\\/19\\\/benediction\\\/#respond\"]}]},{\"@type\":\"WebPage\",\"@id\":\"https:\\\/\\\/www.sebastien-majerowicz.fr\\\/index.php\\\/2018\\\/03\\\/19\\\/benediction\\\/\",\"url\":\"https:\\\/\\\/www.sebastien-majerowicz.fr\\\/index.php\\\/2018\\\/03\\\/19\\\/benediction\\\/\",\"name\":\"B\u00e9n\u00e9diction - S\u00e9bastien Majerowicz\",\"isPartOf\":{\"@id\":\"https:\\\/\\\/www.sebastien-majerowicz.fr\\\/#website\"},\"primaryImageOfPage\":{\"@id\":\"https:\\\/\\\/www.sebastien-majerowicz.fr\\\/index.php\\\/2018\\\/03\\\/19\\\/benediction\\\/#primaryimage\"},\"image\":{\"@id\":\"https:\\\/\\\/www.sebastien-majerowicz.fr\\\/index.php\\\/2018\\\/03\\\/19\\\/benediction\\\/#primaryimage\"},\"thumbnailUrl\":\"https:\\\/\\\/www.sebastien-majerowicz.fr\\\/wp-content\\\/uploads\\\/2018\\\/03\\\/32959196853_4222f2bb71_b-12.jpg\",\"datePublished\":\"2018-03-19T10:15:16+00:00\",\"dateModified\":\"2018-04-10T14:15:58+00:00\",\"breadcrumb\":{\"@id\":\"https:\\\/\\\/www.sebastien-majerowicz.fr\\\/index.php\\\/2018\\\/03\\\/19\\\/benediction\\\/#breadcrumb\"},\"inLanguage\":\"fr-FR\",\"potentialAction\":[{\"@type\":\"ReadAction\",\"target\":[\"https:\\\/\\\/www.sebastien-majerowicz.fr\\\/index.php\\\/2018\\\/03\\\/19\\\/benediction\\\/\"]}]},{\"@type\":\"ImageObject\",\"inLanguage\":\"fr-FR\",\"@id\":\"https:\\\/\\\/www.sebastien-majerowicz.fr\\\/index.php\\\/2018\\\/03\\\/19\\\/benediction\\\/#primaryimage\",\"url\":\"https:\\\/\\\/www.sebastien-majerowicz.fr\\\/wp-content\\\/uploads\\\/2018\\\/03\\\/32959196853_4222f2bb71_b-12.jpg\",\"contentUrl\":\"https:\\\/\\\/www.sebastien-majerowicz.fr\\\/wp-content\\\/uploads\\\/2018\\\/03\\\/32959196853_4222f2bb71_b-12.jpg\",\"width\":683,\"height\":1024,\"caption\":\"Perce-neige \\\/ Galanthus nivalis\"},{\"@type\":\"BreadcrumbList\",\"@id\":\"https:\\\/\\\/www.sebastien-majerowicz.fr\\\/index.php\\\/2018\\\/03\\\/19\\\/benediction\\\/#breadcrumb\",\"itemListElement\":[{\"@type\":\"ListItem\",\"position\":1,\"name\":\"Accueil\",\"item\":\"https:\\\/\\\/www.sebastien-majerowicz.fr\\\/\"},{\"@type\":\"ListItem\",\"position\":2,\"name\":\"B\u00e9n\u00e9diction\"}]},{\"@type\":\"WebSite\",\"@id\":\"https:\\\/\\\/www.sebastien-majerowicz.fr\\\/#website\",\"url\":\"https:\\\/\\\/www.sebastien-majerowicz.fr\\\/\",\"name\":\"S\u00e9bastien Majerowicz\",\"description\":\"Photographe animalier par Nature\",\"publisher\":{\"@id\":\"https:\\\/\\\/www.sebastien-majerowicz.fr\\\/#\\\/schema\\\/person\\\/a64c1066d12b40958b45bf7ab508f6a3\"},\"potentialAction\":[{\"@type\":\"SearchAction\",\"target\":{\"@type\":\"EntryPoint\",\"urlTemplate\":\"https:\\\/\\\/www.sebastien-majerowicz.fr\\\/?s={search_term_string}\"},\"query-input\":{\"@type\":\"PropertyValueSpecification\",\"valueRequired\":true,\"valueName\":\"search_term_string\"}}],\"inLanguage\":\"fr-FR\"},{\"@type\":[\"Person\",\"Organization\"],\"@id\":\"https:\\\/\\\/www.sebastien-majerowicz.fr\\\/#\\\/schema\\\/person\\\/a64c1066d12b40958b45bf7ab508f6a3\",\"name\":\"S\u00e9bastien Majerowicz\",\"logo\":{\"@id\":\"https:\\\/\\\/www.sebastien-majerowicz.fr\\\/#\\\/schema\\\/person\\\/image\\\/\"},\"sameAs\":[\"https:\\\/\\\/www.sebastien-majerowicz.fr\"]}]}<\/script>\n<!-- \/ Yoast SEO plugin. -->","yoast_head_json":{"title":"B\u00e9n\u00e9diction - S\u00e9bastien Majerowicz","robots":{"index":"index","follow":"follow","max-snippet":"max-snippet:-1","max-image-preview":"max-image-preview:large","max-video-preview":"max-video-preview:-1"},"canonical":"https:\/\/www.sebastien-majerowicz.fr\/index.php\/2018\/03\/19\/benediction\/","og_locale":"fr_FR","og_type":"article","og_title":"B\u00e9n\u00e9diction - S\u00e9bastien Majerowicz","og_description":"Offrez-vous une b\u00e9n\u00e9diction solaire, Elle vous sera s\u00fbrement salutaire. Permettez \u00e0 toutes et tous de la recevoir, Partout, dans les bois, les villes ou les squares. \u00c9nergie vitale par excellence, La lumi\u00e8re diffuse et apporte \u00e0 chacun. Unissons-nous sur nos ressemblances. Controns les diviseurs et ne soyons qu\u2019un\u00a0! La Nature peut nous apporter les solutions. [&hellip;]","og_url":"https:\/\/www.sebastien-majerowicz.fr\/index.php\/2018\/03\/19\/benediction\/","og_site_name":"S\u00e9bastien Majerowicz","article_published_time":"2018-03-19T10:15:16+00:00","article_modified_time":"2018-04-10T14:15:58+00:00","og_image":[{"width":683,"height":1024,"url":"https:\/\/www.sebastien-majerowicz.fr\/wp-content\/uploads\/2018\/03\/32959196853_4222f2bb71_b-12.jpg","type":"image\/jpeg"}],"author":"S\u00e9bastien Majerowicz","twitter_card":"summary_large_image","twitter_misc":{"\u00c9crit par":"S\u00e9bastien Majerowicz","Dur\u00e9e de lecture estim\u00e9e":"1 minute"},"schema":{"@context":"https:\/\/schema.org","@graph":[{"@type":"Article","@id":"https:\/\/www.sebastien-majerowicz.fr\/index.php\/2018\/03\/19\/benediction\/#article","isPartOf":{"@id":"https:\/\/www.sebastien-majerowicz.fr\/index.php\/2018\/03\/19\/benediction\/"},"author":{"name":"S\u00e9bastien Majerowicz","@id":"https:\/\/www.sebastien-majerowicz.fr\/#\/schema\/person\/a64c1066d12b40958b45bf7ab508f6a3"},"headline":"B\u00e9n\u00e9diction","datePublished":"2018-03-19T10:15:16+00:00","dateModified":"2018-04-10T14:15:58+00:00","mainEntityOfPage":{"@id":"https:\/\/www.sebastien-majerowicz.fr\/index.php\/2018\/03\/19\/benediction\/"},"wordCount":115,"commentCount":0,"publisher":{"@id":"https:\/\/www.sebastien-majerowicz.fr\/#\/schema\/person\/a64c1066d12b40958b45bf7ab508f6a3"},"image":{"@id":"https:\/\/www.sebastien-majerowicz.fr\/index.php\/2018\/03\/19\/benediction\/#primaryimage"},"thumbnailUrl":"https:\/\/www.sebastien-majerowicz.fr\/wp-content\/uploads\/2018\/03\/32959196853_4222f2bb71_b-12.jpg","keywords":["Fleur","Galanthus nivalis","Nikon D5300","Perce-neige","Po\u00e8me","Sigma 105 macro"],"articleSection":["Fleur"],"inLanguage":"fr-FR","potentialAction":[{"@type":"CommentAction","name":"Comment","target":["https:\/\/www.sebastien-majerowicz.fr\/index.php\/2018\/03\/19\/benediction\/#respond"]}]},{"@type":"WebPage","@id":"https:\/\/www.sebastien-majerowicz.fr\/index.php\/2018\/03\/19\/benediction\/","url":"https:\/\/www.sebastien-majerowicz.fr\/index.php\/2018\/03\/19\/benediction\/","name":"B\u00e9n\u00e9diction - S\u00e9bastien Majerowicz","isPartOf":{"@id":"https:\/\/www.sebastien-majerowicz.fr\/#website"},"primaryImageOfPage":{"@id":"https:\/\/www.sebastien-majerowicz.fr\/index.php\/2018\/03\/19\/benediction\/#primaryimage"},"image":{"@id":"https:\/\/www.sebastien-majerowicz.fr\/index.php\/2018\/03\/19\/benediction\/#primaryimage"},"thumbnailUrl":"https:\/\/www.sebastien-majerowicz.fr\/wp-content\/uploads\/2018\/03\/32959196853_4222f2bb71_b-12.jpg","datePublished":"2018-03-19T10:15:16+00:00","dateModified":"2018-04-10T14:15:58+00:00","breadcrumb":{"@id":"https:\/\/www.sebastien-majerowicz.fr\/index.php\/2018\/03\/19\/benediction\/#breadcrumb"},"inLanguage":"fr-FR","potentialAction":[{"@type":"ReadAction","target":["https:\/\/www.sebastien-majerowicz.fr\/index.php\/2018\/03\/19\/benediction\/"]}]},{"@type":"ImageObject","inLanguage":"fr-FR","@id":"https:\/\/www.sebastien-majerowicz.fr\/index.php\/2018\/03\/19\/benediction\/#primaryimage","url":"https:\/\/www.sebastien-majerowicz.fr\/wp-content\/uploads\/2018\/03\/32959196853_4222f2bb71_b-12.jpg","contentUrl":"https:\/\/www.sebastien-majerowicz.fr\/wp-content\/uploads\/2018\/03\/32959196853_4222f2bb71_b-12.jpg","width":683,"height":1024,"caption":"Perce-neige \/ Galanthus nivalis"},{"@type":"BreadcrumbList","@id":"https:\/\/www.sebastien-majerowicz.fr\/index.php\/2018\/03\/19\/benediction\/#breadcrumb","itemListElement":[{"@type":"ListItem","position":1,"name":"Accueil","item":"https:\/\/www.sebastien-majerowicz.fr\/"},{"@type":"ListItem","position":2,"name":"B\u00e9n\u00e9diction"}]},{"@type":"WebSite","@id":"https:\/\/www.sebastien-majerowicz.fr\/#website","url":"https:\/\/www.sebastien-majerowicz.fr\/","name":"S\u00e9bastien Majerowicz","description":"Photographe animalier par Nature","publisher":{"@id":"https:\/\/www.sebastien-majerowicz.fr\/#\/schema\/person\/a64c1066d12b40958b45bf7ab508f6a3"},"potentialAction":[{"@type":"SearchAction","target":{"@type":"EntryPoint","urlTemplate":"https:\/\/www.sebastien-majerowicz.fr\/?s={search_term_string}"},"query-input":{"@type":"PropertyValueSpecification","valueRequired":true,"valueName":"search_term_string"}}],"inLanguage":"fr-FR"},{"@type":["Person","Organization"],"@id":"https:\/\/www.sebastien-majerowicz.fr\/#\/schema\/person\/a64c1066d12b40958b45bf7ab508f6a3","name":"S\u00e9bastien Majerowicz","logo":{"@id":"https:\/\/www.sebastien-majerowicz.fr\/#\/schema\/person\/image\/"},"sameAs":["https:\/\/www.sebastien-majerowicz.fr"]}]}},"_links":{"self":[{"href":"https:\/\/www.sebastien-majerowicz.fr\/index.php\/wp-json\/wp\/v2\/posts\/2825","targetHints":{"allow":["GET"]}}],"collection":[{"href":"https:\/\/www.sebastien-majerowicz.fr\/index.php\/wp-json\/wp\/v2\/posts"}],"about":[{"href":"https:\/\/www.sebastien-majerowicz.fr\/index.php\/wp-json\/wp\/v2\/types\/post"}],"author":[{"embeddable":true,"href":"https:\/\/www.sebastien-majerowicz.fr\/index.php\/wp-json\/wp\/v2\/users\/1"}],"replies":[{"embeddable":true,"href":"https:\/\/www.sebastien-majerowicz.fr\/index.php\/wp-json\/wp\/v2\/comments?post=2825"}],"version-history":[{"count":2,"href":"https:\/\/www.sebastien-majerowicz.fr\/index.php\/wp-json\/wp\/v2\/posts\/2825\/revisions"}],"predecessor-version":[{"id":2941,"href":"https:\/\/www.sebastien-majerowicz.fr\/index.php\/wp-json\/wp\/v2\/posts\/2825\/revisions\/2941"}],"wp:featuredmedia":[{"embeddable":true,"href":"https:\/\/www.sebastien-majerowicz.fr\/index.php\/wp-json\/wp\/v2\/media\/2823"}],"wp:attachment":[{"href":"https:\/\/www.sebastien-majerowicz.fr\/index.php\/wp-json\/wp\/v2\/media?parent=2825"}],"wp:term":[{"taxonomy":"category","embeddable":true,"href":"https:\/\/www.sebastien-majerowicz.fr\/index.php\/wp-json\/wp\/v2\/categories?post=2825"},{"taxonomy":"post_tag","embeddable":true,"href":"https:\/\/www.sebastien-majerowicz.fr\/index.php\/wp-json\/wp\/v2\/tags?post=2825"}],"curies":[{"name":"wp","href":"https:\/\/api.w.org\/{rel}","templated":true}]}}