{"id":2570,"date":"2018-01-22T10:49:46","date_gmt":"2018-01-22T09:49:46","guid":{"rendered":"http:\/\/www.sebastien-majerowicz.fr\/?p=2570"},"modified":"2018-01-22T10:49:46","modified_gmt":"2018-01-22T09:49:46","slug":"ebouriffe","status":"publish","type":"post","link":"https:\/\/www.sebastien-majerowicz.fr\/index.php\/2018\/01\/22\/ebouriffe\/","title":{"rendered":"\u00c9bouriff\u00e9"},"content":{"rendered":"<p>Quelle belle surprise d&rsquo;avoir pu observer l&rsquo;Accenteur mouchet (Prunella modularis) pendant sa toilette ! D&rsquo;ordinaire, lui si discret, il est la plupart du temps cach\u00e9 dans les fourr\u00e9s. Et l\u00e0, il \u00e9tait sur sa branche, s\u00fbrement pour profiter de ces cinq minutes de Soleil, ph\u00e9nom\u00e8ne unique de ces deux derniers mois de pluie &#8230;<\/p>\n<p><img loading=\"lazy\" decoding=\"async\" class=\"wp-image-1652 alignleft\" src=\"http:\/\/www.sebastien-majerowicz.fr\/wp-content\/uploads\/2017\/09\/logo_reflex_technique-300x300.png\" alt=\"Technique\" width=\"100\" height=\"100\" srcset=\"https:\/\/www.sebastien-majerowicz.fr\/wp-content\/uploads\/2017\/09\/logo_reflex_technique-300x300.png 300w, https:\/\/www.sebastien-majerowicz.fr\/wp-content\/uploads\/2017\/09\/logo_reflex_technique-150x150.png 150w, https:\/\/www.sebastien-majerowicz.fr\/wp-content\/uploads\/2017\/09\/logo_reflex_technique-510x510.png 510w, https:\/\/www.sebastien-majerowicz.fr\/wp-content\/uploads\/2017\/09\/logo_reflex_technique.png 512w\" sizes=\"auto, (max-width: 100px) 100vw, 100px\" \/><\/p>\n<p>La photographie animali\u00e8re transporte d&rsquo;\u00e9motions. Devant un sujet recherch\u00e9 et tr\u00e8s mobile, g\u00e9n\u00e9ralement, l&rsquo;\u00e9motion est grande. Et cela dessert la mise en valeur du sujet par la photographie car les bonnes d\u00e9cisions ne sont pas prises. Par exemple, sur cette photo, une branche est positionn\u00e9 devant l&rsquo;oiseau. C&rsquo;est dommageable car en faisant, un demi-pas vers la droite, j&rsquo;aurai pu \u00e9vit\u00e9 cet \u00e9cueil. Il va donc falloir que je travaille sur ce point et garder la t\u00eate froide. Mais, cela sera au d\u00e9triment de l&rsquo;\u00e9motion &#8230; Dur dur !!!<\/p>\n","protected":false},"excerpt":{"rendered":"<p>Quelle belle surprise d&rsquo;avoir pu observer l&rsquo;Accenteur mouchet (Prunella modularis) pendant sa toilette ! D&rsquo;ordinaire, lui si discret, il est la plupart du temps cach\u00e9 dans les fourr\u00e9s. Et l\u00e0, il \u00e9tait sur sa branche, s\u00fbrement pour profiter de ces cinq minutes de Soleil, ph\u00e9nom\u00e8ne unique de ces deux derniers mois de pluie &#8230; La [&hellip;]<\/p>\n","protected":false},"author":1,"featured_media":2569,"comment_status":"open","ping_status":"open","sticky":false,"template":"","format":"standard","meta":{"footnotes":""},"categories":[14],"tags":[320,25,55,331,26,728],"class_list":{"0":"post-2570","1":"post","2":"type-post","3":"status-publish","4":"format-standard","5":"has-post-thumbnail","7":"category-oiseau","8":"tag-accenteur-mouchet","9":"tag-nikon-d5300","10":"tag-oiseau","11":"tag-prunella-modularis","12":"tag-sigma-150-600-contemporary","13":"tag-technique-photographique","14":"czr-hentry"},"yoast_head":"<!-- This site is optimized with the Yoast SEO plugin v27.5 - https:\/\/yoast.com\/product\/yoast-seo-wordpress\/ -->\n<title>\u00c9bouriff\u00e9 - S\u00e9bastien Majerowicz<\/title>\n<meta name=\"robots\" content=\"index, follow, max-snippet:-1, max-image-preview:large, max-video-preview:-1\" \/>\n<link rel=\"canonical\" href=\"https:\/\/www.sebastien-majerowicz.fr\/index.php\/2018\/01\/22\/ebouriffe\/\" \/>\n<meta property=\"og:locale\" content=\"fr_FR\" \/>\n<meta property=\"og:type\" content=\"article\" \/>\n<meta property=\"og:title\" content=\"\u00c9bouriff\u00e9 - S\u00e9bastien Majerowicz\" \/>\n<meta property=\"og:description\" content=\"Quelle belle surprise d&rsquo;avoir pu observer l&rsquo;Accenteur mouchet (Prunella modularis) pendant sa toilette ! D&rsquo;ordinaire, lui si discret, il est la plupart du temps cach\u00e9 dans les fourr\u00e9s. Et l\u00e0, il \u00e9tait sur sa branche, s\u00fbrement pour profiter de ces cinq minutes de Soleil, ph\u00e9nom\u00e8ne unique de ces deux derniers mois de pluie &#8230; La [&hellip;]\" \/>\n<meta property=\"og:url\" content=\"https:\/\/www.sebastien-majerowicz.fr\/index.php\/2018\/01\/22\/ebouriffe\/\" \/>\n<meta property=\"og:site_name\" content=\"S\u00e9bastien Majerowicz\" \/>\n<meta property=\"article:published_time\" content=\"2018-01-22T09:49:46+00:00\" \/>\n<meta property=\"og:image\" content=\"https:\/\/www.sebastien-majerowicz.fr\/wp-content\/uploads\/2018\/01\/32959196853_4222f2bb71_b-3.jpg\" \/>\n\t<meta property=\"og:image:width\" content=\"1024\" \/>\n\t<meta property=\"og:image:height\" content=\"683\" \/>\n\t<meta property=\"og:image:type\" content=\"image\/jpeg\" \/>\n<meta name=\"author\" content=\"S\u00e9bastien Majerowicz\" \/>\n<meta name=\"twitter:card\" content=\"summary_large_image\" \/>\n<meta name=\"twitter:label1\" content=\"\u00c9crit par\" \/>\n\t<meta name=\"twitter:data1\" content=\"S\u00e9bastien Majerowicz\" \/>\n\t<meta name=\"twitter:label2\" content=\"Dur\u00e9e de lecture estim\u00e9e\" \/>\n\t<meta name=\"twitter:data2\" content=\"1 minute\" \/>\n<script type=\"application\/ld+json\" class=\"yoast-schema-graph\">{\"@context\":\"https:\\\/\\\/schema.org\",\"@graph\":[{\"@type\":\"Article\",\"@id\":\"https:\\\/\\\/www.sebastien-majerowicz.fr\\\/index.php\\\/2018\\\/01\\\/22\\\/ebouriffe\\\/#article\",\"isPartOf\":{\"@id\":\"https:\\\/\\\/www.sebastien-majerowicz.fr\\\/index.php\\\/2018\\\/01\\\/22\\\/ebouriffe\\\/\"},\"author\":{\"name\":\"S\u00e9bastien Majerowicz\",\"@id\":\"https:\\\/\\\/www.sebastien-majerowicz.fr\\\/#\\\/schema\\\/person\\\/a64c1066d12b40958b45bf7ab508f6a3\"},\"headline\":\"\u00c9bouriff\u00e9\",\"datePublished\":\"2018-01-22T09:49:46+00:00\",\"mainEntityOfPage\":{\"@id\":\"https:\\\/\\\/www.sebastien-majerowicz.fr\\\/index.php\\\/2018\\\/01\\\/22\\\/ebouriffe\\\/\"},\"wordCount\":159,\"commentCount\":0,\"publisher\":{\"@id\":\"https:\\\/\\\/www.sebastien-majerowicz.fr\\\/#\\\/schema\\\/person\\\/a64c1066d12b40958b45bf7ab508f6a3\"},\"image\":{\"@id\":\"https:\\\/\\\/www.sebastien-majerowicz.fr\\\/index.php\\\/2018\\\/01\\\/22\\\/ebouriffe\\\/#primaryimage\"},\"thumbnailUrl\":\"https:\\\/\\\/www.sebastien-majerowicz.fr\\\/wp-content\\\/uploads\\\/2018\\\/01\\\/32959196853_4222f2bb71_b-3.jpg\",\"keywords\":[\"Accenteur mouchet\",\"Nikon D5300\",\"Oiseau\",\"Prunella modularis\",\"Sigma 150-600 Contemporary\",\"Technique photographique\"],\"articleSection\":[\"Oiseau\"],\"inLanguage\":\"fr-FR\",\"potentialAction\":[{\"@type\":\"CommentAction\",\"name\":\"Comment\",\"target\":[\"https:\\\/\\\/www.sebastien-majerowicz.fr\\\/index.php\\\/2018\\\/01\\\/22\\\/ebouriffe\\\/#respond\"]}]},{\"@type\":\"WebPage\",\"@id\":\"https:\\\/\\\/www.sebastien-majerowicz.fr\\\/index.php\\\/2018\\\/01\\\/22\\\/ebouriffe\\\/\",\"url\":\"https:\\\/\\\/www.sebastien-majerowicz.fr\\\/index.php\\\/2018\\\/01\\\/22\\\/ebouriffe\\\/\",\"name\":\"\u00c9bouriff\u00e9 - S\u00e9bastien Majerowicz\",\"isPartOf\":{\"@id\":\"https:\\\/\\\/www.sebastien-majerowicz.fr\\\/#website\"},\"primaryImageOfPage\":{\"@id\":\"https:\\\/\\\/www.sebastien-majerowicz.fr\\\/index.php\\\/2018\\\/01\\\/22\\\/ebouriffe\\\/#primaryimage\"},\"image\":{\"@id\":\"https:\\\/\\\/www.sebastien-majerowicz.fr\\\/index.php\\\/2018\\\/01\\\/22\\\/ebouriffe\\\/#primaryimage\"},\"thumbnailUrl\":\"https:\\\/\\\/www.sebastien-majerowicz.fr\\\/wp-content\\\/uploads\\\/2018\\\/01\\\/32959196853_4222f2bb71_b-3.jpg\",\"datePublished\":\"2018-01-22T09:49:46+00:00\",\"breadcrumb\":{\"@id\":\"https:\\\/\\\/www.sebastien-majerowicz.fr\\\/index.php\\\/2018\\\/01\\\/22\\\/ebouriffe\\\/#breadcrumb\"},\"inLanguage\":\"fr-FR\",\"potentialAction\":[{\"@type\":\"ReadAction\",\"target\":[\"https:\\\/\\\/www.sebastien-majerowicz.fr\\\/index.php\\\/2018\\\/01\\\/22\\\/ebouriffe\\\/\"]}]},{\"@type\":\"ImageObject\",\"inLanguage\":\"fr-FR\",\"@id\":\"https:\\\/\\\/www.sebastien-majerowicz.fr\\\/index.php\\\/2018\\\/01\\\/22\\\/ebouriffe\\\/#primaryimage\",\"url\":\"https:\\\/\\\/www.sebastien-majerowicz.fr\\\/wp-content\\\/uploads\\\/2018\\\/01\\\/32959196853_4222f2bb71_b-3.jpg\",\"contentUrl\":\"https:\\\/\\\/www.sebastien-majerowicz.fr\\\/wp-content\\\/uploads\\\/2018\\\/01\\\/32959196853_4222f2bb71_b-3.jpg\",\"width\":1024,\"height\":683,\"caption\":\"Accenteur mouchet \\\/ Prunella modularis\"},{\"@type\":\"BreadcrumbList\",\"@id\":\"https:\\\/\\\/www.sebastien-majerowicz.fr\\\/index.php\\\/2018\\\/01\\\/22\\\/ebouriffe\\\/#breadcrumb\",\"itemListElement\":[{\"@type\":\"ListItem\",\"position\":1,\"name\":\"Accueil\",\"item\":\"https:\\\/\\\/www.sebastien-majerowicz.fr\\\/\"},{\"@type\":\"ListItem\",\"position\":2,\"name\":\"\u00c9bouriff\u00e9\"}]},{\"@type\":\"WebSite\",\"@id\":\"https:\\\/\\\/www.sebastien-majerowicz.fr\\\/#website\",\"url\":\"https:\\\/\\\/www.sebastien-majerowicz.fr\\\/\",\"name\":\"S\u00e9bastien Majerowicz\",\"description\":\"Photographe animalier par Nature\",\"publisher\":{\"@id\":\"https:\\\/\\\/www.sebastien-majerowicz.fr\\\/#\\\/schema\\\/person\\\/a64c1066d12b40958b45bf7ab508f6a3\"},\"potentialAction\":[{\"@type\":\"SearchAction\",\"target\":{\"@type\":\"EntryPoint\",\"urlTemplate\":\"https:\\\/\\\/www.sebastien-majerowicz.fr\\\/?s={search_term_string}\"},\"query-input\":{\"@type\":\"PropertyValueSpecification\",\"valueRequired\":true,\"valueName\":\"search_term_string\"}}],\"inLanguage\":\"fr-FR\"},{\"@type\":[\"Person\",\"Organization\"],\"@id\":\"https:\\\/\\\/www.sebastien-majerowicz.fr\\\/#\\\/schema\\\/person\\\/a64c1066d12b40958b45bf7ab508f6a3\",\"name\":\"S\u00e9bastien Majerowicz\",\"logo\":{\"@id\":\"https:\\\/\\\/www.sebastien-majerowicz.fr\\\/#\\\/schema\\\/person\\\/image\\\/\"},\"sameAs\":[\"https:\\\/\\\/www.sebastien-majerowicz.fr\"]}]}<\/script>\n<!-- \/ Yoast SEO plugin. -->","yoast_head_json":{"title":"\u00c9bouriff\u00e9 - S\u00e9bastien Majerowicz","robots":{"index":"index","follow":"follow","max-snippet":"max-snippet:-1","max-image-preview":"max-image-preview:large","max-video-preview":"max-video-preview:-1"},"canonical":"https:\/\/www.sebastien-majerowicz.fr\/index.php\/2018\/01\/22\/ebouriffe\/","og_locale":"fr_FR","og_type":"article","og_title":"\u00c9bouriff\u00e9 - S\u00e9bastien Majerowicz","og_description":"Quelle belle surprise d&rsquo;avoir pu observer l&rsquo;Accenteur mouchet (Prunella modularis) pendant sa toilette ! D&rsquo;ordinaire, lui si discret, il est la plupart du temps cach\u00e9 dans les fourr\u00e9s. Et l\u00e0, il \u00e9tait sur sa branche, s\u00fbrement pour profiter de ces cinq minutes de Soleil, ph\u00e9nom\u00e8ne unique de ces deux derniers mois de pluie &#8230; La [&hellip;]","og_url":"https:\/\/www.sebastien-majerowicz.fr\/index.php\/2018\/01\/22\/ebouriffe\/","og_site_name":"S\u00e9bastien Majerowicz","article_published_time":"2018-01-22T09:49:46+00:00","og_image":[{"width":1024,"height":683,"url":"https:\/\/www.sebastien-majerowicz.fr\/wp-content\/uploads\/2018\/01\/32959196853_4222f2bb71_b-3.jpg","type":"image\/jpeg"}],"author":"S\u00e9bastien Majerowicz","twitter_card":"summary_large_image","twitter_misc":{"\u00c9crit par":"S\u00e9bastien Majerowicz","Dur\u00e9e de lecture estim\u00e9e":"1 minute"},"schema":{"@context":"https:\/\/schema.org","@graph":[{"@type":"Article","@id":"https:\/\/www.sebastien-majerowicz.fr\/index.php\/2018\/01\/22\/ebouriffe\/#article","isPartOf":{"@id":"https:\/\/www.sebastien-majerowicz.fr\/index.php\/2018\/01\/22\/ebouriffe\/"},"author":{"name":"S\u00e9bastien Majerowicz","@id":"https:\/\/www.sebastien-majerowicz.fr\/#\/schema\/person\/a64c1066d12b40958b45bf7ab508f6a3"},"headline":"\u00c9bouriff\u00e9","datePublished":"2018-01-22T09:49:46+00:00","mainEntityOfPage":{"@id":"https:\/\/www.sebastien-majerowicz.fr\/index.php\/2018\/01\/22\/ebouriffe\/"},"wordCount":159,"commentCount":0,"publisher":{"@id":"https:\/\/www.sebastien-majerowicz.fr\/#\/schema\/person\/a64c1066d12b40958b45bf7ab508f6a3"},"image":{"@id":"https:\/\/www.sebastien-majerowicz.fr\/index.php\/2018\/01\/22\/ebouriffe\/#primaryimage"},"thumbnailUrl":"https:\/\/www.sebastien-majerowicz.fr\/wp-content\/uploads\/2018\/01\/32959196853_4222f2bb71_b-3.jpg","keywords":["Accenteur mouchet","Nikon D5300","Oiseau","Prunella modularis","Sigma 150-600 Contemporary","Technique photographique"],"articleSection":["Oiseau"],"inLanguage":"fr-FR","potentialAction":[{"@type":"CommentAction","name":"Comment","target":["https:\/\/www.sebastien-majerowicz.fr\/index.php\/2018\/01\/22\/ebouriffe\/#respond"]}]},{"@type":"WebPage","@id":"https:\/\/www.sebastien-majerowicz.fr\/index.php\/2018\/01\/22\/ebouriffe\/","url":"https:\/\/www.sebastien-majerowicz.fr\/index.php\/2018\/01\/22\/ebouriffe\/","name":"\u00c9bouriff\u00e9 - S\u00e9bastien Majerowicz","isPartOf":{"@id":"https:\/\/www.sebastien-majerowicz.fr\/#website"},"primaryImageOfPage":{"@id":"https:\/\/www.sebastien-majerowicz.fr\/index.php\/2018\/01\/22\/ebouriffe\/#primaryimage"},"image":{"@id":"https:\/\/www.sebastien-majerowicz.fr\/index.php\/2018\/01\/22\/ebouriffe\/#primaryimage"},"thumbnailUrl":"https:\/\/www.sebastien-majerowicz.fr\/wp-content\/uploads\/2018\/01\/32959196853_4222f2bb71_b-3.jpg","datePublished":"2018-01-22T09:49:46+00:00","breadcrumb":{"@id":"https:\/\/www.sebastien-majerowicz.fr\/index.php\/2018\/01\/22\/ebouriffe\/#breadcrumb"},"inLanguage":"fr-FR","potentialAction":[{"@type":"ReadAction","target":["https:\/\/www.sebastien-majerowicz.fr\/index.php\/2018\/01\/22\/ebouriffe\/"]}]},{"@type":"ImageObject","inLanguage":"fr-FR","@id":"https:\/\/www.sebastien-majerowicz.fr\/index.php\/2018\/01\/22\/ebouriffe\/#primaryimage","url":"https:\/\/www.sebastien-majerowicz.fr\/wp-content\/uploads\/2018\/01\/32959196853_4222f2bb71_b-3.jpg","contentUrl":"https:\/\/www.sebastien-majerowicz.fr\/wp-content\/uploads\/2018\/01\/32959196853_4222f2bb71_b-3.jpg","width":1024,"height":683,"caption":"Accenteur mouchet \/ Prunella modularis"},{"@type":"BreadcrumbList","@id":"https:\/\/www.sebastien-majerowicz.fr\/index.php\/2018\/01\/22\/ebouriffe\/#breadcrumb","itemListElement":[{"@type":"ListItem","position":1,"name":"Accueil","item":"https:\/\/www.sebastien-majerowicz.fr\/"},{"@type":"ListItem","position":2,"name":"\u00c9bouriff\u00e9"}]},{"@type":"WebSite","@id":"https:\/\/www.sebastien-majerowicz.fr\/#website","url":"https:\/\/www.sebastien-majerowicz.fr\/","name":"S\u00e9bastien Majerowicz","description":"Photographe animalier par Nature","publisher":{"@id":"https:\/\/www.sebastien-majerowicz.fr\/#\/schema\/person\/a64c1066d12b40958b45bf7ab508f6a3"},"potentialAction":[{"@type":"SearchAction","target":{"@type":"EntryPoint","urlTemplate":"https:\/\/www.sebastien-majerowicz.fr\/?s={search_term_string}"},"query-input":{"@type":"PropertyValueSpecification","valueRequired":true,"valueName":"search_term_string"}}],"inLanguage":"fr-FR"},{"@type":["Person","Organization"],"@id":"https:\/\/www.sebastien-majerowicz.fr\/#\/schema\/person\/a64c1066d12b40958b45bf7ab508f6a3","name":"S\u00e9bastien Majerowicz","logo":{"@id":"https:\/\/www.sebastien-majerowicz.fr\/#\/schema\/person\/image\/"},"sameAs":["https:\/\/www.sebastien-majerowicz.fr"]}]}},"_links":{"self":[{"href":"https:\/\/www.sebastien-majerowicz.fr\/index.php\/wp-json\/wp\/v2\/posts\/2570","targetHints":{"allow":["GET"]}}],"collection":[{"href":"https:\/\/www.sebastien-majerowicz.fr\/index.php\/wp-json\/wp\/v2\/posts"}],"about":[{"href":"https:\/\/www.sebastien-majerowicz.fr\/index.php\/wp-json\/wp\/v2\/types\/post"}],"author":[{"embeddable":true,"href":"https:\/\/www.sebastien-majerowicz.fr\/index.php\/wp-json\/wp\/v2\/users\/1"}],"replies":[{"embeddable":true,"href":"https:\/\/www.sebastien-majerowicz.fr\/index.php\/wp-json\/wp\/v2\/comments?post=2570"}],"version-history":[{"count":2,"href":"https:\/\/www.sebastien-majerowicz.fr\/index.php\/wp-json\/wp\/v2\/posts\/2570\/revisions"}],"predecessor-version":[{"id":2572,"href":"https:\/\/www.sebastien-majerowicz.fr\/index.php\/wp-json\/wp\/v2\/posts\/2570\/revisions\/2572"}],"wp:featuredmedia":[{"embeddable":true,"href":"https:\/\/www.sebastien-majerowicz.fr\/index.php\/wp-json\/wp\/v2\/media\/2569"}],"wp:attachment":[{"href":"https:\/\/www.sebastien-majerowicz.fr\/index.php\/wp-json\/wp\/v2\/media?parent=2570"}],"wp:term":[{"taxonomy":"category","embeddable":true,"href":"https:\/\/www.sebastien-majerowicz.fr\/index.php\/wp-json\/wp\/v2\/categories?post=2570"},{"taxonomy":"post_tag","embeddable":true,"href":"https:\/\/www.sebastien-majerowicz.fr\/index.php\/wp-json\/wp\/v2\/tags?post=2570"}],"curies":[{"name":"wp","href":"https:\/\/api.w.org\/{rel}","templated":true}]}}