{"id":2550,"date":"2018-01-18T10:08:17","date_gmt":"2018-01-18T09:08:17","guid":{"rendered":"http:\/\/www.sebastien-majerowicz.fr\/?p=2550"},"modified":"2018-01-24T15:18:26","modified_gmt":"2018-01-24T14:18:26","slug":"serein","status":"publish","type":"post","link":"https:\/\/www.sebastien-majerowicz.fr\/index.php\/2018\/01\/18\/serein\/","title":{"rendered":"Serein"},"content":{"rendered":"<p>Dans les bois, au ras de la mousse,<br \/>\nJe suis loin du vacarme de la vie.<br \/>\nAttentif, j&rsquo;\u00e9coute le monde qui pousse,<br \/>\nEst-ce une question de survie ?<\/p>\n<p>Peu importe le mode d&rsquo;expression,<br \/>\nTant que cela arr\u00eate le rififi !<br \/>\nPoser le genou \u00e0 terre, sans n\u00e9gociation,<br \/>\nMerci, Dame Nature, pour cette photographie.<\/p>\n<p>PS : Profitez au mieux de la photographie dans la galerie \u00ab\u00a0<a href=\"http:\/\/www.sebastien-majerowicz.fr\/index.php\/emergence\/\">\u00c9mergence<\/a>\u00ab\u00a0.<\/p>\n<p>PPS : Cette photo a inspir\u00e9 une artiste des mots, Chatnine. Je vous encourage \u00e0 aller lire <a href=\"http:\/\/chatnine.fr\/2018\/01\/24\/serein\/\" target=\"_blank\" rel=\"noopener\">son po\u00e8me<\/a>.<\/p>\n","protected":false},"excerpt":{"rendered":"<p>Dans les bois, au ras de la mousse, Je suis loin du vacarme de la vie. Attentif, j&rsquo;\u00e9coute le monde qui pousse, Est-ce une question de survie ? Peu importe le mode d&rsquo;expression, Tant que cela arr\u00eate le rififi ! Poser le genou \u00e0 terre, sans n\u00e9gociation, Merci, Dame Nature, pour cette photographie. PS : [&hellip;]<\/p>\n","protected":false},"author":1,"featured_media":2548,"comment_status":"open","ping_status":"open","sticky":false,"template":"","format":"standard","meta":{"footnotes":""},"categories":[16],"tags":[313,776,823,25,737,56],"class_list":{"0":"post-2550","1":"post","2":"type-post","3":"status-publish","4":"format-standard","5":"has-post-thumbnail","7":"category-champignon","8":"tag-champignon","9":"tag-chatnine","10":"tag-manfrotto-mtpixievo","11":"tag-nikon-d5300","12":"tag-poeme","13":"tag-sigma-105-macro","14":"czr-hentry"},"yoast_head":"<!-- This site is optimized with the Yoast SEO plugin v27.5 - https:\/\/yoast.com\/product\/yoast-seo-wordpress\/ -->\n<title>Serein - S\u00e9bastien Majerowicz<\/title>\n<meta name=\"robots\" content=\"index, follow, max-snippet:-1, max-image-preview:large, max-video-preview:-1\" \/>\n<link rel=\"canonical\" href=\"https:\/\/www.sebastien-majerowicz.fr\/index.php\/2018\/01\/18\/serein\/\" \/>\n<meta property=\"og:locale\" content=\"fr_FR\" \/>\n<meta property=\"og:type\" content=\"article\" \/>\n<meta property=\"og:title\" content=\"Serein - S\u00e9bastien Majerowicz\" \/>\n<meta property=\"og:description\" content=\"Dans les bois, au ras de la mousse, Je suis loin du vacarme de la vie. Attentif, j&rsquo;\u00e9coute le monde qui pousse, Est-ce une question de survie ? Peu importe le mode d&rsquo;expression, Tant que cela arr\u00eate le rififi ! Poser le genou \u00e0 terre, sans n\u00e9gociation, Merci, Dame Nature, pour cette photographie. PS : [&hellip;]\" \/>\n<meta property=\"og:url\" content=\"https:\/\/www.sebastien-majerowicz.fr\/index.php\/2018\/01\/18\/serein\/\" \/>\n<meta property=\"og:site_name\" content=\"S\u00e9bastien Majerowicz\" \/>\n<meta property=\"article:published_time\" content=\"2018-01-18T09:08:17+00:00\" \/>\n<meta property=\"article:modified_time\" content=\"2018-01-24T14:18:26+00:00\" \/>\n<meta property=\"og:image\" content=\"https:\/\/www.sebastien-majerowicz.fr\/wp-content\/uploads\/2018\/01\/32959196853_4222f2bb71_b-1.jpg\" \/>\n\t<meta property=\"og:image:width\" content=\"1024\" \/>\n\t<meta property=\"og:image:height\" content=\"576\" \/>\n\t<meta property=\"og:image:type\" content=\"image\/jpeg\" \/>\n<meta name=\"author\" content=\"S\u00e9bastien Majerowicz\" \/>\n<meta name=\"twitter:card\" content=\"summary_large_image\" \/>\n<meta name=\"twitter:label1\" content=\"\u00c9crit par\" \/>\n\t<meta name=\"twitter:data1\" content=\"S\u00e9bastien Majerowicz\" \/>\n<script type=\"application\/ld+json\" class=\"yoast-schema-graph\">{\"@context\":\"https:\\\/\\\/schema.org\",\"@graph\":[{\"@type\":\"Article\",\"@id\":\"https:\\\/\\\/www.sebastien-majerowicz.fr\\\/index.php\\\/2018\\\/01\\\/18\\\/serein\\\/#article\",\"isPartOf\":{\"@id\":\"https:\\\/\\\/www.sebastien-majerowicz.fr\\\/index.php\\\/2018\\\/01\\\/18\\\/serein\\\/\"},\"author\":{\"name\":\"S\u00e9bastien Majerowicz\",\"@id\":\"https:\\\/\\\/www.sebastien-majerowicz.fr\\\/#\\\/schema\\\/person\\\/a64c1066d12b40958b45bf7ab508f6a3\"},\"headline\":\"Serein\",\"datePublished\":\"2018-01-18T09:08:17+00:00\",\"dateModified\":\"2018-01-24T14:18:26+00:00\",\"mainEntityOfPage\":{\"@id\":\"https:\\\/\\\/www.sebastien-majerowicz.fr\\\/index.php\\\/2018\\\/01\\\/18\\\/serein\\\/\"},\"wordCount\":84,\"commentCount\":0,\"publisher\":{\"@id\":\"https:\\\/\\\/www.sebastien-majerowicz.fr\\\/#\\\/schema\\\/person\\\/a64c1066d12b40958b45bf7ab508f6a3\"},\"image\":{\"@id\":\"https:\\\/\\\/www.sebastien-majerowicz.fr\\\/index.php\\\/2018\\\/01\\\/18\\\/serein\\\/#primaryimage\"},\"thumbnailUrl\":\"https:\\\/\\\/www.sebastien-majerowicz.fr\\\/wp-content\\\/uploads\\\/2018\\\/01\\\/32959196853_4222f2bb71_b-1.jpg\",\"keywords\":[\"Champignon\",\"Chatnine\",\"Manfrotto MTPIXIEVO\",\"Nikon D5300\",\"Po\u00e8me\",\"Sigma 105 macro\"],\"articleSection\":[\"Champignon\"],\"inLanguage\":\"fr-FR\",\"potentialAction\":[{\"@type\":\"CommentAction\",\"name\":\"Comment\",\"target\":[\"https:\\\/\\\/www.sebastien-majerowicz.fr\\\/index.php\\\/2018\\\/01\\\/18\\\/serein\\\/#respond\"]}]},{\"@type\":\"WebPage\",\"@id\":\"https:\\\/\\\/www.sebastien-majerowicz.fr\\\/index.php\\\/2018\\\/01\\\/18\\\/serein\\\/\",\"url\":\"https:\\\/\\\/www.sebastien-majerowicz.fr\\\/index.php\\\/2018\\\/01\\\/18\\\/serein\\\/\",\"name\":\"Serein - S\u00e9bastien Majerowicz\",\"isPartOf\":{\"@id\":\"https:\\\/\\\/www.sebastien-majerowicz.fr\\\/#website\"},\"primaryImageOfPage\":{\"@id\":\"https:\\\/\\\/www.sebastien-majerowicz.fr\\\/index.php\\\/2018\\\/01\\\/18\\\/serein\\\/#primaryimage\"},\"image\":{\"@id\":\"https:\\\/\\\/www.sebastien-majerowicz.fr\\\/index.php\\\/2018\\\/01\\\/18\\\/serein\\\/#primaryimage\"},\"thumbnailUrl\":\"https:\\\/\\\/www.sebastien-majerowicz.fr\\\/wp-content\\\/uploads\\\/2018\\\/01\\\/32959196853_4222f2bb71_b-1.jpg\",\"datePublished\":\"2018-01-18T09:08:17+00:00\",\"dateModified\":\"2018-01-24T14:18:26+00:00\",\"breadcrumb\":{\"@id\":\"https:\\\/\\\/www.sebastien-majerowicz.fr\\\/index.php\\\/2018\\\/01\\\/18\\\/serein\\\/#breadcrumb\"},\"inLanguage\":\"fr-FR\",\"potentialAction\":[{\"@type\":\"ReadAction\",\"target\":[\"https:\\\/\\\/www.sebastien-majerowicz.fr\\\/index.php\\\/2018\\\/01\\\/18\\\/serein\\\/\"]}]},{\"@type\":\"ImageObject\",\"inLanguage\":\"fr-FR\",\"@id\":\"https:\\\/\\\/www.sebastien-majerowicz.fr\\\/index.php\\\/2018\\\/01\\\/18\\\/serein\\\/#primaryimage\",\"url\":\"https:\\\/\\\/www.sebastien-majerowicz.fr\\\/wp-content\\\/uploads\\\/2018\\\/01\\\/32959196853_4222f2bb71_b-1.jpg\",\"contentUrl\":\"https:\\\/\\\/www.sebastien-majerowicz.fr\\\/wp-content\\\/uploads\\\/2018\\\/01\\\/32959196853_4222f2bb71_b-1.jpg\",\"width\":1024,\"height\":576,\"caption\":\"Champignon\"},{\"@type\":\"BreadcrumbList\",\"@id\":\"https:\\\/\\\/www.sebastien-majerowicz.fr\\\/index.php\\\/2018\\\/01\\\/18\\\/serein\\\/#breadcrumb\",\"itemListElement\":[{\"@type\":\"ListItem\",\"position\":1,\"name\":\"Accueil\",\"item\":\"https:\\\/\\\/www.sebastien-majerowicz.fr\\\/\"},{\"@type\":\"ListItem\",\"position\":2,\"name\":\"Serein\"}]},{\"@type\":\"WebSite\",\"@id\":\"https:\\\/\\\/www.sebastien-majerowicz.fr\\\/#website\",\"url\":\"https:\\\/\\\/www.sebastien-majerowicz.fr\\\/\",\"name\":\"S\u00e9bastien Majerowicz\",\"description\":\"Photographe animalier par Nature\",\"publisher\":{\"@id\":\"https:\\\/\\\/www.sebastien-majerowicz.fr\\\/#\\\/schema\\\/person\\\/a64c1066d12b40958b45bf7ab508f6a3\"},\"potentialAction\":[{\"@type\":\"SearchAction\",\"target\":{\"@type\":\"EntryPoint\",\"urlTemplate\":\"https:\\\/\\\/www.sebastien-majerowicz.fr\\\/?s={search_term_string}\"},\"query-input\":{\"@type\":\"PropertyValueSpecification\",\"valueRequired\":true,\"valueName\":\"search_term_string\"}}],\"inLanguage\":\"fr-FR\"},{\"@type\":[\"Person\",\"Organization\"],\"@id\":\"https:\\\/\\\/www.sebastien-majerowicz.fr\\\/#\\\/schema\\\/person\\\/a64c1066d12b40958b45bf7ab508f6a3\",\"name\":\"S\u00e9bastien Majerowicz\",\"logo\":{\"@id\":\"https:\\\/\\\/www.sebastien-majerowicz.fr\\\/#\\\/schema\\\/person\\\/image\\\/\"},\"sameAs\":[\"https:\\\/\\\/www.sebastien-majerowicz.fr\"]}]}<\/script>\n<!-- \/ Yoast SEO plugin. -->","yoast_head_json":{"title":"Serein - S\u00e9bastien Majerowicz","robots":{"index":"index","follow":"follow","max-snippet":"max-snippet:-1","max-image-preview":"max-image-preview:large","max-video-preview":"max-video-preview:-1"},"canonical":"https:\/\/www.sebastien-majerowicz.fr\/index.php\/2018\/01\/18\/serein\/","og_locale":"fr_FR","og_type":"article","og_title":"Serein - S\u00e9bastien Majerowicz","og_description":"Dans les bois, au ras de la mousse, Je suis loin du vacarme de la vie. Attentif, j&rsquo;\u00e9coute le monde qui pousse, Est-ce une question de survie ? Peu importe le mode d&rsquo;expression, Tant que cela arr\u00eate le rififi ! Poser le genou \u00e0 terre, sans n\u00e9gociation, Merci, Dame Nature, pour cette photographie. PS : [&hellip;]","og_url":"https:\/\/www.sebastien-majerowicz.fr\/index.php\/2018\/01\/18\/serein\/","og_site_name":"S\u00e9bastien Majerowicz","article_published_time":"2018-01-18T09:08:17+00:00","article_modified_time":"2018-01-24T14:18:26+00:00","og_image":[{"width":1024,"height":576,"url":"https:\/\/www.sebastien-majerowicz.fr\/wp-content\/uploads\/2018\/01\/32959196853_4222f2bb71_b-1.jpg","type":"image\/jpeg"}],"author":"S\u00e9bastien Majerowicz","twitter_card":"summary_large_image","twitter_misc":{"\u00c9crit par":"S\u00e9bastien Majerowicz"},"schema":{"@context":"https:\/\/schema.org","@graph":[{"@type":"Article","@id":"https:\/\/www.sebastien-majerowicz.fr\/index.php\/2018\/01\/18\/serein\/#article","isPartOf":{"@id":"https:\/\/www.sebastien-majerowicz.fr\/index.php\/2018\/01\/18\/serein\/"},"author":{"name":"S\u00e9bastien Majerowicz","@id":"https:\/\/www.sebastien-majerowicz.fr\/#\/schema\/person\/a64c1066d12b40958b45bf7ab508f6a3"},"headline":"Serein","datePublished":"2018-01-18T09:08:17+00:00","dateModified":"2018-01-24T14:18:26+00:00","mainEntityOfPage":{"@id":"https:\/\/www.sebastien-majerowicz.fr\/index.php\/2018\/01\/18\/serein\/"},"wordCount":84,"commentCount":0,"publisher":{"@id":"https:\/\/www.sebastien-majerowicz.fr\/#\/schema\/person\/a64c1066d12b40958b45bf7ab508f6a3"},"image":{"@id":"https:\/\/www.sebastien-majerowicz.fr\/index.php\/2018\/01\/18\/serein\/#primaryimage"},"thumbnailUrl":"https:\/\/www.sebastien-majerowicz.fr\/wp-content\/uploads\/2018\/01\/32959196853_4222f2bb71_b-1.jpg","keywords":["Champignon","Chatnine","Manfrotto MTPIXIEVO","Nikon D5300","Po\u00e8me","Sigma 105 macro"],"articleSection":["Champignon"],"inLanguage":"fr-FR","potentialAction":[{"@type":"CommentAction","name":"Comment","target":["https:\/\/www.sebastien-majerowicz.fr\/index.php\/2018\/01\/18\/serein\/#respond"]}]},{"@type":"WebPage","@id":"https:\/\/www.sebastien-majerowicz.fr\/index.php\/2018\/01\/18\/serein\/","url":"https:\/\/www.sebastien-majerowicz.fr\/index.php\/2018\/01\/18\/serein\/","name":"Serein - S\u00e9bastien Majerowicz","isPartOf":{"@id":"https:\/\/www.sebastien-majerowicz.fr\/#website"},"primaryImageOfPage":{"@id":"https:\/\/www.sebastien-majerowicz.fr\/index.php\/2018\/01\/18\/serein\/#primaryimage"},"image":{"@id":"https:\/\/www.sebastien-majerowicz.fr\/index.php\/2018\/01\/18\/serein\/#primaryimage"},"thumbnailUrl":"https:\/\/www.sebastien-majerowicz.fr\/wp-content\/uploads\/2018\/01\/32959196853_4222f2bb71_b-1.jpg","datePublished":"2018-01-18T09:08:17+00:00","dateModified":"2018-01-24T14:18:26+00:00","breadcrumb":{"@id":"https:\/\/www.sebastien-majerowicz.fr\/index.php\/2018\/01\/18\/serein\/#breadcrumb"},"inLanguage":"fr-FR","potentialAction":[{"@type":"ReadAction","target":["https:\/\/www.sebastien-majerowicz.fr\/index.php\/2018\/01\/18\/serein\/"]}]},{"@type":"ImageObject","inLanguage":"fr-FR","@id":"https:\/\/www.sebastien-majerowicz.fr\/index.php\/2018\/01\/18\/serein\/#primaryimage","url":"https:\/\/www.sebastien-majerowicz.fr\/wp-content\/uploads\/2018\/01\/32959196853_4222f2bb71_b-1.jpg","contentUrl":"https:\/\/www.sebastien-majerowicz.fr\/wp-content\/uploads\/2018\/01\/32959196853_4222f2bb71_b-1.jpg","width":1024,"height":576,"caption":"Champignon"},{"@type":"BreadcrumbList","@id":"https:\/\/www.sebastien-majerowicz.fr\/index.php\/2018\/01\/18\/serein\/#breadcrumb","itemListElement":[{"@type":"ListItem","position":1,"name":"Accueil","item":"https:\/\/www.sebastien-majerowicz.fr\/"},{"@type":"ListItem","position":2,"name":"Serein"}]},{"@type":"WebSite","@id":"https:\/\/www.sebastien-majerowicz.fr\/#website","url":"https:\/\/www.sebastien-majerowicz.fr\/","name":"S\u00e9bastien Majerowicz","description":"Photographe animalier par Nature","publisher":{"@id":"https:\/\/www.sebastien-majerowicz.fr\/#\/schema\/person\/a64c1066d12b40958b45bf7ab508f6a3"},"potentialAction":[{"@type":"SearchAction","target":{"@type":"EntryPoint","urlTemplate":"https:\/\/www.sebastien-majerowicz.fr\/?s={search_term_string}"},"query-input":{"@type":"PropertyValueSpecification","valueRequired":true,"valueName":"search_term_string"}}],"inLanguage":"fr-FR"},{"@type":["Person","Organization"],"@id":"https:\/\/www.sebastien-majerowicz.fr\/#\/schema\/person\/a64c1066d12b40958b45bf7ab508f6a3","name":"S\u00e9bastien Majerowicz","logo":{"@id":"https:\/\/www.sebastien-majerowicz.fr\/#\/schema\/person\/image\/"},"sameAs":["https:\/\/www.sebastien-majerowicz.fr"]}]}},"_links":{"self":[{"href":"https:\/\/www.sebastien-majerowicz.fr\/index.php\/wp-json\/wp\/v2\/posts\/2550","targetHints":{"allow":["GET"]}}],"collection":[{"href":"https:\/\/www.sebastien-majerowicz.fr\/index.php\/wp-json\/wp\/v2\/posts"}],"about":[{"href":"https:\/\/www.sebastien-majerowicz.fr\/index.php\/wp-json\/wp\/v2\/types\/post"}],"author":[{"embeddable":true,"href":"https:\/\/www.sebastien-majerowicz.fr\/index.php\/wp-json\/wp\/v2\/users\/1"}],"replies":[{"embeddable":true,"href":"https:\/\/www.sebastien-majerowicz.fr\/index.php\/wp-json\/wp\/v2\/comments?post=2550"}],"version-history":[{"count":5,"href":"https:\/\/www.sebastien-majerowicz.fr\/index.php\/wp-json\/wp\/v2\/posts\/2550\/revisions"}],"predecessor-version":[{"id":2590,"href":"https:\/\/www.sebastien-majerowicz.fr\/index.php\/wp-json\/wp\/v2\/posts\/2550\/revisions\/2590"}],"wp:featuredmedia":[{"embeddable":true,"href":"https:\/\/www.sebastien-majerowicz.fr\/index.php\/wp-json\/wp\/v2\/media\/2548"}],"wp:attachment":[{"href":"https:\/\/www.sebastien-majerowicz.fr\/index.php\/wp-json\/wp\/v2\/media?parent=2550"}],"wp:term":[{"taxonomy":"category","embeddable":true,"href":"https:\/\/www.sebastien-majerowicz.fr\/index.php\/wp-json\/wp\/v2\/categories?post=2550"},{"taxonomy":"post_tag","embeddable":true,"href":"https:\/\/www.sebastien-majerowicz.fr\/index.php\/wp-json\/wp\/v2\/tags?post=2550"}],"curies":[{"name":"wp","href":"https:\/\/api.w.org\/{rel}","templated":true}]}}