{"id":2145,"date":"2017-11-08T09:05:34","date_gmt":"2017-11-08T08:05:34","guid":{"rendered":"http:\/\/www.sebastien-majerowicz.fr\/?p=2145"},"modified":"2017-11-08T09:05:34","modified_gmt":"2017-11-08T08:05:34","slug":"en-pointille","status":"publish","type":"post","link":"https:\/\/www.sebastien-majerowicz.fr\/index.php\/2017\/11\/08\/en-pointille\/","title":{"rendered":"En pointill\u00e9"},"content":{"rendered":"<p>Sans un bruit, certains oiseaux migrent. Une migration sur la pointe des pieds, ou plut\u00f4t, sur la pointe des ailes ! Ce qui marque, c&rsquo;est justement le silence laiss\u00e9 par leur absence &#8230; Par groupe, ils se suivent, l&rsquo;un derri\u00e8re l&rsquo;autre, chantres de l&rsquo;efficacit\u00e9 a\u00e9rodynamique ! Alors, ils passent en pointill\u00e9 dans le ciel. Levons la t\u00eate, souhaitons-leur bonne chance et \u00e0 bient\u00f4t \ud83d\ude42<\/p>\n","protected":false},"excerpt":{"rendered":"<p>Sans un bruit, certains oiseaux migrent. Une migration sur la pointe des pieds, ou plut\u00f4t, sur la pointe des ailes ! Ce qui marque, c&rsquo;est justement le silence laiss\u00e9 par leur absence &#8230; Par groupe, ils se suivent, l&rsquo;un derri\u00e8re l&rsquo;autre, chantres de l&rsquo;efficacit\u00e9 a\u00e9rodynamique ! Alors, ils passent en pointill\u00e9 dans le ciel. Levons [&hellip;]<\/p>\n","protected":false},"author":1,"featured_media":2143,"comment_status":"open","ping_status":"open","sticky":false,"template":"","format":"standard","meta":{"footnotes":""},"categories":[14],"tags":[644,25,55,645,26],"class_list":{"0":"post-2145","1":"post","2":"type-post","3":"status-publish","4":"format-standard","5":"has-post-thumbnail","7":"category-oiseau","8":"tag-flamant-rose","9":"tag-nikon-d5300","10":"tag-oiseau","11":"tag-phoenicopterus-roseus","12":"tag-sigma-150-600-contemporary","13":"czr-hentry"},"yoast_head":"<!-- This site is optimized with the Yoast SEO plugin v27.5 - https:\/\/yoast.com\/product\/yoast-seo-wordpress\/ -->\n<title>En pointill\u00e9 - S\u00e9bastien Majerowicz<\/title>\n<meta name=\"robots\" content=\"index, follow, max-snippet:-1, max-image-preview:large, max-video-preview:-1\" \/>\n<link rel=\"canonical\" href=\"https:\/\/www.sebastien-majerowicz.fr\/index.php\/2017\/11\/08\/en-pointille\/\" \/>\n<meta property=\"og:locale\" content=\"fr_FR\" \/>\n<meta property=\"og:type\" content=\"article\" \/>\n<meta property=\"og:title\" content=\"En pointill\u00e9 - S\u00e9bastien Majerowicz\" \/>\n<meta property=\"og:description\" content=\"Sans un bruit, certains oiseaux migrent. Une migration sur la pointe des pieds, ou plut\u00f4t, sur la pointe des ailes ! Ce qui marque, c&rsquo;est justement le silence laiss\u00e9 par leur absence &#8230; Par groupe, ils se suivent, l&rsquo;un derri\u00e8re l&rsquo;autre, chantres de l&rsquo;efficacit\u00e9 a\u00e9rodynamique ! Alors, ils passent en pointill\u00e9 dans le ciel. Levons [&hellip;]\" \/>\n<meta property=\"og:url\" content=\"https:\/\/www.sebastien-majerowicz.fr\/index.php\/2017\/11\/08\/en-pointille\/\" \/>\n<meta property=\"og:site_name\" content=\"S\u00e9bastien Majerowicz\" \/>\n<meta property=\"article:published_time\" content=\"2017-11-08T08:05:34+00:00\" \/>\n<meta property=\"og:image\" content=\"https:\/\/www.sebastien-majerowicz.fr\/wp-content\/uploads\/2017\/11\/37577939092_6bc855da1e_b-4.jpg\" \/>\n\t<meta property=\"og:image:width\" content=\"1024\" \/>\n\t<meta property=\"og:image:height\" content=\"576\" \/>\n\t<meta property=\"og:image:type\" content=\"image\/jpeg\" \/>\n<meta name=\"author\" content=\"S\u00e9bastien Majerowicz\" \/>\n<meta name=\"twitter:card\" content=\"summary_large_image\" \/>\n<meta name=\"twitter:label1\" content=\"\u00c9crit par\" \/>\n\t<meta name=\"twitter:data1\" content=\"S\u00e9bastien Majerowicz\" \/>\n<script type=\"application\/ld+json\" class=\"yoast-schema-graph\">{\"@context\":\"https:\\\/\\\/schema.org\",\"@graph\":[{\"@type\":\"Article\",\"@id\":\"https:\\\/\\\/www.sebastien-majerowicz.fr\\\/index.php\\\/2017\\\/11\\\/08\\\/en-pointille\\\/#article\",\"isPartOf\":{\"@id\":\"https:\\\/\\\/www.sebastien-majerowicz.fr\\\/index.php\\\/2017\\\/11\\\/08\\\/en-pointille\\\/\"},\"author\":{\"name\":\"S\u00e9bastien Majerowicz\",\"@id\":\"https:\\\/\\\/www.sebastien-majerowicz.fr\\\/#\\\/schema\\\/person\\\/a64c1066d12b40958b45bf7ab508f6a3\"},\"headline\":\"En pointill\u00e9\",\"datePublished\":\"2017-11-08T08:05:34+00:00\",\"mainEntityOfPage\":{\"@id\":\"https:\\\/\\\/www.sebastien-majerowicz.fr\\\/index.php\\\/2017\\\/11\\\/08\\\/en-pointille\\\/\"},\"wordCount\":70,\"commentCount\":0,\"publisher\":{\"@id\":\"https:\\\/\\\/www.sebastien-majerowicz.fr\\\/#\\\/schema\\\/person\\\/a64c1066d12b40958b45bf7ab508f6a3\"},\"image\":{\"@id\":\"https:\\\/\\\/www.sebastien-majerowicz.fr\\\/index.php\\\/2017\\\/11\\\/08\\\/en-pointille\\\/#primaryimage\"},\"thumbnailUrl\":\"https:\\\/\\\/www.sebastien-majerowicz.fr\\\/wp-content\\\/uploads\\\/2017\\\/11\\\/37577939092_6bc855da1e_b-4.jpg\",\"keywords\":[\"Flamant rose\",\"Nikon D5300\",\"Oiseau\",\"Phoenicopterus roseus\",\"Sigma 150-600 Contemporary\"],\"articleSection\":[\"Oiseau\"],\"inLanguage\":\"fr-FR\",\"potentialAction\":[{\"@type\":\"CommentAction\",\"name\":\"Comment\",\"target\":[\"https:\\\/\\\/www.sebastien-majerowicz.fr\\\/index.php\\\/2017\\\/11\\\/08\\\/en-pointille\\\/#respond\"]}]},{\"@type\":\"WebPage\",\"@id\":\"https:\\\/\\\/www.sebastien-majerowicz.fr\\\/index.php\\\/2017\\\/11\\\/08\\\/en-pointille\\\/\",\"url\":\"https:\\\/\\\/www.sebastien-majerowicz.fr\\\/index.php\\\/2017\\\/11\\\/08\\\/en-pointille\\\/\",\"name\":\"En pointill\u00e9 - S\u00e9bastien Majerowicz\",\"isPartOf\":{\"@id\":\"https:\\\/\\\/www.sebastien-majerowicz.fr\\\/#website\"},\"primaryImageOfPage\":{\"@id\":\"https:\\\/\\\/www.sebastien-majerowicz.fr\\\/index.php\\\/2017\\\/11\\\/08\\\/en-pointille\\\/#primaryimage\"},\"image\":{\"@id\":\"https:\\\/\\\/www.sebastien-majerowicz.fr\\\/index.php\\\/2017\\\/11\\\/08\\\/en-pointille\\\/#primaryimage\"},\"thumbnailUrl\":\"https:\\\/\\\/www.sebastien-majerowicz.fr\\\/wp-content\\\/uploads\\\/2017\\\/11\\\/37577939092_6bc855da1e_b-4.jpg\",\"datePublished\":\"2017-11-08T08:05:34+00:00\",\"breadcrumb\":{\"@id\":\"https:\\\/\\\/www.sebastien-majerowicz.fr\\\/index.php\\\/2017\\\/11\\\/08\\\/en-pointille\\\/#breadcrumb\"},\"inLanguage\":\"fr-FR\",\"potentialAction\":[{\"@type\":\"ReadAction\",\"target\":[\"https:\\\/\\\/www.sebastien-majerowicz.fr\\\/index.php\\\/2017\\\/11\\\/08\\\/en-pointille\\\/\"]}]},{\"@type\":\"ImageObject\",\"inLanguage\":\"fr-FR\",\"@id\":\"https:\\\/\\\/www.sebastien-majerowicz.fr\\\/index.php\\\/2017\\\/11\\\/08\\\/en-pointille\\\/#primaryimage\",\"url\":\"https:\\\/\\\/www.sebastien-majerowicz.fr\\\/wp-content\\\/uploads\\\/2017\\\/11\\\/37577939092_6bc855da1e_b-4.jpg\",\"contentUrl\":\"https:\\\/\\\/www.sebastien-majerowicz.fr\\\/wp-content\\\/uploads\\\/2017\\\/11\\\/37577939092_6bc855da1e_b-4.jpg\",\"width\":1024,\"height\":576,\"caption\":\"Flamant rose \\\/ Phoenicopterus roseus\"},{\"@type\":\"BreadcrumbList\",\"@id\":\"https:\\\/\\\/www.sebastien-majerowicz.fr\\\/index.php\\\/2017\\\/11\\\/08\\\/en-pointille\\\/#breadcrumb\",\"itemListElement\":[{\"@type\":\"ListItem\",\"position\":1,\"name\":\"Accueil\",\"item\":\"https:\\\/\\\/www.sebastien-majerowicz.fr\\\/\"},{\"@type\":\"ListItem\",\"position\":2,\"name\":\"En pointill\u00e9\"}]},{\"@type\":\"WebSite\",\"@id\":\"https:\\\/\\\/www.sebastien-majerowicz.fr\\\/#website\",\"url\":\"https:\\\/\\\/www.sebastien-majerowicz.fr\\\/\",\"name\":\"S\u00e9bastien Majerowicz\",\"description\":\"Photographe animalier par Nature\",\"publisher\":{\"@id\":\"https:\\\/\\\/www.sebastien-majerowicz.fr\\\/#\\\/schema\\\/person\\\/a64c1066d12b40958b45bf7ab508f6a3\"},\"potentialAction\":[{\"@type\":\"SearchAction\",\"target\":{\"@type\":\"EntryPoint\",\"urlTemplate\":\"https:\\\/\\\/www.sebastien-majerowicz.fr\\\/?s={search_term_string}\"},\"query-input\":{\"@type\":\"PropertyValueSpecification\",\"valueRequired\":true,\"valueName\":\"search_term_string\"}}],\"inLanguage\":\"fr-FR\"},{\"@type\":[\"Person\",\"Organization\"],\"@id\":\"https:\\\/\\\/www.sebastien-majerowicz.fr\\\/#\\\/schema\\\/person\\\/a64c1066d12b40958b45bf7ab508f6a3\",\"name\":\"S\u00e9bastien Majerowicz\",\"logo\":{\"@id\":\"https:\\\/\\\/www.sebastien-majerowicz.fr\\\/#\\\/schema\\\/person\\\/image\\\/\"},\"sameAs\":[\"https:\\\/\\\/www.sebastien-majerowicz.fr\"]}]}<\/script>\n<!-- \/ Yoast SEO plugin. -->","yoast_head_json":{"title":"En pointill\u00e9 - S\u00e9bastien Majerowicz","robots":{"index":"index","follow":"follow","max-snippet":"max-snippet:-1","max-image-preview":"max-image-preview:large","max-video-preview":"max-video-preview:-1"},"canonical":"https:\/\/www.sebastien-majerowicz.fr\/index.php\/2017\/11\/08\/en-pointille\/","og_locale":"fr_FR","og_type":"article","og_title":"En pointill\u00e9 - S\u00e9bastien Majerowicz","og_description":"Sans un bruit, certains oiseaux migrent. Une migration sur la pointe des pieds, ou plut\u00f4t, sur la pointe des ailes ! Ce qui marque, c&rsquo;est justement le silence laiss\u00e9 par leur absence &#8230; Par groupe, ils se suivent, l&rsquo;un derri\u00e8re l&rsquo;autre, chantres de l&rsquo;efficacit\u00e9 a\u00e9rodynamique ! Alors, ils passent en pointill\u00e9 dans le ciel. Levons [&hellip;]","og_url":"https:\/\/www.sebastien-majerowicz.fr\/index.php\/2017\/11\/08\/en-pointille\/","og_site_name":"S\u00e9bastien Majerowicz","article_published_time":"2017-11-08T08:05:34+00:00","og_image":[{"width":1024,"height":576,"url":"https:\/\/www.sebastien-majerowicz.fr\/wp-content\/uploads\/2017\/11\/37577939092_6bc855da1e_b-4.jpg","type":"image\/jpeg"}],"author":"S\u00e9bastien Majerowicz","twitter_card":"summary_large_image","twitter_misc":{"\u00c9crit par":"S\u00e9bastien Majerowicz"},"schema":{"@context":"https:\/\/schema.org","@graph":[{"@type":"Article","@id":"https:\/\/www.sebastien-majerowicz.fr\/index.php\/2017\/11\/08\/en-pointille\/#article","isPartOf":{"@id":"https:\/\/www.sebastien-majerowicz.fr\/index.php\/2017\/11\/08\/en-pointille\/"},"author":{"name":"S\u00e9bastien Majerowicz","@id":"https:\/\/www.sebastien-majerowicz.fr\/#\/schema\/person\/a64c1066d12b40958b45bf7ab508f6a3"},"headline":"En pointill\u00e9","datePublished":"2017-11-08T08:05:34+00:00","mainEntityOfPage":{"@id":"https:\/\/www.sebastien-majerowicz.fr\/index.php\/2017\/11\/08\/en-pointille\/"},"wordCount":70,"commentCount":0,"publisher":{"@id":"https:\/\/www.sebastien-majerowicz.fr\/#\/schema\/person\/a64c1066d12b40958b45bf7ab508f6a3"},"image":{"@id":"https:\/\/www.sebastien-majerowicz.fr\/index.php\/2017\/11\/08\/en-pointille\/#primaryimage"},"thumbnailUrl":"https:\/\/www.sebastien-majerowicz.fr\/wp-content\/uploads\/2017\/11\/37577939092_6bc855da1e_b-4.jpg","keywords":["Flamant rose","Nikon D5300","Oiseau","Phoenicopterus roseus","Sigma 150-600 Contemporary"],"articleSection":["Oiseau"],"inLanguage":"fr-FR","potentialAction":[{"@type":"CommentAction","name":"Comment","target":["https:\/\/www.sebastien-majerowicz.fr\/index.php\/2017\/11\/08\/en-pointille\/#respond"]}]},{"@type":"WebPage","@id":"https:\/\/www.sebastien-majerowicz.fr\/index.php\/2017\/11\/08\/en-pointille\/","url":"https:\/\/www.sebastien-majerowicz.fr\/index.php\/2017\/11\/08\/en-pointille\/","name":"En pointill\u00e9 - S\u00e9bastien Majerowicz","isPartOf":{"@id":"https:\/\/www.sebastien-majerowicz.fr\/#website"},"primaryImageOfPage":{"@id":"https:\/\/www.sebastien-majerowicz.fr\/index.php\/2017\/11\/08\/en-pointille\/#primaryimage"},"image":{"@id":"https:\/\/www.sebastien-majerowicz.fr\/index.php\/2017\/11\/08\/en-pointille\/#primaryimage"},"thumbnailUrl":"https:\/\/www.sebastien-majerowicz.fr\/wp-content\/uploads\/2017\/11\/37577939092_6bc855da1e_b-4.jpg","datePublished":"2017-11-08T08:05:34+00:00","breadcrumb":{"@id":"https:\/\/www.sebastien-majerowicz.fr\/index.php\/2017\/11\/08\/en-pointille\/#breadcrumb"},"inLanguage":"fr-FR","potentialAction":[{"@type":"ReadAction","target":["https:\/\/www.sebastien-majerowicz.fr\/index.php\/2017\/11\/08\/en-pointille\/"]}]},{"@type":"ImageObject","inLanguage":"fr-FR","@id":"https:\/\/www.sebastien-majerowicz.fr\/index.php\/2017\/11\/08\/en-pointille\/#primaryimage","url":"https:\/\/www.sebastien-majerowicz.fr\/wp-content\/uploads\/2017\/11\/37577939092_6bc855da1e_b-4.jpg","contentUrl":"https:\/\/www.sebastien-majerowicz.fr\/wp-content\/uploads\/2017\/11\/37577939092_6bc855da1e_b-4.jpg","width":1024,"height":576,"caption":"Flamant rose \/ Phoenicopterus roseus"},{"@type":"BreadcrumbList","@id":"https:\/\/www.sebastien-majerowicz.fr\/index.php\/2017\/11\/08\/en-pointille\/#breadcrumb","itemListElement":[{"@type":"ListItem","position":1,"name":"Accueil","item":"https:\/\/www.sebastien-majerowicz.fr\/"},{"@type":"ListItem","position":2,"name":"En pointill\u00e9"}]},{"@type":"WebSite","@id":"https:\/\/www.sebastien-majerowicz.fr\/#website","url":"https:\/\/www.sebastien-majerowicz.fr\/","name":"S\u00e9bastien Majerowicz","description":"Photographe animalier par Nature","publisher":{"@id":"https:\/\/www.sebastien-majerowicz.fr\/#\/schema\/person\/a64c1066d12b40958b45bf7ab508f6a3"},"potentialAction":[{"@type":"SearchAction","target":{"@type":"EntryPoint","urlTemplate":"https:\/\/www.sebastien-majerowicz.fr\/?s={search_term_string}"},"query-input":{"@type":"PropertyValueSpecification","valueRequired":true,"valueName":"search_term_string"}}],"inLanguage":"fr-FR"},{"@type":["Person","Organization"],"@id":"https:\/\/www.sebastien-majerowicz.fr\/#\/schema\/person\/a64c1066d12b40958b45bf7ab508f6a3","name":"S\u00e9bastien Majerowicz","logo":{"@id":"https:\/\/www.sebastien-majerowicz.fr\/#\/schema\/person\/image\/"},"sameAs":["https:\/\/www.sebastien-majerowicz.fr"]}]}},"_links":{"self":[{"href":"https:\/\/www.sebastien-majerowicz.fr\/index.php\/wp-json\/wp\/v2\/posts\/2145","targetHints":{"allow":["GET"]}}],"collection":[{"href":"https:\/\/www.sebastien-majerowicz.fr\/index.php\/wp-json\/wp\/v2\/posts"}],"about":[{"href":"https:\/\/www.sebastien-majerowicz.fr\/index.php\/wp-json\/wp\/v2\/types\/post"}],"author":[{"embeddable":true,"href":"https:\/\/www.sebastien-majerowicz.fr\/index.php\/wp-json\/wp\/v2\/users\/1"}],"replies":[{"embeddable":true,"href":"https:\/\/www.sebastien-majerowicz.fr\/index.php\/wp-json\/wp\/v2\/comments?post=2145"}],"version-history":[{"count":1,"href":"https:\/\/www.sebastien-majerowicz.fr\/index.php\/wp-json\/wp\/v2\/posts\/2145\/revisions"}],"predecessor-version":[{"id":2146,"href":"https:\/\/www.sebastien-majerowicz.fr\/index.php\/wp-json\/wp\/v2\/posts\/2145\/revisions\/2146"}],"wp:featuredmedia":[{"embeddable":true,"href":"https:\/\/www.sebastien-majerowicz.fr\/index.php\/wp-json\/wp\/v2\/media\/2143"}],"wp:attachment":[{"href":"https:\/\/www.sebastien-majerowicz.fr\/index.php\/wp-json\/wp\/v2\/media?parent=2145"}],"wp:term":[{"taxonomy":"category","embeddable":true,"href":"https:\/\/www.sebastien-majerowicz.fr\/index.php\/wp-json\/wp\/v2\/categories?post=2145"},{"taxonomy":"post_tag","embeddable":true,"href":"https:\/\/www.sebastien-majerowicz.fr\/index.php\/wp-json\/wp\/v2\/tags?post=2145"}],"curies":[{"name":"wp","href":"https:\/\/api.w.org\/{rel}","templated":true}]}}