{"id":2130,"date":"2017-11-06T10:06:29","date_gmt":"2017-11-06T09:06:29","guid":{"rendered":"http:\/\/www.sebastien-majerowicz.fr\/?p=2130"},"modified":"2017-11-06T10:06:29","modified_gmt":"2017-11-06T09:06:29","slug":"voir-avec-les-oreilles","status":"publish","type":"post","link":"https:\/\/www.sebastien-majerowicz.fr\/index.php\/2017\/11\/06\/voir-avec-les-oreilles\/","title":{"rendered":"Voir avec les oreilles"},"content":{"rendered":"<p>\u00ab\u00a0Voir avec les oreilles\u00a0\u00bb est quelque chose qui s&rsquo;applique au Chevreuil (Capreolus capreolus). Comme beaucoup de mammif\u00e8res sauvages, le Chevreuil vit pr\u00e9f\u00e9rentiellement dans les bois et for\u00eats. Et ces derniers sont g\u00e9n\u00e9ralement sombres. Ainsi, pour compenser cela, le Chevreuil poss\u00e8de de larges pavillons qui lui permettent de percevoir les moindres sons, m\u00eame \u00e0 grande distance !<\/p>\n<p>Pour toutes celles et ceux qui souhaitent voir \u00e9voluer ces beaux animaux, il est donc largement pr\u00e9f\u00e9rable d&rsquo;affuter. En effet, dans le cas contraire, le chevreuil fuira rapidement car il vous aura entendu bien avant que vous ne le voyez !<\/p>\n","protected":false},"excerpt":{"rendered":"<p>\u00ab\u00a0Voir avec les oreilles\u00a0\u00bb est quelque chose qui s&rsquo;applique au Chevreuil (Capreolus capreolus). Comme beaucoup de mammif\u00e8res sauvages, le Chevreuil vit pr\u00e9f\u00e9rentiellement dans les bois et for\u00eats. Et ces derniers sont g\u00e9n\u00e9ralement sombres. Ainsi, pour compenser cela, le Chevreuil poss\u00e8de de larges pavillons qui lui permettent de percevoir les moindres sons, m\u00eame \u00e0 grande distance [&hellip;]<\/p>\n","protected":false},"author":1,"featured_media":2129,"comment_status":"open","ping_status":"open","sticky":false,"template":"","format":"standard","meta":{"footnotes":""},"categories":[15],"tags":[478,417,63,25,26],"class_list":{"0":"post-2130","1":"post","2":"type-post","3":"status-publish","4":"format-standard","5":"has-post-thumbnail","7":"category-mammifere","8":"tag-capreolus-capreolus","9":"tag-chevreuil","10":"tag-mammifere","11":"tag-nikon-d5300","12":"tag-sigma-150-600-contemporary","13":"czr-hentry"},"yoast_head":"<!-- This site is optimized with the Yoast SEO plugin v27.5 - https:\/\/yoast.com\/product\/yoast-seo-wordpress\/ -->\n<title>Voir avec les oreilles - S\u00e9bastien Majerowicz<\/title>\n<meta name=\"robots\" content=\"index, follow, max-snippet:-1, max-image-preview:large, max-video-preview:-1\" \/>\n<link rel=\"canonical\" href=\"https:\/\/www.sebastien-majerowicz.fr\/index.php\/2017\/11\/06\/voir-avec-les-oreilles\/\" \/>\n<meta property=\"og:locale\" content=\"fr_FR\" \/>\n<meta property=\"og:type\" content=\"article\" \/>\n<meta property=\"og:title\" content=\"Voir avec les oreilles - S\u00e9bastien Majerowicz\" \/>\n<meta property=\"og:description\" content=\"\u00ab\u00a0Voir avec les oreilles\u00a0\u00bb est quelque chose qui s&rsquo;applique au Chevreuil (Capreolus capreolus). Comme beaucoup de mammif\u00e8res sauvages, le Chevreuil vit pr\u00e9f\u00e9rentiellement dans les bois et for\u00eats. Et ces derniers sont g\u00e9n\u00e9ralement sombres. Ainsi, pour compenser cela, le Chevreuil poss\u00e8de de larges pavillons qui lui permettent de percevoir les moindres sons, m\u00eame \u00e0 grande distance [&hellip;]\" \/>\n<meta property=\"og:url\" content=\"https:\/\/www.sebastien-majerowicz.fr\/index.php\/2017\/11\/06\/voir-avec-les-oreilles\/\" \/>\n<meta property=\"og:site_name\" content=\"S\u00e9bastien Majerowicz\" \/>\n<meta property=\"article:published_time\" content=\"2017-11-06T09:06:29+00:00\" \/>\n<meta property=\"og:image\" content=\"https:\/\/www.sebastien-majerowicz.fr\/wp-content\/uploads\/2017\/11\/37577939092_6bc855da1e_b-2.jpg\" \/>\n\t<meta property=\"og:image:width\" content=\"1024\" \/>\n\t<meta property=\"og:image:height\" content=\"576\" \/>\n\t<meta property=\"og:image:type\" content=\"image\/jpeg\" \/>\n<meta name=\"author\" content=\"S\u00e9bastien Majerowicz\" \/>\n<meta name=\"twitter:card\" content=\"summary_large_image\" \/>\n<meta name=\"twitter:label1\" content=\"\u00c9crit par\" \/>\n\t<meta name=\"twitter:data1\" content=\"S\u00e9bastien Majerowicz\" \/>\n\t<meta name=\"twitter:label2\" content=\"Dur\u00e9e de lecture estim\u00e9e\" \/>\n\t<meta name=\"twitter:data2\" content=\"1 minute\" \/>\n<script type=\"application\/ld+json\" class=\"yoast-schema-graph\">{\"@context\":\"https:\\\/\\\/schema.org\",\"@graph\":[{\"@type\":\"Article\",\"@id\":\"https:\\\/\\\/www.sebastien-majerowicz.fr\\\/index.php\\\/2017\\\/11\\\/06\\\/voir-avec-les-oreilles\\\/#article\",\"isPartOf\":{\"@id\":\"https:\\\/\\\/www.sebastien-majerowicz.fr\\\/index.php\\\/2017\\\/11\\\/06\\\/voir-avec-les-oreilles\\\/\"},\"author\":{\"name\":\"S\u00e9bastien Majerowicz\",\"@id\":\"https:\\\/\\\/www.sebastien-majerowicz.fr\\\/#\\\/schema\\\/person\\\/a64c1066d12b40958b45bf7ab508f6a3\"},\"headline\":\"Voir avec les oreilles\",\"datePublished\":\"2017-11-06T09:06:29+00:00\",\"mainEntityOfPage\":{\"@id\":\"https:\\\/\\\/www.sebastien-majerowicz.fr\\\/index.php\\\/2017\\\/11\\\/06\\\/voir-avec-les-oreilles\\\/\"},\"wordCount\":110,\"commentCount\":0,\"publisher\":{\"@id\":\"https:\\\/\\\/www.sebastien-majerowicz.fr\\\/#\\\/schema\\\/person\\\/a64c1066d12b40958b45bf7ab508f6a3\"},\"image\":{\"@id\":\"https:\\\/\\\/www.sebastien-majerowicz.fr\\\/index.php\\\/2017\\\/11\\\/06\\\/voir-avec-les-oreilles\\\/#primaryimage\"},\"thumbnailUrl\":\"https:\\\/\\\/www.sebastien-majerowicz.fr\\\/wp-content\\\/uploads\\\/2017\\\/11\\\/37577939092_6bc855da1e_b-2.jpg\",\"keywords\":[\"Capreolus capreolus\",\"Chevreuil\",\"Mammif\u00e8re\",\"Nikon D5300\",\"Sigma 150-600 Contemporary\"],\"articleSection\":[\"Mammif\u00e8re\"],\"inLanguage\":\"fr-FR\",\"potentialAction\":[{\"@type\":\"CommentAction\",\"name\":\"Comment\",\"target\":[\"https:\\\/\\\/www.sebastien-majerowicz.fr\\\/index.php\\\/2017\\\/11\\\/06\\\/voir-avec-les-oreilles\\\/#respond\"]}]},{\"@type\":\"WebPage\",\"@id\":\"https:\\\/\\\/www.sebastien-majerowicz.fr\\\/index.php\\\/2017\\\/11\\\/06\\\/voir-avec-les-oreilles\\\/\",\"url\":\"https:\\\/\\\/www.sebastien-majerowicz.fr\\\/index.php\\\/2017\\\/11\\\/06\\\/voir-avec-les-oreilles\\\/\",\"name\":\"Voir avec les oreilles - S\u00e9bastien Majerowicz\",\"isPartOf\":{\"@id\":\"https:\\\/\\\/www.sebastien-majerowicz.fr\\\/#website\"},\"primaryImageOfPage\":{\"@id\":\"https:\\\/\\\/www.sebastien-majerowicz.fr\\\/index.php\\\/2017\\\/11\\\/06\\\/voir-avec-les-oreilles\\\/#primaryimage\"},\"image\":{\"@id\":\"https:\\\/\\\/www.sebastien-majerowicz.fr\\\/index.php\\\/2017\\\/11\\\/06\\\/voir-avec-les-oreilles\\\/#primaryimage\"},\"thumbnailUrl\":\"https:\\\/\\\/www.sebastien-majerowicz.fr\\\/wp-content\\\/uploads\\\/2017\\\/11\\\/37577939092_6bc855da1e_b-2.jpg\",\"datePublished\":\"2017-11-06T09:06:29+00:00\",\"breadcrumb\":{\"@id\":\"https:\\\/\\\/www.sebastien-majerowicz.fr\\\/index.php\\\/2017\\\/11\\\/06\\\/voir-avec-les-oreilles\\\/#breadcrumb\"},\"inLanguage\":\"fr-FR\",\"potentialAction\":[{\"@type\":\"ReadAction\",\"target\":[\"https:\\\/\\\/www.sebastien-majerowicz.fr\\\/index.php\\\/2017\\\/11\\\/06\\\/voir-avec-les-oreilles\\\/\"]}]},{\"@type\":\"ImageObject\",\"inLanguage\":\"fr-FR\",\"@id\":\"https:\\\/\\\/www.sebastien-majerowicz.fr\\\/index.php\\\/2017\\\/11\\\/06\\\/voir-avec-les-oreilles\\\/#primaryimage\",\"url\":\"https:\\\/\\\/www.sebastien-majerowicz.fr\\\/wp-content\\\/uploads\\\/2017\\\/11\\\/37577939092_6bc855da1e_b-2.jpg\",\"contentUrl\":\"https:\\\/\\\/www.sebastien-majerowicz.fr\\\/wp-content\\\/uploads\\\/2017\\\/11\\\/37577939092_6bc855da1e_b-2.jpg\",\"width\":1024,\"height\":576,\"caption\":\"Chevreuil \\\/ Capreolus capreolus\"},{\"@type\":\"BreadcrumbList\",\"@id\":\"https:\\\/\\\/www.sebastien-majerowicz.fr\\\/index.php\\\/2017\\\/11\\\/06\\\/voir-avec-les-oreilles\\\/#breadcrumb\",\"itemListElement\":[{\"@type\":\"ListItem\",\"position\":1,\"name\":\"Accueil\",\"item\":\"https:\\\/\\\/www.sebastien-majerowicz.fr\\\/\"},{\"@type\":\"ListItem\",\"position\":2,\"name\":\"Voir avec les oreilles\"}]},{\"@type\":\"WebSite\",\"@id\":\"https:\\\/\\\/www.sebastien-majerowicz.fr\\\/#website\",\"url\":\"https:\\\/\\\/www.sebastien-majerowicz.fr\\\/\",\"name\":\"S\u00e9bastien Majerowicz\",\"description\":\"Photographe animalier par Nature\",\"publisher\":{\"@id\":\"https:\\\/\\\/www.sebastien-majerowicz.fr\\\/#\\\/schema\\\/person\\\/a64c1066d12b40958b45bf7ab508f6a3\"},\"potentialAction\":[{\"@type\":\"SearchAction\",\"target\":{\"@type\":\"EntryPoint\",\"urlTemplate\":\"https:\\\/\\\/www.sebastien-majerowicz.fr\\\/?s={search_term_string}\"},\"query-input\":{\"@type\":\"PropertyValueSpecification\",\"valueRequired\":true,\"valueName\":\"search_term_string\"}}],\"inLanguage\":\"fr-FR\"},{\"@type\":[\"Person\",\"Organization\"],\"@id\":\"https:\\\/\\\/www.sebastien-majerowicz.fr\\\/#\\\/schema\\\/person\\\/a64c1066d12b40958b45bf7ab508f6a3\",\"name\":\"S\u00e9bastien Majerowicz\",\"logo\":{\"@id\":\"https:\\\/\\\/www.sebastien-majerowicz.fr\\\/#\\\/schema\\\/person\\\/image\\\/\"},\"sameAs\":[\"https:\\\/\\\/www.sebastien-majerowicz.fr\"]}]}<\/script>\n<!-- \/ Yoast SEO plugin. -->","yoast_head_json":{"title":"Voir avec les oreilles - S\u00e9bastien Majerowicz","robots":{"index":"index","follow":"follow","max-snippet":"max-snippet:-1","max-image-preview":"max-image-preview:large","max-video-preview":"max-video-preview:-1"},"canonical":"https:\/\/www.sebastien-majerowicz.fr\/index.php\/2017\/11\/06\/voir-avec-les-oreilles\/","og_locale":"fr_FR","og_type":"article","og_title":"Voir avec les oreilles - S\u00e9bastien Majerowicz","og_description":"\u00ab\u00a0Voir avec les oreilles\u00a0\u00bb est quelque chose qui s&rsquo;applique au Chevreuil (Capreolus capreolus). Comme beaucoup de mammif\u00e8res sauvages, le Chevreuil vit pr\u00e9f\u00e9rentiellement dans les bois et for\u00eats. Et ces derniers sont g\u00e9n\u00e9ralement sombres. Ainsi, pour compenser cela, le Chevreuil poss\u00e8de de larges pavillons qui lui permettent de percevoir les moindres sons, m\u00eame \u00e0 grande distance [&hellip;]","og_url":"https:\/\/www.sebastien-majerowicz.fr\/index.php\/2017\/11\/06\/voir-avec-les-oreilles\/","og_site_name":"S\u00e9bastien Majerowicz","article_published_time":"2017-11-06T09:06:29+00:00","og_image":[{"width":1024,"height":576,"url":"https:\/\/www.sebastien-majerowicz.fr\/wp-content\/uploads\/2017\/11\/37577939092_6bc855da1e_b-2.jpg","type":"image\/jpeg"}],"author":"S\u00e9bastien Majerowicz","twitter_card":"summary_large_image","twitter_misc":{"\u00c9crit par":"S\u00e9bastien Majerowicz","Dur\u00e9e de lecture estim\u00e9e":"1 minute"},"schema":{"@context":"https:\/\/schema.org","@graph":[{"@type":"Article","@id":"https:\/\/www.sebastien-majerowicz.fr\/index.php\/2017\/11\/06\/voir-avec-les-oreilles\/#article","isPartOf":{"@id":"https:\/\/www.sebastien-majerowicz.fr\/index.php\/2017\/11\/06\/voir-avec-les-oreilles\/"},"author":{"name":"S\u00e9bastien Majerowicz","@id":"https:\/\/www.sebastien-majerowicz.fr\/#\/schema\/person\/a64c1066d12b40958b45bf7ab508f6a3"},"headline":"Voir avec les oreilles","datePublished":"2017-11-06T09:06:29+00:00","mainEntityOfPage":{"@id":"https:\/\/www.sebastien-majerowicz.fr\/index.php\/2017\/11\/06\/voir-avec-les-oreilles\/"},"wordCount":110,"commentCount":0,"publisher":{"@id":"https:\/\/www.sebastien-majerowicz.fr\/#\/schema\/person\/a64c1066d12b40958b45bf7ab508f6a3"},"image":{"@id":"https:\/\/www.sebastien-majerowicz.fr\/index.php\/2017\/11\/06\/voir-avec-les-oreilles\/#primaryimage"},"thumbnailUrl":"https:\/\/www.sebastien-majerowicz.fr\/wp-content\/uploads\/2017\/11\/37577939092_6bc855da1e_b-2.jpg","keywords":["Capreolus capreolus","Chevreuil","Mammif\u00e8re","Nikon D5300","Sigma 150-600 Contemporary"],"articleSection":["Mammif\u00e8re"],"inLanguage":"fr-FR","potentialAction":[{"@type":"CommentAction","name":"Comment","target":["https:\/\/www.sebastien-majerowicz.fr\/index.php\/2017\/11\/06\/voir-avec-les-oreilles\/#respond"]}]},{"@type":"WebPage","@id":"https:\/\/www.sebastien-majerowicz.fr\/index.php\/2017\/11\/06\/voir-avec-les-oreilles\/","url":"https:\/\/www.sebastien-majerowicz.fr\/index.php\/2017\/11\/06\/voir-avec-les-oreilles\/","name":"Voir avec les oreilles - S\u00e9bastien Majerowicz","isPartOf":{"@id":"https:\/\/www.sebastien-majerowicz.fr\/#website"},"primaryImageOfPage":{"@id":"https:\/\/www.sebastien-majerowicz.fr\/index.php\/2017\/11\/06\/voir-avec-les-oreilles\/#primaryimage"},"image":{"@id":"https:\/\/www.sebastien-majerowicz.fr\/index.php\/2017\/11\/06\/voir-avec-les-oreilles\/#primaryimage"},"thumbnailUrl":"https:\/\/www.sebastien-majerowicz.fr\/wp-content\/uploads\/2017\/11\/37577939092_6bc855da1e_b-2.jpg","datePublished":"2017-11-06T09:06:29+00:00","breadcrumb":{"@id":"https:\/\/www.sebastien-majerowicz.fr\/index.php\/2017\/11\/06\/voir-avec-les-oreilles\/#breadcrumb"},"inLanguage":"fr-FR","potentialAction":[{"@type":"ReadAction","target":["https:\/\/www.sebastien-majerowicz.fr\/index.php\/2017\/11\/06\/voir-avec-les-oreilles\/"]}]},{"@type":"ImageObject","inLanguage":"fr-FR","@id":"https:\/\/www.sebastien-majerowicz.fr\/index.php\/2017\/11\/06\/voir-avec-les-oreilles\/#primaryimage","url":"https:\/\/www.sebastien-majerowicz.fr\/wp-content\/uploads\/2017\/11\/37577939092_6bc855da1e_b-2.jpg","contentUrl":"https:\/\/www.sebastien-majerowicz.fr\/wp-content\/uploads\/2017\/11\/37577939092_6bc855da1e_b-2.jpg","width":1024,"height":576,"caption":"Chevreuil \/ Capreolus capreolus"},{"@type":"BreadcrumbList","@id":"https:\/\/www.sebastien-majerowicz.fr\/index.php\/2017\/11\/06\/voir-avec-les-oreilles\/#breadcrumb","itemListElement":[{"@type":"ListItem","position":1,"name":"Accueil","item":"https:\/\/www.sebastien-majerowicz.fr\/"},{"@type":"ListItem","position":2,"name":"Voir avec les oreilles"}]},{"@type":"WebSite","@id":"https:\/\/www.sebastien-majerowicz.fr\/#website","url":"https:\/\/www.sebastien-majerowicz.fr\/","name":"S\u00e9bastien Majerowicz","description":"Photographe animalier par Nature","publisher":{"@id":"https:\/\/www.sebastien-majerowicz.fr\/#\/schema\/person\/a64c1066d12b40958b45bf7ab508f6a3"},"potentialAction":[{"@type":"SearchAction","target":{"@type":"EntryPoint","urlTemplate":"https:\/\/www.sebastien-majerowicz.fr\/?s={search_term_string}"},"query-input":{"@type":"PropertyValueSpecification","valueRequired":true,"valueName":"search_term_string"}}],"inLanguage":"fr-FR"},{"@type":["Person","Organization"],"@id":"https:\/\/www.sebastien-majerowicz.fr\/#\/schema\/person\/a64c1066d12b40958b45bf7ab508f6a3","name":"S\u00e9bastien Majerowicz","logo":{"@id":"https:\/\/www.sebastien-majerowicz.fr\/#\/schema\/person\/image\/"},"sameAs":["https:\/\/www.sebastien-majerowicz.fr"]}]}},"_links":{"self":[{"href":"https:\/\/www.sebastien-majerowicz.fr\/index.php\/wp-json\/wp\/v2\/posts\/2130","targetHints":{"allow":["GET"]}}],"collection":[{"href":"https:\/\/www.sebastien-majerowicz.fr\/index.php\/wp-json\/wp\/v2\/posts"}],"about":[{"href":"https:\/\/www.sebastien-majerowicz.fr\/index.php\/wp-json\/wp\/v2\/types\/post"}],"author":[{"embeddable":true,"href":"https:\/\/www.sebastien-majerowicz.fr\/index.php\/wp-json\/wp\/v2\/users\/1"}],"replies":[{"embeddable":true,"href":"https:\/\/www.sebastien-majerowicz.fr\/index.php\/wp-json\/wp\/v2\/comments?post=2130"}],"version-history":[{"count":1,"href":"https:\/\/www.sebastien-majerowicz.fr\/index.php\/wp-json\/wp\/v2\/posts\/2130\/revisions"}],"predecessor-version":[{"id":2131,"href":"https:\/\/www.sebastien-majerowicz.fr\/index.php\/wp-json\/wp\/v2\/posts\/2130\/revisions\/2131"}],"wp:featuredmedia":[{"embeddable":true,"href":"https:\/\/www.sebastien-majerowicz.fr\/index.php\/wp-json\/wp\/v2\/media\/2129"}],"wp:attachment":[{"href":"https:\/\/www.sebastien-majerowicz.fr\/index.php\/wp-json\/wp\/v2\/media?parent=2130"}],"wp:term":[{"taxonomy":"category","embeddable":true,"href":"https:\/\/www.sebastien-majerowicz.fr\/index.php\/wp-json\/wp\/v2\/categories?post=2130"},{"taxonomy":"post_tag","embeddable":true,"href":"https:\/\/www.sebastien-majerowicz.fr\/index.php\/wp-json\/wp\/v2\/tags?post=2130"}],"curies":[{"name":"wp","href":"https:\/\/api.w.org\/{rel}","templated":true}]}}