{"id":2124,"date":"2017-11-04T13:39:49","date_gmt":"2017-11-04T12:39:49","guid":{"rendered":"http:\/\/www.sebastien-majerowicz.fr\/?p=2124"},"modified":"2017-12-01T11:19:35","modified_gmt":"2017-12-01T10:19:35","slug":"emotion-printaniere","status":"publish","type":"post","link":"https:\/\/www.sebastien-majerowicz.fr\/index.php\/2017\/11\/04\/emotion-printaniere\/","title":{"rendered":"\u00c9motion printani\u00e8re"},"content":{"rendered":"<p>Un brin nostalgique d&rsquo;une \u00e9motion printani\u00e8re, laissez-moi vous offrir cette simple P\u00e2querette (Bellis perennis). Emport\u00e9 par le temps, je l&rsquo;avais laiss\u00e9 dans un coin.\u00a0 Alors, laissez-moi vous l&rsquo;offrir dans son \u00e9crin ! Partageons, partageons, la Nature est belle m\u00eame dans ce qu&rsquo;il y a de plus commun \ud83d\ude42<\/p>\n<p>Cette photographie agr\u00e9mente bien mon <a href=\"http:\/\/www.sebastien-majerowicz.fr\/index.php\/apprendre-a-connaitre-nature-laimer-proteger\/\" target=\"_blank\" rel=\"noopener\">credo <\/a>: la Nature est belle, il suffit d&rsquo;un peu d&rsquo;humilit\u00e9, de se mettre \u00e0 sa hauteur et la magie op\u00e8re \u00e0 chaque fois ! Essayez, vous serez combl\u00e9 !<\/p>\n","protected":false},"excerpt":{"rendered":"<p>Un brin nostalgique d&rsquo;une \u00e9motion printani\u00e8re, laissez-moi vous offrir cette simple P\u00e2querette (Bellis perennis). Emport\u00e9 par le temps, je l&rsquo;avais laiss\u00e9 dans un coin.\u00a0 Alors, laissez-moi vous l&rsquo;offrir dans son \u00e9crin ! Partageons, partageons, la Nature est belle m\u00eame dans ce qu&rsquo;il y a de plus commun \ud83d\ude42 Cette photographie agr\u00e9mente bien mon credo : [&hellip;]<\/p>\n","protected":false},"author":1,"featured_media":2125,"comment_status":"open","ping_status":"open","sticky":false,"template":"","format":"standard","meta":{"footnotes":""},"categories":[784],"tags":[505,218,25,221,56],"class_list":{"0":"post-2124","1":"post","2":"type-post","3":"status-publish","4":"format-standard","5":"has-post-thumbnail","7":"category-fleur","8":"tag-bellis-perennis","9":"tag-fleur","10":"tag-nikon-d5300","11":"tag-paquerette","12":"tag-sigma-105-macro","13":"czr-hentry"},"yoast_head":"<!-- This site is optimized with the Yoast SEO plugin v27.5 - https:\/\/yoast.com\/product\/yoast-seo-wordpress\/ -->\n<title>\u00c9motion printani\u00e8re - S\u00e9bastien Majerowicz<\/title>\n<meta name=\"robots\" content=\"index, follow, max-snippet:-1, max-image-preview:large, max-video-preview:-1\" \/>\n<link rel=\"canonical\" href=\"https:\/\/www.sebastien-majerowicz.fr\/index.php\/2017\/11\/04\/emotion-printaniere\/\" \/>\n<meta property=\"og:locale\" content=\"fr_FR\" \/>\n<meta property=\"og:type\" content=\"article\" \/>\n<meta property=\"og:title\" content=\"\u00c9motion printani\u00e8re - S\u00e9bastien Majerowicz\" \/>\n<meta property=\"og:description\" content=\"Un brin nostalgique d&rsquo;une \u00e9motion printani\u00e8re, laissez-moi vous offrir cette simple P\u00e2querette (Bellis perennis). Emport\u00e9 par le temps, je l&rsquo;avais laiss\u00e9 dans un coin.\u00a0 Alors, laissez-moi vous l&rsquo;offrir dans son \u00e9crin ! Partageons, partageons, la Nature est belle m\u00eame dans ce qu&rsquo;il y a de plus commun \ud83d\ude42 Cette photographie agr\u00e9mente bien mon credo : [&hellip;]\" \/>\n<meta property=\"og:url\" content=\"https:\/\/www.sebastien-majerowicz.fr\/index.php\/2017\/11\/04\/emotion-printaniere\/\" \/>\n<meta property=\"og:site_name\" content=\"S\u00e9bastien Majerowicz\" \/>\n<meta property=\"article:published_time\" content=\"2017-11-04T12:39:49+00:00\" \/>\n<meta property=\"article:modified_time\" content=\"2017-12-01T10:19:35+00:00\" \/>\n<meta property=\"og:image\" content=\"https:\/\/www.sebastien-majerowicz.fr\/wp-content\/uploads\/2017\/11\/33126286163_dd934724b2_b.jpg\" \/>\n\t<meta property=\"og:image:width\" content=\"683\" \/>\n\t<meta property=\"og:image:height\" content=\"1024\" \/>\n\t<meta property=\"og:image:type\" content=\"image\/jpeg\" \/>\n<meta name=\"author\" content=\"S\u00e9bastien Majerowicz\" \/>\n<meta name=\"twitter:card\" content=\"summary_large_image\" \/>\n<meta name=\"twitter:label1\" content=\"\u00c9crit par\" \/>\n\t<meta name=\"twitter:data1\" content=\"S\u00e9bastien Majerowicz\" \/>\n<script type=\"application\/ld+json\" class=\"yoast-schema-graph\">{\"@context\":\"https:\\\/\\\/schema.org\",\"@graph\":[{\"@type\":\"Article\",\"@id\":\"https:\\\/\\\/www.sebastien-majerowicz.fr\\\/index.php\\\/2017\\\/11\\\/04\\\/emotion-printaniere\\\/#article\",\"isPartOf\":{\"@id\":\"https:\\\/\\\/www.sebastien-majerowicz.fr\\\/index.php\\\/2017\\\/11\\\/04\\\/emotion-printaniere\\\/\"},\"author\":{\"name\":\"S\u00e9bastien Majerowicz\",\"@id\":\"https:\\\/\\\/www.sebastien-majerowicz.fr\\\/#\\\/schema\\\/person\\\/a64c1066d12b40958b45bf7ab508f6a3\"},\"headline\":\"\u00c9motion printani\u00e8re\",\"datePublished\":\"2017-11-04T12:39:49+00:00\",\"dateModified\":\"2017-12-01T10:19:35+00:00\",\"mainEntityOfPage\":{\"@id\":\"https:\\\/\\\/www.sebastien-majerowicz.fr\\\/index.php\\\/2017\\\/11\\\/04\\\/emotion-printaniere\\\/\"},\"wordCount\":90,\"commentCount\":2,\"publisher\":{\"@id\":\"https:\\\/\\\/www.sebastien-majerowicz.fr\\\/#\\\/schema\\\/person\\\/a64c1066d12b40958b45bf7ab508f6a3\"},\"image\":{\"@id\":\"https:\\\/\\\/www.sebastien-majerowicz.fr\\\/index.php\\\/2017\\\/11\\\/04\\\/emotion-printaniere\\\/#primaryimage\"},\"thumbnailUrl\":\"https:\\\/\\\/www.sebastien-majerowicz.fr\\\/wp-content\\\/uploads\\\/2017\\\/11\\\/33126286163_dd934724b2_b.jpg\",\"keywords\":[\"Bellis perennis\",\"Fleur\",\"Nikon D5300\",\"P\u00e2querette\",\"Sigma 105 macro\"],\"articleSection\":[\"Fleur\"],\"inLanguage\":\"fr-FR\",\"potentialAction\":[{\"@type\":\"CommentAction\",\"name\":\"Comment\",\"target\":[\"https:\\\/\\\/www.sebastien-majerowicz.fr\\\/index.php\\\/2017\\\/11\\\/04\\\/emotion-printaniere\\\/#respond\"]}]},{\"@type\":\"WebPage\",\"@id\":\"https:\\\/\\\/www.sebastien-majerowicz.fr\\\/index.php\\\/2017\\\/11\\\/04\\\/emotion-printaniere\\\/\",\"url\":\"https:\\\/\\\/www.sebastien-majerowicz.fr\\\/index.php\\\/2017\\\/11\\\/04\\\/emotion-printaniere\\\/\",\"name\":\"\u00c9motion printani\u00e8re - S\u00e9bastien Majerowicz\",\"isPartOf\":{\"@id\":\"https:\\\/\\\/www.sebastien-majerowicz.fr\\\/#website\"},\"primaryImageOfPage\":{\"@id\":\"https:\\\/\\\/www.sebastien-majerowicz.fr\\\/index.php\\\/2017\\\/11\\\/04\\\/emotion-printaniere\\\/#primaryimage\"},\"image\":{\"@id\":\"https:\\\/\\\/www.sebastien-majerowicz.fr\\\/index.php\\\/2017\\\/11\\\/04\\\/emotion-printaniere\\\/#primaryimage\"},\"thumbnailUrl\":\"https:\\\/\\\/www.sebastien-majerowicz.fr\\\/wp-content\\\/uploads\\\/2017\\\/11\\\/33126286163_dd934724b2_b.jpg\",\"datePublished\":\"2017-11-04T12:39:49+00:00\",\"dateModified\":\"2017-12-01T10:19:35+00:00\",\"breadcrumb\":{\"@id\":\"https:\\\/\\\/www.sebastien-majerowicz.fr\\\/index.php\\\/2017\\\/11\\\/04\\\/emotion-printaniere\\\/#breadcrumb\"},\"inLanguage\":\"fr-FR\",\"potentialAction\":[{\"@type\":\"ReadAction\",\"target\":[\"https:\\\/\\\/www.sebastien-majerowicz.fr\\\/index.php\\\/2017\\\/11\\\/04\\\/emotion-printaniere\\\/\"]}]},{\"@type\":\"ImageObject\",\"inLanguage\":\"fr-FR\",\"@id\":\"https:\\\/\\\/www.sebastien-majerowicz.fr\\\/index.php\\\/2017\\\/11\\\/04\\\/emotion-printaniere\\\/#primaryimage\",\"url\":\"https:\\\/\\\/www.sebastien-majerowicz.fr\\\/wp-content\\\/uploads\\\/2017\\\/11\\\/33126286163_dd934724b2_b.jpg\",\"contentUrl\":\"https:\\\/\\\/www.sebastien-majerowicz.fr\\\/wp-content\\\/uploads\\\/2017\\\/11\\\/33126286163_dd934724b2_b.jpg\",\"width\":683,\"height\":1024,\"caption\":\"P\u00e2querette \\\/ Bellis perennis\"},{\"@type\":\"BreadcrumbList\",\"@id\":\"https:\\\/\\\/www.sebastien-majerowicz.fr\\\/index.php\\\/2017\\\/11\\\/04\\\/emotion-printaniere\\\/#breadcrumb\",\"itemListElement\":[{\"@type\":\"ListItem\",\"position\":1,\"name\":\"Accueil\",\"item\":\"https:\\\/\\\/www.sebastien-majerowicz.fr\\\/\"},{\"@type\":\"ListItem\",\"position\":2,\"name\":\"\u00c9motion printani\u00e8re\"}]},{\"@type\":\"WebSite\",\"@id\":\"https:\\\/\\\/www.sebastien-majerowicz.fr\\\/#website\",\"url\":\"https:\\\/\\\/www.sebastien-majerowicz.fr\\\/\",\"name\":\"S\u00e9bastien Majerowicz\",\"description\":\"Photographe animalier par Nature\",\"publisher\":{\"@id\":\"https:\\\/\\\/www.sebastien-majerowicz.fr\\\/#\\\/schema\\\/person\\\/a64c1066d12b40958b45bf7ab508f6a3\"},\"potentialAction\":[{\"@type\":\"SearchAction\",\"target\":{\"@type\":\"EntryPoint\",\"urlTemplate\":\"https:\\\/\\\/www.sebastien-majerowicz.fr\\\/?s={search_term_string}\"},\"query-input\":{\"@type\":\"PropertyValueSpecification\",\"valueRequired\":true,\"valueName\":\"search_term_string\"}}],\"inLanguage\":\"fr-FR\"},{\"@type\":[\"Person\",\"Organization\"],\"@id\":\"https:\\\/\\\/www.sebastien-majerowicz.fr\\\/#\\\/schema\\\/person\\\/a64c1066d12b40958b45bf7ab508f6a3\",\"name\":\"S\u00e9bastien Majerowicz\",\"logo\":{\"@id\":\"https:\\\/\\\/www.sebastien-majerowicz.fr\\\/#\\\/schema\\\/person\\\/image\\\/\"},\"sameAs\":[\"https:\\\/\\\/www.sebastien-majerowicz.fr\"]}]}<\/script>\n<!-- \/ Yoast SEO plugin. -->","yoast_head_json":{"title":"\u00c9motion printani\u00e8re - S\u00e9bastien Majerowicz","robots":{"index":"index","follow":"follow","max-snippet":"max-snippet:-1","max-image-preview":"max-image-preview:large","max-video-preview":"max-video-preview:-1"},"canonical":"https:\/\/www.sebastien-majerowicz.fr\/index.php\/2017\/11\/04\/emotion-printaniere\/","og_locale":"fr_FR","og_type":"article","og_title":"\u00c9motion printani\u00e8re - S\u00e9bastien Majerowicz","og_description":"Un brin nostalgique d&rsquo;une \u00e9motion printani\u00e8re, laissez-moi vous offrir cette simple P\u00e2querette (Bellis perennis). Emport\u00e9 par le temps, je l&rsquo;avais laiss\u00e9 dans un coin.\u00a0 Alors, laissez-moi vous l&rsquo;offrir dans son \u00e9crin ! Partageons, partageons, la Nature est belle m\u00eame dans ce qu&rsquo;il y a de plus commun \ud83d\ude42 Cette photographie agr\u00e9mente bien mon credo : [&hellip;]","og_url":"https:\/\/www.sebastien-majerowicz.fr\/index.php\/2017\/11\/04\/emotion-printaniere\/","og_site_name":"S\u00e9bastien Majerowicz","article_published_time":"2017-11-04T12:39:49+00:00","article_modified_time":"2017-12-01T10:19:35+00:00","og_image":[{"width":683,"height":1024,"url":"https:\/\/www.sebastien-majerowicz.fr\/wp-content\/uploads\/2017\/11\/33126286163_dd934724b2_b.jpg","type":"image\/jpeg"}],"author":"S\u00e9bastien Majerowicz","twitter_card":"summary_large_image","twitter_misc":{"\u00c9crit par":"S\u00e9bastien Majerowicz"},"schema":{"@context":"https:\/\/schema.org","@graph":[{"@type":"Article","@id":"https:\/\/www.sebastien-majerowicz.fr\/index.php\/2017\/11\/04\/emotion-printaniere\/#article","isPartOf":{"@id":"https:\/\/www.sebastien-majerowicz.fr\/index.php\/2017\/11\/04\/emotion-printaniere\/"},"author":{"name":"S\u00e9bastien Majerowicz","@id":"https:\/\/www.sebastien-majerowicz.fr\/#\/schema\/person\/a64c1066d12b40958b45bf7ab508f6a3"},"headline":"\u00c9motion printani\u00e8re","datePublished":"2017-11-04T12:39:49+00:00","dateModified":"2017-12-01T10:19:35+00:00","mainEntityOfPage":{"@id":"https:\/\/www.sebastien-majerowicz.fr\/index.php\/2017\/11\/04\/emotion-printaniere\/"},"wordCount":90,"commentCount":2,"publisher":{"@id":"https:\/\/www.sebastien-majerowicz.fr\/#\/schema\/person\/a64c1066d12b40958b45bf7ab508f6a3"},"image":{"@id":"https:\/\/www.sebastien-majerowicz.fr\/index.php\/2017\/11\/04\/emotion-printaniere\/#primaryimage"},"thumbnailUrl":"https:\/\/www.sebastien-majerowicz.fr\/wp-content\/uploads\/2017\/11\/33126286163_dd934724b2_b.jpg","keywords":["Bellis perennis","Fleur","Nikon D5300","P\u00e2querette","Sigma 105 macro"],"articleSection":["Fleur"],"inLanguage":"fr-FR","potentialAction":[{"@type":"CommentAction","name":"Comment","target":["https:\/\/www.sebastien-majerowicz.fr\/index.php\/2017\/11\/04\/emotion-printaniere\/#respond"]}]},{"@type":"WebPage","@id":"https:\/\/www.sebastien-majerowicz.fr\/index.php\/2017\/11\/04\/emotion-printaniere\/","url":"https:\/\/www.sebastien-majerowicz.fr\/index.php\/2017\/11\/04\/emotion-printaniere\/","name":"\u00c9motion printani\u00e8re - S\u00e9bastien Majerowicz","isPartOf":{"@id":"https:\/\/www.sebastien-majerowicz.fr\/#website"},"primaryImageOfPage":{"@id":"https:\/\/www.sebastien-majerowicz.fr\/index.php\/2017\/11\/04\/emotion-printaniere\/#primaryimage"},"image":{"@id":"https:\/\/www.sebastien-majerowicz.fr\/index.php\/2017\/11\/04\/emotion-printaniere\/#primaryimage"},"thumbnailUrl":"https:\/\/www.sebastien-majerowicz.fr\/wp-content\/uploads\/2017\/11\/33126286163_dd934724b2_b.jpg","datePublished":"2017-11-04T12:39:49+00:00","dateModified":"2017-12-01T10:19:35+00:00","breadcrumb":{"@id":"https:\/\/www.sebastien-majerowicz.fr\/index.php\/2017\/11\/04\/emotion-printaniere\/#breadcrumb"},"inLanguage":"fr-FR","potentialAction":[{"@type":"ReadAction","target":["https:\/\/www.sebastien-majerowicz.fr\/index.php\/2017\/11\/04\/emotion-printaniere\/"]}]},{"@type":"ImageObject","inLanguage":"fr-FR","@id":"https:\/\/www.sebastien-majerowicz.fr\/index.php\/2017\/11\/04\/emotion-printaniere\/#primaryimage","url":"https:\/\/www.sebastien-majerowicz.fr\/wp-content\/uploads\/2017\/11\/33126286163_dd934724b2_b.jpg","contentUrl":"https:\/\/www.sebastien-majerowicz.fr\/wp-content\/uploads\/2017\/11\/33126286163_dd934724b2_b.jpg","width":683,"height":1024,"caption":"P\u00e2querette \/ Bellis perennis"},{"@type":"BreadcrumbList","@id":"https:\/\/www.sebastien-majerowicz.fr\/index.php\/2017\/11\/04\/emotion-printaniere\/#breadcrumb","itemListElement":[{"@type":"ListItem","position":1,"name":"Accueil","item":"https:\/\/www.sebastien-majerowicz.fr\/"},{"@type":"ListItem","position":2,"name":"\u00c9motion printani\u00e8re"}]},{"@type":"WebSite","@id":"https:\/\/www.sebastien-majerowicz.fr\/#website","url":"https:\/\/www.sebastien-majerowicz.fr\/","name":"S\u00e9bastien Majerowicz","description":"Photographe animalier par Nature","publisher":{"@id":"https:\/\/www.sebastien-majerowicz.fr\/#\/schema\/person\/a64c1066d12b40958b45bf7ab508f6a3"},"potentialAction":[{"@type":"SearchAction","target":{"@type":"EntryPoint","urlTemplate":"https:\/\/www.sebastien-majerowicz.fr\/?s={search_term_string}"},"query-input":{"@type":"PropertyValueSpecification","valueRequired":true,"valueName":"search_term_string"}}],"inLanguage":"fr-FR"},{"@type":["Person","Organization"],"@id":"https:\/\/www.sebastien-majerowicz.fr\/#\/schema\/person\/a64c1066d12b40958b45bf7ab508f6a3","name":"S\u00e9bastien Majerowicz","logo":{"@id":"https:\/\/www.sebastien-majerowicz.fr\/#\/schema\/person\/image\/"},"sameAs":["https:\/\/www.sebastien-majerowicz.fr"]}]}},"_links":{"self":[{"href":"https:\/\/www.sebastien-majerowicz.fr\/index.php\/wp-json\/wp\/v2\/posts\/2124","targetHints":{"allow":["GET"]}}],"collection":[{"href":"https:\/\/www.sebastien-majerowicz.fr\/index.php\/wp-json\/wp\/v2\/posts"}],"about":[{"href":"https:\/\/www.sebastien-majerowicz.fr\/index.php\/wp-json\/wp\/v2\/types\/post"}],"author":[{"embeddable":true,"href":"https:\/\/www.sebastien-majerowicz.fr\/index.php\/wp-json\/wp\/v2\/users\/1"}],"replies":[{"embeddable":true,"href":"https:\/\/www.sebastien-majerowicz.fr\/index.php\/wp-json\/wp\/v2\/comments?post=2124"}],"version-history":[{"count":3,"href":"https:\/\/www.sebastien-majerowicz.fr\/index.php\/wp-json\/wp\/v2\/posts\/2124\/revisions"}],"predecessor-version":[{"id":2128,"href":"https:\/\/www.sebastien-majerowicz.fr\/index.php\/wp-json\/wp\/v2\/posts\/2124\/revisions\/2128"}],"wp:featuredmedia":[{"embeddable":true,"href":"https:\/\/www.sebastien-majerowicz.fr\/index.php\/wp-json\/wp\/v2\/media\/2125"}],"wp:attachment":[{"href":"https:\/\/www.sebastien-majerowicz.fr\/index.php\/wp-json\/wp\/v2\/media?parent=2124"}],"wp:term":[{"taxonomy":"category","embeddable":true,"href":"https:\/\/www.sebastien-majerowicz.fr\/index.php\/wp-json\/wp\/v2\/categories?post=2124"},{"taxonomy":"post_tag","embeddable":true,"href":"https:\/\/www.sebastien-majerowicz.fr\/index.php\/wp-json\/wp\/v2\/tags?post=2124"}],"curies":[{"name":"wp","href":"https:\/\/api.w.org\/{rel}","templated":true}]}}