{"id":2076,"date":"2017-10-20T09:51:14","date_gmt":"2017-10-20T07:51:14","guid":{"rendered":"http:\/\/www.sebastien-majerowicz.fr\/?p=2076"},"modified":"2017-10-20T11:59:56","modified_gmt":"2017-10-20T09:59:56","slug":"haut-en-couleur","status":"publish","type":"post","link":"https:\/\/www.sebastien-majerowicz.fr\/index.php\/2017\/10\/20\/haut-en-couleur\/","title":{"rendered":"Haut en couleur"},"content":{"rendered":"<p>Les sous-bois sont g\u00e9n\u00e9ralement repr\u00e9sent\u00e9s de mani\u00e8re monochromatique. En effet, la lumi\u00e8re y p\u00e9n\u00e8tre peu. Il est donc difficile de bien appr\u00e9cier tout ce qui compose ces sous-bois. La derni\u00e8re fois, en m&rsquo;y baladant au Soleil couchant, je suis tomb\u00e9 sur cet \u00e9norme champignon. Plac\u00e9 au ras du sol et aid\u00e9 par cette belle lumi\u00e8re, j&rsquo;ai pu extraire toutes ces belles couleurs. j&rsquo;esp\u00e8re que vous appr\u00e9cierez ce tableau !<\/p>\n<p>PS : Si vous connaissez le nom de ce champignon, merci de le partager \ud83d\ude09<\/p>\n<p>PPS : Merci \u00e0 celles et ceux qui m&rsquo;ont indiqu\u00e9 qu&rsquo;il s&rsquo;agit d&rsquo;une l\u00e9piote \u00e9lev\u00e9e (Macrolepiota procera).<\/p>\n","protected":false},"excerpt":{"rendered":"<p>Les sous-bois sont g\u00e9n\u00e9ralement repr\u00e9sent\u00e9s de mani\u00e8re monochromatique. En effet, la lumi\u00e8re y p\u00e9n\u00e8tre peu. Il est donc difficile de bien appr\u00e9cier tout ce qui compose ces sous-bois. La derni\u00e8re fois, en m&rsquo;y baladant au Soleil couchant, je suis tomb\u00e9 sur cet \u00e9norme champignon. Plac\u00e9 au ras du sol et aid\u00e9 par cette belle lumi\u00e8re, [&hellip;]<\/p>\n","protected":false},"author":1,"featured_media":2075,"comment_status":"open","ping_status":"open","sticky":false,"template":"","format":"standard","meta":{"footnotes":""},"categories":[16],"tags":[313,762,761,25,56],"class_list":{"0":"post-2076","1":"post","2":"type-post","3":"status-publish","4":"format-standard","5":"has-post-thumbnail","7":"category-champignon","8":"tag-champignon","9":"tag-lepiote-elevee","10":"tag-macrolepiota-procera","11":"tag-nikon-d5300","12":"tag-sigma-105-macro","13":"czr-hentry"},"yoast_head":"<!-- This site is optimized with the Yoast SEO plugin v27.5 - https:\/\/yoast.com\/product\/yoast-seo-wordpress\/ -->\n<title>Haut en couleur - S\u00e9bastien Majerowicz<\/title>\n<meta name=\"robots\" content=\"index, follow, max-snippet:-1, max-image-preview:large, max-video-preview:-1\" \/>\n<link rel=\"canonical\" href=\"https:\/\/www.sebastien-majerowicz.fr\/index.php\/2017\/10\/20\/haut-en-couleur\/\" \/>\n<meta property=\"og:locale\" content=\"fr_FR\" \/>\n<meta property=\"og:type\" content=\"article\" \/>\n<meta property=\"og:title\" content=\"Haut en couleur - S\u00e9bastien Majerowicz\" \/>\n<meta property=\"og:description\" content=\"Les sous-bois sont g\u00e9n\u00e9ralement repr\u00e9sent\u00e9s de mani\u00e8re monochromatique. En effet, la lumi\u00e8re y p\u00e9n\u00e8tre peu. Il est donc difficile de bien appr\u00e9cier tout ce qui compose ces sous-bois. La derni\u00e8re fois, en m&rsquo;y baladant au Soleil couchant, je suis tomb\u00e9 sur cet \u00e9norme champignon. Plac\u00e9 au ras du sol et aid\u00e9 par cette belle lumi\u00e8re, [&hellip;]\" \/>\n<meta property=\"og:url\" content=\"https:\/\/www.sebastien-majerowicz.fr\/index.php\/2017\/10\/20\/haut-en-couleur\/\" \/>\n<meta property=\"og:site_name\" content=\"S\u00e9bastien Majerowicz\" \/>\n<meta property=\"article:published_time\" content=\"2017-10-20T07:51:14+00:00\" \/>\n<meta property=\"article:modified_time\" content=\"2017-10-20T09:59:56+00:00\" \/>\n<meta property=\"og:image\" content=\"https:\/\/www.sebastien-majerowicz.fr\/wp-content\/uploads\/2017\/10\/35929049114_272d4fe069_b-14.jpg\" \/>\n\t<meta property=\"og:image:width\" content=\"1024\" \/>\n\t<meta property=\"og:image:height\" content=\"683\" \/>\n\t<meta property=\"og:image:type\" content=\"image\/jpeg\" \/>\n<meta name=\"author\" content=\"S\u00e9bastien Majerowicz\" \/>\n<meta name=\"twitter:card\" content=\"summary_large_image\" \/>\n<meta name=\"twitter:label1\" content=\"\u00c9crit par\" \/>\n\t<meta name=\"twitter:data1\" content=\"S\u00e9bastien Majerowicz\" \/>\n\t<meta name=\"twitter:label2\" content=\"Dur\u00e9e de lecture estim\u00e9e\" \/>\n\t<meta name=\"twitter:data2\" content=\"1 minute\" \/>\n<script type=\"application\/ld+json\" class=\"yoast-schema-graph\">{\"@context\":\"https:\\\/\\\/schema.org\",\"@graph\":[{\"@type\":\"Article\",\"@id\":\"https:\\\/\\\/www.sebastien-majerowicz.fr\\\/index.php\\\/2017\\\/10\\\/20\\\/haut-en-couleur\\\/#article\",\"isPartOf\":{\"@id\":\"https:\\\/\\\/www.sebastien-majerowicz.fr\\\/index.php\\\/2017\\\/10\\\/20\\\/haut-en-couleur\\\/\"},\"author\":{\"name\":\"S\u00e9bastien Majerowicz\",\"@id\":\"https:\\\/\\\/www.sebastien-majerowicz.fr\\\/#\\\/schema\\\/person\\\/a64c1066d12b40958b45bf7ab508f6a3\"},\"headline\":\"Haut en couleur\",\"datePublished\":\"2017-10-20T07:51:14+00:00\",\"dateModified\":\"2017-10-20T09:59:56+00:00\",\"mainEntityOfPage\":{\"@id\":\"https:\\\/\\\/www.sebastien-majerowicz.fr\\\/index.php\\\/2017\\\/10\\\/20\\\/haut-en-couleur\\\/\"},\"wordCount\":121,\"commentCount\":0,\"publisher\":{\"@id\":\"https:\\\/\\\/www.sebastien-majerowicz.fr\\\/#\\\/schema\\\/person\\\/a64c1066d12b40958b45bf7ab508f6a3\"},\"image\":{\"@id\":\"https:\\\/\\\/www.sebastien-majerowicz.fr\\\/index.php\\\/2017\\\/10\\\/20\\\/haut-en-couleur\\\/#primaryimage\"},\"thumbnailUrl\":\"https:\\\/\\\/www.sebastien-majerowicz.fr\\\/wp-content\\\/uploads\\\/2017\\\/10\\\/35929049114_272d4fe069_b-14.jpg\",\"keywords\":[\"Champignon\",\"L\u00e9piote \u00e9lev\u00e9e\",\"Macrolepiota procera\",\"Nikon D5300\",\"Sigma 105 macro\"],\"articleSection\":[\"Champignon\"],\"inLanguage\":\"fr-FR\",\"potentialAction\":[{\"@type\":\"CommentAction\",\"name\":\"Comment\",\"target\":[\"https:\\\/\\\/www.sebastien-majerowicz.fr\\\/index.php\\\/2017\\\/10\\\/20\\\/haut-en-couleur\\\/#respond\"]}]},{\"@type\":\"WebPage\",\"@id\":\"https:\\\/\\\/www.sebastien-majerowicz.fr\\\/index.php\\\/2017\\\/10\\\/20\\\/haut-en-couleur\\\/\",\"url\":\"https:\\\/\\\/www.sebastien-majerowicz.fr\\\/index.php\\\/2017\\\/10\\\/20\\\/haut-en-couleur\\\/\",\"name\":\"Haut en couleur - S\u00e9bastien Majerowicz\",\"isPartOf\":{\"@id\":\"https:\\\/\\\/www.sebastien-majerowicz.fr\\\/#website\"},\"primaryImageOfPage\":{\"@id\":\"https:\\\/\\\/www.sebastien-majerowicz.fr\\\/index.php\\\/2017\\\/10\\\/20\\\/haut-en-couleur\\\/#primaryimage\"},\"image\":{\"@id\":\"https:\\\/\\\/www.sebastien-majerowicz.fr\\\/index.php\\\/2017\\\/10\\\/20\\\/haut-en-couleur\\\/#primaryimage\"},\"thumbnailUrl\":\"https:\\\/\\\/www.sebastien-majerowicz.fr\\\/wp-content\\\/uploads\\\/2017\\\/10\\\/35929049114_272d4fe069_b-14.jpg\",\"datePublished\":\"2017-10-20T07:51:14+00:00\",\"dateModified\":\"2017-10-20T09:59:56+00:00\",\"breadcrumb\":{\"@id\":\"https:\\\/\\\/www.sebastien-majerowicz.fr\\\/index.php\\\/2017\\\/10\\\/20\\\/haut-en-couleur\\\/#breadcrumb\"},\"inLanguage\":\"fr-FR\",\"potentialAction\":[{\"@type\":\"ReadAction\",\"target\":[\"https:\\\/\\\/www.sebastien-majerowicz.fr\\\/index.php\\\/2017\\\/10\\\/20\\\/haut-en-couleur\\\/\"]}]},{\"@type\":\"ImageObject\",\"inLanguage\":\"fr-FR\",\"@id\":\"https:\\\/\\\/www.sebastien-majerowicz.fr\\\/index.php\\\/2017\\\/10\\\/20\\\/haut-en-couleur\\\/#primaryimage\",\"url\":\"https:\\\/\\\/www.sebastien-majerowicz.fr\\\/wp-content\\\/uploads\\\/2017\\\/10\\\/35929049114_272d4fe069_b-14.jpg\",\"contentUrl\":\"https:\\\/\\\/www.sebastien-majerowicz.fr\\\/wp-content\\\/uploads\\\/2017\\\/10\\\/35929049114_272d4fe069_b-14.jpg\",\"width\":1024,\"height\":683,\"caption\":\"L\u00e9piote \u00e9lev\u00e9e \\\/ Macrolepiota procera\"},{\"@type\":\"BreadcrumbList\",\"@id\":\"https:\\\/\\\/www.sebastien-majerowicz.fr\\\/index.php\\\/2017\\\/10\\\/20\\\/haut-en-couleur\\\/#breadcrumb\",\"itemListElement\":[{\"@type\":\"ListItem\",\"position\":1,\"name\":\"Accueil\",\"item\":\"https:\\\/\\\/www.sebastien-majerowicz.fr\\\/\"},{\"@type\":\"ListItem\",\"position\":2,\"name\":\"Haut en couleur\"}]},{\"@type\":\"WebSite\",\"@id\":\"https:\\\/\\\/www.sebastien-majerowicz.fr\\\/#website\",\"url\":\"https:\\\/\\\/www.sebastien-majerowicz.fr\\\/\",\"name\":\"S\u00e9bastien Majerowicz\",\"description\":\"Photographe animalier par Nature\",\"publisher\":{\"@id\":\"https:\\\/\\\/www.sebastien-majerowicz.fr\\\/#\\\/schema\\\/person\\\/a64c1066d12b40958b45bf7ab508f6a3\"},\"potentialAction\":[{\"@type\":\"SearchAction\",\"target\":{\"@type\":\"EntryPoint\",\"urlTemplate\":\"https:\\\/\\\/www.sebastien-majerowicz.fr\\\/?s={search_term_string}\"},\"query-input\":{\"@type\":\"PropertyValueSpecification\",\"valueRequired\":true,\"valueName\":\"search_term_string\"}}],\"inLanguage\":\"fr-FR\"},{\"@type\":[\"Person\",\"Organization\"],\"@id\":\"https:\\\/\\\/www.sebastien-majerowicz.fr\\\/#\\\/schema\\\/person\\\/a64c1066d12b40958b45bf7ab508f6a3\",\"name\":\"S\u00e9bastien Majerowicz\",\"logo\":{\"@id\":\"https:\\\/\\\/www.sebastien-majerowicz.fr\\\/#\\\/schema\\\/person\\\/image\\\/\"},\"sameAs\":[\"https:\\\/\\\/www.sebastien-majerowicz.fr\"]}]}<\/script>\n<!-- \/ Yoast SEO plugin. -->","yoast_head_json":{"title":"Haut en couleur - S\u00e9bastien Majerowicz","robots":{"index":"index","follow":"follow","max-snippet":"max-snippet:-1","max-image-preview":"max-image-preview:large","max-video-preview":"max-video-preview:-1"},"canonical":"https:\/\/www.sebastien-majerowicz.fr\/index.php\/2017\/10\/20\/haut-en-couleur\/","og_locale":"fr_FR","og_type":"article","og_title":"Haut en couleur - S\u00e9bastien Majerowicz","og_description":"Les sous-bois sont g\u00e9n\u00e9ralement repr\u00e9sent\u00e9s de mani\u00e8re monochromatique. En effet, la lumi\u00e8re y p\u00e9n\u00e8tre peu. Il est donc difficile de bien appr\u00e9cier tout ce qui compose ces sous-bois. La derni\u00e8re fois, en m&rsquo;y baladant au Soleil couchant, je suis tomb\u00e9 sur cet \u00e9norme champignon. Plac\u00e9 au ras du sol et aid\u00e9 par cette belle lumi\u00e8re, [&hellip;]","og_url":"https:\/\/www.sebastien-majerowicz.fr\/index.php\/2017\/10\/20\/haut-en-couleur\/","og_site_name":"S\u00e9bastien Majerowicz","article_published_time":"2017-10-20T07:51:14+00:00","article_modified_time":"2017-10-20T09:59:56+00:00","og_image":[{"width":1024,"height":683,"url":"https:\/\/www.sebastien-majerowicz.fr\/wp-content\/uploads\/2017\/10\/35929049114_272d4fe069_b-14.jpg","type":"image\/jpeg"}],"author":"S\u00e9bastien Majerowicz","twitter_card":"summary_large_image","twitter_misc":{"\u00c9crit par":"S\u00e9bastien Majerowicz","Dur\u00e9e de lecture estim\u00e9e":"1 minute"},"schema":{"@context":"https:\/\/schema.org","@graph":[{"@type":"Article","@id":"https:\/\/www.sebastien-majerowicz.fr\/index.php\/2017\/10\/20\/haut-en-couleur\/#article","isPartOf":{"@id":"https:\/\/www.sebastien-majerowicz.fr\/index.php\/2017\/10\/20\/haut-en-couleur\/"},"author":{"name":"S\u00e9bastien Majerowicz","@id":"https:\/\/www.sebastien-majerowicz.fr\/#\/schema\/person\/a64c1066d12b40958b45bf7ab508f6a3"},"headline":"Haut en couleur","datePublished":"2017-10-20T07:51:14+00:00","dateModified":"2017-10-20T09:59:56+00:00","mainEntityOfPage":{"@id":"https:\/\/www.sebastien-majerowicz.fr\/index.php\/2017\/10\/20\/haut-en-couleur\/"},"wordCount":121,"commentCount":0,"publisher":{"@id":"https:\/\/www.sebastien-majerowicz.fr\/#\/schema\/person\/a64c1066d12b40958b45bf7ab508f6a3"},"image":{"@id":"https:\/\/www.sebastien-majerowicz.fr\/index.php\/2017\/10\/20\/haut-en-couleur\/#primaryimage"},"thumbnailUrl":"https:\/\/www.sebastien-majerowicz.fr\/wp-content\/uploads\/2017\/10\/35929049114_272d4fe069_b-14.jpg","keywords":["Champignon","L\u00e9piote \u00e9lev\u00e9e","Macrolepiota procera","Nikon D5300","Sigma 105 macro"],"articleSection":["Champignon"],"inLanguage":"fr-FR","potentialAction":[{"@type":"CommentAction","name":"Comment","target":["https:\/\/www.sebastien-majerowicz.fr\/index.php\/2017\/10\/20\/haut-en-couleur\/#respond"]}]},{"@type":"WebPage","@id":"https:\/\/www.sebastien-majerowicz.fr\/index.php\/2017\/10\/20\/haut-en-couleur\/","url":"https:\/\/www.sebastien-majerowicz.fr\/index.php\/2017\/10\/20\/haut-en-couleur\/","name":"Haut en couleur - S\u00e9bastien Majerowicz","isPartOf":{"@id":"https:\/\/www.sebastien-majerowicz.fr\/#website"},"primaryImageOfPage":{"@id":"https:\/\/www.sebastien-majerowicz.fr\/index.php\/2017\/10\/20\/haut-en-couleur\/#primaryimage"},"image":{"@id":"https:\/\/www.sebastien-majerowicz.fr\/index.php\/2017\/10\/20\/haut-en-couleur\/#primaryimage"},"thumbnailUrl":"https:\/\/www.sebastien-majerowicz.fr\/wp-content\/uploads\/2017\/10\/35929049114_272d4fe069_b-14.jpg","datePublished":"2017-10-20T07:51:14+00:00","dateModified":"2017-10-20T09:59:56+00:00","breadcrumb":{"@id":"https:\/\/www.sebastien-majerowicz.fr\/index.php\/2017\/10\/20\/haut-en-couleur\/#breadcrumb"},"inLanguage":"fr-FR","potentialAction":[{"@type":"ReadAction","target":["https:\/\/www.sebastien-majerowicz.fr\/index.php\/2017\/10\/20\/haut-en-couleur\/"]}]},{"@type":"ImageObject","inLanguage":"fr-FR","@id":"https:\/\/www.sebastien-majerowicz.fr\/index.php\/2017\/10\/20\/haut-en-couleur\/#primaryimage","url":"https:\/\/www.sebastien-majerowicz.fr\/wp-content\/uploads\/2017\/10\/35929049114_272d4fe069_b-14.jpg","contentUrl":"https:\/\/www.sebastien-majerowicz.fr\/wp-content\/uploads\/2017\/10\/35929049114_272d4fe069_b-14.jpg","width":1024,"height":683,"caption":"L\u00e9piote \u00e9lev\u00e9e \/ Macrolepiota procera"},{"@type":"BreadcrumbList","@id":"https:\/\/www.sebastien-majerowicz.fr\/index.php\/2017\/10\/20\/haut-en-couleur\/#breadcrumb","itemListElement":[{"@type":"ListItem","position":1,"name":"Accueil","item":"https:\/\/www.sebastien-majerowicz.fr\/"},{"@type":"ListItem","position":2,"name":"Haut en couleur"}]},{"@type":"WebSite","@id":"https:\/\/www.sebastien-majerowicz.fr\/#website","url":"https:\/\/www.sebastien-majerowicz.fr\/","name":"S\u00e9bastien Majerowicz","description":"Photographe animalier par Nature","publisher":{"@id":"https:\/\/www.sebastien-majerowicz.fr\/#\/schema\/person\/a64c1066d12b40958b45bf7ab508f6a3"},"potentialAction":[{"@type":"SearchAction","target":{"@type":"EntryPoint","urlTemplate":"https:\/\/www.sebastien-majerowicz.fr\/?s={search_term_string}"},"query-input":{"@type":"PropertyValueSpecification","valueRequired":true,"valueName":"search_term_string"}}],"inLanguage":"fr-FR"},{"@type":["Person","Organization"],"@id":"https:\/\/www.sebastien-majerowicz.fr\/#\/schema\/person\/a64c1066d12b40958b45bf7ab508f6a3","name":"S\u00e9bastien Majerowicz","logo":{"@id":"https:\/\/www.sebastien-majerowicz.fr\/#\/schema\/person\/image\/"},"sameAs":["https:\/\/www.sebastien-majerowicz.fr"]}]}},"_links":{"self":[{"href":"https:\/\/www.sebastien-majerowicz.fr\/index.php\/wp-json\/wp\/v2\/posts\/2076","targetHints":{"allow":["GET"]}}],"collection":[{"href":"https:\/\/www.sebastien-majerowicz.fr\/index.php\/wp-json\/wp\/v2\/posts"}],"about":[{"href":"https:\/\/www.sebastien-majerowicz.fr\/index.php\/wp-json\/wp\/v2\/types\/post"}],"author":[{"embeddable":true,"href":"https:\/\/www.sebastien-majerowicz.fr\/index.php\/wp-json\/wp\/v2\/users\/1"}],"replies":[{"embeddable":true,"href":"https:\/\/www.sebastien-majerowicz.fr\/index.php\/wp-json\/wp\/v2\/comments?post=2076"}],"version-history":[{"count":2,"href":"https:\/\/www.sebastien-majerowicz.fr\/index.php\/wp-json\/wp\/v2\/posts\/2076\/revisions"}],"predecessor-version":[{"id":2078,"href":"https:\/\/www.sebastien-majerowicz.fr\/index.php\/wp-json\/wp\/v2\/posts\/2076\/revisions\/2078"}],"wp:featuredmedia":[{"embeddable":true,"href":"https:\/\/www.sebastien-majerowicz.fr\/index.php\/wp-json\/wp\/v2\/media\/2075"}],"wp:attachment":[{"href":"https:\/\/www.sebastien-majerowicz.fr\/index.php\/wp-json\/wp\/v2\/media?parent=2076"}],"wp:term":[{"taxonomy":"category","embeddable":true,"href":"https:\/\/www.sebastien-majerowicz.fr\/index.php\/wp-json\/wp\/v2\/categories?post=2076"},{"taxonomy":"post_tag","embeddable":true,"href":"https:\/\/www.sebastien-majerowicz.fr\/index.php\/wp-json\/wp\/v2\/tags?post=2076"}],"curies":[{"name":"wp","href":"https:\/\/api.w.org\/{rel}","templated":true}]}}