{"id":2065,"date":"2017-10-18T09:27:54","date_gmt":"2017-10-18T07:27:54","guid":{"rendered":"http:\/\/www.sebastien-majerowicz.fr\/?p=2065"},"modified":"2017-10-18T09:27:54","modified_gmt":"2017-10-18T07:27:54","slug":"lautomne-sens-dessus-dessous","status":"publish","type":"post","link":"https:\/\/www.sebastien-majerowicz.fr\/index.php\/2017\/10\/18\/lautomne-sens-dessus-dessous\/","title":{"rendered":"L&rsquo;automne sens dessus dessous"},"content":{"rendered":"<p>L&rsquo;automne est une saison v\u00e9ritablement tr\u00e8s particuli\u00e8re. La Nature semble jeter ses derni\u00e8res forces, avant l&rsquo;hiver, dans un spectacle haut en couleur. Alors, une fois n&rsquo;est pas coutume, saisi d&rsquo;\u00e9motion, j&rsquo;ai voulu immortaliser cette sc\u00e8ne. La photographie de paysage n&rsquo;est pas ma sp\u00e9cialit\u00e9, aussi j&rsquo;esp\u00e8re que vous appr\u00e9cierez ce partage !<\/p>\n<p>Enfin, dans cette photo, je me suis permis un traitement particulier, saurez-vous trouver lequel ? La r\u00e9ponse se trouve plus bas \ud83d\ude09<\/p>\n<p>PS : Vous pouvez retrouver cette photo dans ma galerie \u00ab\u00a0<a href=\"http:\/\/www.sebastien-majerowicz.fr\/index.php\/levons-les-yeux\/\" target=\"_blank\" rel=\"noopener\">Levons les yeux<\/a>\u00ab\u00a0.<\/p>\n<p>PPS : La photo pr\u00e9sent\u00e9e ici est retourn\u00e9e ! Le ciel est en bas et l&rsquo;eau en haut. La r\u00e9flexion sur la surface de l&rsquo;eau, quasi plane, \u00e9tait telle que je me suis permis cette fantaisie \ud83d\ude42 Et encore, j&rsquo;ai d\u00e9lib\u00e9r\u00e9ment \u00e9vit\u00e9 de gommer les quelques feuilles pr\u00e9sentes sur l&rsquo;eau pour donner quelques indices !<\/p>\n","protected":false},"excerpt":{"rendered":"<p>L&rsquo;automne est une saison v\u00e9ritablement tr\u00e8s particuli\u00e8re. La Nature semble jeter ses derni\u00e8res forces, avant l&rsquo;hiver, dans un spectacle haut en couleur. Alors, une fois n&rsquo;est pas coutume, saisi d&rsquo;\u00e9motion, j&rsquo;ai voulu immortaliser cette sc\u00e8ne. La photographie de paysage n&rsquo;est pas ma sp\u00e9cialit\u00e9, aussi j&rsquo;esp\u00e8re que vous appr\u00e9cierez ce partage ! Enfin, dans cette photo, [&hellip;]<\/p>\n","protected":false},"author":1,"featured_media":2064,"comment_status":"open","ping_status":"open","sticky":false,"template":"","format":"standard","meta":{"footnotes":""},"categories":[18],"tags":[760,25,141,117],"class_list":{"0":"post-2065","1":"post","2":"type-post","3":"status-publish","4":"format-standard","5":"has-post-thumbnail","7":"category-paysage-autre","8":"tag-automne","9":"tag-nikon-d5300","10":"tag-paysage","11":"tag-sigma-17-50","12":"czr-hentry"},"yoast_head":"<!-- This site is optimized with the Yoast SEO plugin v27.5 - https:\/\/yoast.com\/product\/yoast-seo-wordpress\/ -->\n<title>L&#039;automne sens dessus dessous - S\u00e9bastien Majerowicz<\/title>\n<meta name=\"robots\" content=\"index, follow, max-snippet:-1, max-image-preview:large, max-video-preview:-1\" \/>\n<link rel=\"canonical\" href=\"https:\/\/www.sebastien-majerowicz.fr\/index.php\/2017\/10\/18\/lautomne-sens-dessus-dessous\/\" \/>\n<meta property=\"og:locale\" content=\"fr_FR\" \/>\n<meta property=\"og:type\" content=\"article\" \/>\n<meta property=\"og:title\" content=\"L&#039;automne sens dessus dessous - S\u00e9bastien Majerowicz\" \/>\n<meta property=\"og:description\" content=\"L&rsquo;automne est une saison v\u00e9ritablement tr\u00e8s particuli\u00e8re. La Nature semble jeter ses derni\u00e8res forces, avant l&rsquo;hiver, dans un spectacle haut en couleur. Alors, une fois n&rsquo;est pas coutume, saisi d&rsquo;\u00e9motion, j&rsquo;ai voulu immortaliser cette sc\u00e8ne. La photographie de paysage n&rsquo;est pas ma sp\u00e9cialit\u00e9, aussi j&rsquo;esp\u00e8re que vous appr\u00e9cierez ce partage ! Enfin, dans cette photo, [&hellip;]\" \/>\n<meta property=\"og:url\" content=\"https:\/\/www.sebastien-majerowicz.fr\/index.php\/2017\/10\/18\/lautomne-sens-dessus-dessous\/\" \/>\n<meta property=\"og:site_name\" content=\"S\u00e9bastien Majerowicz\" \/>\n<meta property=\"article:published_time\" content=\"2017-10-18T07:27:54+00:00\" \/>\n<meta property=\"og:image\" content=\"https:\/\/www.sebastien-majerowicz.fr\/wp-content\/uploads\/2017\/10\/35929049114_272d4fe069_b-12.jpg\" \/>\n\t<meta property=\"og:image:width\" content=\"1024\" \/>\n\t<meta property=\"og:image:height\" content=\"576\" \/>\n\t<meta property=\"og:image:type\" content=\"image\/jpeg\" \/>\n<meta name=\"author\" content=\"S\u00e9bastien Majerowicz\" \/>\n<meta name=\"twitter:card\" content=\"summary_large_image\" \/>\n<meta name=\"twitter:label1\" content=\"\u00c9crit par\" \/>\n\t<meta name=\"twitter:data1\" content=\"S\u00e9bastien Majerowicz\" \/>\n\t<meta name=\"twitter:label2\" content=\"Dur\u00e9e de lecture estim\u00e9e\" \/>\n\t<meta name=\"twitter:data2\" content=\"1 minute\" \/>\n<script type=\"application\/ld+json\" class=\"yoast-schema-graph\">{\"@context\":\"https:\\\/\\\/schema.org\",\"@graph\":[{\"@type\":\"Article\",\"@id\":\"https:\\\/\\\/www.sebastien-majerowicz.fr\\\/index.php\\\/2017\\\/10\\\/18\\\/lautomne-sens-dessus-dessous\\\/#article\",\"isPartOf\":{\"@id\":\"https:\\\/\\\/www.sebastien-majerowicz.fr\\\/index.php\\\/2017\\\/10\\\/18\\\/lautomne-sens-dessus-dessous\\\/\"},\"author\":{\"name\":\"S\u00e9bastien Majerowicz\",\"@id\":\"https:\\\/\\\/www.sebastien-majerowicz.fr\\\/#\\\/schema\\\/person\\\/a64c1066d12b40958b45bf7ab508f6a3\"},\"headline\":\"L&rsquo;automne sens dessus dessous\",\"datePublished\":\"2017-10-18T07:27:54+00:00\",\"mainEntityOfPage\":{\"@id\":\"https:\\\/\\\/www.sebastien-majerowicz.fr\\\/index.php\\\/2017\\\/10\\\/18\\\/lautomne-sens-dessus-dessous\\\/\"},\"wordCount\":166,\"commentCount\":2,\"publisher\":{\"@id\":\"https:\\\/\\\/www.sebastien-majerowicz.fr\\\/#\\\/schema\\\/person\\\/a64c1066d12b40958b45bf7ab508f6a3\"},\"image\":{\"@id\":\"https:\\\/\\\/www.sebastien-majerowicz.fr\\\/index.php\\\/2017\\\/10\\\/18\\\/lautomne-sens-dessus-dessous\\\/#primaryimage\"},\"thumbnailUrl\":\"https:\\\/\\\/www.sebastien-majerowicz.fr\\\/wp-content\\\/uploads\\\/2017\\\/10\\\/35929049114_272d4fe069_b-12.jpg\",\"keywords\":[\"Automne\",\"Nikon D5300\",\"Paysage\",\"Sigma 17-50\"],\"articleSection\":[\"Paysage autre\"],\"inLanguage\":\"fr-FR\",\"potentialAction\":[{\"@type\":\"CommentAction\",\"name\":\"Comment\",\"target\":[\"https:\\\/\\\/www.sebastien-majerowicz.fr\\\/index.php\\\/2017\\\/10\\\/18\\\/lautomne-sens-dessus-dessous\\\/#respond\"]}]},{\"@type\":\"WebPage\",\"@id\":\"https:\\\/\\\/www.sebastien-majerowicz.fr\\\/index.php\\\/2017\\\/10\\\/18\\\/lautomne-sens-dessus-dessous\\\/\",\"url\":\"https:\\\/\\\/www.sebastien-majerowicz.fr\\\/index.php\\\/2017\\\/10\\\/18\\\/lautomne-sens-dessus-dessous\\\/\",\"name\":\"L'automne sens dessus dessous - S\u00e9bastien Majerowicz\",\"isPartOf\":{\"@id\":\"https:\\\/\\\/www.sebastien-majerowicz.fr\\\/#website\"},\"primaryImageOfPage\":{\"@id\":\"https:\\\/\\\/www.sebastien-majerowicz.fr\\\/index.php\\\/2017\\\/10\\\/18\\\/lautomne-sens-dessus-dessous\\\/#primaryimage\"},\"image\":{\"@id\":\"https:\\\/\\\/www.sebastien-majerowicz.fr\\\/index.php\\\/2017\\\/10\\\/18\\\/lautomne-sens-dessus-dessous\\\/#primaryimage\"},\"thumbnailUrl\":\"https:\\\/\\\/www.sebastien-majerowicz.fr\\\/wp-content\\\/uploads\\\/2017\\\/10\\\/35929049114_272d4fe069_b-12.jpg\",\"datePublished\":\"2017-10-18T07:27:54+00:00\",\"breadcrumb\":{\"@id\":\"https:\\\/\\\/www.sebastien-majerowicz.fr\\\/index.php\\\/2017\\\/10\\\/18\\\/lautomne-sens-dessus-dessous\\\/#breadcrumb\"},\"inLanguage\":\"fr-FR\",\"potentialAction\":[{\"@type\":\"ReadAction\",\"target\":[\"https:\\\/\\\/www.sebastien-majerowicz.fr\\\/index.php\\\/2017\\\/10\\\/18\\\/lautomne-sens-dessus-dessous\\\/\"]}]},{\"@type\":\"ImageObject\",\"inLanguage\":\"fr-FR\",\"@id\":\"https:\\\/\\\/www.sebastien-majerowicz.fr\\\/index.php\\\/2017\\\/10\\\/18\\\/lautomne-sens-dessus-dessous\\\/#primaryimage\",\"url\":\"https:\\\/\\\/www.sebastien-majerowicz.fr\\\/wp-content\\\/uploads\\\/2017\\\/10\\\/35929049114_272d4fe069_b-12.jpg\",\"contentUrl\":\"https:\\\/\\\/www.sebastien-majerowicz.fr\\\/wp-content\\\/uploads\\\/2017\\\/10\\\/35929049114_272d4fe069_b-12.jpg\",\"width\":1024,\"height\":576,\"caption\":\"Retourn\u00e9 d'automne\"},{\"@type\":\"BreadcrumbList\",\"@id\":\"https:\\\/\\\/www.sebastien-majerowicz.fr\\\/index.php\\\/2017\\\/10\\\/18\\\/lautomne-sens-dessus-dessous\\\/#breadcrumb\",\"itemListElement\":[{\"@type\":\"ListItem\",\"position\":1,\"name\":\"Accueil\",\"item\":\"https:\\\/\\\/www.sebastien-majerowicz.fr\\\/\"},{\"@type\":\"ListItem\",\"position\":2,\"name\":\"L&rsquo;automne sens dessus dessous\"}]},{\"@type\":\"WebSite\",\"@id\":\"https:\\\/\\\/www.sebastien-majerowicz.fr\\\/#website\",\"url\":\"https:\\\/\\\/www.sebastien-majerowicz.fr\\\/\",\"name\":\"S\u00e9bastien Majerowicz\",\"description\":\"Photographe animalier par Nature\",\"publisher\":{\"@id\":\"https:\\\/\\\/www.sebastien-majerowicz.fr\\\/#\\\/schema\\\/person\\\/a64c1066d12b40958b45bf7ab508f6a3\"},\"potentialAction\":[{\"@type\":\"SearchAction\",\"target\":{\"@type\":\"EntryPoint\",\"urlTemplate\":\"https:\\\/\\\/www.sebastien-majerowicz.fr\\\/?s={search_term_string}\"},\"query-input\":{\"@type\":\"PropertyValueSpecification\",\"valueRequired\":true,\"valueName\":\"search_term_string\"}}],\"inLanguage\":\"fr-FR\"},{\"@type\":[\"Person\",\"Organization\"],\"@id\":\"https:\\\/\\\/www.sebastien-majerowicz.fr\\\/#\\\/schema\\\/person\\\/a64c1066d12b40958b45bf7ab508f6a3\",\"name\":\"S\u00e9bastien Majerowicz\",\"logo\":{\"@id\":\"https:\\\/\\\/www.sebastien-majerowicz.fr\\\/#\\\/schema\\\/person\\\/image\\\/\"},\"sameAs\":[\"https:\\\/\\\/www.sebastien-majerowicz.fr\"]}]}<\/script>\n<!-- \/ Yoast SEO plugin. -->","yoast_head_json":{"title":"L'automne sens dessus dessous - S\u00e9bastien Majerowicz","robots":{"index":"index","follow":"follow","max-snippet":"max-snippet:-1","max-image-preview":"max-image-preview:large","max-video-preview":"max-video-preview:-1"},"canonical":"https:\/\/www.sebastien-majerowicz.fr\/index.php\/2017\/10\/18\/lautomne-sens-dessus-dessous\/","og_locale":"fr_FR","og_type":"article","og_title":"L'automne sens dessus dessous - S\u00e9bastien Majerowicz","og_description":"L&rsquo;automne est une saison v\u00e9ritablement tr\u00e8s particuli\u00e8re. La Nature semble jeter ses derni\u00e8res forces, avant l&rsquo;hiver, dans un spectacle haut en couleur. Alors, une fois n&rsquo;est pas coutume, saisi d&rsquo;\u00e9motion, j&rsquo;ai voulu immortaliser cette sc\u00e8ne. La photographie de paysage n&rsquo;est pas ma sp\u00e9cialit\u00e9, aussi j&rsquo;esp\u00e8re que vous appr\u00e9cierez ce partage ! Enfin, dans cette photo, [&hellip;]","og_url":"https:\/\/www.sebastien-majerowicz.fr\/index.php\/2017\/10\/18\/lautomne-sens-dessus-dessous\/","og_site_name":"S\u00e9bastien Majerowicz","article_published_time":"2017-10-18T07:27:54+00:00","og_image":[{"width":1024,"height":576,"url":"https:\/\/www.sebastien-majerowicz.fr\/wp-content\/uploads\/2017\/10\/35929049114_272d4fe069_b-12.jpg","type":"image\/jpeg"}],"author":"S\u00e9bastien Majerowicz","twitter_card":"summary_large_image","twitter_misc":{"\u00c9crit par":"S\u00e9bastien Majerowicz","Dur\u00e9e de lecture estim\u00e9e":"1 minute"},"schema":{"@context":"https:\/\/schema.org","@graph":[{"@type":"Article","@id":"https:\/\/www.sebastien-majerowicz.fr\/index.php\/2017\/10\/18\/lautomne-sens-dessus-dessous\/#article","isPartOf":{"@id":"https:\/\/www.sebastien-majerowicz.fr\/index.php\/2017\/10\/18\/lautomne-sens-dessus-dessous\/"},"author":{"name":"S\u00e9bastien Majerowicz","@id":"https:\/\/www.sebastien-majerowicz.fr\/#\/schema\/person\/a64c1066d12b40958b45bf7ab508f6a3"},"headline":"L&rsquo;automne sens dessus dessous","datePublished":"2017-10-18T07:27:54+00:00","mainEntityOfPage":{"@id":"https:\/\/www.sebastien-majerowicz.fr\/index.php\/2017\/10\/18\/lautomne-sens-dessus-dessous\/"},"wordCount":166,"commentCount":2,"publisher":{"@id":"https:\/\/www.sebastien-majerowicz.fr\/#\/schema\/person\/a64c1066d12b40958b45bf7ab508f6a3"},"image":{"@id":"https:\/\/www.sebastien-majerowicz.fr\/index.php\/2017\/10\/18\/lautomne-sens-dessus-dessous\/#primaryimage"},"thumbnailUrl":"https:\/\/www.sebastien-majerowicz.fr\/wp-content\/uploads\/2017\/10\/35929049114_272d4fe069_b-12.jpg","keywords":["Automne","Nikon D5300","Paysage","Sigma 17-50"],"articleSection":["Paysage autre"],"inLanguage":"fr-FR","potentialAction":[{"@type":"CommentAction","name":"Comment","target":["https:\/\/www.sebastien-majerowicz.fr\/index.php\/2017\/10\/18\/lautomne-sens-dessus-dessous\/#respond"]}]},{"@type":"WebPage","@id":"https:\/\/www.sebastien-majerowicz.fr\/index.php\/2017\/10\/18\/lautomne-sens-dessus-dessous\/","url":"https:\/\/www.sebastien-majerowicz.fr\/index.php\/2017\/10\/18\/lautomne-sens-dessus-dessous\/","name":"L'automne sens dessus dessous - S\u00e9bastien Majerowicz","isPartOf":{"@id":"https:\/\/www.sebastien-majerowicz.fr\/#website"},"primaryImageOfPage":{"@id":"https:\/\/www.sebastien-majerowicz.fr\/index.php\/2017\/10\/18\/lautomne-sens-dessus-dessous\/#primaryimage"},"image":{"@id":"https:\/\/www.sebastien-majerowicz.fr\/index.php\/2017\/10\/18\/lautomne-sens-dessus-dessous\/#primaryimage"},"thumbnailUrl":"https:\/\/www.sebastien-majerowicz.fr\/wp-content\/uploads\/2017\/10\/35929049114_272d4fe069_b-12.jpg","datePublished":"2017-10-18T07:27:54+00:00","breadcrumb":{"@id":"https:\/\/www.sebastien-majerowicz.fr\/index.php\/2017\/10\/18\/lautomne-sens-dessus-dessous\/#breadcrumb"},"inLanguage":"fr-FR","potentialAction":[{"@type":"ReadAction","target":["https:\/\/www.sebastien-majerowicz.fr\/index.php\/2017\/10\/18\/lautomne-sens-dessus-dessous\/"]}]},{"@type":"ImageObject","inLanguage":"fr-FR","@id":"https:\/\/www.sebastien-majerowicz.fr\/index.php\/2017\/10\/18\/lautomne-sens-dessus-dessous\/#primaryimage","url":"https:\/\/www.sebastien-majerowicz.fr\/wp-content\/uploads\/2017\/10\/35929049114_272d4fe069_b-12.jpg","contentUrl":"https:\/\/www.sebastien-majerowicz.fr\/wp-content\/uploads\/2017\/10\/35929049114_272d4fe069_b-12.jpg","width":1024,"height":576,"caption":"Retourn\u00e9 d'automne"},{"@type":"BreadcrumbList","@id":"https:\/\/www.sebastien-majerowicz.fr\/index.php\/2017\/10\/18\/lautomne-sens-dessus-dessous\/#breadcrumb","itemListElement":[{"@type":"ListItem","position":1,"name":"Accueil","item":"https:\/\/www.sebastien-majerowicz.fr\/"},{"@type":"ListItem","position":2,"name":"L&rsquo;automne sens dessus dessous"}]},{"@type":"WebSite","@id":"https:\/\/www.sebastien-majerowicz.fr\/#website","url":"https:\/\/www.sebastien-majerowicz.fr\/","name":"S\u00e9bastien Majerowicz","description":"Photographe animalier par Nature","publisher":{"@id":"https:\/\/www.sebastien-majerowicz.fr\/#\/schema\/person\/a64c1066d12b40958b45bf7ab508f6a3"},"potentialAction":[{"@type":"SearchAction","target":{"@type":"EntryPoint","urlTemplate":"https:\/\/www.sebastien-majerowicz.fr\/?s={search_term_string}"},"query-input":{"@type":"PropertyValueSpecification","valueRequired":true,"valueName":"search_term_string"}}],"inLanguage":"fr-FR"},{"@type":["Person","Organization"],"@id":"https:\/\/www.sebastien-majerowicz.fr\/#\/schema\/person\/a64c1066d12b40958b45bf7ab508f6a3","name":"S\u00e9bastien Majerowicz","logo":{"@id":"https:\/\/www.sebastien-majerowicz.fr\/#\/schema\/person\/image\/"},"sameAs":["https:\/\/www.sebastien-majerowicz.fr"]}]}},"_links":{"self":[{"href":"https:\/\/www.sebastien-majerowicz.fr\/index.php\/wp-json\/wp\/v2\/posts\/2065","targetHints":{"allow":["GET"]}}],"collection":[{"href":"https:\/\/www.sebastien-majerowicz.fr\/index.php\/wp-json\/wp\/v2\/posts"}],"about":[{"href":"https:\/\/www.sebastien-majerowicz.fr\/index.php\/wp-json\/wp\/v2\/types\/post"}],"author":[{"embeddable":true,"href":"https:\/\/www.sebastien-majerowicz.fr\/index.php\/wp-json\/wp\/v2\/users\/1"}],"replies":[{"embeddable":true,"href":"https:\/\/www.sebastien-majerowicz.fr\/index.php\/wp-json\/wp\/v2\/comments?post=2065"}],"version-history":[{"count":2,"href":"https:\/\/www.sebastien-majerowicz.fr\/index.php\/wp-json\/wp\/v2\/posts\/2065\/revisions"}],"predecessor-version":[{"id":2067,"href":"https:\/\/www.sebastien-majerowicz.fr\/index.php\/wp-json\/wp\/v2\/posts\/2065\/revisions\/2067"}],"wp:featuredmedia":[{"embeddable":true,"href":"https:\/\/www.sebastien-majerowicz.fr\/index.php\/wp-json\/wp\/v2\/media\/2064"}],"wp:attachment":[{"href":"https:\/\/www.sebastien-majerowicz.fr\/index.php\/wp-json\/wp\/v2\/media?parent=2065"}],"wp:term":[{"taxonomy":"category","embeddable":true,"href":"https:\/\/www.sebastien-majerowicz.fr\/index.php\/wp-json\/wp\/v2\/categories?post=2065"},{"taxonomy":"post_tag","embeddable":true,"href":"https:\/\/www.sebastien-majerowicz.fr\/index.php\/wp-json\/wp\/v2\/tags?post=2065"}],"curies":[{"name":"wp","href":"https:\/\/api.w.org\/{rel}","templated":true}]}}