{"id":1624,"date":"2017-09-26T11:01:52","date_gmt":"2017-09-26T09:01:52","guid":{"rendered":"http:\/\/www.sebastien-majerowicz.fr\/?p=1624"},"modified":"2017-10-06T12:35:29","modified_gmt":"2017-10-06T10:35:29","slug":"le-regard-qui-tue","status":"publish","type":"post","link":"https:\/\/www.sebastien-majerowicz.fr\/index.php\/2017\/09\/26\/le-regard-qui-tue\/","title":{"rendered":"Le regard qui tue ?"},"content":{"rendered":"<p>Deux ans ! Cela faisait deux ans que je n&rsquo;avais pas vu de Mantes religieuses (Mantis religiosa). Et quand je vois le regard que m&rsquo;a lanc\u00e9 celle-ci, j&rsquo;avais presque l&rsquo;impression qu&rsquo;elle m&rsquo;en voulait \ud83d\ude09 Mais bon, \u00e0 la vue de la taille de son abdomen, soit elle est enceinte, soit elle a d\u00e9j\u00e0 bien mang\u00e9 &#8230;<\/p>\n<p>De plus, regardez bien son corps, tellement mim\u00e9tique avec une feuille, magnifique !<\/p>\n<p>Honn\u00eatement, alors que je revenais chez moi, elle m&rsquo;est carr\u00e9ment tomb\u00e9e dessus ! Ce f\u00fbt une agr\u00e9able surprise, telle que sait le faire Dame Nature. Quel bonheur de m&rsquo;allonger \u00e0 c\u00f4t\u00e9 d&rsquo;elle pour la photographier \ud83d\ude42<\/p>\n<p><img loading=\"lazy\" decoding=\"async\" class=\"wp-image-1652 alignleft\" src=\"http:\/\/www.sebastien-majerowicz.fr\/wp-content\/uploads\/2017\/09\/logo_reflex_technique-300x300.png\" alt=\"Technique\" width=\"100\" height=\"100\" srcset=\"https:\/\/www.sebastien-majerowicz.fr\/wp-content\/uploads\/2017\/09\/logo_reflex_technique-300x300.png 300w, https:\/\/www.sebastien-majerowicz.fr\/wp-content\/uploads\/2017\/09\/logo_reflex_technique-150x150.png 150w, https:\/\/www.sebastien-majerowicz.fr\/wp-content\/uploads\/2017\/09\/logo_reflex_technique-510x510.png 510w, https:\/\/www.sebastien-majerowicz.fr\/wp-content\/uploads\/2017\/09\/logo_reflex_technique.png 512w\" sizes=\"auto, (max-width: 100px) 100vw, 100px\" \/>En effet, comme il s&rsquo;agit de photographier un animal, il faut savoir se mettre \u00e0 sa hauteur. Comme elle \u00e9tait \u00e0 terre, je me suis allong\u00e9. Apr\u00e8s, il faut savoir tourner autour du sujet pour trouver une prise de vue qui mette bien en valeur cette belle pr\u00e9datrice !<\/p>\n","protected":false},"excerpt":{"rendered":"<p>Deux ans ! Cela faisait deux ans que je n&rsquo;avais pas vu de Mantes religieuses (Mantis religiosa). Et quand je vois le regard que m&rsquo;a lanc\u00e9 celle-ci, j&rsquo;avais presque l&rsquo;impression qu&rsquo;elle m&rsquo;en voulait \ud83d\ude09 Mais bon, \u00e0 la vue de la taille de son abdomen, soit elle est enceinte, soit elle a d\u00e9j\u00e0 bien mang\u00e9 [&hellip;]<\/p>\n","protected":false},"author":1,"featured_media":1625,"comment_status":"open","ping_status":"open","sticky":false,"template":"","format":"standard","meta":{"footnotes":""},"categories":[12],"tags":[711,710,712,25,56,728],"class_list":{"0":"post-1624","1":"post","2":"type-post","3":"status-publish","4":"format-standard","5":"has-post-thumbnail","7":"category-macrophotographie-animale","8":"tag-mante-religieuse","9":"tag-mantide","10":"tag-mantis-religiosa","11":"tag-nikon-d5300","12":"tag-sigma-105-macro","13":"tag-technique-photographique","14":"czr-hentry"},"yoast_head":"<!-- This site is optimized with the Yoast SEO plugin v27.5 - https:\/\/yoast.com\/product\/yoast-seo-wordpress\/ -->\n<title>Le regard qui tue ? - S\u00e9bastien Majerowicz<\/title>\n<meta name=\"robots\" content=\"index, follow, max-snippet:-1, max-image-preview:large, max-video-preview:-1\" \/>\n<link rel=\"canonical\" href=\"https:\/\/www.sebastien-majerowicz.fr\/index.php\/2017\/09\/26\/le-regard-qui-tue\/\" \/>\n<meta property=\"og:locale\" content=\"fr_FR\" \/>\n<meta property=\"og:type\" content=\"article\" \/>\n<meta property=\"og:title\" content=\"Le regard qui tue ? - S\u00e9bastien Majerowicz\" \/>\n<meta property=\"og:description\" content=\"Deux ans ! Cela faisait deux ans que je n&rsquo;avais pas vu de Mantes religieuses (Mantis religiosa). Et quand je vois le regard que m&rsquo;a lanc\u00e9 celle-ci, j&rsquo;avais presque l&rsquo;impression qu&rsquo;elle m&rsquo;en voulait \ud83d\ude09 Mais bon, \u00e0 la vue de la taille de son abdomen, soit elle est enceinte, soit elle a d\u00e9j\u00e0 bien mang\u00e9 [&hellip;]\" \/>\n<meta property=\"og:url\" content=\"https:\/\/www.sebastien-majerowicz.fr\/index.php\/2017\/09\/26\/le-regard-qui-tue\/\" \/>\n<meta property=\"og:site_name\" content=\"S\u00e9bastien Majerowicz\" \/>\n<meta property=\"article:published_time\" content=\"2017-09-26T09:01:52+00:00\" \/>\n<meta property=\"article:modified_time\" content=\"2017-10-06T10:35:29+00:00\" \/>\n<meta property=\"og:image\" content=\"https:\/\/www.sebastien-majerowicz.fr\/wp-content\/uploads\/2017\/09\/35929049114_272d4fe069_b-5.jpg\" \/>\n\t<meta property=\"og:image:width\" content=\"1024\" \/>\n\t<meta property=\"og:image:height\" content=\"576\" \/>\n\t<meta property=\"og:image:type\" content=\"image\/jpeg\" \/>\n<meta name=\"author\" content=\"S\u00e9bastien Majerowicz\" \/>\n<meta name=\"twitter:card\" content=\"summary_large_image\" \/>\n<meta name=\"twitter:label1\" content=\"\u00c9crit par\" \/>\n\t<meta name=\"twitter:data1\" content=\"S\u00e9bastien Majerowicz\" \/>\n\t<meta name=\"twitter:label2\" content=\"Dur\u00e9e de lecture estim\u00e9e\" \/>\n\t<meta name=\"twitter:data2\" content=\"1 minute\" \/>\n<script type=\"application\/ld+json\" class=\"yoast-schema-graph\">{\"@context\":\"https:\\\/\\\/schema.org\",\"@graph\":[{\"@type\":\"Article\",\"@id\":\"https:\\\/\\\/www.sebastien-majerowicz.fr\\\/index.php\\\/2017\\\/09\\\/26\\\/le-regard-qui-tue\\\/#article\",\"isPartOf\":{\"@id\":\"https:\\\/\\\/www.sebastien-majerowicz.fr\\\/index.php\\\/2017\\\/09\\\/26\\\/le-regard-qui-tue\\\/\"},\"author\":{\"name\":\"S\u00e9bastien Majerowicz\",\"@id\":\"https:\\\/\\\/www.sebastien-majerowicz.fr\\\/#\\\/schema\\\/person\\\/a64c1066d12b40958b45bf7ab508f6a3\"},\"headline\":\"Le regard qui tue ?\",\"datePublished\":\"2017-09-26T09:01:52+00:00\",\"dateModified\":\"2017-10-06T10:35:29+00:00\",\"mainEntityOfPage\":{\"@id\":\"https:\\\/\\\/www.sebastien-majerowicz.fr\\\/index.php\\\/2017\\\/09\\\/26\\\/le-regard-qui-tue\\\/\"},\"wordCount\":167,\"commentCount\":0,\"publisher\":{\"@id\":\"https:\\\/\\\/www.sebastien-majerowicz.fr\\\/#\\\/schema\\\/person\\\/a64c1066d12b40958b45bf7ab508f6a3\"},\"image\":{\"@id\":\"https:\\\/\\\/www.sebastien-majerowicz.fr\\\/index.php\\\/2017\\\/09\\\/26\\\/le-regard-qui-tue\\\/#primaryimage\"},\"thumbnailUrl\":\"https:\\\/\\\/www.sebastien-majerowicz.fr\\\/wp-content\\\/uploads\\\/2017\\\/09\\\/35929049114_272d4fe069_b-5.jpg\",\"keywords\":[\"Mante religieuse\",\"Mantid\u00e9\",\"Mantis religiosa\",\"Nikon D5300\",\"Sigma 105 macro\",\"Technique photographique\"],\"articleSection\":[\"Macrophotographie animale\"],\"inLanguage\":\"fr-FR\",\"potentialAction\":[{\"@type\":\"CommentAction\",\"name\":\"Comment\",\"target\":[\"https:\\\/\\\/www.sebastien-majerowicz.fr\\\/index.php\\\/2017\\\/09\\\/26\\\/le-regard-qui-tue\\\/#respond\"]}]},{\"@type\":\"WebPage\",\"@id\":\"https:\\\/\\\/www.sebastien-majerowicz.fr\\\/index.php\\\/2017\\\/09\\\/26\\\/le-regard-qui-tue\\\/\",\"url\":\"https:\\\/\\\/www.sebastien-majerowicz.fr\\\/index.php\\\/2017\\\/09\\\/26\\\/le-regard-qui-tue\\\/\",\"name\":\"Le regard qui tue ? - S\u00e9bastien Majerowicz\",\"isPartOf\":{\"@id\":\"https:\\\/\\\/www.sebastien-majerowicz.fr\\\/#website\"},\"primaryImageOfPage\":{\"@id\":\"https:\\\/\\\/www.sebastien-majerowicz.fr\\\/index.php\\\/2017\\\/09\\\/26\\\/le-regard-qui-tue\\\/#primaryimage\"},\"image\":{\"@id\":\"https:\\\/\\\/www.sebastien-majerowicz.fr\\\/index.php\\\/2017\\\/09\\\/26\\\/le-regard-qui-tue\\\/#primaryimage\"},\"thumbnailUrl\":\"https:\\\/\\\/www.sebastien-majerowicz.fr\\\/wp-content\\\/uploads\\\/2017\\\/09\\\/35929049114_272d4fe069_b-5.jpg\",\"datePublished\":\"2017-09-26T09:01:52+00:00\",\"dateModified\":\"2017-10-06T10:35:29+00:00\",\"breadcrumb\":{\"@id\":\"https:\\\/\\\/www.sebastien-majerowicz.fr\\\/index.php\\\/2017\\\/09\\\/26\\\/le-regard-qui-tue\\\/#breadcrumb\"},\"inLanguage\":\"fr-FR\",\"potentialAction\":[{\"@type\":\"ReadAction\",\"target\":[\"https:\\\/\\\/www.sebastien-majerowicz.fr\\\/index.php\\\/2017\\\/09\\\/26\\\/le-regard-qui-tue\\\/\"]}]},{\"@type\":\"ImageObject\",\"inLanguage\":\"fr-FR\",\"@id\":\"https:\\\/\\\/www.sebastien-majerowicz.fr\\\/index.php\\\/2017\\\/09\\\/26\\\/le-regard-qui-tue\\\/#primaryimage\",\"url\":\"https:\\\/\\\/www.sebastien-majerowicz.fr\\\/wp-content\\\/uploads\\\/2017\\\/09\\\/35929049114_272d4fe069_b-5.jpg\",\"contentUrl\":\"https:\\\/\\\/www.sebastien-majerowicz.fr\\\/wp-content\\\/uploads\\\/2017\\\/09\\\/35929049114_272d4fe069_b-5.jpg\",\"width\":1024,\"height\":576,\"caption\":\"Mante religieuse \\\/ Mantis religiosa\"},{\"@type\":\"BreadcrumbList\",\"@id\":\"https:\\\/\\\/www.sebastien-majerowicz.fr\\\/index.php\\\/2017\\\/09\\\/26\\\/le-regard-qui-tue\\\/#breadcrumb\",\"itemListElement\":[{\"@type\":\"ListItem\",\"position\":1,\"name\":\"Accueil\",\"item\":\"https:\\\/\\\/www.sebastien-majerowicz.fr\\\/\"},{\"@type\":\"ListItem\",\"position\":2,\"name\":\"Le regard qui tue ?\"}]},{\"@type\":\"WebSite\",\"@id\":\"https:\\\/\\\/www.sebastien-majerowicz.fr\\\/#website\",\"url\":\"https:\\\/\\\/www.sebastien-majerowicz.fr\\\/\",\"name\":\"S\u00e9bastien Majerowicz\",\"description\":\"Photographe animalier par Nature\",\"publisher\":{\"@id\":\"https:\\\/\\\/www.sebastien-majerowicz.fr\\\/#\\\/schema\\\/person\\\/a64c1066d12b40958b45bf7ab508f6a3\"},\"potentialAction\":[{\"@type\":\"SearchAction\",\"target\":{\"@type\":\"EntryPoint\",\"urlTemplate\":\"https:\\\/\\\/www.sebastien-majerowicz.fr\\\/?s={search_term_string}\"},\"query-input\":{\"@type\":\"PropertyValueSpecification\",\"valueRequired\":true,\"valueName\":\"search_term_string\"}}],\"inLanguage\":\"fr-FR\"},{\"@type\":[\"Person\",\"Organization\"],\"@id\":\"https:\\\/\\\/www.sebastien-majerowicz.fr\\\/#\\\/schema\\\/person\\\/a64c1066d12b40958b45bf7ab508f6a3\",\"name\":\"S\u00e9bastien Majerowicz\",\"logo\":{\"@id\":\"https:\\\/\\\/www.sebastien-majerowicz.fr\\\/#\\\/schema\\\/person\\\/image\\\/\"},\"sameAs\":[\"https:\\\/\\\/www.sebastien-majerowicz.fr\"]}]}<\/script>\n<!-- \/ Yoast SEO plugin. -->","yoast_head_json":{"title":"Le regard qui tue ? - S\u00e9bastien Majerowicz","robots":{"index":"index","follow":"follow","max-snippet":"max-snippet:-1","max-image-preview":"max-image-preview:large","max-video-preview":"max-video-preview:-1"},"canonical":"https:\/\/www.sebastien-majerowicz.fr\/index.php\/2017\/09\/26\/le-regard-qui-tue\/","og_locale":"fr_FR","og_type":"article","og_title":"Le regard qui tue ? - S\u00e9bastien Majerowicz","og_description":"Deux ans ! Cela faisait deux ans que je n&rsquo;avais pas vu de Mantes religieuses (Mantis religiosa). Et quand je vois le regard que m&rsquo;a lanc\u00e9 celle-ci, j&rsquo;avais presque l&rsquo;impression qu&rsquo;elle m&rsquo;en voulait \ud83d\ude09 Mais bon, \u00e0 la vue de la taille de son abdomen, soit elle est enceinte, soit elle a d\u00e9j\u00e0 bien mang\u00e9 [&hellip;]","og_url":"https:\/\/www.sebastien-majerowicz.fr\/index.php\/2017\/09\/26\/le-regard-qui-tue\/","og_site_name":"S\u00e9bastien Majerowicz","article_published_time":"2017-09-26T09:01:52+00:00","article_modified_time":"2017-10-06T10:35:29+00:00","og_image":[{"width":1024,"height":576,"url":"https:\/\/www.sebastien-majerowicz.fr\/wp-content\/uploads\/2017\/09\/35929049114_272d4fe069_b-5.jpg","type":"image\/jpeg"}],"author":"S\u00e9bastien Majerowicz","twitter_card":"summary_large_image","twitter_misc":{"\u00c9crit par":"S\u00e9bastien Majerowicz","Dur\u00e9e de lecture estim\u00e9e":"1 minute"},"schema":{"@context":"https:\/\/schema.org","@graph":[{"@type":"Article","@id":"https:\/\/www.sebastien-majerowicz.fr\/index.php\/2017\/09\/26\/le-regard-qui-tue\/#article","isPartOf":{"@id":"https:\/\/www.sebastien-majerowicz.fr\/index.php\/2017\/09\/26\/le-regard-qui-tue\/"},"author":{"name":"S\u00e9bastien Majerowicz","@id":"https:\/\/www.sebastien-majerowicz.fr\/#\/schema\/person\/a64c1066d12b40958b45bf7ab508f6a3"},"headline":"Le regard qui tue ?","datePublished":"2017-09-26T09:01:52+00:00","dateModified":"2017-10-06T10:35:29+00:00","mainEntityOfPage":{"@id":"https:\/\/www.sebastien-majerowicz.fr\/index.php\/2017\/09\/26\/le-regard-qui-tue\/"},"wordCount":167,"commentCount":0,"publisher":{"@id":"https:\/\/www.sebastien-majerowicz.fr\/#\/schema\/person\/a64c1066d12b40958b45bf7ab508f6a3"},"image":{"@id":"https:\/\/www.sebastien-majerowicz.fr\/index.php\/2017\/09\/26\/le-regard-qui-tue\/#primaryimage"},"thumbnailUrl":"https:\/\/www.sebastien-majerowicz.fr\/wp-content\/uploads\/2017\/09\/35929049114_272d4fe069_b-5.jpg","keywords":["Mante religieuse","Mantid\u00e9","Mantis religiosa","Nikon D5300","Sigma 105 macro","Technique photographique"],"articleSection":["Macrophotographie animale"],"inLanguage":"fr-FR","potentialAction":[{"@type":"CommentAction","name":"Comment","target":["https:\/\/www.sebastien-majerowicz.fr\/index.php\/2017\/09\/26\/le-regard-qui-tue\/#respond"]}]},{"@type":"WebPage","@id":"https:\/\/www.sebastien-majerowicz.fr\/index.php\/2017\/09\/26\/le-regard-qui-tue\/","url":"https:\/\/www.sebastien-majerowicz.fr\/index.php\/2017\/09\/26\/le-regard-qui-tue\/","name":"Le regard qui tue ? - S\u00e9bastien Majerowicz","isPartOf":{"@id":"https:\/\/www.sebastien-majerowicz.fr\/#website"},"primaryImageOfPage":{"@id":"https:\/\/www.sebastien-majerowicz.fr\/index.php\/2017\/09\/26\/le-regard-qui-tue\/#primaryimage"},"image":{"@id":"https:\/\/www.sebastien-majerowicz.fr\/index.php\/2017\/09\/26\/le-regard-qui-tue\/#primaryimage"},"thumbnailUrl":"https:\/\/www.sebastien-majerowicz.fr\/wp-content\/uploads\/2017\/09\/35929049114_272d4fe069_b-5.jpg","datePublished":"2017-09-26T09:01:52+00:00","dateModified":"2017-10-06T10:35:29+00:00","breadcrumb":{"@id":"https:\/\/www.sebastien-majerowicz.fr\/index.php\/2017\/09\/26\/le-regard-qui-tue\/#breadcrumb"},"inLanguage":"fr-FR","potentialAction":[{"@type":"ReadAction","target":["https:\/\/www.sebastien-majerowicz.fr\/index.php\/2017\/09\/26\/le-regard-qui-tue\/"]}]},{"@type":"ImageObject","inLanguage":"fr-FR","@id":"https:\/\/www.sebastien-majerowicz.fr\/index.php\/2017\/09\/26\/le-regard-qui-tue\/#primaryimage","url":"https:\/\/www.sebastien-majerowicz.fr\/wp-content\/uploads\/2017\/09\/35929049114_272d4fe069_b-5.jpg","contentUrl":"https:\/\/www.sebastien-majerowicz.fr\/wp-content\/uploads\/2017\/09\/35929049114_272d4fe069_b-5.jpg","width":1024,"height":576,"caption":"Mante religieuse \/ Mantis religiosa"},{"@type":"BreadcrumbList","@id":"https:\/\/www.sebastien-majerowicz.fr\/index.php\/2017\/09\/26\/le-regard-qui-tue\/#breadcrumb","itemListElement":[{"@type":"ListItem","position":1,"name":"Accueil","item":"https:\/\/www.sebastien-majerowicz.fr\/"},{"@type":"ListItem","position":2,"name":"Le regard qui tue ?"}]},{"@type":"WebSite","@id":"https:\/\/www.sebastien-majerowicz.fr\/#website","url":"https:\/\/www.sebastien-majerowicz.fr\/","name":"S\u00e9bastien Majerowicz","description":"Photographe animalier par Nature","publisher":{"@id":"https:\/\/www.sebastien-majerowicz.fr\/#\/schema\/person\/a64c1066d12b40958b45bf7ab508f6a3"},"potentialAction":[{"@type":"SearchAction","target":{"@type":"EntryPoint","urlTemplate":"https:\/\/www.sebastien-majerowicz.fr\/?s={search_term_string}"},"query-input":{"@type":"PropertyValueSpecification","valueRequired":true,"valueName":"search_term_string"}}],"inLanguage":"fr-FR"},{"@type":["Person","Organization"],"@id":"https:\/\/www.sebastien-majerowicz.fr\/#\/schema\/person\/a64c1066d12b40958b45bf7ab508f6a3","name":"S\u00e9bastien Majerowicz","logo":{"@id":"https:\/\/www.sebastien-majerowicz.fr\/#\/schema\/person\/image\/"},"sameAs":["https:\/\/www.sebastien-majerowicz.fr"]}]}},"_links":{"self":[{"href":"https:\/\/www.sebastien-majerowicz.fr\/index.php\/wp-json\/wp\/v2\/posts\/1624","targetHints":{"allow":["GET"]}}],"collection":[{"href":"https:\/\/www.sebastien-majerowicz.fr\/index.php\/wp-json\/wp\/v2\/posts"}],"about":[{"href":"https:\/\/www.sebastien-majerowicz.fr\/index.php\/wp-json\/wp\/v2\/types\/post"}],"author":[{"embeddable":true,"href":"https:\/\/www.sebastien-majerowicz.fr\/index.php\/wp-json\/wp\/v2\/users\/1"}],"replies":[{"embeddable":true,"href":"https:\/\/www.sebastien-majerowicz.fr\/index.php\/wp-json\/wp\/v2\/comments?post=1624"}],"version-history":[{"count":6,"href":"https:\/\/www.sebastien-majerowicz.fr\/index.php\/wp-json\/wp\/v2\/posts\/1624\/revisions"}],"predecessor-version":[{"id":1776,"href":"https:\/\/www.sebastien-majerowicz.fr\/index.php\/wp-json\/wp\/v2\/posts\/1624\/revisions\/1776"}],"wp:featuredmedia":[{"embeddable":true,"href":"https:\/\/www.sebastien-majerowicz.fr\/index.php\/wp-json\/wp\/v2\/media\/1625"}],"wp:attachment":[{"href":"https:\/\/www.sebastien-majerowicz.fr\/index.php\/wp-json\/wp\/v2\/media?parent=1624"}],"wp:term":[{"taxonomy":"category","embeddable":true,"href":"https:\/\/www.sebastien-majerowicz.fr\/index.php\/wp-json\/wp\/v2\/categories?post=1624"},{"taxonomy":"post_tag","embeddable":true,"href":"https:\/\/www.sebastien-majerowicz.fr\/index.php\/wp-json\/wp\/v2\/tags?post=1624"}],"curies":[{"name":"wp","href":"https:\/\/api.w.org\/{rel}","templated":true}]}}