{"id":134,"date":"2016-07-29T20:59:01","date_gmt":"2016-07-29T18:59:01","guid":{"rendered":"http:\/\/www.sebastien-majerowicz.fr\/?p=134"},"modified":"2017-10-10T16:29:09","modified_gmt":"2017-10-10T14:29:09","slug":"ne-prenez-pas-la-mouche","status":"publish","type":"post","link":"https:\/\/www.sebastien-majerowicz.fr\/index.php\/2016\/07\/29\/ne-prenez-pas-la-mouche\/","title":{"rendered":"Ne prenez pas la mouche !"},"content":{"rendered":"<p>Aujourd&rsquo;hui, je vous pr\u00e9sente une photo que j&rsquo;adore car elle symbolise mon action. Il s&rsquo;agit d&rsquo;un insecte tr\u00e8s commun : une Mouche des pluies (Anthomyia pluvialis) ! Et j&rsquo;esp\u00e8re l&rsquo;avoir bien mise en avant ici par cette photo <span class=\"_47e3 _5mfr\" title=\"\u00e9motic\u00f4ne wink\"><span class=\"_7oe\">\ud83d\ude09<\/span><\/span><\/p>\n<p>Certaines personnes que je ne nommerai pas les trouvent aga\u00e7antes ! Moi, je les trouve fascinantes ! Il y en a tellement d&rsquo;esp\u00e8ces diff\u00e9rentes avec plus ou moins de couleurs. Plut\u00f4t que de les chasser, observez-les<\/p>\n","protected":false},"excerpt":{"rendered":"<p>Aujourd&rsquo;hui, je vous pr\u00e9sente une photo que j&rsquo;adore car elle symbolise mon action. Il s&rsquo;agit d&rsquo;un insecte tr\u00e8s commun : une Mouche des pluies (Anthomyia pluvialis) ! Et j&rsquo;esp\u00e8re l&rsquo;avoir bien mise en avant ici par cette photo \ud83d\ude09 Certaines personnes que je ne nommerai pas les trouvent aga\u00e7antes ! Moi, je les trouve fascinantes [&hellip;]<\/p>\n","protected":false},"author":1,"featured_media":133,"comment_status":"open","ping_status":"open","sticky":false,"template":"","format":"standard","meta":{"footnotes":""},"categories":[12],"tags":[574,108,573,25,56],"class_list":{"0":"post-134","1":"post","2":"type-post","3":"status-publish","4":"format-standard","5":"has-post-thumbnail","7":"category-macrophotographie-animale","8":"tag-anthomyia-pluvialis","9":"tag-diptere","10":"tag-mouche-des-pluies","11":"tag-nikon-d5300","12":"tag-sigma-105-macro","13":"czr-hentry"},"yoast_head":"<!-- This site is optimized with the Yoast SEO plugin v27.5 - https:\/\/yoast.com\/product\/yoast-seo-wordpress\/ -->\n<title>Ne prenez pas la mouche ! - S\u00e9bastien Majerowicz<\/title>\n<meta name=\"robots\" content=\"index, follow, max-snippet:-1, max-image-preview:large, max-video-preview:-1\" \/>\n<link rel=\"canonical\" href=\"https:\/\/www.sebastien-majerowicz.fr\/index.php\/2016\/07\/29\/ne-prenez-pas-la-mouche\/\" \/>\n<meta property=\"og:locale\" content=\"fr_FR\" \/>\n<meta property=\"og:type\" content=\"article\" \/>\n<meta property=\"og:title\" content=\"Ne prenez pas la mouche ! - S\u00e9bastien Majerowicz\" \/>\n<meta property=\"og:description\" content=\"Aujourd&rsquo;hui, je vous pr\u00e9sente une photo que j&rsquo;adore car elle symbolise mon action. Il s&rsquo;agit d&rsquo;un insecte tr\u00e8s commun : une Mouche des pluies (Anthomyia pluvialis) ! Et j&rsquo;esp\u00e8re l&rsquo;avoir bien mise en avant ici par cette photo \ud83d\ude09 Certaines personnes que je ne nommerai pas les trouvent aga\u00e7antes ! Moi, je les trouve fascinantes [&hellip;]\" \/>\n<meta property=\"og:url\" content=\"https:\/\/www.sebastien-majerowicz.fr\/index.php\/2016\/07\/29\/ne-prenez-pas-la-mouche\/\" \/>\n<meta property=\"og:site_name\" content=\"S\u00e9bastien Majerowicz\" \/>\n<meta property=\"article:published_time\" content=\"2016-07-29T18:59:01+00:00\" \/>\n<meta property=\"article:modified_time\" content=\"2017-10-10T14:29:09+00:00\" \/>\n<meta property=\"og:image\" content=\"https:\/\/www.sebastien-majerowicz.fr\/wp-content\/uploads\/2017\/02\/26654592686_457d857581_b.jpg\" \/>\n\t<meta property=\"og:image:width\" content=\"1024\" \/>\n\t<meta property=\"og:image:height\" content=\"683\" \/>\n\t<meta property=\"og:image:type\" content=\"image\/jpeg\" \/>\n<meta name=\"author\" content=\"S\u00e9bastien Majerowicz\" \/>\n<meta name=\"twitter:card\" content=\"summary_large_image\" \/>\n<meta name=\"twitter:label1\" content=\"\u00c9crit par\" \/>\n\t<meta name=\"twitter:data1\" content=\"S\u00e9bastien Majerowicz\" \/>\n<script type=\"application\/ld+json\" class=\"yoast-schema-graph\">{\"@context\":\"https:\\\/\\\/schema.org\",\"@graph\":[{\"@type\":\"Article\",\"@id\":\"https:\\\/\\\/www.sebastien-majerowicz.fr\\\/index.php\\\/2016\\\/07\\\/29\\\/ne-prenez-pas-la-mouche\\\/#article\",\"isPartOf\":{\"@id\":\"https:\\\/\\\/www.sebastien-majerowicz.fr\\\/index.php\\\/2016\\\/07\\\/29\\\/ne-prenez-pas-la-mouche\\\/\"},\"author\":{\"name\":\"S\u00e9bastien Majerowicz\",\"@id\":\"https:\\\/\\\/www.sebastien-majerowicz.fr\\\/#\\\/schema\\\/person\\\/a64c1066d12b40958b45bf7ab508f6a3\"},\"headline\":\"Ne prenez pas la mouche !\",\"datePublished\":\"2016-07-29T18:59:01+00:00\",\"dateModified\":\"2017-10-10T14:29:09+00:00\",\"mainEntityOfPage\":{\"@id\":\"https:\\\/\\\/www.sebastien-majerowicz.fr\\\/index.php\\\/2016\\\/07\\\/29\\\/ne-prenez-pas-la-mouche\\\/\"},\"wordCount\":90,\"commentCount\":0,\"publisher\":{\"@id\":\"https:\\\/\\\/www.sebastien-majerowicz.fr\\\/#\\\/schema\\\/person\\\/a64c1066d12b40958b45bf7ab508f6a3\"},\"image\":{\"@id\":\"https:\\\/\\\/www.sebastien-majerowicz.fr\\\/index.php\\\/2016\\\/07\\\/29\\\/ne-prenez-pas-la-mouche\\\/#primaryimage\"},\"thumbnailUrl\":\"https:\\\/\\\/www.sebastien-majerowicz.fr\\\/wp-content\\\/uploads\\\/2017\\\/02\\\/26654592686_457d857581_b.jpg\",\"keywords\":[\"Anthomyia pluvialis\",\"Dipt\u00e8re\",\"Mouche des pluies\",\"Nikon D5300\",\"Sigma 105 macro\"],\"articleSection\":[\"Macrophotographie animale\"],\"inLanguage\":\"fr-FR\",\"potentialAction\":[{\"@type\":\"CommentAction\",\"name\":\"Comment\",\"target\":[\"https:\\\/\\\/www.sebastien-majerowicz.fr\\\/index.php\\\/2016\\\/07\\\/29\\\/ne-prenez-pas-la-mouche\\\/#respond\"]}]},{\"@type\":\"WebPage\",\"@id\":\"https:\\\/\\\/www.sebastien-majerowicz.fr\\\/index.php\\\/2016\\\/07\\\/29\\\/ne-prenez-pas-la-mouche\\\/\",\"url\":\"https:\\\/\\\/www.sebastien-majerowicz.fr\\\/index.php\\\/2016\\\/07\\\/29\\\/ne-prenez-pas-la-mouche\\\/\",\"name\":\"Ne prenez pas la mouche ! - S\u00e9bastien Majerowicz\",\"isPartOf\":{\"@id\":\"https:\\\/\\\/www.sebastien-majerowicz.fr\\\/#website\"},\"primaryImageOfPage\":{\"@id\":\"https:\\\/\\\/www.sebastien-majerowicz.fr\\\/index.php\\\/2016\\\/07\\\/29\\\/ne-prenez-pas-la-mouche\\\/#primaryimage\"},\"image\":{\"@id\":\"https:\\\/\\\/www.sebastien-majerowicz.fr\\\/index.php\\\/2016\\\/07\\\/29\\\/ne-prenez-pas-la-mouche\\\/#primaryimage\"},\"thumbnailUrl\":\"https:\\\/\\\/www.sebastien-majerowicz.fr\\\/wp-content\\\/uploads\\\/2017\\\/02\\\/26654592686_457d857581_b.jpg\",\"datePublished\":\"2016-07-29T18:59:01+00:00\",\"dateModified\":\"2017-10-10T14:29:09+00:00\",\"breadcrumb\":{\"@id\":\"https:\\\/\\\/www.sebastien-majerowicz.fr\\\/index.php\\\/2016\\\/07\\\/29\\\/ne-prenez-pas-la-mouche\\\/#breadcrumb\"},\"inLanguage\":\"fr-FR\",\"potentialAction\":[{\"@type\":\"ReadAction\",\"target\":[\"https:\\\/\\\/www.sebastien-majerowicz.fr\\\/index.php\\\/2016\\\/07\\\/29\\\/ne-prenez-pas-la-mouche\\\/\"]}]},{\"@type\":\"ImageObject\",\"inLanguage\":\"fr-FR\",\"@id\":\"https:\\\/\\\/www.sebastien-majerowicz.fr\\\/index.php\\\/2016\\\/07\\\/29\\\/ne-prenez-pas-la-mouche\\\/#primaryimage\",\"url\":\"https:\\\/\\\/www.sebastien-majerowicz.fr\\\/wp-content\\\/uploads\\\/2017\\\/02\\\/26654592686_457d857581_b.jpg\",\"contentUrl\":\"https:\\\/\\\/www.sebastien-majerowicz.fr\\\/wp-content\\\/uploads\\\/2017\\\/02\\\/26654592686_457d857581_b.jpg\",\"width\":1024,\"height\":683,\"caption\":\"Mouche des pluies \\\/ Anthomyia pluvialis\"},{\"@type\":\"BreadcrumbList\",\"@id\":\"https:\\\/\\\/www.sebastien-majerowicz.fr\\\/index.php\\\/2016\\\/07\\\/29\\\/ne-prenez-pas-la-mouche\\\/#breadcrumb\",\"itemListElement\":[{\"@type\":\"ListItem\",\"position\":1,\"name\":\"Accueil\",\"item\":\"https:\\\/\\\/www.sebastien-majerowicz.fr\\\/\"},{\"@type\":\"ListItem\",\"position\":2,\"name\":\"Ne prenez pas la mouche !\"}]},{\"@type\":\"WebSite\",\"@id\":\"https:\\\/\\\/www.sebastien-majerowicz.fr\\\/#website\",\"url\":\"https:\\\/\\\/www.sebastien-majerowicz.fr\\\/\",\"name\":\"S\u00e9bastien Majerowicz\",\"description\":\"Photographe animalier par Nature\",\"publisher\":{\"@id\":\"https:\\\/\\\/www.sebastien-majerowicz.fr\\\/#\\\/schema\\\/person\\\/a64c1066d12b40958b45bf7ab508f6a3\"},\"potentialAction\":[{\"@type\":\"SearchAction\",\"target\":{\"@type\":\"EntryPoint\",\"urlTemplate\":\"https:\\\/\\\/www.sebastien-majerowicz.fr\\\/?s={search_term_string}\"},\"query-input\":{\"@type\":\"PropertyValueSpecification\",\"valueRequired\":true,\"valueName\":\"search_term_string\"}}],\"inLanguage\":\"fr-FR\"},{\"@type\":[\"Person\",\"Organization\"],\"@id\":\"https:\\\/\\\/www.sebastien-majerowicz.fr\\\/#\\\/schema\\\/person\\\/a64c1066d12b40958b45bf7ab508f6a3\",\"name\":\"S\u00e9bastien Majerowicz\",\"logo\":{\"@id\":\"https:\\\/\\\/www.sebastien-majerowicz.fr\\\/#\\\/schema\\\/person\\\/image\\\/\"},\"sameAs\":[\"https:\\\/\\\/www.sebastien-majerowicz.fr\"]}]}<\/script>\n<!-- \/ Yoast SEO plugin. -->","yoast_head_json":{"title":"Ne prenez pas la mouche ! - S\u00e9bastien Majerowicz","robots":{"index":"index","follow":"follow","max-snippet":"max-snippet:-1","max-image-preview":"max-image-preview:large","max-video-preview":"max-video-preview:-1"},"canonical":"https:\/\/www.sebastien-majerowicz.fr\/index.php\/2016\/07\/29\/ne-prenez-pas-la-mouche\/","og_locale":"fr_FR","og_type":"article","og_title":"Ne prenez pas la mouche ! - S\u00e9bastien Majerowicz","og_description":"Aujourd&rsquo;hui, je vous pr\u00e9sente une photo que j&rsquo;adore car elle symbolise mon action. Il s&rsquo;agit d&rsquo;un insecte tr\u00e8s commun : une Mouche des pluies (Anthomyia pluvialis) ! Et j&rsquo;esp\u00e8re l&rsquo;avoir bien mise en avant ici par cette photo \ud83d\ude09 Certaines personnes que je ne nommerai pas les trouvent aga\u00e7antes ! Moi, je les trouve fascinantes [&hellip;]","og_url":"https:\/\/www.sebastien-majerowicz.fr\/index.php\/2016\/07\/29\/ne-prenez-pas-la-mouche\/","og_site_name":"S\u00e9bastien Majerowicz","article_published_time":"2016-07-29T18:59:01+00:00","article_modified_time":"2017-10-10T14:29:09+00:00","og_image":[{"width":1024,"height":683,"url":"https:\/\/www.sebastien-majerowicz.fr\/wp-content\/uploads\/2017\/02\/26654592686_457d857581_b.jpg","type":"image\/jpeg"}],"author":"S\u00e9bastien Majerowicz","twitter_card":"summary_large_image","twitter_misc":{"\u00c9crit par":"S\u00e9bastien Majerowicz"},"schema":{"@context":"https:\/\/schema.org","@graph":[{"@type":"Article","@id":"https:\/\/www.sebastien-majerowicz.fr\/index.php\/2016\/07\/29\/ne-prenez-pas-la-mouche\/#article","isPartOf":{"@id":"https:\/\/www.sebastien-majerowicz.fr\/index.php\/2016\/07\/29\/ne-prenez-pas-la-mouche\/"},"author":{"name":"S\u00e9bastien Majerowicz","@id":"https:\/\/www.sebastien-majerowicz.fr\/#\/schema\/person\/a64c1066d12b40958b45bf7ab508f6a3"},"headline":"Ne prenez pas la mouche !","datePublished":"2016-07-29T18:59:01+00:00","dateModified":"2017-10-10T14:29:09+00:00","mainEntityOfPage":{"@id":"https:\/\/www.sebastien-majerowicz.fr\/index.php\/2016\/07\/29\/ne-prenez-pas-la-mouche\/"},"wordCount":90,"commentCount":0,"publisher":{"@id":"https:\/\/www.sebastien-majerowicz.fr\/#\/schema\/person\/a64c1066d12b40958b45bf7ab508f6a3"},"image":{"@id":"https:\/\/www.sebastien-majerowicz.fr\/index.php\/2016\/07\/29\/ne-prenez-pas-la-mouche\/#primaryimage"},"thumbnailUrl":"https:\/\/www.sebastien-majerowicz.fr\/wp-content\/uploads\/2017\/02\/26654592686_457d857581_b.jpg","keywords":["Anthomyia pluvialis","Dipt\u00e8re","Mouche des pluies","Nikon D5300","Sigma 105 macro"],"articleSection":["Macrophotographie animale"],"inLanguage":"fr-FR","potentialAction":[{"@type":"CommentAction","name":"Comment","target":["https:\/\/www.sebastien-majerowicz.fr\/index.php\/2016\/07\/29\/ne-prenez-pas-la-mouche\/#respond"]}]},{"@type":"WebPage","@id":"https:\/\/www.sebastien-majerowicz.fr\/index.php\/2016\/07\/29\/ne-prenez-pas-la-mouche\/","url":"https:\/\/www.sebastien-majerowicz.fr\/index.php\/2016\/07\/29\/ne-prenez-pas-la-mouche\/","name":"Ne prenez pas la mouche ! - S\u00e9bastien Majerowicz","isPartOf":{"@id":"https:\/\/www.sebastien-majerowicz.fr\/#website"},"primaryImageOfPage":{"@id":"https:\/\/www.sebastien-majerowicz.fr\/index.php\/2016\/07\/29\/ne-prenez-pas-la-mouche\/#primaryimage"},"image":{"@id":"https:\/\/www.sebastien-majerowicz.fr\/index.php\/2016\/07\/29\/ne-prenez-pas-la-mouche\/#primaryimage"},"thumbnailUrl":"https:\/\/www.sebastien-majerowicz.fr\/wp-content\/uploads\/2017\/02\/26654592686_457d857581_b.jpg","datePublished":"2016-07-29T18:59:01+00:00","dateModified":"2017-10-10T14:29:09+00:00","breadcrumb":{"@id":"https:\/\/www.sebastien-majerowicz.fr\/index.php\/2016\/07\/29\/ne-prenez-pas-la-mouche\/#breadcrumb"},"inLanguage":"fr-FR","potentialAction":[{"@type":"ReadAction","target":["https:\/\/www.sebastien-majerowicz.fr\/index.php\/2016\/07\/29\/ne-prenez-pas-la-mouche\/"]}]},{"@type":"ImageObject","inLanguage":"fr-FR","@id":"https:\/\/www.sebastien-majerowicz.fr\/index.php\/2016\/07\/29\/ne-prenez-pas-la-mouche\/#primaryimage","url":"https:\/\/www.sebastien-majerowicz.fr\/wp-content\/uploads\/2017\/02\/26654592686_457d857581_b.jpg","contentUrl":"https:\/\/www.sebastien-majerowicz.fr\/wp-content\/uploads\/2017\/02\/26654592686_457d857581_b.jpg","width":1024,"height":683,"caption":"Mouche des pluies \/ Anthomyia pluvialis"},{"@type":"BreadcrumbList","@id":"https:\/\/www.sebastien-majerowicz.fr\/index.php\/2016\/07\/29\/ne-prenez-pas-la-mouche\/#breadcrumb","itemListElement":[{"@type":"ListItem","position":1,"name":"Accueil","item":"https:\/\/www.sebastien-majerowicz.fr\/"},{"@type":"ListItem","position":2,"name":"Ne prenez pas la mouche !"}]},{"@type":"WebSite","@id":"https:\/\/www.sebastien-majerowicz.fr\/#website","url":"https:\/\/www.sebastien-majerowicz.fr\/","name":"S\u00e9bastien Majerowicz","description":"Photographe animalier par Nature","publisher":{"@id":"https:\/\/www.sebastien-majerowicz.fr\/#\/schema\/person\/a64c1066d12b40958b45bf7ab508f6a3"},"potentialAction":[{"@type":"SearchAction","target":{"@type":"EntryPoint","urlTemplate":"https:\/\/www.sebastien-majerowicz.fr\/?s={search_term_string}"},"query-input":{"@type":"PropertyValueSpecification","valueRequired":true,"valueName":"search_term_string"}}],"inLanguage":"fr-FR"},{"@type":["Person","Organization"],"@id":"https:\/\/www.sebastien-majerowicz.fr\/#\/schema\/person\/a64c1066d12b40958b45bf7ab508f6a3","name":"S\u00e9bastien Majerowicz","logo":{"@id":"https:\/\/www.sebastien-majerowicz.fr\/#\/schema\/person\/image\/"},"sameAs":["https:\/\/www.sebastien-majerowicz.fr"]}]}},"_links":{"self":[{"href":"https:\/\/www.sebastien-majerowicz.fr\/index.php\/wp-json\/wp\/v2\/posts\/134","targetHints":{"allow":["GET"]}}],"collection":[{"href":"https:\/\/www.sebastien-majerowicz.fr\/index.php\/wp-json\/wp\/v2\/posts"}],"about":[{"href":"https:\/\/www.sebastien-majerowicz.fr\/index.php\/wp-json\/wp\/v2\/types\/post"}],"author":[{"embeddable":true,"href":"https:\/\/www.sebastien-majerowicz.fr\/index.php\/wp-json\/wp\/v2\/users\/1"}],"replies":[{"embeddable":true,"href":"https:\/\/www.sebastien-majerowicz.fr\/index.php\/wp-json\/wp\/v2\/comments?post=134"}],"version-history":[{"count":3,"href":"https:\/\/www.sebastien-majerowicz.fr\/index.php\/wp-json\/wp\/v2\/posts\/134\/revisions"}],"predecessor-version":[{"id":1932,"href":"https:\/\/www.sebastien-majerowicz.fr\/index.php\/wp-json\/wp\/v2\/posts\/134\/revisions\/1932"}],"wp:featuredmedia":[{"embeddable":true,"href":"https:\/\/www.sebastien-majerowicz.fr\/index.php\/wp-json\/wp\/v2\/media\/133"}],"wp:attachment":[{"href":"https:\/\/www.sebastien-majerowicz.fr\/index.php\/wp-json\/wp\/v2\/media?parent=134"}],"wp:term":[{"taxonomy":"category","embeddable":true,"href":"https:\/\/www.sebastien-majerowicz.fr\/index.php\/wp-json\/wp\/v2\/categories?post=134"},{"taxonomy":"post_tag","embeddable":true,"href":"https:\/\/www.sebastien-majerowicz.fr\/index.php\/wp-json\/wp\/v2\/tags?post=134"}],"curies":[{"name":"wp","href":"https:\/\/api.w.org\/{rel}","templated":true}]}}