{"id":131,"date":"2016-07-28T21:43:26","date_gmt":"2016-07-28T19:43:26","guid":{"rendered":"http:\/\/www.sebastien-majerowicz.fr\/?p=131"},"modified":"2017-10-10T16:28:22","modified_gmt":"2017-10-10T14:28:22","slug":"salade-dete","status":"publish","type":"post","link":"https:\/\/www.sebastien-majerowicz.fr\/index.php\/2016\/07\/28\/salade-dete\/","title":{"rendered":"Salade d&rsquo;\u00e9t\u00e9"},"content":{"rendered":"<p>Ces jours-ci, il fait beau et chaud alors faites comme ce Li\u00e8vre d&rsquo;Europe (Lepus europaeus) et mangez de la salade <span class=\"_47e3 _5mfr\" title=\"\u00e9motic\u00f4ne wink\"><span class=\"_7oe\">\ud83d\ude09<\/span><\/span><\/p>\n<p>De par les hautes temp\u00e9ratures, les mammif\u00e8res pr\u00e9f\u00e8rent se mettre au frais pendant la journ\u00e9e pour aller se nourrir t\u00f4t le matin ou tard le soir. J&rsquo;ai ainsi rencontr\u00e9 ce beau li\u00e8vre un soir.<\/p>\n<p>Rencontr\u00e9 un mammif\u00e8re sauvage est toujours une surprise car la chasse les a rendu extr\u00eamement m\u00e9fiant vis-\u00e0-vis de l&rsquo;homme et je les comprends !<\/p>\n","protected":false},"excerpt":{"rendered":"<p>Ces jours-ci, il fait beau et chaud alors faites comme ce Li\u00e8vre d&rsquo;Europe (Lepus europaeus) et mangez de la salade \ud83d\ude09 De par les hautes temp\u00e9ratures, les mammif\u00e8res pr\u00e9f\u00e8rent se mettre au frais pendant la journ\u00e9e pour aller se nourrir t\u00f4t le matin ou tard le soir. J&rsquo;ai ainsi rencontr\u00e9 ce beau li\u00e8vre un soir. [&hellip;]<\/p>\n","protected":false},"author":1,"featured_media":130,"comment_status":"open","ping_status":"open","sticky":false,"template":"","format":"standard","meta":{"footnotes":""},"categories":[15],"tags":[104,105,63,25,26],"class_list":{"0":"post-131","1":"post","2":"type-post","3":"status-publish","4":"format-standard","5":"has-post-thumbnail","7":"category-mammifere","8":"tag-lepus-europaeus","9":"tag-lievre-europeen","10":"tag-mammifere","11":"tag-nikon-d5300","12":"tag-sigma-150-600-contemporary","13":"czr-hentry"},"yoast_head":"<!-- This site is optimized with the Yoast SEO plugin v27.5 - https:\/\/yoast.com\/product\/yoast-seo-wordpress\/ -->\n<title>Salade d&#039;\u00e9t\u00e9 - S\u00e9bastien Majerowicz<\/title>\n<meta name=\"robots\" content=\"index, follow, max-snippet:-1, max-image-preview:large, max-video-preview:-1\" \/>\n<link rel=\"canonical\" href=\"https:\/\/www.sebastien-majerowicz.fr\/index.php\/2016\/07\/28\/salade-dete\/\" \/>\n<meta property=\"og:locale\" content=\"fr_FR\" \/>\n<meta property=\"og:type\" content=\"article\" \/>\n<meta property=\"og:title\" content=\"Salade d&#039;\u00e9t\u00e9 - S\u00e9bastien Majerowicz\" \/>\n<meta property=\"og:description\" content=\"Ces jours-ci, il fait beau et chaud alors faites comme ce Li\u00e8vre d&rsquo;Europe (Lepus europaeus) et mangez de la salade \ud83d\ude09 De par les hautes temp\u00e9ratures, les mammif\u00e8res pr\u00e9f\u00e8rent se mettre au frais pendant la journ\u00e9e pour aller se nourrir t\u00f4t le matin ou tard le soir. J&rsquo;ai ainsi rencontr\u00e9 ce beau li\u00e8vre un soir. [&hellip;]\" \/>\n<meta property=\"og:url\" content=\"https:\/\/www.sebastien-majerowicz.fr\/index.php\/2016\/07\/28\/salade-dete\/\" \/>\n<meta property=\"og:site_name\" content=\"S\u00e9bastien Majerowicz\" \/>\n<meta property=\"article:published_time\" content=\"2016-07-28T19:43:26+00:00\" \/>\n<meta property=\"article:modified_time\" content=\"2017-10-10T14:28:22+00:00\" \/>\n<meta property=\"og:image\" content=\"https:\/\/www.sebastien-majerowicz.fr\/wp-content\/uploads\/2017\/02\/28327138521_55e3876ebb_b.jpg\" \/>\n\t<meta property=\"og:image:width\" content=\"1024\" \/>\n\t<meta property=\"og:image:height\" content=\"683\" \/>\n\t<meta property=\"og:image:type\" content=\"image\/jpeg\" \/>\n<meta name=\"author\" content=\"S\u00e9bastien Majerowicz\" \/>\n<meta name=\"twitter:card\" content=\"summary_large_image\" \/>\n<meta name=\"twitter:label1\" content=\"\u00c9crit par\" \/>\n\t<meta name=\"twitter:data1\" content=\"S\u00e9bastien Majerowicz\" \/>\n<script type=\"application\/ld+json\" class=\"yoast-schema-graph\">{\"@context\":\"https:\\\/\\\/schema.org\",\"@graph\":[{\"@type\":\"Article\",\"@id\":\"https:\\\/\\\/www.sebastien-majerowicz.fr\\\/index.php\\\/2016\\\/07\\\/28\\\/salade-dete\\\/#article\",\"isPartOf\":{\"@id\":\"https:\\\/\\\/www.sebastien-majerowicz.fr\\\/index.php\\\/2016\\\/07\\\/28\\\/salade-dete\\\/\"},\"author\":{\"name\":\"S\u00e9bastien Majerowicz\",\"@id\":\"https:\\\/\\\/www.sebastien-majerowicz.fr\\\/#\\\/schema\\\/person\\\/a64c1066d12b40958b45bf7ab508f6a3\"},\"headline\":\"Salade d&rsquo;\u00e9t\u00e9\",\"datePublished\":\"2016-07-28T19:43:26+00:00\",\"dateModified\":\"2017-10-10T14:28:22+00:00\",\"mainEntityOfPage\":{\"@id\":\"https:\\\/\\\/www.sebastien-majerowicz.fr\\\/index.php\\\/2016\\\/07\\\/28\\\/salade-dete\\\/\"},\"wordCount\":96,\"commentCount\":0,\"publisher\":{\"@id\":\"https:\\\/\\\/www.sebastien-majerowicz.fr\\\/#\\\/schema\\\/person\\\/a64c1066d12b40958b45bf7ab508f6a3\"},\"image\":{\"@id\":\"https:\\\/\\\/www.sebastien-majerowicz.fr\\\/index.php\\\/2016\\\/07\\\/28\\\/salade-dete\\\/#primaryimage\"},\"thumbnailUrl\":\"https:\\\/\\\/www.sebastien-majerowicz.fr\\\/wp-content\\\/uploads\\\/2017\\\/02\\\/28327138521_55e3876ebb_b.jpg\",\"keywords\":[\"Lepus europaeus\",\"Li\u00e8vre europ\u00e9en\",\"Mammif\u00e8re\",\"Nikon D5300\",\"Sigma 150-600 Contemporary\"],\"articleSection\":[\"Mammif\u00e8re\"],\"inLanguage\":\"fr-FR\",\"potentialAction\":[{\"@type\":\"CommentAction\",\"name\":\"Comment\",\"target\":[\"https:\\\/\\\/www.sebastien-majerowicz.fr\\\/index.php\\\/2016\\\/07\\\/28\\\/salade-dete\\\/#respond\"]}]},{\"@type\":\"WebPage\",\"@id\":\"https:\\\/\\\/www.sebastien-majerowicz.fr\\\/index.php\\\/2016\\\/07\\\/28\\\/salade-dete\\\/\",\"url\":\"https:\\\/\\\/www.sebastien-majerowicz.fr\\\/index.php\\\/2016\\\/07\\\/28\\\/salade-dete\\\/\",\"name\":\"Salade d'\u00e9t\u00e9 - S\u00e9bastien Majerowicz\",\"isPartOf\":{\"@id\":\"https:\\\/\\\/www.sebastien-majerowicz.fr\\\/#website\"},\"primaryImageOfPage\":{\"@id\":\"https:\\\/\\\/www.sebastien-majerowicz.fr\\\/index.php\\\/2016\\\/07\\\/28\\\/salade-dete\\\/#primaryimage\"},\"image\":{\"@id\":\"https:\\\/\\\/www.sebastien-majerowicz.fr\\\/index.php\\\/2016\\\/07\\\/28\\\/salade-dete\\\/#primaryimage\"},\"thumbnailUrl\":\"https:\\\/\\\/www.sebastien-majerowicz.fr\\\/wp-content\\\/uploads\\\/2017\\\/02\\\/28327138521_55e3876ebb_b.jpg\",\"datePublished\":\"2016-07-28T19:43:26+00:00\",\"dateModified\":\"2017-10-10T14:28:22+00:00\",\"breadcrumb\":{\"@id\":\"https:\\\/\\\/www.sebastien-majerowicz.fr\\\/index.php\\\/2016\\\/07\\\/28\\\/salade-dete\\\/#breadcrumb\"},\"inLanguage\":\"fr-FR\",\"potentialAction\":[{\"@type\":\"ReadAction\",\"target\":[\"https:\\\/\\\/www.sebastien-majerowicz.fr\\\/index.php\\\/2016\\\/07\\\/28\\\/salade-dete\\\/\"]}]},{\"@type\":\"ImageObject\",\"inLanguage\":\"fr-FR\",\"@id\":\"https:\\\/\\\/www.sebastien-majerowicz.fr\\\/index.php\\\/2016\\\/07\\\/28\\\/salade-dete\\\/#primaryimage\",\"url\":\"https:\\\/\\\/www.sebastien-majerowicz.fr\\\/wp-content\\\/uploads\\\/2017\\\/02\\\/28327138521_55e3876ebb_b.jpg\",\"contentUrl\":\"https:\\\/\\\/www.sebastien-majerowicz.fr\\\/wp-content\\\/uploads\\\/2017\\\/02\\\/28327138521_55e3876ebb_b.jpg\",\"width\":1024,\"height\":683,\"caption\":\"Li\u00e8vre d'Europe \\\/ Lepus europaeus\"},{\"@type\":\"BreadcrumbList\",\"@id\":\"https:\\\/\\\/www.sebastien-majerowicz.fr\\\/index.php\\\/2016\\\/07\\\/28\\\/salade-dete\\\/#breadcrumb\",\"itemListElement\":[{\"@type\":\"ListItem\",\"position\":1,\"name\":\"Accueil\",\"item\":\"https:\\\/\\\/www.sebastien-majerowicz.fr\\\/\"},{\"@type\":\"ListItem\",\"position\":2,\"name\":\"Salade d&rsquo;\u00e9t\u00e9\"}]},{\"@type\":\"WebSite\",\"@id\":\"https:\\\/\\\/www.sebastien-majerowicz.fr\\\/#website\",\"url\":\"https:\\\/\\\/www.sebastien-majerowicz.fr\\\/\",\"name\":\"S\u00e9bastien Majerowicz\",\"description\":\"Photographe animalier par Nature\",\"publisher\":{\"@id\":\"https:\\\/\\\/www.sebastien-majerowicz.fr\\\/#\\\/schema\\\/person\\\/a64c1066d12b40958b45bf7ab508f6a3\"},\"potentialAction\":[{\"@type\":\"SearchAction\",\"target\":{\"@type\":\"EntryPoint\",\"urlTemplate\":\"https:\\\/\\\/www.sebastien-majerowicz.fr\\\/?s={search_term_string}\"},\"query-input\":{\"@type\":\"PropertyValueSpecification\",\"valueRequired\":true,\"valueName\":\"search_term_string\"}}],\"inLanguage\":\"fr-FR\"},{\"@type\":[\"Person\",\"Organization\"],\"@id\":\"https:\\\/\\\/www.sebastien-majerowicz.fr\\\/#\\\/schema\\\/person\\\/a64c1066d12b40958b45bf7ab508f6a3\",\"name\":\"S\u00e9bastien Majerowicz\",\"logo\":{\"@id\":\"https:\\\/\\\/www.sebastien-majerowicz.fr\\\/#\\\/schema\\\/person\\\/image\\\/\"},\"sameAs\":[\"https:\\\/\\\/www.sebastien-majerowicz.fr\"]}]}<\/script>\n<!-- \/ Yoast SEO plugin. -->","yoast_head_json":{"title":"Salade d'\u00e9t\u00e9 - S\u00e9bastien Majerowicz","robots":{"index":"index","follow":"follow","max-snippet":"max-snippet:-1","max-image-preview":"max-image-preview:large","max-video-preview":"max-video-preview:-1"},"canonical":"https:\/\/www.sebastien-majerowicz.fr\/index.php\/2016\/07\/28\/salade-dete\/","og_locale":"fr_FR","og_type":"article","og_title":"Salade d'\u00e9t\u00e9 - S\u00e9bastien Majerowicz","og_description":"Ces jours-ci, il fait beau et chaud alors faites comme ce Li\u00e8vre d&rsquo;Europe (Lepus europaeus) et mangez de la salade \ud83d\ude09 De par les hautes temp\u00e9ratures, les mammif\u00e8res pr\u00e9f\u00e8rent se mettre au frais pendant la journ\u00e9e pour aller se nourrir t\u00f4t le matin ou tard le soir. J&rsquo;ai ainsi rencontr\u00e9 ce beau li\u00e8vre un soir. [&hellip;]","og_url":"https:\/\/www.sebastien-majerowicz.fr\/index.php\/2016\/07\/28\/salade-dete\/","og_site_name":"S\u00e9bastien Majerowicz","article_published_time":"2016-07-28T19:43:26+00:00","article_modified_time":"2017-10-10T14:28:22+00:00","og_image":[{"width":1024,"height":683,"url":"https:\/\/www.sebastien-majerowicz.fr\/wp-content\/uploads\/2017\/02\/28327138521_55e3876ebb_b.jpg","type":"image\/jpeg"}],"author":"S\u00e9bastien Majerowicz","twitter_card":"summary_large_image","twitter_misc":{"\u00c9crit par":"S\u00e9bastien Majerowicz"},"schema":{"@context":"https:\/\/schema.org","@graph":[{"@type":"Article","@id":"https:\/\/www.sebastien-majerowicz.fr\/index.php\/2016\/07\/28\/salade-dete\/#article","isPartOf":{"@id":"https:\/\/www.sebastien-majerowicz.fr\/index.php\/2016\/07\/28\/salade-dete\/"},"author":{"name":"S\u00e9bastien Majerowicz","@id":"https:\/\/www.sebastien-majerowicz.fr\/#\/schema\/person\/a64c1066d12b40958b45bf7ab508f6a3"},"headline":"Salade d&rsquo;\u00e9t\u00e9","datePublished":"2016-07-28T19:43:26+00:00","dateModified":"2017-10-10T14:28:22+00:00","mainEntityOfPage":{"@id":"https:\/\/www.sebastien-majerowicz.fr\/index.php\/2016\/07\/28\/salade-dete\/"},"wordCount":96,"commentCount":0,"publisher":{"@id":"https:\/\/www.sebastien-majerowicz.fr\/#\/schema\/person\/a64c1066d12b40958b45bf7ab508f6a3"},"image":{"@id":"https:\/\/www.sebastien-majerowicz.fr\/index.php\/2016\/07\/28\/salade-dete\/#primaryimage"},"thumbnailUrl":"https:\/\/www.sebastien-majerowicz.fr\/wp-content\/uploads\/2017\/02\/28327138521_55e3876ebb_b.jpg","keywords":["Lepus europaeus","Li\u00e8vre europ\u00e9en","Mammif\u00e8re","Nikon D5300","Sigma 150-600 Contemporary"],"articleSection":["Mammif\u00e8re"],"inLanguage":"fr-FR","potentialAction":[{"@type":"CommentAction","name":"Comment","target":["https:\/\/www.sebastien-majerowicz.fr\/index.php\/2016\/07\/28\/salade-dete\/#respond"]}]},{"@type":"WebPage","@id":"https:\/\/www.sebastien-majerowicz.fr\/index.php\/2016\/07\/28\/salade-dete\/","url":"https:\/\/www.sebastien-majerowicz.fr\/index.php\/2016\/07\/28\/salade-dete\/","name":"Salade d'\u00e9t\u00e9 - S\u00e9bastien Majerowicz","isPartOf":{"@id":"https:\/\/www.sebastien-majerowicz.fr\/#website"},"primaryImageOfPage":{"@id":"https:\/\/www.sebastien-majerowicz.fr\/index.php\/2016\/07\/28\/salade-dete\/#primaryimage"},"image":{"@id":"https:\/\/www.sebastien-majerowicz.fr\/index.php\/2016\/07\/28\/salade-dete\/#primaryimage"},"thumbnailUrl":"https:\/\/www.sebastien-majerowicz.fr\/wp-content\/uploads\/2017\/02\/28327138521_55e3876ebb_b.jpg","datePublished":"2016-07-28T19:43:26+00:00","dateModified":"2017-10-10T14:28:22+00:00","breadcrumb":{"@id":"https:\/\/www.sebastien-majerowicz.fr\/index.php\/2016\/07\/28\/salade-dete\/#breadcrumb"},"inLanguage":"fr-FR","potentialAction":[{"@type":"ReadAction","target":["https:\/\/www.sebastien-majerowicz.fr\/index.php\/2016\/07\/28\/salade-dete\/"]}]},{"@type":"ImageObject","inLanguage":"fr-FR","@id":"https:\/\/www.sebastien-majerowicz.fr\/index.php\/2016\/07\/28\/salade-dete\/#primaryimage","url":"https:\/\/www.sebastien-majerowicz.fr\/wp-content\/uploads\/2017\/02\/28327138521_55e3876ebb_b.jpg","contentUrl":"https:\/\/www.sebastien-majerowicz.fr\/wp-content\/uploads\/2017\/02\/28327138521_55e3876ebb_b.jpg","width":1024,"height":683,"caption":"Li\u00e8vre d'Europe \/ Lepus europaeus"},{"@type":"BreadcrumbList","@id":"https:\/\/www.sebastien-majerowicz.fr\/index.php\/2016\/07\/28\/salade-dete\/#breadcrumb","itemListElement":[{"@type":"ListItem","position":1,"name":"Accueil","item":"https:\/\/www.sebastien-majerowicz.fr\/"},{"@type":"ListItem","position":2,"name":"Salade d&rsquo;\u00e9t\u00e9"}]},{"@type":"WebSite","@id":"https:\/\/www.sebastien-majerowicz.fr\/#website","url":"https:\/\/www.sebastien-majerowicz.fr\/","name":"S\u00e9bastien Majerowicz","description":"Photographe animalier par Nature","publisher":{"@id":"https:\/\/www.sebastien-majerowicz.fr\/#\/schema\/person\/a64c1066d12b40958b45bf7ab508f6a3"},"potentialAction":[{"@type":"SearchAction","target":{"@type":"EntryPoint","urlTemplate":"https:\/\/www.sebastien-majerowicz.fr\/?s={search_term_string}"},"query-input":{"@type":"PropertyValueSpecification","valueRequired":true,"valueName":"search_term_string"}}],"inLanguage":"fr-FR"},{"@type":["Person","Organization"],"@id":"https:\/\/www.sebastien-majerowicz.fr\/#\/schema\/person\/a64c1066d12b40958b45bf7ab508f6a3","name":"S\u00e9bastien Majerowicz","logo":{"@id":"https:\/\/www.sebastien-majerowicz.fr\/#\/schema\/person\/image\/"},"sameAs":["https:\/\/www.sebastien-majerowicz.fr"]}]}},"_links":{"self":[{"href":"https:\/\/www.sebastien-majerowicz.fr\/index.php\/wp-json\/wp\/v2\/posts\/131","targetHints":{"allow":["GET"]}}],"collection":[{"href":"https:\/\/www.sebastien-majerowicz.fr\/index.php\/wp-json\/wp\/v2\/posts"}],"about":[{"href":"https:\/\/www.sebastien-majerowicz.fr\/index.php\/wp-json\/wp\/v2\/types\/post"}],"author":[{"embeddable":true,"href":"https:\/\/www.sebastien-majerowicz.fr\/index.php\/wp-json\/wp\/v2\/users\/1"}],"replies":[{"embeddable":true,"href":"https:\/\/www.sebastien-majerowicz.fr\/index.php\/wp-json\/wp\/v2\/comments?post=131"}],"version-history":[{"count":2,"href":"https:\/\/www.sebastien-majerowicz.fr\/index.php\/wp-json\/wp\/v2\/posts\/131\/revisions"}],"predecessor-version":[{"id":1930,"href":"https:\/\/www.sebastien-majerowicz.fr\/index.php\/wp-json\/wp\/v2\/posts\/131\/revisions\/1930"}],"wp:featuredmedia":[{"embeddable":true,"href":"https:\/\/www.sebastien-majerowicz.fr\/index.php\/wp-json\/wp\/v2\/media\/130"}],"wp:attachment":[{"href":"https:\/\/www.sebastien-majerowicz.fr\/index.php\/wp-json\/wp\/v2\/media?parent=131"}],"wp:term":[{"taxonomy":"category","embeddable":true,"href":"https:\/\/www.sebastien-majerowicz.fr\/index.php\/wp-json\/wp\/v2\/categories?post=131"},{"taxonomy":"post_tag","embeddable":true,"href":"https:\/\/www.sebastien-majerowicz.fr\/index.php\/wp-json\/wp\/v2\/tags?post=131"}],"curies":[{"name":"wp","href":"https:\/\/api.w.org\/{rel}","templated":true}]}}