{"id":1300,"date":"2017-08-01T13:32:19","date_gmt":"2017-08-01T11:32:19","guid":{"rendered":"http:\/\/www.sebastien-majerowicz.fr\/?p=1300"},"modified":"2018-01-13T21:49:59","modified_gmt":"2018-01-13T20:49:59","slug":"parc-ornithologique-pont-de-gau","status":"publish","type":"post","link":"https:\/\/www.sebastien-majerowicz.fr\/index.php\/2017\/08\/01\/parc-ornithologique-pont-de-gau\/","title":{"rendered":"Le parc ornithologique du pont de Gau"},"content":{"rendered":"<div id=\"ez-toc-container\" class=\"ez-toc-v2_0_82_2 ez-toc-wrap-left counter-hierarchy ez-toc-counter ez-toc-custom ez-toc-container-direction\">\n<p class=\"ez-toc-title\" style=\"cursor:inherit\">Table des mati\u00e8res<\/p>\n<label for=\"ez-toc-cssicon-toggle-item-69f595a77df29\" class=\"ez-toc-cssicon-toggle-label\"><span class=\"\"><span class=\"eztoc-hide\" style=\"display:none;\">Toggle<\/span><span class=\"ez-toc-icon-toggle-span\"><svg style=\"fill: #999;color:#999\" xmlns=\"http:\/\/www.w3.org\/2000\/svg\" class=\"list-377408\" width=\"20px\" height=\"20px\" viewBox=\"0 0 24 24\" fill=\"none\"><path d=\"M6 6H4v2h2V6zm14 0H8v2h12V6zM4 11h2v2H4v-2zm16 0H8v2h12v-2zM4 16h2v2H4v-2zm16 0H8v2h12v-2z\" fill=\"currentColor\"><\/path><\/svg><svg style=\"fill: #999;color:#999\" class=\"arrow-unsorted-368013\" xmlns=\"http:\/\/www.w3.org\/2000\/svg\" width=\"10px\" height=\"10px\" viewBox=\"0 0 24 24\" version=\"1.2\" baseProfile=\"tiny\"><path d=\"M18.2 9.3l-6.2-6.3-6.2 6.3c-.2.2-.3.4-.3.7s.1.5.3.7c.2.2.4.3.7.3h11c.3 0 .5-.1.7-.3.2-.2.3-.5.3-.7s-.1-.5-.3-.7zM5.8 14.7l6.2 6.3 6.2-6.3c.2-.2.3-.5.3-.7s-.1-.5-.3-.7c-.2-.2-.4-.3-.7-.3h-11c-.3 0-.5.1-.7.3-.2.2-.3.5-.3.7s.1.5.3.7z\"\/><\/svg><\/span><\/span><\/label><input type=\"checkbox\"  id=\"ez-toc-cssicon-toggle-item-69f595a77df29\"  aria-label=\"Toggle\" \/><nav><ul class='ez-toc-list ez-toc-list-level-1 ' ><li class='ez-toc-page-1 ez-toc-heading-level-2'><a class=\"ez-toc-link ez-toc-heading-1\" href=\"https:\/\/www.sebastien-majerowicz.fr\/index.php\/2017\/08\/01\/parc-ornithologique-pont-de-gau\/#Concilier_famille_et_passion\" >Concilier famille et passion<\/a><\/li><li class='ez-toc-page-1 ez-toc-heading-level-2'><a class=\"ez-toc-link ez-toc-heading-2\" href=\"https:\/\/www.sebastien-majerowicz.fr\/index.php\/2017\/08\/01\/parc-ornithologique-pont-de-gau\/#Le_parc_ornithologique_du_Pont_de_Gau\" >Le parc ornithologique du Pont de Gau<\/a><ul class='ez-toc-list-level-3' ><li class='ez-toc-heading-level-3'><a class=\"ez-toc-link ez-toc-heading-3\" href=\"https:\/\/www.sebastien-majerowicz.fr\/index.php\/2017\/08\/01\/parc-ornithologique-pont-de-gau\/#Cest_parti\" >C&rsquo;est parti !<\/a><\/li><li class='ez-toc-page-1 ez-toc-heading-level-3'><a class=\"ez-toc-link ez-toc-heading-4\" href=\"https:\/\/www.sebastien-majerowicz.fr\/index.php\/2017\/08\/01\/parc-ornithologique-pont-de-gau\/#Un_seul_point_presque_negatif\" >Un seul point presque n\u00e9gatif<\/a><\/li><\/ul><\/li><li class='ez-toc-page-1 ez-toc-heading-level-2'><a class=\"ez-toc-link ez-toc-heading-5\" href=\"https:\/\/www.sebastien-majerowicz.fr\/index.php\/2017\/08\/01\/parc-ornithologique-pont-de-gau\/#Mon_avis_sur_le_parc_ornithologique_du_Pont_de_Gau\" >Mon avis sur le parc ornithologique du Pont de Gau<\/a><\/li><\/ul><\/nav><\/div>\n<p>Connaissez-vous le Parc ornithologique du pont de Gau ? Non ? Alors suivez- moi \ud83d\ude42<\/p>\n<p>La Camargue a \u00e9t\u00e9 un excellent compromis familial pour les vacances : la plage pour les filles et la Nature sauvage pour moi. D\u2019habitude, mes randonn\u00e9es, ou billebaudes, sont exclusivement solitaires. J\u2019aime \u00e7a car cela me permet de me plonger totalement dans mon sujet, enti\u00e8rement \u00e0 l\u2019\u00e9coute.<\/p>\n<h2><span class=\"ez-toc-section\" id=\"Concilier_famille_et_passion\"><\/span>Concilier famille et passion<span class=\"ez-toc-section-end\"><\/span><\/h2>\n<p>En me renseignant sur ce qu\u2019il \u00e9tait possible de r\u00e9aliser autour de l\u00e0 o\u00f9 nous \u00e9tions, nous sommes tomb\u00e9s sur un prospectus du Parc ornithologique du Pont de Gau, pr\u00e8s des Saintes Maries de la Mer.<\/p>\n<p>C\u2019\u00e9tait donc une opportunit\u00e9 tr\u00e8s int\u00e9ressante pour faire partager \u00e0 ma famille, ma passion pour les oiseaux dans ce cas. Ce parc m\u2019int\u00e9ressait dans le sens o\u00f9 ce n\u2019est pas un zoo. Les oiseaux et autres animaux sont libres de venir et d\u2019aller \u00e0 leur guise. Ils n\u2019ont pas \u00e9t\u00e9 d\u00e9plac\u00e9s, ni import\u00e9s.<br \/>\nJe n\u2019aime pas visiter les zoos et les aquariums, je ne prends pas plaisir \u00e0 voir des animaux enferm\u00e9s, \u00e0 mille lieux de leur lieu de vie v\u00e9ritable. N&rsquo;h\u00e9sitez pas \u00e0 lire cet <a href=\"http:\/\/www.sebastien-majerowicz.fr\/index.php\/2016\/08\/01\/questionnement\/\" target=\"_blank\" rel=\"noopener\">article <\/a>pour connaitre mes \u00e9tats d&rsquo;\u00e2me \u00e0 ce propos.<\/p>\n<h2><span class=\"ez-toc-section\" id=\"Le_parc_ornithologique_du_Pont_de_Gau\"><\/span>Le parc ornithologique du Pont de Gau<span class=\"ez-toc-section-end\"><\/span><\/h2>\n<h3><span class=\"ez-toc-section\" id=\"Cest_parti\"><\/span>C&rsquo;est parti !<span class=\"ez-toc-section-end\"><\/span><\/h3>\n<p>Bref, de bon matin, nous sommes partis pour le parc. Les parcours sont tr\u00e8s bien r\u00e9alis\u00e9s pour permettre au plus nombreux de profiter des 60 hectares. Ces parcours serpentent entre les \u00e9tangs et le parc est d\u00e9limit\u00e9 par une haie pour \u00e9viter de perdre des personnes \ud83d\ude09 D\u2019ailleurs, ces haies sont suffisamment basses pour permettre de regarder les \u00e9tangs voisins et d\u2019appr\u00e9cier leur \u00e9tendue : la Camargue, c\u2019est beau ! De plus, elles n\u2019entravent en rien la libert\u00e9 de circulation des animaux pr\u00e9sents.<\/p>\n<p><img loading=\"lazy\" decoding=\"async\" class=\" wp-image-1313 alignleft\" src=\"http:\/\/www.sebastien-majerowicz.fr\/wp-content\/uploads\/2017\/09\/36259395195_54b1ee4e70_b-300x225.jpg\" alt=\"Flamant rose \/ Phoenicopeturs roseus\" width=\"500\" height=\"375\" srcset=\"https:\/\/www.sebastien-majerowicz.fr\/wp-content\/uploads\/2017\/09\/36259395195_54b1ee4e70_b-300x225.jpg 300w, https:\/\/www.sebastien-majerowicz.fr\/wp-content\/uploads\/2017\/09\/36259395195_54b1ee4e70_b-768x576.jpg 768w, https:\/\/www.sebastien-majerowicz.fr\/wp-content\/uploads\/2017\/09\/36259395195_54b1ee4e70_b.jpg 1024w\" sizes=\"auto, (max-width: 500px) 100vw, 500px\" \/>D\u00e8s les premiers m\u00e8tres, j\u2019ai \u00e9t\u00e9, toutefois, d\u00e9sagr\u00e9ablement surpris de voir un espace grillag\u00e9 avec une Cigogne blanche \u00e0 l\u2019int\u00e9rieur. Je pensais que les oiseaux \u00e9taient en libert\u00e9, la premi\u00e8re impression a \u00e9t\u00e9 \u00e9trange. Mais la lecture de l\u2019\u00e9criteau nous indiquait que c\u2019\u00e9tait une cigogne bless\u00e9e en cours de gu\u00e9rison : ouf !<\/p>\n<p>Le reste de la balade a \u00e9t\u00e9 superbe, avec uniquement des bonnes surprises. Elle a \u00e9t\u00e9 appr\u00e9ci\u00e9e de tous. Nous n\u2019avons pu faire que la partie Sud du parc, adapt\u00e9e au tout public. Toutefois, nous avons pu voir des Mouettes rieuses, des Flamands roses, des H\u00e9rons cendr\u00e9s, des Bihoreaux gris, des H\u00e9rons garde-b\u0153ufs, des Ragondins, des Foulques macroules, &#8230; sans parler des nombreux odonates pr\u00e9sents \ud83d\ude42 En y restant plus longtemps, il doit \u00eatre possible d\u2019appr\u00e9cier plus d\u2019esp\u00e8ces, surtout celles vivants dans les roseaux. La partie Nord est, semble t-il, bien plus longue et sauvage.<\/p>\n<h3><span class=\"ez-toc-section\" id=\"Un_seul_point_presque_negatif\"><\/span>Un seul point presque n\u00e9gatif<span class=\"ez-toc-section-end\"><\/span><\/h3>\n<p>Le seul v\u00e9ritable point n\u00e9gatif que je note est le nourrissage des oiseaux. C\u2019est s\u00fbr que cela permet de s\u00e9dentariser ces derniers et ainsi de proposer aux visiteurs un \u201cspectacle\u201d. Toutefois, j\u2019apprendrai plus tard (merci Morane Negraud) que ce nourrissage permet \u00e9galement :<\/p>\n<ul>\n<li>\u00c9viter l&rsquo;\u00e9puisement des ressources alimentaires ;<\/li>\n<li>Limiter les zones de vasi\u00e8res gr\u00e2ce aux pi\u00e9tinements des flamants roses.<\/li>\n<\/ul>\n<h2><span class=\"ez-toc-section\" id=\"Mon_avis_sur_le_parc_ornithologique_du_Pont_de_Gau\"><\/span>Mon avis sur le parc ornithologique du Pont de Gau<span class=\"ez-toc-section-end\"><\/span><\/h2>\n<p>Voici un parc o\u00f9 j&rsquo;ai pris \u00e9norm\u00e9ment plaisir \u00e0 voir \u00e9voluer les oiseaux en totale libert\u00e9. Finalement, je souhaite longue vie au parc ornithologique du pont de Gau. C&rsquo;est un parc o\u00f9 il est possible de voir des animaux en libert\u00e9 et dans leur habitat de pr\u00e9dilection.<\/p>\n<p>Pour terminer, cet article est uniquement mon avis sur le parc et n\u2019engage que moi \ud83d\ude09 et j\u2019esp\u00e8re avoir l\u2019opportunit\u00e9 d\u2019y retourner pour r\u00e9aliser l\u2019ensemble du parcours.<\/p>\n<p>PS : Pour plus d\u2019informations concernant le Parc ornithologique du pont de Gau, n\u2019h\u00e9sitez pas \u00e0 aller jeter un \u0153il \u00e0 leur excellent site internet : <a href=\"http:\/\/www.parcornithologique.com\">http:\/\/www.parcornithologique.com<\/a><\/p>\n","protected":false},"excerpt":{"rendered":"<p>Connaissez-vous le Parc ornithologique du pont de Gau ? Non ? Alors suivez- moi \ud83d\ude42 La Camargue a \u00e9t\u00e9 un excellent compromis familial pour les vacances : la plage pour les filles et la Nature sauvage pour moi. D\u2019habitude, mes randonn\u00e9es, ou billebaudes, sont exclusivement solitaires. J\u2019aime \u00e7a car cela me permet de me plonger [&hellip;]<\/p>\n","protected":false},"author":1,"featured_media":1301,"comment_status":"open","ping_status":"open","sticky":false,"template":"","format":"standard","meta":{"footnotes":""},"categories":[21],"tags":[55,752],"class_list":{"0":"post-1300","1":"post","2":"type-post","3":"status-publish","4":"format-standard","5":"has-post-thumbnail","7":"category-article","8":"tag-oiseau","9":"tag-parc-ornithologique-du-pont-de-gau","10":"czr-hentry"},"yoast_head":"<!-- This site is optimized with the Yoast SEO plugin v27.5 - https:\/\/yoast.com\/product\/yoast-seo-wordpress\/ -->\n<title>Le parc ornithologique du pont de Gau - S\u00e9bastien Majerowicz<\/title>\n<meta name=\"robots\" content=\"index, follow, max-snippet:-1, max-image-preview:large, max-video-preview:-1\" \/>\n<link rel=\"canonical\" href=\"https:\/\/www.sebastien-majerowicz.fr\/index.php\/2017\/08\/01\/parc-ornithologique-pont-de-gau\/\" \/>\n<meta property=\"og:locale\" content=\"fr_FR\" \/>\n<meta property=\"og:type\" content=\"article\" \/>\n<meta property=\"og:title\" content=\"Le parc ornithologique du pont de Gau - S\u00e9bastien Majerowicz\" \/>\n<meta property=\"og:description\" content=\"Connaissez-vous le Parc ornithologique du pont de Gau ? Non ? Alors suivez- moi \ud83d\ude42 La Camargue a \u00e9t\u00e9 un excellent compromis familial pour les vacances : la plage pour les filles et la Nature sauvage pour moi. D\u2019habitude, mes randonn\u00e9es, ou billebaudes, sont exclusivement solitaires. J\u2019aime \u00e7a car cela me permet de me plonger [&hellip;]\" \/>\n<meta property=\"og:url\" content=\"https:\/\/www.sebastien-majerowicz.fr\/index.php\/2017\/08\/01\/parc-ornithologique-pont-de-gau\/\" \/>\n<meta property=\"og:site_name\" content=\"S\u00e9bastien Majerowicz\" \/>\n<meta property=\"article:published_time\" content=\"2017-08-01T11:32:19+00:00\" \/>\n<meta property=\"article:modified_time\" content=\"2018-01-13T20:49:59+00:00\" \/>\n<meta property=\"og:image\" content=\"https:\/\/www.sebastien-majerowicz.fr\/wp-content\/uploads\/2017\/09\/36217914946_a25889a3ec_b.jpg\" \/>\n\t<meta property=\"og:image:width\" content=\"1024\" \/>\n\t<meta property=\"og:image:height\" content=\"683\" \/>\n\t<meta property=\"og:image:type\" content=\"image\/jpeg\" \/>\n<meta name=\"author\" content=\"S\u00e9bastien Majerowicz\" \/>\n<meta name=\"twitter:card\" content=\"summary_large_image\" \/>\n<meta name=\"twitter:label1\" content=\"\u00c9crit par\" \/>\n\t<meta name=\"twitter:data1\" content=\"S\u00e9bastien Majerowicz\" \/>\n\t<meta name=\"twitter:label2\" content=\"Dur\u00e9e de lecture estim\u00e9e\" \/>\n\t<meta name=\"twitter:data2\" content=\"3 minutes\" \/>\n<script type=\"application\/ld+json\" class=\"yoast-schema-graph\">{\"@context\":\"https:\\\/\\\/schema.org\",\"@graph\":[{\"@type\":\"Article\",\"@id\":\"https:\\\/\\\/www.sebastien-majerowicz.fr\\\/index.php\\\/2017\\\/08\\\/01\\\/parc-ornithologique-pont-de-gau\\\/#article\",\"isPartOf\":{\"@id\":\"https:\\\/\\\/www.sebastien-majerowicz.fr\\\/index.php\\\/2017\\\/08\\\/01\\\/parc-ornithologique-pont-de-gau\\\/\"},\"author\":{\"name\":\"S\u00e9bastien Majerowicz\",\"@id\":\"https:\\\/\\\/www.sebastien-majerowicz.fr\\\/#\\\/schema\\\/person\\\/a64c1066d12b40958b45bf7ab508f6a3\"},\"headline\":\"Le parc ornithologique du pont de Gau\",\"datePublished\":\"2017-08-01T11:32:19+00:00\",\"dateModified\":\"2018-01-13T20:49:59+00:00\",\"mainEntityOfPage\":{\"@id\":\"https:\\\/\\\/www.sebastien-majerowicz.fr\\\/index.php\\\/2017\\\/08\\\/01\\\/parc-ornithologique-pont-de-gau\\\/\"},\"wordCount\":683,\"commentCount\":1,\"publisher\":{\"@id\":\"https:\\\/\\\/www.sebastien-majerowicz.fr\\\/#\\\/schema\\\/person\\\/a64c1066d12b40958b45bf7ab508f6a3\"},\"image\":{\"@id\":\"https:\\\/\\\/www.sebastien-majerowicz.fr\\\/index.php\\\/2017\\\/08\\\/01\\\/parc-ornithologique-pont-de-gau\\\/#primaryimage\"},\"thumbnailUrl\":\"https:\\\/\\\/www.sebastien-majerowicz.fr\\\/wp-content\\\/uploads\\\/2017\\\/09\\\/36217914946_a25889a3ec_b.jpg\",\"keywords\":[\"Oiseau\",\"Parc ornithologique du Pont de Gau\"],\"articleSection\":[\"Article\"],\"inLanguage\":\"fr-FR\",\"potentialAction\":[{\"@type\":\"CommentAction\",\"name\":\"Comment\",\"target\":[\"https:\\\/\\\/www.sebastien-majerowicz.fr\\\/index.php\\\/2017\\\/08\\\/01\\\/parc-ornithologique-pont-de-gau\\\/#respond\"]}]},{\"@type\":\"WebPage\",\"@id\":\"https:\\\/\\\/www.sebastien-majerowicz.fr\\\/index.php\\\/2017\\\/08\\\/01\\\/parc-ornithologique-pont-de-gau\\\/\",\"url\":\"https:\\\/\\\/www.sebastien-majerowicz.fr\\\/index.php\\\/2017\\\/08\\\/01\\\/parc-ornithologique-pont-de-gau\\\/\",\"name\":\"Le parc ornithologique du pont de Gau - S\u00e9bastien Majerowicz\",\"isPartOf\":{\"@id\":\"https:\\\/\\\/www.sebastien-majerowicz.fr\\\/#website\"},\"primaryImageOfPage\":{\"@id\":\"https:\\\/\\\/www.sebastien-majerowicz.fr\\\/index.php\\\/2017\\\/08\\\/01\\\/parc-ornithologique-pont-de-gau\\\/#primaryimage\"},\"image\":{\"@id\":\"https:\\\/\\\/www.sebastien-majerowicz.fr\\\/index.php\\\/2017\\\/08\\\/01\\\/parc-ornithologique-pont-de-gau\\\/#primaryimage\"},\"thumbnailUrl\":\"https:\\\/\\\/www.sebastien-majerowicz.fr\\\/wp-content\\\/uploads\\\/2017\\\/09\\\/36217914946_a25889a3ec_b.jpg\",\"datePublished\":\"2017-08-01T11:32:19+00:00\",\"dateModified\":\"2018-01-13T20:49:59+00:00\",\"breadcrumb\":{\"@id\":\"https:\\\/\\\/www.sebastien-majerowicz.fr\\\/index.php\\\/2017\\\/08\\\/01\\\/parc-ornithologique-pont-de-gau\\\/#breadcrumb\"},\"inLanguage\":\"fr-FR\",\"potentialAction\":[{\"@type\":\"ReadAction\",\"target\":[\"https:\\\/\\\/www.sebastien-majerowicz.fr\\\/index.php\\\/2017\\\/08\\\/01\\\/parc-ornithologique-pont-de-gau\\\/\"]}]},{\"@type\":\"ImageObject\",\"inLanguage\":\"fr-FR\",\"@id\":\"https:\\\/\\\/www.sebastien-majerowicz.fr\\\/index.php\\\/2017\\\/08\\\/01\\\/parc-ornithologique-pont-de-gau\\\/#primaryimage\",\"url\":\"https:\\\/\\\/www.sebastien-majerowicz.fr\\\/wp-content\\\/uploads\\\/2017\\\/09\\\/36217914946_a25889a3ec_b.jpg\",\"contentUrl\":\"https:\\\/\\\/www.sebastien-majerowicz.fr\\\/wp-content\\\/uploads\\\/2017\\\/09\\\/36217914946_a25889a3ec_b.jpg\",\"width\":1024,\"height\":683,\"caption\":\"Cigogne blanche \\\/ Ciconia ciconia\"},{\"@type\":\"BreadcrumbList\",\"@id\":\"https:\\\/\\\/www.sebastien-majerowicz.fr\\\/index.php\\\/2017\\\/08\\\/01\\\/parc-ornithologique-pont-de-gau\\\/#breadcrumb\",\"itemListElement\":[{\"@type\":\"ListItem\",\"position\":1,\"name\":\"Accueil\",\"item\":\"https:\\\/\\\/www.sebastien-majerowicz.fr\\\/\"},{\"@type\":\"ListItem\",\"position\":2,\"name\":\"Le parc ornithologique du pont de Gau\"}]},{\"@type\":\"WebSite\",\"@id\":\"https:\\\/\\\/www.sebastien-majerowicz.fr\\\/#website\",\"url\":\"https:\\\/\\\/www.sebastien-majerowicz.fr\\\/\",\"name\":\"S\u00e9bastien Majerowicz\",\"description\":\"Photographe animalier par Nature\",\"publisher\":{\"@id\":\"https:\\\/\\\/www.sebastien-majerowicz.fr\\\/#\\\/schema\\\/person\\\/a64c1066d12b40958b45bf7ab508f6a3\"},\"potentialAction\":[{\"@type\":\"SearchAction\",\"target\":{\"@type\":\"EntryPoint\",\"urlTemplate\":\"https:\\\/\\\/www.sebastien-majerowicz.fr\\\/?s={search_term_string}\"},\"query-input\":{\"@type\":\"PropertyValueSpecification\",\"valueRequired\":true,\"valueName\":\"search_term_string\"}}],\"inLanguage\":\"fr-FR\"},{\"@type\":[\"Person\",\"Organization\"],\"@id\":\"https:\\\/\\\/www.sebastien-majerowicz.fr\\\/#\\\/schema\\\/person\\\/a64c1066d12b40958b45bf7ab508f6a3\",\"name\":\"S\u00e9bastien Majerowicz\",\"logo\":{\"@id\":\"https:\\\/\\\/www.sebastien-majerowicz.fr\\\/#\\\/schema\\\/person\\\/image\\\/\"},\"sameAs\":[\"https:\\\/\\\/www.sebastien-majerowicz.fr\"]}]}<\/script>\n<!-- \/ Yoast SEO plugin. -->","yoast_head_json":{"title":"Le parc ornithologique du pont de Gau - S\u00e9bastien Majerowicz","robots":{"index":"index","follow":"follow","max-snippet":"max-snippet:-1","max-image-preview":"max-image-preview:large","max-video-preview":"max-video-preview:-1"},"canonical":"https:\/\/www.sebastien-majerowicz.fr\/index.php\/2017\/08\/01\/parc-ornithologique-pont-de-gau\/","og_locale":"fr_FR","og_type":"article","og_title":"Le parc ornithologique du pont de Gau - S\u00e9bastien Majerowicz","og_description":"Connaissez-vous le Parc ornithologique du pont de Gau ? Non ? Alors suivez- moi \ud83d\ude42 La Camargue a \u00e9t\u00e9 un excellent compromis familial pour les vacances : la plage pour les filles et la Nature sauvage pour moi. D\u2019habitude, mes randonn\u00e9es, ou billebaudes, sont exclusivement solitaires. J\u2019aime \u00e7a car cela me permet de me plonger [&hellip;]","og_url":"https:\/\/www.sebastien-majerowicz.fr\/index.php\/2017\/08\/01\/parc-ornithologique-pont-de-gau\/","og_site_name":"S\u00e9bastien Majerowicz","article_published_time":"2017-08-01T11:32:19+00:00","article_modified_time":"2018-01-13T20:49:59+00:00","og_image":[{"width":1024,"height":683,"url":"https:\/\/www.sebastien-majerowicz.fr\/wp-content\/uploads\/2017\/09\/36217914946_a25889a3ec_b.jpg","type":"image\/jpeg"}],"author":"S\u00e9bastien Majerowicz","twitter_card":"summary_large_image","twitter_misc":{"\u00c9crit par":"S\u00e9bastien Majerowicz","Dur\u00e9e de lecture estim\u00e9e":"3 minutes"},"schema":{"@context":"https:\/\/schema.org","@graph":[{"@type":"Article","@id":"https:\/\/www.sebastien-majerowicz.fr\/index.php\/2017\/08\/01\/parc-ornithologique-pont-de-gau\/#article","isPartOf":{"@id":"https:\/\/www.sebastien-majerowicz.fr\/index.php\/2017\/08\/01\/parc-ornithologique-pont-de-gau\/"},"author":{"name":"S\u00e9bastien Majerowicz","@id":"https:\/\/www.sebastien-majerowicz.fr\/#\/schema\/person\/a64c1066d12b40958b45bf7ab508f6a3"},"headline":"Le parc ornithologique du pont de Gau","datePublished":"2017-08-01T11:32:19+00:00","dateModified":"2018-01-13T20:49:59+00:00","mainEntityOfPage":{"@id":"https:\/\/www.sebastien-majerowicz.fr\/index.php\/2017\/08\/01\/parc-ornithologique-pont-de-gau\/"},"wordCount":683,"commentCount":1,"publisher":{"@id":"https:\/\/www.sebastien-majerowicz.fr\/#\/schema\/person\/a64c1066d12b40958b45bf7ab508f6a3"},"image":{"@id":"https:\/\/www.sebastien-majerowicz.fr\/index.php\/2017\/08\/01\/parc-ornithologique-pont-de-gau\/#primaryimage"},"thumbnailUrl":"https:\/\/www.sebastien-majerowicz.fr\/wp-content\/uploads\/2017\/09\/36217914946_a25889a3ec_b.jpg","keywords":["Oiseau","Parc ornithologique du Pont de Gau"],"articleSection":["Article"],"inLanguage":"fr-FR","potentialAction":[{"@type":"CommentAction","name":"Comment","target":["https:\/\/www.sebastien-majerowicz.fr\/index.php\/2017\/08\/01\/parc-ornithologique-pont-de-gau\/#respond"]}]},{"@type":"WebPage","@id":"https:\/\/www.sebastien-majerowicz.fr\/index.php\/2017\/08\/01\/parc-ornithologique-pont-de-gau\/","url":"https:\/\/www.sebastien-majerowicz.fr\/index.php\/2017\/08\/01\/parc-ornithologique-pont-de-gau\/","name":"Le parc ornithologique du pont de Gau - S\u00e9bastien Majerowicz","isPartOf":{"@id":"https:\/\/www.sebastien-majerowicz.fr\/#website"},"primaryImageOfPage":{"@id":"https:\/\/www.sebastien-majerowicz.fr\/index.php\/2017\/08\/01\/parc-ornithologique-pont-de-gau\/#primaryimage"},"image":{"@id":"https:\/\/www.sebastien-majerowicz.fr\/index.php\/2017\/08\/01\/parc-ornithologique-pont-de-gau\/#primaryimage"},"thumbnailUrl":"https:\/\/www.sebastien-majerowicz.fr\/wp-content\/uploads\/2017\/09\/36217914946_a25889a3ec_b.jpg","datePublished":"2017-08-01T11:32:19+00:00","dateModified":"2018-01-13T20:49:59+00:00","breadcrumb":{"@id":"https:\/\/www.sebastien-majerowicz.fr\/index.php\/2017\/08\/01\/parc-ornithologique-pont-de-gau\/#breadcrumb"},"inLanguage":"fr-FR","potentialAction":[{"@type":"ReadAction","target":["https:\/\/www.sebastien-majerowicz.fr\/index.php\/2017\/08\/01\/parc-ornithologique-pont-de-gau\/"]}]},{"@type":"ImageObject","inLanguage":"fr-FR","@id":"https:\/\/www.sebastien-majerowicz.fr\/index.php\/2017\/08\/01\/parc-ornithologique-pont-de-gau\/#primaryimage","url":"https:\/\/www.sebastien-majerowicz.fr\/wp-content\/uploads\/2017\/09\/36217914946_a25889a3ec_b.jpg","contentUrl":"https:\/\/www.sebastien-majerowicz.fr\/wp-content\/uploads\/2017\/09\/36217914946_a25889a3ec_b.jpg","width":1024,"height":683,"caption":"Cigogne blanche \/ Ciconia ciconia"},{"@type":"BreadcrumbList","@id":"https:\/\/www.sebastien-majerowicz.fr\/index.php\/2017\/08\/01\/parc-ornithologique-pont-de-gau\/#breadcrumb","itemListElement":[{"@type":"ListItem","position":1,"name":"Accueil","item":"https:\/\/www.sebastien-majerowicz.fr\/"},{"@type":"ListItem","position":2,"name":"Le parc ornithologique du pont de Gau"}]},{"@type":"WebSite","@id":"https:\/\/www.sebastien-majerowicz.fr\/#website","url":"https:\/\/www.sebastien-majerowicz.fr\/","name":"S\u00e9bastien Majerowicz","description":"Photographe animalier par Nature","publisher":{"@id":"https:\/\/www.sebastien-majerowicz.fr\/#\/schema\/person\/a64c1066d12b40958b45bf7ab508f6a3"},"potentialAction":[{"@type":"SearchAction","target":{"@type":"EntryPoint","urlTemplate":"https:\/\/www.sebastien-majerowicz.fr\/?s={search_term_string}"},"query-input":{"@type":"PropertyValueSpecification","valueRequired":true,"valueName":"search_term_string"}}],"inLanguage":"fr-FR"},{"@type":["Person","Organization"],"@id":"https:\/\/www.sebastien-majerowicz.fr\/#\/schema\/person\/a64c1066d12b40958b45bf7ab508f6a3","name":"S\u00e9bastien Majerowicz","logo":{"@id":"https:\/\/www.sebastien-majerowicz.fr\/#\/schema\/person\/image\/"},"sameAs":["https:\/\/www.sebastien-majerowicz.fr"]}]}},"_links":{"self":[{"href":"https:\/\/www.sebastien-majerowicz.fr\/index.php\/wp-json\/wp\/v2\/posts\/1300","targetHints":{"allow":["GET"]}}],"collection":[{"href":"https:\/\/www.sebastien-majerowicz.fr\/index.php\/wp-json\/wp\/v2\/posts"}],"about":[{"href":"https:\/\/www.sebastien-majerowicz.fr\/index.php\/wp-json\/wp\/v2\/types\/post"}],"author":[{"embeddable":true,"href":"https:\/\/www.sebastien-majerowicz.fr\/index.php\/wp-json\/wp\/v2\/users\/1"}],"replies":[{"embeddable":true,"href":"https:\/\/www.sebastien-majerowicz.fr\/index.php\/wp-json\/wp\/v2\/comments?post=1300"}],"version-history":[{"count":9,"href":"https:\/\/www.sebastien-majerowicz.fr\/index.php\/wp-json\/wp\/v2\/posts\/1300\/revisions"}],"predecessor-version":[{"id":2024,"href":"https:\/\/www.sebastien-majerowicz.fr\/index.php\/wp-json\/wp\/v2\/posts\/1300\/revisions\/2024"}],"wp:featuredmedia":[{"embeddable":true,"href":"https:\/\/www.sebastien-majerowicz.fr\/index.php\/wp-json\/wp\/v2\/media\/1301"}],"wp:attachment":[{"href":"https:\/\/www.sebastien-majerowicz.fr\/index.php\/wp-json\/wp\/v2\/media?parent=1300"}],"wp:term":[{"taxonomy":"category","embeddable":true,"href":"https:\/\/www.sebastien-majerowicz.fr\/index.php\/wp-json\/wp\/v2\/categories?post=1300"},{"taxonomy":"post_tag","embeddable":true,"href":"https:\/\/www.sebastien-majerowicz.fr\/index.php\/wp-json\/wp\/v2\/tags?post=1300"}],"curies":[{"name":"wp","href":"https:\/\/api.w.org\/{rel}","templated":true}]}}