{"id":123,"date":"2016-07-26T21:24:44","date_gmt":"2016-07-26T19:24:44","guid":{"rendered":"http:\/\/www.sebastien-majerowicz.fr\/?p=123"},"modified":"2017-10-10T15:25:39","modified_gmt":"2017-10-10T13:25:39","slug":"un-petit-ver","status":"publish","type":"post","link":"https:\/\/www.sebastien-majerowicz.fr\/index.php\/2016\/07\/26\/un-petit-ver\/","title":{"rendered":"Un petit ver ?"},"content":{"rendered":"<p>Peut-\u00eatre l&rsquo;avez-vous remarqu\u00e9, depuis quelques semaines, les oisillons commencent \u00e0 (essayer de) voler de leur propres ailes. C&rsquo;est parfois encore laborieux, aussi ont-ils encore besoin d&rsquo;\u00eatre nourri par leur parents.<\/p>\n<p>Rien de telle qu&rsquo;une bonne larve bien verte au petit d\u00e9jeun\u00e9, merci au papa ou \u00e0 la maman Rougegorge familier (Erithacus rubecula) \ud83d\ude09<\/p>\n","protected":false},"excerpt":{"rendered":"<p>Peut-\u00eatre l&rsquo;avez-vous remarqu\u00e9, depuis quelques semaines, les oisillons commencent \u00e0 (essayer de) voler de leur propres ailes. C&rsquo;est parfois encore laborieux, aussi ont-ils encore besoin d&rsquo;\u00eatre nourri par leur parents. Rien de telle qu&rsquo;une bonne larve bien verte au petit d\u00e9jeun\u00e9, merci au papa ou \u00e0 la maman Rougegorge familier (Erithacus rubecula) \ud83d\ude09<\/p>\n","protected":false},"author":1,"featured_media":124,"comment_status":"open","ping_status":"open","sticky":false,"template":"","format":"standard","meta":{"footnotes":""},"categories":[14],"tags":[24,25,55,23,26],"class_list":{"0":"post-123","1":"post","2":"type-post","3":"status-publish","4":"format-standard","5":"has-post-thumbnail","7":"category-oiseau","8":"tag-erithacus-rubecula","9":"tag-nikon-d5300","10":"tag-oiseau","11":"tag-rougegorge-familier","12":"tag-sigma-150-600-contemporary","13":"czr-hentry"},"yoast_head":"<!-- This site is optimized with the Yoast SEO plugin v27.5 - https:\/\/yoast.com\/product\/yoast-seo-wordpress\/ -->\n<title>Un petit ver ? - S\u00e9bastien Majerowicz<\/title>\n<meta name=\"robots\" content=\"index, follow, max-snippet:-1, max-image-preview:large, max-video-preview:-1\" \/>\n<link rel=\"canonical\" href=\"https:\/\/www.sebastien-majerowicz.fr\/index.php\/2016\/07\/26\/un-petit-ver\/\" \/>\n<meta property=\"og:locale\" content=\"fr_FR\" \/>\n<meta property=\"og:type\" content=\"article\" \/>\n<meta property=\"og:title\" content=\"Un petit ver ? - S\u00e9bastien Majerowicz\" \/>\n<meta property=\"og:description\" content=\"Peut-\u00eatre l&rsquo;avez-vous remarqu\u00e9, depuis quelques semaines, les oisillons commencent \u00e0 (essayer de) voler de leur propres ailes. C&rsquo;est parfois encore laborieux, aussi ont-ils encore besoin d&rsquo;\u00eatre nourri par leur parents. Rien de telle qu&rsquo;une bonne larve bien verte au petit d\u00e9jeun\u00e9, merci au papa ou \u00e0 la maman Rougegorge familier (Erithacus rubecula) \ud83d\ude09\" \/>\n<meta property=\"og:url\" content=\"https:\/\/www.sebastien-majerowicz.fr\/index.php\/2016\/07\/26\/un-petit-ver\/\" \/>\n<meta property=\"og:site_name\" content=\"S\u00e9bastien Majerowicz\" \/>\n<meta property=\"article:published_time\" content=\"2016-07-26T19:24:44+00:00\" \/>\n<meta property=\"article:modified_time\" content=\"2017-10-10T13:25:39+00:00\" \/>\n<meta property=\"og:image\" content=\"https:\/\/www.sebastien-majerowicz.fr\/wp-content\/uploads\/2017\/02\/26304054754_a5c5840547_b.jpg\" \/>\n\t<meta property=\"og:image:width\" content=\"1024\" \/>\n\t<meta property=\"og:image:height\" content=\"768\" \/>\n\t<meta property=\"og:image:type\" content=\"image\/jpeg\" \/>\n<meta name=\"author\" content=\"S\u00e9bastien Majerowicz\" \/>\n<meta name=\"twitter:card\" content=\"summary_large_image\" \/>\n<meta name=\"twitter:label1\" content=\"\u00c9crit par\" \/>\n\t<meta name=\"twitter:data1\" content=\"S\u00e9bastien Majerowicz\" \/>\n<script type=\"application\/ld+json\" class=\"yoast-schema-graph\">{\"@context\":\"https:\\\/\\\/schema.org\",\"@graph\":[{\"@type\":\"Article\",\"@id\":\"https:\\\/\\\/www.sebastien-majerowicz.fr\\\/index.php\\\/2016\\\/07\\\/26\\\/un-petit-ver\\\/#article\",\"isPartOf\":{\"@id\":\"https:\\\/\\\/www.sebastien-majerowicz.fr\\\/index.php\\\/2016\\\/07\\\/26\\\/un-petit-ver\\\/\"},\"author\":{\"name\":\"S\u00e9bastien Majerowicz\",\"@id\":\"https:\\\/\\\/www.sebastien-majerowicz.fr\\\/#\\\/schema\\\/person\\\/a64c1066d12b40958b45bf7ab508f6a3\"},\"headline\":\"Un petit ver ?\",\"datePublished\":\"2016-07-26T19:24:44+00:00\",\"dateModified\":\"2017-10-10T13:25:39+00:00\",\"mainEntityOfPage\":{\"@id\":\"https:\\\/\\\/www.sebastien-majerowicz.fr\\\/index.php\\\/2016\\\/07\\\/26\\\/un-petit-ver\\\/\"},\"wordCount\":60,\"commentCount\":0,\"publisher\":{\"@id\":\"https:\\\/\\\/www.sebastien-majerowicz.fr\\\/#\\\/schema\\\/person\\\/a64c1066d12b40958b45bf7ab508f6a3\"},\"image\":{\"@id\":\"https:\\\/\\\/www.sebastien-majerowicz.fr\\\/index.php\\\/2016\\\/07\\\/26\\\/un-petit-ver\\\/#primaryimage\"},\"thumbnailUrl\":\"https:\\\/\\\/www.sebastien-majerowicz.fr\\\/wp-content\\\/uploads\\\/2017\\\/02\\\/26304054754_a5c5840547_b.jpg\",\"keywords\":[\"Erithacus rubecula\",\"Nikon D5300\",\"Oiseau\",\"Rougegorge familier\",\"Sigma 150-600 Contemporary\"],\"articleSection\":[\"Oiseau\"],\"inLanguage\":\"fr-FR\",\"potentialAction\":[{\"@type\":\"CommentAction\",\"name\":\"Comment\",\"target\":[\"https:\\\/\\\/www.sebastien-majerowicz.fr\\\/index.php\\\/2016\\\/07\\\/26\\\/un-petit-ver\\\/#respond\"]}]},{\"@type\":\"WebPage\",\"@id\":\"https:\\\/\\\/www.sebastien-majerowicz.fr\\\/index.php\\\/2016\\\/07\\\/26\\\/un-petit-ver\\\/\",\"url\":\"https:\\\/\\\/www.sebastien-majerowicz.fr\\\/index.php\\\/2016\\\/07\\\/26\\\/un-petit-ver\\\/\",\"name\":\"Un petit ver ? - S\u00e9bastien Majerowicz\",\"isPartOf\":{\"@id\":\"https:\\\/\\\/www.sebastien-majerowicz.fr\\\/#website\"},\"primaryImageOfPage\":{\"@id\":\"https:\\\/\\\/www.sebastien-majerowicz.fr\\\/index.php\\\/2016\\\/07\\\/26\\\/un-petit-ver\\\/#primaryimage\"},\"image\":{\"@id\":\"https:\\\/\\\/www.sebastien-majerowicz.fr\\\/index.php\\\/2016\\\/07\\\/26\\\/un-petit-ver\\\/#primaryimage\"},\"thumbnailUrl\":\"https:\\\/\\\/www.sebastien-majerowicz.fr\\\/wp-content\\\/uploads\\\/2017\\\/02\\\/26304054754_a5c5840547_b.jpg\",\"datePublished\":\"2016-07-26T19:24:44+00:00\",\"dateModified\":\"2017-10-10T13:25:39+00:00\",\"breadcrumb\":{\"@id\":\"https:\\\/\\\/www.sebastien-majerowicz.fr\\\/index.php\\\/2016\\\/07\\\/26\\\/un-petit-ver\\\/#breadcrumb\"},\"inLanguage\":\"fr-FR\",\"potentialAction\":[{\"@type\":\"ReadAction\",\"target\":[\"https:\\\/\\\/www.sebastien-majerowicz.fr\\\/index.php\\\/2016\\\/07\\\/26\\\/un-petit-ver\\\/\"]}]},{\"@type\":\"ImageObject\",\"inLanguage\":\"fr-FR\",\"@id\":\"https:\\\/\\\/www.sebastien-majerowicz.fr\\\/index.php\\\/2016\\\/07\\\/26\\\/un-petit-ver\\\/#primaryimage\",\"url\":\"https:\\\/\\\/www.sebastien-majerowicz.fr\\\/wp-content\\\/uploads\\\/2017\\\/02\\\/26304054754_a5c5840547_b.jpg\",\"contentUrl\":\"https:\\\/\\\/www.sebastien-majerowicz.fr\\\/wp-content\\\/uploads\\\/2017\\\/02\\\/26304054754_a5c5840547_b.jpg\",\"width\":1024,\"height\":768,\"caption\":\"Rougegorge familier \\\/ Erithacus rubecula\"},{\"@type\":\"BreadcrumbList\",\"@id\":\"https:\\\/\\\/www.sebastien-majerowicz.fr\\\/index.php\\\/2016\\\/07\\\/26\\\/un-petit-ver\\\/#breadcrumb\",\"itemListElement\":[{\"@type\":\"ListItem\",\"position\":1,\"name\":\"Accueil\",\"item\":\"https:\\\/\\\/www.sebastien-majerowicz.fr\\\/\"},{\"@type\":\"ListItem\",\"position\":2,\"name\":\"Un petit ver ?\"}]},{\"@type\":\"WebSite\",\"@id\":\"https:\\\/\\\/www.sebastien-majerowicz.fr\\\/#website\",\"url\":\"https:\\\/\\\/www.sebastien-majerowicz.fr\\\/\",\"name\":\"S\u00e9bastien Majerowicz\",\"description\":\"Photographe animalier par Nature\",\"publisher\":{\"@id\":\"https:\\\/\\\/www.sebastien-majerowicz.fr\\\/#\\\/schema\\\/person\\\/a64c1066d12b40958b45bf7ab508f6a3\"},\"potentialAction\":[{\"@type\":\"SearchAction\",\"target\":{\"@type\":\"EntryPoint\",\"urlTemplate\":\"https:\\\/\\\/www.sebastien-majerowicz.fr\\\/?s={search_term_string}\"},\"query-input\":{\"@type\":\"PropertyValueSpecification\",\"valueRequired\":true,\"valueName\":\"search_term_string\"}}],\"inLanguage\":\"fr-FR\"},{\"@type\":[\"Person\",\"Organization\"],\"@id\":\"https:\\\/\\\/www.sebastien-majerowicz.fr\\\/#\\\/schema\\\/person\\\/a64c1066d12b40958b45bf7ab508f6a3\",\"name\":\"S\u00e9bastien Majerowicz\",\"logo\":{\"@id\":\"https:\\\/\\\/www.sebastien-majerowicz.fr\\\/#\\\/schema\\\/person\\\/image\\\/\"},\"sameAs\":[\"https:\\\/\\\/www.sebastien-majerowicz.fr\"]}]}<\/script>\n<!-- \/ Yoast SEO plugin. -->","yoast_head_json":{"title":"Un petit ver ? - S\u00e9bastien Majerowicz","robots":{"index":"index","follow":"follow","max-snippet":"max-snippet:-1","max-image-preview":"max-image-preview:large","max-video-preview":"max-video-preview:-1"},"canonical":"https:\/\/www.sebastien-majerowicz.fr\/index.php\/2016\/07\/26\/un-petit-ver\/","og_locale":"fr_FR","og_type":"article","og_title":"Un petit ver ? - S\u00e9bastien Majerowicz","og_description":"Peut-\u00eatre l&rsquo;avez-vous remarqu\u00e9, depuis quelques semaines, les oisillons commencent \u00e0 (essayer de) voler de leur propres ailes. C&rsquo;est parfois encore laborieux, aussi ont-ils encore besoin d&rsquo;\u00eatre nourri par leur parents. Rien de telle qu&rsquo;une bonne larve bien verte au petit d\u00e9jeun\u00e9, merci au papa ou \u00e0 la maman Rougegorge familier (Erithacus rubecula) \ud83d\ude09","og_url":"https:\/\/www.sebastien-majerowicz.fr\/index.php\/2016\/07\/26\/un-petit-ver\/","og_site_name":"S\u00e9bastien Majerowicz","article_published_time":"2016-07-26T19:24:44+00:00","article_modified_time":"2017-10-10T13:25:39+00:00","og_image":[{"width":1024,"height":768,"url":"https:\/\/www.sebastien-majerowicz.fr\/wp-content\/uploads\/2017\/02\/26304054754_a5c5840547_b.jpg","type":"image\/jpeg"}],"author":"S\u00e9bastien Majerowicz","twitter_card":"summary_large_image","twitter_misc":{"\u00c9crit par":"S\u00e9bastien Majerowicz"},"schema":{"@context":"https:\/\/schema.org","@graph":[{"@type":"Article","@id":"https:\/\/www.sebastien-majerowicz.fr\/index.php\/2016\/07\/26\/un-petit-ver\/#article","isPartOf":{"@id":"https:\/\/www.sebastien-majerowicz.fr\/index.php\/2016\/07\/26\/un-petit-ver\/"},"author":{"name":"S\u00e9bastien Majerowicz","@id":"https:\/\/www.sebastien-majerowicz.fr\/#\/schema\/person\/a64c1066d12b40958b45bf7ab508f6a3"},"headline":"Un petit ver ?","datePublished":"2016-07-26T19:24:44+00:00","dateModified":"2017-10-10T13:25:39+00:00","mainEntityOfPage":{"@id":"https:\/\/www.sebastien-majerowicz.fr\/index.php\/2016\/07\/26\/un-petit-ver\/"},"wordCount":60,"commentCount":0,"publisher":{"@id":"https:\/\/www.sebastien-majerowicz.fr\/#\/schema\/person\/a64c1066d12b40958b45bf7ab508f6a3"},"image":{"@id":"https:\/\/www.sebastien-majerowicz.fr\/index.php\/2016\/07\/26\/un-petit-ver\/#primaryimage"},"thumbnailUrl":"https:\/\/www.sebastien-majerowicz.fr\/wp-content\/uploads\/2017\/02\/26304054754_a5c5840547_b.jpg","keywords":["Erithacus rubecula","Nikon D5300","Oiseau","Rougegorge familier","Sigma 150-600 Contemporary"],"articleSection":["Oiseau"],"inLanguage":"fr-FR","potentialAction":[{"@type":"CommentAction","name":"Comment","target":["https:\/\/www.sebastien-majerowicz.fr\/index.php\/2016\/07\/26\/un-petit-ver\/#respond"]}]},{"@type":"WebPage","@id":"https:\/\/www.sebastien-majerowicz.fr\/index.php\/2016\/07\/26\/un-petit-ver\/","url":"https:\/\/www.sebastien-majerowicz.fr\/index.php\/2016\/07\/26\/un-petit-ver\/","name":"Un petit ver ? - S\u00e9bastien Majerowicz","isPartOf":{"@id":"https:\/\/www.sebastien-majerowicz.fr\/#website"},"primaryImageOfPage":{"@id":"https:\/\/www.sebastien-majerowicz.fr\/index.php\/2016\/07\/26\/un-petit-ver\/#primaryimage"},"image":{"@id":"https:\/\/www.sebastien-majerowicz.fr\/index.php\/2016\/07\/26\/un-petit-ver\/#primaryimage"},"thumbnailUrl":"https:\/\/www.sebastien-majerowicz.fr\/wp-content\/uploads\/2017\/02\/26304054754_a5c5840547_b.jpg","datePublished":"2016-07-26T19:24:44+00:00","dateModified":"2017-10-10T13:25:39+00:00","breadcrumb":{"@id":"https:\/\/www.sebastien-majerowicz.fr\/index.php\/2016\/07\/26\/un-petit-ver\/#breadcrumb"},"inLanguage":"fr-FR","potentialAction":[{"@type":"ReadAction","target":["https:\/\/www.sebastien-majerowicz.fr\/index.php\/2016\/07\/26\/un-petit-ver\/"]}]},{"@type":"ImageObject","inLanguage":"fr-FR","@id":"https:\/\/www.sebastien-majerowicz.fr\/index.php\/2016\/07\/26\/un-petit-ver\/#primaryimage","url":"https:\/\/www.sebastien-majerowicz.fr\/wp-content\/uploads\/2017\/02\/26304054754_a5c5840547_b.jpg","contentUrl":"https:\/\/www.sebastien-majerowicz.fr\/wp-content\/uploads\/2017\/02\/26304054754_a5c5840547_b.jpg","width":1024,"height":768,"caption":"Rougegorge familier \/ Erithacus rubecula"},{"@type":"BreadcrumbList","@id":"https:\/\/www.sebastien-majerowicz.fr\/index.php\/2016\/07\/26\/un-petit-ver\/#breadcrumb","itemListElement":[{"@type":"ListItem","position":1,"name":"Accueil","item":"https:\/\/www.sebastien-majerowicz.fr\/"},{"@type":"ListItem","position":2,"name":"Un petit ver ?"}]},{"@type":"WebSite","@id":"https:\/\/www.sebastien-majerowicz.fr\/#website","url":"https:\/\/www.sebastien-majerowicz.fr\/","name":"S\u00e9bastien Majerowicz","description":"Photographe animalier par Nature","publisher":{"@id":"https:\/\/www.sebastien-majerowicz.fr\/#\/schema\/person\/a64c1066d12b40958b45bf7ab508f6a3"},"potentialAction":[{"@type":"SearchAction","target":{"@type":"EntryPoint","urlTemplate":"https:\/\/www.sebastien-majerowicz.fr\/?s={search_term_string}"},"query-input":{"@type":"PropertyValueSpecification","valueRequired":true,"valueName":"search_term_string"}}],"inLanguage":"fr-FR"},{"@type":["Person","Organization"],"@id":"https:\/\/www.sebastien-majerowicz.fr\/#\/schema\/person\/a64c1066d12b40958b45bf7ab508f6a3","name":"S\u00e9bastien Majerowicz","logo":{"@id":"https:\/\/www.sebastien-majerowicz.fr\/#\/schema\/person\/image\/"},"sameAs":["https:\/\/www.sebastien-majerowicz.fr"]}]}},"_links":{"self":[{"href":"https:\/\/www.sebastien-majerowicz.fr\/index.php\/wp-json\/wp\/v2\/posts\/123","targetHints":{"allow":["GET"]}}],"collection":[{"href":"https:\/\/www.sebastien-majerowicz.fr\/index.php\/wp-json\/wp\/v2\/posts"}],"about":[{"href":"https:\/\/www.sebastien-majerowicz.fr\/index.php\/wp-json\/wp\/v2\/types\/post"}],"author":[{"embeddable":true,"href":"https:\/\/www.sebastien-majerowicz.fr\/index.php\/wp-json\/wp\/v2\/users\/1"}],"replies":[{"embeddable":true,"href":"https:\/\/www.sebastien-majerowicz.fr\/index.php\/wp-json\/wp\/v2\/comments?post=123"}],"version-history":[{"count":4,"href":"https:\/\/www.sebastien-majerowicz.fr\/index.php\/wp-json\/wp\/v2\/posts\/123\/revisions"}],"predecessor-version":[{"id":1909,"href":"https:\/\/www.sebastien-majerowicz.fr\/index.php\/wp-json\/wp\/v2\/posts\/123\/revisions\/1909"}],"wp:featuredmedia":[{"embeddable":true,"href":"https:\/\/www.sebastien-majerowicz.fr\/index.php\/wp-json\/wp\/v2\/media\/124"}],"wp:attachment":[{"href":"https:\/\/www.sebastien-majerowicz.fr\/index.php\/wp-json\/wp\/v2\/media?parent=123"}],"wp:term":[{"taxonomy":"category","embeddable":true,"href":"https:\/\/www.sebastien-majerowicz.fr\/index.php\/wp-json\/wp\/v2\/categories?post=123"},{"taxonomy":"post_tag","embeddable":true,"href":"https:\/\/www.sebastien-majerowicz.fr\/index.php\/wp-json\/wp\/v2\/tags?post=123"}],"curies":[{"name":"wp","href":"https:\/\/api.w.org\/{rel}","templated":true}]}}